{"id":414335,"date":"2026-01-24T16:34:49","date_gmt":"2026-01-24T15:34:49","guid":{"rendered":"https:\/\/www.intoscana.it\/it\/?p=414335"},"modified":"2026-01-26T09:13:35","modified_gmt":"2026-01-26T08:13:35","slug":"treni-stop-circolazione-ponte-al-pino","status":"publish","type":"post","link":"https:\/\/www.intoscana.it\/it\/treni-stop-circolazione-ponte-al-pino\/","title":{"rendered":"Treni: scattato il blocco della circolazione a Firenze per i lavori a Ponte al Pino"},"content":{"rendered":"<p>\u00c8 scattato alle 15 di oggi il <strong>blocco della circolazione dei treni tra Firenze Campo di Marte e Firenze Rifredi<\/strong> <a href=\"https:\/\/www.intoscana.it\/it\/ponte-al-pino-al-via-i-lavori-di-sostituzione-stop-ai-treni-e-modifiche-alla-viabilita\/\" target=\"_blank\" rel=\"noopener\">per i lavori al cavalcaferrovia di Ponte al Pino.<\/a> L\u2019intervento, a cura di RFI (Gruppo FS Italiane) e condiviso con gli enti territoriali, prevede la demolizione e la ricostruzione dell\u2019infrastruttura ottocentesca.<\/p>\n<p>L&#8217;ultimo convoglio dell&#8217;Alta Velocit\u00e0 \u00e8 transitato in direzione sud verso le 14.45, mentre alle 15.30 sono partiti i <strong>primi autobus<\/strong>, scortati dalla polizia municipale in direzione Rifredi, dove ad attenderli ci sar\u00e0 un secondo treno per arrivare a destinazione.<\/p>\n<p>Ampio spiegamento di volontari e di personale Rfi, Trenitalia e Italo, per dare indicazioni, ma <strong>il numero dei viaggiatori \u00e8 stato inferiore alle attese,<\/strong> tanto che un solo pullman aveva passeggeri a bordo. Qualche smarrimento per i turisti diretti a Santa Maria Novella, con la navetta in partenza non dalla stazione bens\u00ec da via Masaccio. Numerosi anche i taxi che caricano e scaricano passeggeri.<\/p>\n<h3>Stop ai treni fino alle 15 di domenica<\/h3>\n<p><strong>L&#8217;interruzione proseguir\u00e0 fino alle 15 di domani, domenica 25 gennaio<\/strong>: <mark>le Frecce e gli Italo provenienti da sud termineranno la corsa a Campo di Marte, poi i passeggeri proseguiranno in bus per Rifredi per salire su un secondo treno verso Bologna. Percorso inverso per chi arriva da nord.<\/mark> L&#8217;operazione comporter\u00e0 un allungamento dei tempi di percorrenza da una a due ore: tutte le modifiche sono state inserite nei sistemi di vendita di Trenitalia e Italo.<br \/>\nPer lo stop obbligato a Firenze<strong> l&#8217;offerta del numero di treni di Trenitalia e di Ntv \u00e8 stata ridotta del 50%:<\/strong> ne \u00e8 previsto comunque uno ogni ora per ciascuna direzione. Ridotta anche la capienza per assicurare una regolare mobilit\u00e0 tra le due stazioni fiorentine, garantita da <strong>tre batterie da sei autobus ciascuna pi\u00f9 altri sei pullman di riserva,<\/strong> mezzi condivisi tra Trenitalia e Italo.<\/p>\n<h3 data-start=\"2832\" data-end=\"2866\">Navette e bus potenziati<\/h3>\n<p data-start=\"2868\" data-end=\"3220\">Infatti i possessori di titolo di viaggio ferroviario possono usare gratuitamente<strong> la Navetta FS tra Campo di Marte e piazza della Libert\u00e0 e la linea tranviaria T2 nella tratta Libert\u00e0\u2013Stazione Alamanni.<\/strong> Potenziati anche alcuni collegamenti del trasporto pubblico urbano, tra cui la linea 52, con l\u2019aggiunta di due vetture.<\/p>\n<p data-start=\"3222\" data-end=\"3435\">\u00c8 inoltre prevista una <strong>navetta dedicata tra Campo di Marte e la T2<\/strong>, con fermate lungo l\u2019asse di via Masaccio e piazza della Libert\u00e0.<\/p>\n","protected":false},"excerpt":{"rendered":"<p>Stop ai treni tra le stazioni di Campo di Marte e Rifredi dalle 15 di oggi alle 15 di domani: spostamenti con bus navetta<\/p>\n","protected":false},"author":525,"featured_media":411556,"comment_status":"open","ping_status":"open","sticky":false,"template":"","format":"standard","meta":{"_acf_changed":false,"footnotes":""},"categories":[494],"tags":[4418,1577,183],"class_list":["post-414335","post","type-post","status-publish","format-standard","has-post-thumbnail","hentry","category-attualita","tag-infrastrutture","tag-muoversi-in-toscana","tag-treni"],"acf":[],"yoast_head":"<!-- This site is optimized with the Yoast SEO Premium plugin v24.2 (Yoast SEO v25.6) - https:\/\/yoast.com\/wordpress\/plugins\/seo\/ -->\n<title>Treni: scattato il blocco della circolazione a Firenze per i lavori a Ponte al Pino - intoscana<\/title>\n<meta name=\"robots\" content=\"index, follow, max-snippet:-1, max-image-preview:large, max-video-preview:-1\" \/>\n<link rel=\"canonical\" href=\"https:\/\/www.intoscana.it\/it\/treni-stop-circolazione-ponte-al-pino\/\" \/>\n<meta property=\"og:locale\" content=\"it_IT\" \/>\n<meta property=\"og:type\" content=\"article\" \/>\n<meta property=\"og:title\" content=\"Treni: scattato il blocco della circolazione a Firenze per i lavori a Ponte al Pino\" \/>\n<meta property=\"og:description\" content=\"Stop ai treni tra le stazioni di Campo di Marte e Rifredi dalle 15 di oggi alle 15 di domani: spostamenti con bus navetta\" \/>\n<meta property=\"og:url\" content=\"https:\/\/www.intoscana.it\/it\/treni-stop-circolazione-ponte-al-pino\/\" \/>\n<meta property=\"og:site_name\" content=\"intoscana\" \/>\n<meta property=\"article:publisher\" content=\"https:\/\/www.facebook.com\/intoscana.it\" \/>\n<meta property=\"article:published_time\" content=\"2026-01-24T15:34:49+00:00\" \/>\n<meta property=\"article:modified_time\" content=\"2026-01-26T08:13:35+00:00\" \/>\n<meta property=\"og:image\" content=\"https:\/\/www.intoscana.it\/wp-content\/uploads\/Via-ai-lavori-per-Ponte-al-Pino.jpg\" \/>\n\t<meta property=\"og:image:width\" content=\"1536\" \/>\n\t<meta property=\"og:image:height\" content=\"1024\" \/>\n\t<meta property=\"og:image:type\" content=\"image\/jpeg\" \/>\n<meta name=\"author\" content=\"Redazione\" \/>\n<meta name=\"twitter:card\" content=\"summary_large_image\" \/>\n<meta name=\"twitter:creator\" content=\"@intoscana\" \/>\n<meta name=\"twitter:site\" content=\"@intoscana\" \/>\n<meta name=\"twitter:label1\" content=\"Written by\" \/>\n\t<meta name=\"twitter:data1\" content=\"Redazione\" \/>\n\t<meta name=\"twitter:label2\" content=\"Est. reading time\" \/>\n\t<meta name=\"twitter:data2\" content=\"3 minuti\" \/>\n<script type=\"application\/ld+json\" class=\"yoast-schema-graph\">{\"@context\":\"https:\/\/schema.org\",\"@graph\":[{\"@type\":\"WebPage\",\"@id\":\"https:\/\/www.intoscana.it\/it\/treni-stop-circolazione-ponte-al-pino\/\",\"url\":\"https:\/\/www.intoscana.it\/it\/treni-stop-circolazione-ponte-al-pino\/\",\"name\":\"Treni: scattato il blocco della circolazione a Firenze per i lavori a Ponte al Pino - intoscana\",\"isPartOf\":{\"@id\":\"https:\/\/www.intoscana.it\/it\/#website\"},\"primaryImageOfPage\":{\"@id\":\"https:\/\/www.intoscana.it\/it\/treni-stop-circolazione-ponte-al-pino\/#primaryimage\"},\"image\":{\"@id\":\"https:\/\/www.intoscana.it\/it\/treni-stop-circolazione-ponte-al-pino\/#primaryimage\"},\"thumbnailUrl\":\"https:\/\/www.intoscana.it\/wp-content\/uploads\/Via-ai-lavori-per-Ponte-al-Pino.jpg\",\"datePublished\":\"2026-01-24T15:34:49+00:00\",\"dateModified\":\"2026-01-26T08:13:35+00:00\",\"author\":{\"@id\":\"https:\/\/www.intoscana.it\/it\/#\/schema\/person\/9223810753230f20bd670fdd322661f8\"},\"breadcrumb\":{\"@id\":\"https:\/\/www.intoscana.it\/it\/treni-stop-circolazione-ponte-al-pino\/#breadcrumb\"},\"inLanguage\":\"it-IT\",\"potentialAction\":[{\"@type\":\"ReadAction\",\"target\":[\"https:\/\/www.intoscana.it\/it\/treni-stop-circolazione-ponte-al-pino\/\"]}]},{\"@type\":\"ImageObject\",\"inLanguage\":\"it-IT\",\"@id\":\"https:\/\/www.intoscana.it\/it\/treni-stop-circolazione-ponte-al-pino\/#primaryimage\",\"url\":\"https:\/\/www.intoscana.it\/wp-content\/uploads\/Via-ai-lavori-per-Ponte-al-Pino.jpg\",\"contentUrl\":\"https:\/\/www.intoscana.it\/wp-content\/uploads\/Via-ai-lavori-per-Ponte-al-Pino.jpg\",\"width\":1536,\"height\":1024},{\"@type\":\"BreadcrumbList\",\"@id\":\"https:\/\/www.intoscana.it\/it\/treni-stop-circolazione-ponte-al-pino\/#breadcrumb\",\"itemListElement\":[{\"@type\":\"ListItem\",\"position\":1,\"name\":\"Home\",\"item\":\"https:\/\/www.intoscana.it\/it\/\"},{\"@type\":\"ListItem\",\"position\":2,\"name\":\"Treni: scattato il blocco della circolazione a Firenze per i lavori a Ponte al Pino\"}]},{\"@type\":\"WebSite\",\"@id\":\"https:\/\/www.intoscana.it\/it\/#website\",\"url\":\"https:\/\/www.intoscana.it\/it\/\",\"name\":\"intoscana\",\"description\":\"\",\"potentialAction\":[{\"@type\":\"SearchAction\",\"target\":{\"@type\":\"EntryPoint\",\"urlTemplate\":\"https:\/\/www.intoscana.it\/it\/?s={search_term_string}\"},\"query-input\":{\"@type\":\"PropertyValueSpecification\",\"valueRequired\":true,\"valueName\":\"search_term_string\"}}],\"inLanguage\":\"it-IT\"},{\"@type\":\"Person\",\"@id\":\"https:\/\/www.intoscana.it\/it\/#\/schema\/person\/9223810753230f20bd670fdd322661f8\",\"name\":\"Redazione\",\"url\":\"https:\/\/www.intoscana.it\/it\/author\/redazione\/\"}]}<\/script>\n<!-- \/ Yoast SEO Premium plugin. -->","yoast_head_json":{"title":"Treni: scattato il blocco della circolazione a Firenze per i lavori a Ponte al Pino - intoscana","robots":{"index":"index","follow":"follow","max-snippet":"max-snippet:-1","max-image-preview":"max-image-preview:large","max-video-preview":"max-video-preview:-1"},"canonical":"https:\/\/www.intoscana.it\/it\/treni-stop-circolazione-ponte-al-pino\/","og_locale":"it_IT","og_type":"article","og_title":"Treni: scattato il blocco della circolazione a Firenze per i lavori a Ponte al Pino","og_description":"Stop ai treni tra le stazioni di Campo di Marte e Rifredi dalle 15 di oggi alle 15 di domani: spostamenti con bus navetta","og_url":"https:\/\/www.intoscana.it\/it\/treni-stop-circolazione-ponte-al-pino\/","og_site_name":"intoscana","article_publisher":"https:\/\/www.facebook.com\/intoscana.it","article_published_time":"2026-01-24T15:34:49+00:00","article_modified_time":"2026-01-26T08:13:35+00:00","og_image":[{"width":1536,"height":1024,"url":"https:\/\/www.intoscana.it\/wp-content\/uploads\/Via-ai-lavori-per-Ponte-al-Pino.jpg","type":"image\/jpeg"}],"author":"Redazione","twitter_card":"summary_large_image","twitter_creator":"@intoscana","twitter_site":"@intoscana","twitter_misc":{"Written by":"Redazione","Est. reading time":"3 minuti"},"schema":{"@context":"https:\/\/schema.org","@graph":[{"@type":"WebPage","@id":"https:\/\/www.intoscana.it\/it\/treni-stop-circolazione-ponte-al-pino\/","url":"https:\/\/www.intoscana.it\/it\/treni-stop-circolazione-ponte-al-pino\/","name":"Treni: scattato il blocco della circolazione a Firenze per i lavori a Ponte al Pino - intoscana","isPartOf":{"@id":"https:\/\/www.intoscana.it\/it\/#website"},"primaryImageOfPage":{"@id":"https:\/\/www.intoscana.it\/it\/treni-stop-circolazione-ponte-al-pino\/#primaryimage"},"image":{"@id":"https:\/\/www.intoscana.it\/it\/treni-stop-circolazione-ponte-al-pino\/#primaryimage"},"thumbnailUrl":"https:\/\/www.intoscana.it\/wp-content\/uploads\/Via-ai-lavori-per-Ponte-al-Pino.jpg","datePublished":"2026-01-24T15:34:49+00:00","dateModified":"2026-01-26T08:13:35+00:00","author":{"@id":"https:\/\/www.intoscana.it\/it\/#\/schema\/person\/9223810753230f20bd670fdd322661f8"},"breadcrumb":{"@id":"https:\/\/www.intoscana.it\/it\/treni-stop-circolazione-ponte-al-pino\/#breadcrumb"},"inLanguage":"it-IT","potentialAction":[{"@type":"ReadAction","target":["https:\/\/www.intoscana.it\/it\/treni-stop-circolazione-ponte-al-pino\/"]}]},{"@type":"ImageObject","inLanguage":"it-IT","@id":"https:\/\/www.intoscana.it\/it\/treni-stop-circolazione-ponte-al-pino\/#primaryimage","url":"https:\/\/www.intoscana.it\/wp-content\/uploads\/Via-ai-lavori-per-Ponte-al-Pino.jpg","contentUrl":"https:\/\/www.intoscana.it\/wp-content\/uploads\/Via-ai-lavori-per-Ponte-al-Pino.jpg","width":1536,"height":1024},{"@type":"BreadcrumbList","@id":"https:\/\/www.intoscana.it\/it\/treni-stop-circolazione-ponte-al-pino\/#breadcrumb","itemListElement":[{"@type":"ListItem","position":1,"name":"Home","item":"https:\/\/www.intoscana.it\/it\/"},{"@type":"ListItem","position":2,"name":"Treni: scattato il blocco della circolazione a Firenze per i lavori a Ponte al Pino"}]},{"@type":"WebSite","@id":"https:\/\/www.intoscana.it\/it\/#website","url":"https:\/\/www.intoscana.it\/it\/","name":"intoscana","description":"","potentialAction":[{"@type":"SearchAction","target":{"@type":"EntryPoint","urlTemplate":"https:\/\/www.intoscana.it\/it\/?s={search_term_string}"},"query-input":{"@type":"PropertyValueSpecification","valueRequired":true,"valueName":"search_term_string"}}],"inLanguage":"it-IT"},{"@type":"Person","@id":"https:\/\/www.intoscana.it\/it\/#\/schema\/person\/9223810753230f20bd670fdd322661f8","name":"Redazione","url":"https:\/\/www.intoscana.it\/it\/author\/redazione\/"}]}},"_links":{"self":[{"href":"https:\/\/www.intoscana.it\/it\/wp-json\/wp\/v2\/posts\/414335","targetHints":{"allow":["GET"]}}],"collection":[{"href":"https:\/\/www.intoscana.it\/it\/wp-json\/wp\/v2\/posts"}],"about":[{"href":"https:\/\/www.intoscana.it\/it\/wp-json\/wp\/v2\/types\/post"}],"author":[{"embeddable":true,"href":"https:\/\/www.intoscana.it\/it\/wp-json\/wp\/v2\/users\/525"}],"replies":[{"embeddable":true,"href":"https:\/\/www.intoscana.it\/it\/wp-json\/wp\/v2\/comments?post=414335"}],"version-history":[{"count":5,"href":"https:\/\/www.intoscana.it\/it\/wp-json\/wp\/v2\/posts\/414335\/revisions"}],"predecessor-version":[{"id":414369,"href":"https:\/\/www.intoscana.it\/it\/wp-json\/wp\/v2\/posts\/414335\/revisions\/414369"}],"wp:featuredmedia":[{"embeddable":true,"href":"https:\/\/www.intoscana.it\/it\/wp-json\/wp\/v2\/media\/411556"}],"wp:attachment":[{"href":"https:\/\/www.intoscana.it\/it\/wp-json\/wp\/v2\/media?parent=414335"}],"wp:term":[{"taxonomy":"category","embeddable":true,"href":"https:\/\/www.intoscana.it\/it\/wp-json\/wp\/v2\/categories?post=414335"},{"taxonomy":"post_tag","embeddable":true,"href":"https:\/\/www.intoscana.it\/it\/wp-json\/wp\/v2\/tags?post=414335"}],"curies":[{"name":"wp","href":"https:\/\/api.w.org\/{rel}","templated":true}]}}