{"id":414357,"date":"2026-01-26T09:07:54","date_gmt":"2026-01-26T08:07:54","guid":{"rendered":"https:\/\/www.intoscana.it\/it\/?p=414357"},"modified":"2026-01-26T11:05:44","modified_gmt":"2026-01-26T10:05:44","slug":"lacinia-stefano-pilia","status":"publish","type":"post","link":"https:\/\/www.intoscana.it\/it\/lacinia-stefano-pilia\/","title":{"rendered":"Il merletto del tempo: architetture sonore in &#8220;Lacinia&#8221; di Stefano Pilia"},"content":{"rendered":"<p><strong><em>Lacinia\u00a0<\/em><\/strong>\u00e8 il nuovo e ambizioso ciclo di composizioni con cui<strong> Stefano Pilia<\/strong> prosegue ed espande il percorso aperto con<strong><em> Spiralis Aurea<\/em><\/strong>, lavoro che ha segnato profondamente il panorama della <strong>musica contemporanea sperimentale<\/strong>, aprendolo a nuovi pubblici e a una dimensione di ascolto pi\u00f9 ampia e intergenerazionale.<\/p>\n<p>Se <strong>Spiralis Aurea tendeva all\u2019infinito,<\/strong> Lacinia \u2014 termine latino che rimanda al <strong>merletto, al pizzo<\/strong> \u2014 \u00e8 un\u2019<strong>architettura sonora<\/strong> ancora pi\u00f9 complessa e sottile, un intreccio di forme, numeri e risonanze in cui il tempo smette di essere lineare e diventa<strong> rituale, ciclico, condiviso.<\/strong><\/p>\n<p>Attraverso una musica profondament<strong>e trascendente,<\/strong> in dialogo ideale con figure come<strong> Arvo P\u00e4rt, Pauline Oliveros, Eliane Radigue e La Monte Young<\/strong>, ma anche con le eco lontane della <strong>musica liturgica e devozionale antica<\/strong>, Pilia costruisce un sistema sonoro che mette in relazione matematica e spiritualit\u00e0, materia e invisibile.<\/p>\n<p><strong><em>Lacinia<\/em><\/strong>\u00a0si muove tra acustico ed elettroacustico, drone e musica da camera, trasformazione e permanenza, cercando un ordine possibile dentro l\u2019<strong>incertezza del presente.<\/strong><\/p>\n<p><strong>Un percorso circolare<\/strong>, dove inizio e fine si toccano, e in cui la mutazione non distrugge, ma rivela. Stefano Pilia sar\u00e0 in concerto <strong>gioved\u00ec 29 gennaio nello spazio GADA a Firenze.<\/strong><\/p>\n<h3>Ecco la nostra intervista a Stefano Pilia<\/h3>\n<p><iframe loading=\"lazy\" title=\" Stefano Pilia racconta &quot;Lacinia&quot; il merletto sonoro del tempo\" src=\"https:\/\/omny.fm\/shows\/intoscana\/stefano-pilia-racconta-lacinia-il-merletto-sonoro-del-tempo\/embed?style=cover\" width=\"100%\" height=\"180\" frameborder=\"0\"><\/iframe><\/p>\n<p><strong>Dopo Spiralis Aurea, arriva questo nuovo disco &#8220;Lacinia&#8221; parola latina che significa merletto, un album che si ispira a un disegno, un&#8217;evoluzione rizomatica. In che modo hai trasformato questa immagine in musica?<\/strong><\/p>\n<p>Seguendo dei<strong> principi logico-matematici.<\/strong>\u00a0Si parla di<strong> serie numeriche<\/strong> o comunque un modo iterativo di costruire <strong>una relazione tra i suoni\u00a0e tra le altezza<\/strong>. Spiralis Aurea era articolato seguendo la <strong>spirale logaritmica, la sezione aurea<\/strong>. In <strong><em>Lacinia<\/em><\/strong> ho usato altri principi, ma seguendo sempre lo stesso tipo di metodologia.<p><span class=\"citazione\">Il mio obiettivo \u00e8 quello di costruire delle sorprese, delle frizioni, delle tensioni, dei mondi inaspettati<\/span><\/p><\/p>\n<p><strong>Spiegaci come hai lavorato<\/strong><\/p>\n<p><strong>Parto in astratto<\/strong>, non con lo strumento alla mano, da una serie di altezze e di suoni, per esempio una scala musicale e attraverso i numeri inizio a costruire <strong>una serie di rapporti che determinano la lunghezza delle note e le relazioni tra di loro<\/strong>. Sono composizioni che hanno pi\u00f9 linee, pi\u00f9 voci per tre o quattro strumenti. Chiaramente tutto questo \u00e8 fatto all&#8217;interno di <strong>un contesto che musicalmente si definisce tonale,<\/strong> dove le altezze e i suoi hanno gi\u00e0 una relazione matematica loro stessi. <strong>Di base \u00e8 come costruire un edificio,<\/strong> l&#8217;edificio per stare insieme ha bisogno di proporzioni. Se vuoi puoi scegliere delle proporzioni che per analogia ripropongono le stesse relazioni di un fenomeno naturale che \u00e8 descritto da una funzione matematica di quel tipo.<\/p>\n<figure id=\"post-413984 media-413984\" class=\"align-none\"><img decoding=\"async\" src=\"https:\/\/www.intoscana.it\/wp-content\/uploads\/Screenshot-2026-01-21-alle-10.59.13.jpeg\" alt=\"\" \/><\/figure>\n<div class=\"titleimg\"><em>Stefano Pilia &#8211; \u00a9 Matilde Piazzi<\/em><\/div>\n<p><strong>Per descrivere la tua musica vengono spesso usate parole come &#8220;trascendentale&#8221; o &#8220;meditativa&#8221;, chi si pone in ascolto della tua musica in che stato d&#8217;animo deve farlo? Ma anche: che stato d&#8217;animo provoca la tua musica in chi la ascolta?<\/strong><\/p>\n<p>Non c&#8217;\u00e8\u00a0un modo specifico, ognuno si deve porre come si sente, in maniera naturale. Certo<strong> \u00e8 una musica che chiede attenzione<\/strong>. Non serve una conoscenza a priori o una letteratura, ha delle qualit\u00e0 che secondo me si possono cogliere senza alcun tipo di preparazione, ma<strong> serve un&#8217;attenzione e un abbandono all&#8217;ascolto<\/strong>. Quando si parla di musica contemplativa io non la intendo mai come qualcosa di rilassante o consolatorio<strong>. Anche la parte contemplativa richiede presenza, la volont\u00e0 di essere in ascolto.<\/strong> L&#8217;ascolto per me non \u00e8 una cosa che facciamo in modo passivo o indotto, non \u00e8 guidata dall&#8217;abitudine, ma dalla volont\u00e0. Cosa arriva dopo non lo so, <strong>spero che generi suggestione, stupore ma anche immagini interiori<\/strong> che si possono creare nella percezione di chi sta ascoltando. Chi ascolta \u00e8 il soggetto dell&#8217;ascolto, in questo senso le immagini mentali si creano sulla base delle proprie esperienze personali.<\/p>\n<p><strong>Il tuo disco unisce antico e contemporaneo, con molte suggestioni che provengono\u00a0dalla musica liturgica e da compositori come\u00a0Gesualdo a Monteverdi: cosa ti affascina di questo repertorio?<\/strong><\/p>\n<p>In generale \u00e8 musica che mi attrae, nello specifico c&#8217;\u00e8 tanta musica del Tardo Medioevo e del Rinascimento che lavora sulla composizione in termini numerici, alla<strong> ricerca di un ordine superiore, di un principio che possa essere al di l\u00e0 delle cose manifestate. <\/strong>Filosoficamente questo aspetto mi attrae molto e fa parte del mio modo di pensare., \u00e8 parte di quello che cerco nel modo di realizzare una forma.<\/p>\n<p><strong>Ci sar\u00e0 molta differenza tra l&#8217;esperienza\u00a0di Lacinia su disco rispetto al concerto che farai nello spazio GADA a Firenze?<\/strong><\/p>\n<p>Moltissima perch\u00e9 questa musica \u00e8 scritta in astratto e <strong>di volta in volta \u00e8 stata incarnata da ensemble e da musicisti diversi.<\/strong> In questa fase in cui sto portando il disco dal vivo da solo <strong><em>Lacinia<\/em><\/strong> <strong>\u00e8 stata riadattata per chitarra elettrica ed elettronica<\/strong>. Nello specifico non presenter\u00f2 solo Lacinia e Spiralis Aurea, ma ci saranno anche parti di improvvisazione. <strong>Porto in scena un mondo caotico<\/strong> con parametri che provengono dalla musica elettroacustica in cui si coinvolge lo spazio, la qualit\u00e0 o la possibilit\u00e0 di registrare un suono e manipolarlo. Dal vivo metto in scena una drammaturgia che unisce<strong> il mondo pi\u00f9 ordinato e formalmente preciso delle mie composizioni<\/strong> con<strong> una tensione che va nella direzione opposta.<\/strong> Il mio obiettivo \u00e8 quello di costruire delle <strong>sorprese, delle frizioni, delle tensioni, dei mondi inaspettati.<\/strong><\/p>\n<h3>L&#8217;ingresso al GADA \u00e8 10 euro pi\u00f9 tessera<\/h3>\n<figure id=\"post-376264 media-376264\" class=\"align-none\"><img decoding=\"async\" src=\"https:\/\/www.intoscana.it\/wp-content\/uploads\/Stefano-Pilia-by-Matilde-Piazzi-2.jpeg\" alt=\"\" \/><\/figure>\n<div class=\"titleimg\"><em>Stefano Pilia &#8211; \u00a9 Matilde Piazzi<\/em><\/div>\n","protected":false},"excerpt":{"rendered":"<p>Stefano Pilia presenta &#8220;Lacinia&#8221; un ciclo di composizioni trascendentali, il nuovo capitolo della sua ricerca musicale in concerto gioved\u00ec 29 gennaio nello spazio GADA a Firenze<\/p>\n","protected":false},"author":518,"featured_media":234296,"comment_status":"open","ping_status":"open","sticky":false,"template":"","format":"standard","meta":{"_acf_changed":false,"footnotes":""},"categories":[14],"tags":[216,4474,202,3138],"class_list":["post-414357","post","type-post","status-publish","format-standard","has-post-thumbnail","hentry","category-musica","tag-concerti","tag-eventi","tag-firenze","tag-interviste-agli-artisti"],"acf":[],"yoast_head":"<!-- This site is optimized with the Yoast SEO Premium plugin v24.2 (Yoast SEO v25.6) - https:\/\/yoast.com\/wordpress\/plugins\/seo\/ -->\n<title>Il merletto del tempo: architetture sonore in &quot;Lacinia&quot; di Stefano Pilia - intoscana<\/title>\n<meta name=\"description\" content=\"Stefano Pilia presenta &quot;Lacinia&quot; un ciclo di composizioni trascendentali, in concerto gioved\u00ec 29 gennaio nello spazio GADA a Firenze\" \/>\n<meta name=\"robots\" content=\"index, follow, max-snippet:-1, max-image-preview:large, max-video-preview:-1\" \/>\n<link rel=\"canonical\" href=\"https:\/\/www.intoscana.it\/it\/lacinia-stefano-pilia\/\" \/>\n<meta property=\"og:locale\" content=\"it_IT\" \/>\n<meta property=\"og:type\" content=\"article\" \/>\n<meta property=\"og:title\" content=\"Il merletto del tempo: architetture sonore in &quot;Lacinia&quot; di Stefano Pilia\" \/>\n<meta property=\"og:description\" content=\"Stefano Pilia presenta &quot;Lacinia&quot; un ciclo di composizioni trascendentali, in concerto gioved\u00ec 29 gennaio nello spazio GADA a Firenze\" \/>\n<meta property=\"og:url\" content=\"https:\/\/www.intoscana.it\/it\/lacinia-stefano-pilia\/\" \/>\n<meta property=\"og:site_name\" content=\"intoscana\" \/>\n<meta property=\"article:publisher\" content=\"https:\/\/www.facebook.com\/intoscana.it\" \/>\n<meta property=\"article:published_time\" content=\"2026-01-26T08:07:54+00:00\" \/>\n<meta property=\"article:modified_time\" content=\"2026-01-26T10:05:44+00:00\" \/>\n<meta property=\"og:image\" content=\"https:\/\/www.intoscana.it\/wp-content\/uploads\/Pilia-3.jpg\" \/>\n\t<meta property=\"og:image:width\" content=\"1600\" \/>\n\t<meta property=\"og:image:height\" content=\"1050\" \/>\n\t<meta property=\"og:image:type\" content=\"image\/jpeg\" \/>\n<meta name=\"author\" content=\"Costanza Baldini\" \/>\n<meta name=\"twitter:card\" content=\"summary_large_image\" \/>\n<meta name=\"twitter:creator\" content=\"@intoscana\" \/>\n<meta name=\"twitter:site\" content=\"@intoscana\" \/>\n<meta name=\"twitter:label1\" content=\"Written by\" \/>\n\t<meta name=\"twitter:data1\" content=\"Costanza Baldini\" \/>\n\t<meta name=\"twitter:label2\" content=\"Est. reading time\" \/>\n\t<meta name=\"twitter:data2\" content=\"6 minuti\" \/>\n<script type=\"application\/ld+json\" class=\"yoast-schema-graph\">{\"@context\":\"https:\/\/schema.org\",\"@graph\":[{\"@type\":\"WebPage\",\"@id\":\"https:\/\/www.intoscana.it\/it\/lacinia-stefano-pilia\/\",\"url\":\"https:\/\/www.intoscana.it\/it\/lacinia-stefano-pilia\/\",\"name\":\"Il merletto del tempo: architetture sonore in \\\"Lacinia\\\" di Stefano Pilia - intoscana\",\"isPartOf\":{\"@id\":\"https:\/\/www.intoscana.it\/it\/#website\"},\"primaryImageOfPage\":{\"@id\":\"https:\/\/www.intoscana.it\/it\/lacinia-stefano-pilia\/#primaryimage\"},\"image\":{\"@id\":\"https:\/\/www.intoscana.it\/it\/lacinia-stefano-pilia\/#primaryimage\"},\"thumbnailUrl\":\"https:\/\/www.intoscana.it\/wp-content\/uploads\/Pilia-3.jpg\",\"datePublished\":\"2026-01-26T08:07:54+00:00\",\"dateModified\":\"2026-01-26T10:05:44+00:00\",\"author\":{\"@id\":\"https:\/\/www.intoscana.it\/it\/#\/schema\/person\/d469f35f09739bdf00bf5dd3f0647a82\"},\"description\":\"Stefano Pilia presenta \\\"Lacinia\\\" un ciclo di composizioni trascendentali, in concerto gioved\u00ec 29 gennaio nello spazio GADA a Firenze\",\"breadcrumb\":{\"@id\":\"https:\/\/www.intoscana.it\/it\/lacinia-stefano-pilia\/#breadcrumb\"},\"inLanguage\":\"it-IT\",\"potentialAction\":[{\"@type\":\"ReadAction\",\"target\":[\"https:\/\/www.intoscana.it\/it\/lacinia-stefano-pilia\/\"]}]},{\"@type\":\"ImageObject\",\"inLanguage\":\"it-IT\",\"@id\":\"https:\/\/www.intoscana.it\/it\/lacinia-stefano-pilia\/#primaryimage\",\"url\":\"https:\/\/www.intoscana.it\/wp-content\/uploads\/Pilia-3.jpg\",\"contentUrl\":\"https:\/\/www.intoscana.it\/wp-content\/uploads\/Pilia-3.jpg\",\"width\":1600,\"height\":1050,\"caption\":\"Stefano Pilia\"},{\"@type\":\"BreadcrumbList\",\"@id\":\"https:\/\/www.intoscana.it\/it\/lacinia-stefano-pilia\/#breadcrumb\",\"itemListElement\":[{\"@type\":\"ListItem\",\"position\":1,\"name\":\"Home\",\"item\":\"https:\/\/www.intoscana.it\/it\/\"},{\"@type\":\"ListItem\",\"position\":2,\"name\":\"Il merletto del tempo: architetture sonore in &#8220;Lacinia&#8221; di Stefano Pilia\"}]},{\"@type\":\"WebSite\",\"@id\":\"https:\/\/www.intoscana.it\/it\/#website\",\"url\":\"https:\/\/www.intoscana.it\/it\/\",\"name\":\"intoscana\",\"description\":\"\",\"potentialAction\":[{\"@type\":\"SearchAction\",\"target\":{\"@type\":\"EntryPoint\",\"urlTemplate\":\"https:\/\/www.intoscana.it\/it\/?s={search_term_string}\"},\"query-input\":{\"@type\":\"PropertyValueSpecification\",\"valueRequired\":true,\"valueName\":\"search_term_string\"}}],\"inLanguage\":\"it-IT\"},{\"@type\":\"Person\",\"@id\":\"https:\/\/www.intoscana.it\/it\/#\/schema\/person\/d469f35f09739bdf00bf5dd3f0647a82\",\"name\":\"Costanza Baldini\",\"url\":\"https:\/\/www.intoscana.it\/it\/author\/costanza-baldini\/\"}]}<\/script>\n<!-- \/ Yoast SEO Premium plugin. -->","yoast_head_json":{"title":"Il merletto del tempo: architetture sonore in \"Lacinia\" di Stefano Pilia - intoscana","description":"Stefano Pilia presenta \"Lacinia\" un ciclo di composizioni trascendentali, in concerto gioved\u00ec 29 gennaio nello spazio GADA a Firenze","robots":{"index":"index","follow":"follow","max-snippet":"max-snippet:-1","max-image-preview":"max-image-preview:large","max-video-preview":"max-video-preview:-1"},"canonical":"https:\/\/www.intoscana.it\/it\/lacinia-stefano-pilia\/","og_locale":"it_IT","og_type":"article","og_title":"Il merletto del tempo: architetture sonore in \"Lacinia\" di Stefano Pilia","og_description":"Stefano Pilia presenta \"Lacinia\" un ciclo di composizioni trascendentali, in concerto gioved\u00ec 29 gennaio nello spazio GADA a Firenze","og_url":"https:\/\/www.intoscana.it\/it\/lacinia-stefano-pilia\/","og_site_name":"intoscana","article_publisher":"https:\/\/www.facebook.com\/intoscana.it","article_published_time":"2026-01-26T08:07:54+00:00","article_modified_time":"2026-01-26T10:05:44+00:00","og_image":[{"width":1600,"height":1050,"url":"https:\/\/www.intoscana.it\/wp-content\/uploads\/Pilia-3.jpg","type":"image\/jpeg"}],"author":"Costanza Baldini","twitter_card":"summary_large_image","twitter_creator":"@intoscana","twitter_site":"@intoscana","twitter_misc":{"Written by":"Costanza Baldini","Est. reading time":"6 minuti"},"schema":{"@context":"https:\/\/schema.org","@graph":[{"@type":"WebPage","@id":"https:\/\/www.intoscana.it\/it\/lacinia-stefano-pilia\/","url":"https:\/\/www.intoscana.it\/it\/lacinia-stefano-pilia\/","name":"Il merletto del tempo: architetture sonore in \"Lacinia\" di Stefano Pilia - intoscana","isPartOf":{"@id":"https:\/\/www.intoscana.it\/it\/#website"},"primaryImageOfPage":{"@id":"https:\/\/www.intoscana.it\/it\/lacinia-stefano-pilia\/#primaryimage"},"image":{"@id":"https:\/\/www.intoscana.it\/it\/lacinia-stefano-pilia\/#primaryimage"},"thumbnailUrl":"https:\/\/www.intoscana.it\/wp-content\/uploads\/Pilia-3.jpg","datePublished":"2026-01-26T08:07:54+00:00","dateModified":"2026-01-26T10:05:44+00:00","author":{"@id":"https:\/\/www.intoscana.it\/it\/#\/schema\/person\/d469f35f09739bdf00bf5dd3f0647a82"},"description":"Stefano Pilia presenta \"Lacinia\" un ciclo di composizioni trascendentali, in concerto gioved\u00ec 29 gennaio nello spazio GADA a Firenze","breadcrumb":{"@id":"https:\/\/www.intoscana.it\/it\/lacinia-stefano-pilia\/#breadcrumb"},"inLanguage":"it-IT","potentialAction":[{"@type":"ReadAction","target":["https:\/\/www.intoscana.it\/it\/lacinia-stefano-pilia\/"]}]},{"@type":"ImageObject","inLanguage":"it-IT","@id":"https:\/\/www.intoscana.it\/it\/lacinia-stefano-pilia\/#primaryimage","url":"https:\/\/www.intoscana.it\/wp-content\/uploads\/Pilia-3.jpg","contentUrl":"https:\/\/www.intoscana.it\/wp-content\/uploads\/Pilia-3.jpg","width":1600,"height":1050,"caption":"Stefano Pilia"},{"@type":"BreadcrumbList","@id":"https:\/\/www.intoscana.it\/it\/lacinia-stefano-pilia\/#breadcrumb","itemListElement":[{"@type":"ListItem","position":1,"name":"Home","item":"https:\/\/www.intoscana.it\/it\/"},{"@type":"ListItem","position":2,"name":"Il merletto del tempo: architetture sonore in &#8220;Lacinia&#8221; di Stefano Pilia"}]},{"@type":"WebSite","@id":"https:\/\/www.intoscana.it\/it\/#website","url":"https:\/\/www.intoscana.it\/it\/","name":"intoscana","description":"","potentialAction":[{"@type":"SearchAction","target":{"@type":"EntryPoint","urlTemplate":"https:\/\/www.intoscana.it\/it\/?s={search_term_string}"},"query-input":{"@type":"PropertyValueSpecification","valueRequired":true,"valueName":"search_term_string"}}],"inLanguage":"it-IT"},{"@type":"Person","@id":"https:\/\/www.intoscana.it\/it\/#\/schema\/person\/d469f35f09739bdf00bf5dd3f0647a82","name":"Costanza Baldini","url":"https:\/\/www.intoscana.it\/it\/author\/costanza-baldini\/"}]}},"_links":{"self":[{"href":"https:\/\/www.intoscana.it\/it\/wp-json\/wp\/v2\/posts\/414357","targetHints":{"allow":["GET"]}}],"collection":[{"href":"https:\/\/www.intoscana.it\/it\/wp-json\/wp\/v2\/posts"}],"about":[{"href":"https:\/\/www.intoscana.it\/it\/wp-json\/wp\/v2\/types\/post"}],"author":[{"embeddable":true,"href":"https:\/\/www.intoscana.it\/it\/wp-json\/wp\/v2\/users\/518"}],"replies":[{"embeddable":true,"href":"https:\/\/www.intoscana.it\/it\/wp-json\/wp\/v2\/comments?post=414357"}],"version-history":[{"count":5,"href":"https:\/\/www.intoscana.it\/it\/wp-json\/wp\/v2\/posts\/414357\/revisions"}],"predecessor-version":[{"id":414485,"href":"https:\/\/www.intoscana.it\/it\/wp-json\/wp\/v2\/posts\/414357\/revisions\/414485"}],"wp:featuredmedia":[{"embeddable":true,"href":"https:\/\/www.intoscana.it\/it\/wp-json\/wp\/v2\/media\/234296"}],"wp:attachment":[{"href":"https:\/\/www.intoscana.it\/it\/wp-json\/wp\/v2\/media?parent=414357"}],"wp:term":[{"taxonomy":"category","embeddable":true,"href":"https:\/\/www.intoscana.it\/it\/wp-json\/wp\/v2\/categories?post=414357"},{"taxonomy":"post_tag","embeddable":true,"href":"https:\/\/www.intoscana.it\/it\/wp-json\/wp\/v2\/tags?post=414357"}],"curies":[{"name":"wp","href":"https:\/\/api.w.org\/{rel}","templated":true}]}}