{"id":414372,"date":"2026-01-26T09:43:43","date_gmt":"2026-01-26T08:43:43","guid":{"rendered":"https:\/\/www.intoscana.it\/it\/?p=414372"},"modified":"2026-01-26T10:23:52","modified_gmt":"2026-01-26T09:23:52","slug":"i-sick-tamburo-e-dementia-un-viaggio-viscerale-nella-mente-tra-luce-e-buio","status":"publish","type":"post","link":"https:\/\/www.intoscana.it\/it\/i-sick-tamburo-e-dementia-un-viaggio-viscerale-nella-mente-tra-luce-e-buio\/","title":{"rendered":"I Sick Tamburo e &#8220;Dementia&#8221;: viaggio viscerale nella mente tra luce e buio"},"content":{"rendered":"<p><strong><em>Dementia<\/em><\/strong> \u00e8 l\u2019ottavo album dei<strong> Sick Tamburo,<\/strong> uscito per <a href=\"https:\/\/www.latempesta.org\" target=\"_blank\" rel=\"noopener\"><strong>La Tempesta Dischi,<\/strong><\/a> e rappresenta una nuova tappa intensa e radicale nel percorso della band.<\/p>\n<p>Un disco che<strong> attraversa il disagio mentale senza addomesticarlo<\/strong>, trasformandolo in <strong>un flusso emotivo fatto di fragilit\u00e0,<\/strong> smarrimenti e contrasti continui tra luce e buio, presenza e assenza.<\/p>\n<p><strong>I brani compongono un viaggio nella \u201cnon mente\u201d<\/strong> che alterna momenti di quiete apparente a improvvise scosse emotive. Da <strong><em>Mi gira sempre la testa<\/em><\/strong> alla lunga title track conclusiva<strong><em> Dementia,<\/em><\/strong> l\u2019album si muove come <strong>un racconto interiore,<\/strong> attraversato da inquietudine, rabbia trattenuta e desiderio di fuga.<\/p>\n<p>Musicalmente, i <strong>Sick Tamburo<\/strong> restano fedeli al loro <strong>universo alternative<\/strong>, dove la melodia convive con <strong>sonorit\u00e0 indie rock e post-punk<\/strong>, dando vita a un suono compatto, diretto e profondamente viscerale.<\/p>\n<p>Nati a Pordenone dopo l\u2019esperienza nei <a href=\"https:\/\/www.youtube.com\/watch?v=EzIz5T4YltM&amp;list=RDEzIz5T4YltM&amp;start_radio=1\" target=\"_blank\" rel=\"noopener\"><strong>Prozac+<\/strong><\/a>, <strong>i Sick Tamburo continuano a trasformare paura e dolore in canzoni senza filtri,<\/strong> confermando il loro ruolo centrale nella scena alternativa italiana.<\/p>\n<p>I<strong> Sick Tamburo<\/strong> saranno in concerto <strong>sabato 31 gennaio al <a href=\"https:\/\/www.intoscana.it\/it\/viper-theatre-grassina-concerti\/\" target=\"_blank\" rel=\"noopener\">Viper Theatre<\/a> di Firenze<\/strong>, in apertura i <a href=\"https:\/\/www.intoscana.it\/it\/dettaglio-video\/intervista-ai-drop-circles-la-band-baluardo-grunge-della-toscana\/\" target=\"_blank\" rel=\"noopener\"><strong>Drop Circles.<\/strong><\/a><\/p>\n<h3>Ecco la nostra intervista a Gian Maria Accusani<\/h3>\n<p><iframe loading=\"lazy\" title=\"Gian Maria Accusani racconta &quot;Dementia&quot;: viaggio nella mente dei Sick Tamburo \" src=\"https:\/\/omny.fm\/shows\/intoscana\/gian-maria-accusani-racconta-dementia-viaggio-nella-mente-dei-sick-tamburo\/embed?style=cover\" width=\"100%\" height=\"180\" frameborder=\"0\"><\/iframe><\/p>\n<p><strong>Ciao Gian Maria! <em>&#8220;Dementia&#8221;<\/em>\u00a0\u00e8 il vostro ottavo album, otto dischi per una band \u00e8 un bel numero, come si porta avanti\u00a0un progetto cos\u00ec longevo nel panorama della scena alternativa italiana?<\/strong><\/p>\n<p>S\u00ec porta avanti semplicemente perch\u00e9 c&#8217;\u00e8 sempre la voglia di fare <strong>quella cosa che da quando eravamo piccoli ci ha illuminato<\/strong>, salire sul palco e suonare per la gente sotto che sia tanta o poca. Finch\u00e8\u00a0c&#8217;\u00e8 questa lampadina accesa quella voglia rimarr\u00e0 sempre piuttosto importante. <strong>Credo che sia la motivazione\u00a0principale<\/strong> per tutti quelli che continuano a fare musica. <p><span class=\"citazione\">Parlare di tematiche legate ai pi\u00f9 deboli, a quelli che girano fuori dai binari, \u00e8 il mio modo di cercare di dare forza a queste persone<\/span><\/p><\/p>\n<p><strong><em>&#8220;Dementia&#8221;<\/em>\u00a0\u00e8 un titolo forte, diretto, come mai la scelta di parlare di questo argomento?<\/strong><\/p>\n<p>Mi sono scontrato con una malattia di questo genere, non voglio raccontarti le mie storie personali, ma<strong> ho fatto un viaggio dentro a quel mondo che \u00e8 allucinante, una scoperta incredibile.<\/strong> Se la guardi da fuori quella cosa ma non ci entri, non capisci, ti spaventa, se sei costretto ad entrarci dentro, come sono stato costretto io, capisci che \u00e8 un mondo con<strong> momenti di confusione, lucidit\u00e0, paura<\/strong>, silenzio totale dove sembra tutto finito. Cos\u00ec<strong> mi \u00e8 venuto automatico mettere in relazione la malattia mentale, la demenza, con la follia che sta girando per il mondo<\/strong> negli ultimi anni. In qualche modo sono simili, quello che si vede in giro non posso fare altro che chiamarla demenza, perch\u00e9 non riesco a capacitarmi che una persona lucida possa fare certe cose. Quindi <strong>tutto \u00e8 partito dalla malattia, ma poi si \u00e8 allargato<\/strong> al concetto di follia che imperversa nel mondo.<\/p>\n<p><iframe loading=\"lazy\" title=\"YouTube video player\" src=\"https:\/\/www.youtube.com\/embed\/VZ6vWWYVdHo?si=As6anZCLo4F8ycKE\" width=\"800\" height=\"450\" frameborder=\"0\" allowfullscreen=\"allowfullscreen\"><\/iframe><\/p>\n<p><strong>I Sick Tamburo mi hanno sempre ricordato i The Cure perch\u00e8 voi cantate in maniera gioiosa di questioni sempre molto cupe, pesanti. Trasmettete gioia ma parlate spesso di argomenti molto pesanti, \u00e8 un bel cortocircuito , anche in &#8220;<em>Dementia&#8221;<\/em><\/strong><\/p>\n<p>Le nostre tematiche sono sempre state piuttosto cupe e legate alla malinconia<strong>, difficilmente\u00a0riesco a scrivere cose allegre,<\/strong> quanto meno \u00e8 difficile scrivere cose cos\u00ec se devo cantarle io, per altri \u00e8 pi\u00f9 facile. Il contrasto tra la cupezza del contenuto e l&#8217;armonia o la gioia di una parte musica, in qualche modo pu\u00f2 aiutare a <strong>dare ancora pi\u00f9 valore a quell&#8217;idea di concetto che c&#8217;\u00e8 sotto.<\/strong><\/p>\n<p><strong>Nell&#8217;ultimo disco ci sono canzoni come &#8220;<em>Ho perso i sogni&#8221;<\/em> e &#8220;<em>Mi gira sempre la testa&#8221;<\/em> che parlano delle nostre fragilit\u00e0 in una maniera quasi disarmante, portandole sul palco per\u00f2 riesci a trasformare la fragilit\u00e0 in forza, perch\u00e9 quando se ne parla si diventa pi\u00f9 forti<\/strong><\/p>\n<p>Assolutamente s\u00ec, questo \u00e8 sempre stato, prima inconsciamente adesso pi\u00f9 consciamente, il mio scopo. Parlare di <strong>tematiche legate ai pi\u00f9 deboli, a quelli che girano fuori dai binari,\u00a0\u00e8 il mio modo di cercare di dare forza a queste persone,<\/strong> perch\u00e9 come dici te parlandone gi\u00e0 a priori si va verso quella direzione. Credo che negli anni sono stato accolto in maniera vera, aver fatto questo\u00a0tipo di percorso<strong> mi ha avvicinato tanta gente che si trovava ai margini,<\/strong> me lo scrivono spesso.<\/p>\n<p><strong>Cosa vorresti che rimanga a chi ascolta questo disco?<\/strong><\/p>\n<p>Sinceramente non ho mai aspettative, se la gente capisce il nostro messaggio mi fa piacere, ma <strong>credo che in una canzone ognuno pu\u00f2 avere una chiave un po&#8217; sua<\/strong>. Se qualcuno dovesse prendere le nostre emozioni in una maniera personale e non vicina all&#8217;originale, per me \u00e8 comunque una cosa bella.<strong> La canzone \u00e8 come un vestito a seconda di come lo abbini, prende una forma diversa. <\/strong>Spero sempre che le cose in qualche modo arrivino dentro, \u00e8 lo scopo della mia scrittura.<\/p>\n<figure id=\"post-413997 media-413997\" class=\"align-none\"><img decoding=\"async\" src=\"https:\/\/www.intoscana.it\/wp-content\/uploads\/Sick-Tamburo-ph.-Franco-Zanussi_web_Z9H8380-scaled.jpeg\" alt=\"\" \/><\/figure>\n<div class=\"titleimg\">Sick Tamburo &#8211; \u00a9 Franco Zanussi<\/div>\n<h3>Sick Tamburo in tour: tutte le date<\/h3>\n<p><strong>31 gennaio &#8211; Firenze &#8211; Viper Theatre c\/o CDP Grassina<\/strong><br \/>\n5 febbraio &#8211; Torino &#8211; Hiroshima Mon Amour<br \/>\n6 febbraio &#8211; Roncade (TV) &#8211; New Age<br \/>\n7 febbraio &#8211; Bologna &#8211; Estragon<br \/>\n13 febbraio &#8211; Milano &#8211; Santeria<br \/>\n14 febbraio &#8211; Genova &#8211; Luzzati<br \/>\n19 febbraio &#8211; Roma &#8211; Largo Venue<br \/>\n20 febbraio &#8211; Caserta &#8211; Lizard Club<br \/>\n21 febbraio &#8211; Taranto &#8211; Mercato Nuovo<br \/>\n27 febbraio &#8211; Bergamo &#8211; Druso<br \/>\n28 febbraio &#8211; Cesena (FC) &#8211; Vidia<br \/>\n1 marzo &#8211; Tolentino (MC) &#8211; Magma NUOVA DATA<br \/>\n7 marzo &#8211; Quartucciu (CA) &#8211; Cueva Rock NUOVA DATA<br \/>\n20 marzo &#8211; Castiglione del Lago (PG) &#8211; Darsena NUOVA DATA<br \/>\n21 marzo &#8211; Trecasali (PR) &#8211; Arcistella NUOVA DATA<\/p>\n","protected":false},"excerpt":{"rendered":"<p>I Sick Tamburo saranno in concerto sabato 31 gennaio al Viper Theatre di Firenze, per presentare l&#8217;ultimo disco: un viaggio nella malattia mentale. In apertura i Drop Circles<\/p>\n<p>&nbsp;<\/p>\n","protected":false},"author":518,"featured_media":413998,"comment_status":"open","ping_status":"open","sticky":false,"template":"","format":"standard","meta":{"_acf_changed":false,"footnotes":""},"categories":[14],"tags":[216,4474,202,3138],"class_list":["post-414372","post","type-post","status-publish","format-standard","has-post-thumbnail","hentry","category-musica","tag-concerti","tag-eventi","tag-firenze","tag-interviste-agli-artisti"],"acf":[],"yoast_head":"<!-- This site is optimized with the Yoast SEO Premium plugin v24.2 (Yoast SEO v25.6) - https:\/\/yoast.com\/wordpress\/plugins\/seo\/ -->\n<title>I Sick Tamburo e &quot;Dementia&quot;: viaggio viscerale nella mente tra luce e buio - intoscana<\/title>\n<meta name=\"description\" content=\"I Sick Tamburo saranno in concerto sabato 31 gennaio al Viper Theatre di Firenze, per presentare l&#039;ultimo disco: un viaggio nella mente\" \/>\n<meta name=\"robots\" content=\"index, follow, max-snippet:-1, max-image-preview:large, max-video-preview:-1\" \/>\n<link rel=\"canonical\" href=\"https:\/\/www.intoscana.it\/it\/i-sick-tamburo-e-dementia-un-viaggio-viscerale-nella-mente-tra-luce-e-buio\/\" \/>\n<meta property=\"og:locale\" content=\"it_IT\" \/>\n<meta property=\"og:type\" content=\"article\" \/>\n<meta property=\"og:title\" content=\"I Sick Tamburo e &quot;Dementia&quot;: viaggio viscerale nella mente tra luce e buio\" \/>\n<meta property=\"og:description\" content=\"I Sick Tamburo saranno in concerto sabato 31 gennaio al Viper Theatre di Firenze, per presentare l&#039;ultimo disco: un viaggio nella mente\" \/>\n<meta property=\"og:url\" content=\"https:\/\/www.intoscana.it\/it\/i-sick-tamburo-e-dementia-un-viaggio-viscerale-nella-mente-tra-luce-e-buio\/\" \/>\n<meta property=\"og:site_name\" content=\"intoscana\" \/>\n<meta property=\"article:publisher\" content=\"https:\/\/www.facebook.com\/intoscana.it\" \/>\n<meta property=\"article:published_time\" content=\"2026-01-26T08:43:43+00:00\" \/>\n<meta property=\"article:modified_time\" content=\"2026-01-26T09:23:52+00:00\" \/>\n<meta property=\"og:image\" content=\"https:\/\/www.intoscana.it\/wp-content\/uploads\/Sick-Tamburo-ph.-Franco-Zanussi_web_Z9H8398-scaled-e1769417050173.jpeg\" \/>\n\t<meta property=\"og:image:width\" content=\"2038\" \/>\n\t<meta property=\"og:image:height\" content=\"1198\" \/>\n\t<meta property=\"og:image:type\" content=\"image\/jpeg\" \/>\n<meta name=\"author\" content=\"Costanza Baldini\" \/>\n<meta name=\"twitter:card\" content=\"summary_large_image\" \/>\n<meta name=\"twitter:creator\" content=\"@intoscana\" \/>\n<meta name=\"twitter:site\" content=\"@intoscana\" \/>\n<meta name=\"twitter:label1\" content=\"Written by\" \/>\n\t<meta name=\"twitter:data1\" content=\"Costanza Baldini\" \/>\n\t<meta name=\"twitter:label2\" content=\"Est. reading time\" \/>\n\t<meta name=\"twitter:data2\" content=\"6 minuti\" \/>\n<script type=\"application\/ld+json\" class=\"yoast-schema-graph\">{\"@context\":\"https:\/\/schema.org\",\"@graph\":[{\"@type\":\"WebPage\",\"@id\":\"https:\/\/www.intoscana.it\/it\/i-sick-tamburo-e-dementia-un-viaggio-viscerale-nella-mente-tra-luce-e-buio\/\",\"url\":\"https:\/\/www.intoscana.it\/it\/i-sick-tamburo-e-dementia-un-viaggio-viscerale-nella-mente-tra-luce-e-buio\/\",\"name\":\"I Sick Tamburo e \\\"Dementia\\\": viaggio viscerale nella mente tra luce e buio - intoscana\",\"isPartOf\":{\"@id\":\"https:\/\/www.intoscana.it\/it\/#website\"},\"primaryImageOfPage\":{\"@id\":\"https:\/\/www.intoscana.it\/it\/i-sick-tamburo-e-dementia-un-viaggio-viscerale-nella-mente-tra-luce-e-buio\/#primaryimage\"},\"image\":{\"@id\":\"https:\/\/www.intoscana.it\/it\/i-sick-tamburo-e-dementia-un-viaggio-viscerale-nella-mente-tra-luce-e-buio\/#primaryimage\"},\"thumbnailUrl\":\"https:\/\/www.intoscana.it\/wp-content\/uploads\/Sick-Tamburo-ph.-Franco-Zanussi_web_Z9H8398-scaled-e1769417050173.jpeg\",\"datePublished\":\"2026-01-26T08:43:43+00:00\",\"dateModified\":\"2026-01-26T09:23:52+00:00\",\"author\":{\"@id\":\"https:\/\/www.intoscana.it\/it\/#\/schema\/person\/d469f35f09739bdf00bf5dd3f0647a82\"},\"description\":\"I Sick Tamburo saranno in concerto sabato 31 gennaio al Viper Theatre di Firenze, per presentare l'ultimo disco: un viaggio nella mente\",\"breadcrumb\":{\"@id\":\"https:\/\/www.intoscana.it\/it\/i-sick-tamburo-e-dementia-un-viaggio-viscerale-nella-mente-tra-luce-e-buio\/#breadcrumb\"},\"inLanguage\":\"it-IT\",\"potentialAction\":[{\"@type\":\"ReadAction\",\"target\":[\"https:\/\/www.intoscana.it\/it\/i-sick-tamburo-e-dementia-un-viaggio-viscerale-nella-mente-tra-luce-e-buio\/\"]}]},{\"@type\":\"ImageObject\",\"inLanguage\":\"it-IT\",\"@id\":\"https:\/\/www.intoscana.it\/it\/i-sick-tamburo-e-dementia-un-viaggio-viscerale-nella-mente-tra-luce-e-buio\/#primaryimage\",\"url\":\"https:\/\/www.intoscana.it\/wp-content\/uploads\/Sick-Tamburo-ph.-Franco-Zanussi_web_Z9H8398-scaled-e1769417050173.jpeg\",\"contentUrl\":\"https:\/\/www.intoscana.it\/wp-content\/uploads\/Sick-Tamburo-ph.-Franco-Zanussi_web_Z9H8398-scaled-e1769417050173.jpeg\",\"width\":2038,\"height\":1198,\"caption\":\"Sick Tamburo\"},{\"@type\":\"BreadcrumbList\",\"@id\":\"https:\/\/www.intoscana.it\/it\/i-sick-tamburo-e-dementia-un-viaggio-viscerale-nella-mente-tra-luce-e-buio\/#breadcrumb\",\"itemListElement\":[{\"@type\":\"ListItem\",\"position\":1,\"name\":\"Home\",\"item\":\"https:\/\/www.intoscana.it\/it\/\"},{\"@type\":\"ListItem\",\"position\":2,\"name\":\"I Sick Tamburo e &#8220;Dementia&#8221;: viaggio viscerale nella mente tra luce e buio\"}]},{\"@type\":\"WebSite\",\"@id\":\"https:\/\/www.intoscana.it\/it\/#website\",\"url\":\"https:\/\/www.intoscana.it\/it\/\",\"name\":\"intoscana\",\"description\":\"\",\"potentialAction\":[{\"@type\":\"SearchAction\",\"target\":{\"@type\":\"EntryPoint\",\"urlTemplate\":\"https:\/\/www.intoscana.it\/it\/?s={search_term_string}\"},\"query-input\":{\"@type\":\"PropertyValueSpecification\",\"valueRequired\":true,\"valueName\":\"search_term_string\"}}],\"inLanguage\":\"it-IT\"},{\"@type\":\"Person\",\"@id\":\"https:\/\/www.intoscana.it\/it\/#\/schema\/person\/d469f35f09739bdf00bf5dd3f0647a82\",\"name\":\"Costanza Baldini\",\"url\":\"https:\/\/www.intoscana.it\/it\/author\/costanza-baldini\/\"}]}<\/script>\n<!-- \/ Yoast SEO Premium plugin. -->","yoast_head_json":{"title":"I Sick Tamburo e \"Dementia\": viaggio viscerale nella mente tra luce e buio - intoscana","description":"I Sick Tamburo saranno in concerto sabato 31 gennaio al Viper Theatre di Firenze, per presentare l'ultimo disco: un viaggio nella mente","robots":{"index":"index","follow":"follow","max-snippet":"max-snippet:-1","max-image-preview":"max-image-preview:large","max-video-preview":"max-video-preview:-1"},"canonical":"https:\/\/www.intoscana.it\/it\/i-sick-tamburo-e-dementia-un-viaggio-viscerale-nella-mente-tra-luce-e-buio\/","og_locale":"it_IT","og_type":"article","og_title":"I Sick Tamburo e \"Dementia\": viaggio viscerale nella mente tra luce e buio","og_description":"I Sick Tamburo saranno in concerto sabato 31 gennaio al Viper Theatre di Firenze, per presentare l'ultimo disco: un viaggio nella mente","og_url":"https:\/\/www.intoscana.it\/it\/i-sick-tamburo-e-dementia-un-viaggio-viscerale-nella-mente-tra-luce-e-buio\/","og_site_name":"intoscana","article_publisher":"https:\/\/www.facebook.com\/intoscana.it","article_published_time":"2026-01-26T08:43:43+00:00","article_modified_time":"2026-01-26T09:23:52+00:00","og_image":[{"width":2038,"height":1198,"url":"https:\/\/www.intoscana.it\/wp-content\/uploads\/Sick-Tamburo-ph.-Franco-Zanussi_web_Z9H8398-scaled-e1769417050173.jpeg","type":"image\/jpeg"}],"author":"Costanza Baldini","twitter_card":"summary_large_image","twitter_creator":"@intoscana","twitter_site":"@intoscana","twitter_misc":{"Written by":"Costanza Baldini","Est. reading time":"6 minuti"},"schema":{"@context":"https:\/\/schema.org","@graph":[{"@type":"WebPage","@id":"https:\/\/www.intoscana.it\/it\/i-sick-tamburo-e-dementia-un-viaggio-viscerale-nella-mente-tra-luce-e-buio\/","url":"https:\/\/www.intoscana.it\/it\/i-sick-tamburo-e-dementia-un-viaggio-viscerale-nella-mente-tra-luce-e-buio\/","name":"I Sick Tamburo e \"Dementia\": viaggio viscerale nella mente tra luce e buio - intoscana","isPartOf":{"@id":"https:\/\/www.intoscana.it\/it\/#website"},"primaryImageOfPage":{"@id":"https:\/\/www.intoscana.it\/it\/i-sick-tamburo-e-dementia-un-viaggio-viscerale-nella-mente-tra-luce-e-buio\/#primaryimage"},"image":{"@id":"https:\/\/www.intoscana.it\/it\/i-sick-tamburo-e-dementia-un-viaggio-viscerale-nella-mente-tra-luce-e-buio\/#primaryimage"},"thumbnailUrl":"https:\/\/www.intoscana.it\/wp-content\/uploads\/Sick-Tamburo-ph.-Franco-Zanussi_web_Z9H8398-scaled-e1769417050173.jpeg","datePublished":"2026-01-26T08:43:43+00:00","dateModified":"2026-01-26T09:23:52+00:00","author":{"@id":"https:\/\/www.intoscana.it\/it\/#\/schema\/person\/d469f35f09739bdf00bf5dd3f0647a82"},"description":"I Sick Tamburo saranno in concerto sabato 31 gennaio al Viper Theatre di Firenze, per presentare l'ultimo disco: un viaggio nella mente","breadcrumb":{"@id":"https:\/\/www.intoscana.it\/it\/i-sick-tamburo-e-dementia-un-viaggio-viscerale-nella-mente-tra-luce-e-buio\/#breadcrumb"},"inLanguage":"it-IT","potentialAction":[{"@type":"ReadAction","target":["https:\/\/www.intoscana.it\/it\/i-sick-tamburo-e-dementia-un-viaggio-viscerale-nella-mente-tra-luce-e-buio\/"]}]},{"@type":"ImageObject","inLanguage":"it-IT","@id":"https:\/\/www.intoscana.it\/it\/i-sick-tamburo-e-dementia-un-viaggio-viscerale-nella-mente-tra-luce-e-buio\/#primaryimage","url":"https:\/\/www.intoscana.it\/wp-content\/uploads\/Sick-Tamburo-ph.-Franco-Zanussi_web_Z9H8398-scaled-e1769417050173.jpeg","contentUrl":"https:\/\/www.intoscana.it\/wp-content\/uploads\/Sick-Tamburo-ph.-Franco-Zanussi_web_Z9H8398-scaled-e1769417050173.jpeg","width":2038,"height":1198,"caption":"Sick Tamburo"},{"@type":"BreadcrumbList","@id":"https:\/\/www.intoscana.it\/it\/i-sick-tamburo-e-dementia-un-viaggio-viscerale-nella-mente-tra-luce-e-buio\/#breadcrumb","itemListElement":[{"@type":"ListItem","position":1,"name":"Home","item":"https:\/\/www.intoscana.it\/it\/"},{"@type":"ListItem","position":2,"name":"I Sick Tamburo e &#8220;Dementia&#8221;: viaggio viscerale nella mente tra luce e buio"}]},{"@type":"WebSite","@id":"https:\/\/www.intoscana.it\/it\/#website","url":"https:\/\/www.intoscana.it\/it\/","name":"intoscana","description":"","potentialAction":[{"@type":"SearchAction","target":{"@type":"EntryPoint","urlTemplate":"https:\/\/www.intoscana.it\/it\/?s={search_term_string}"},"query-input":{"@type":"PropertyValueSpecification","valueRequired":true,"valueName":"search_term_string"}}],"inLanguage":"it-IT"},{"@type":"Person","@id":"https:\/\/www.intoscana.it\/it\/#\/schema\/person\/d469f35f09739bdf00bf5dd3f0647a82","name":"Costanza Baldini","url":"https:\/\/www.intoscana.it\/it\/author\/costanza-baldini\/"}]}},"_links":{"self":[{"href":"https:\/\/www.intoscana.it\/it\/wp-json\/wp\/v2\/posts\/414372","targetHints":{"allow":["GET"]}}],"collection":[{"href":"https:\/\/www.intoscana.it\/it\/wp-json\/wp\/v2\/posts"}],"about":[{"href":"https:\/\/www.intoscana.it\/it\/wp-json\/wp\/v2\/types\/post"}],"author":[{"embeddable":true,"href":"https:\/\/www.intoscana.it\/it\/wp-json\/wp\/v2\/users\/518"}],"replies":[{"embeddable":true,"href":"https:\/\/www.intoscana.it\/it\/wp-json\/wp\/v2\/comments?post=414372"}],"version-history":[{"count":5,"href":"https:\/\/www.intoscana.it\/it\/wp-json\/wp\/v2\/posts\/414372\/revisions"}],"predecessor-version":[{"id":414454,"href":"https:\/\/www.intoscana.it\/it\/wp-json\/wp\/v2\/posts\/414372\/revisions\/414454"}],"wp:featuredmedia":[{"embeddable":true,"href":"https:\/\/www.intoscana.it\/it\/wp-json\/wp\/v2\/media\/413998"}],"wp:attachment":[{"href":"https:\/\/www.intoscana.it\/it\/wp-json\/wp\/v2\/media?parent=414372"}],"wp:term":[{"taxonomy":"category","embeddable":true,"href":"https:\/\/www.intoscana.it\/it\/wp-json\/wp\/v2\/categories?post=414372"},{"taxonomy":"post_tag","embeddable":true,"href":"https:\/\/www.intoscana.it\/it\/wp-json\/wp\/v2\/tags?post=414372"}],"curies":[{"name":"wp","href":"https:\/\/api.w.org\/{rel}","templated":true}]}}