{"id":414418,"date":"2026-01-26T10:33:46","date_gmt":"2026-01-26T09:33:46","guid":{"rendered":"https:\/\/www.intoscana.it\/it\/?p=414418"},"modified":"2026-01-26T10:33:46","modified_gmt":"2026-01-26T09:33:46","slug":"a-palazzo-blu-il-reportage-sulluganda-di-fabio-muzzi-tra-istruzione-salute-e-solidarieta","status":"publish","type":"post","link":"https:\/\/www.intoscana.it\/it\/a-palazzo-blu-il-reportage-sulluganda-di-fabio-muzzi-tra-istruzione-salute-e-solidarieta\/","title":{"rendered":"A Palazzo Blu il reportage sull\u2019Uganda di Fabio Muzzi tra istruzione, salute e solidariet\u00e0"},"content":{"rendered":"<p><strong>Fino al 15 marzo<\/strong> 2026, <strong>Palazzo Blu di Pisa<\/strong> ospita\u00a0il reportage realizzato da <strong>Fabio Muzzi,<\/strong> fotoreporter senese, durante i viaggi compiuti nel settembre del 2024 e del 2025 nei luoghi in cui ha vissuto e operato il padre missionario comboniano<strong> Padre Paolino Tomaino<\/strong> (1937\u20132024).<\/p>\n<p>La mostra <strong><em>\u201cUGANDA: La conoscenza \u00e8 salute e libert\u00e0\u201d<\/em><\/strong>&#8211; a ingresso gratuito &#8211; nasce dall\u2019idea di documentare e far conoscere i luoghi e la gente di un\u2019area rurale del Sud Ovest dell\u2019Uganda \u2013<strong> la regione di Kyamuhunga<\/strong> \u2013 dove sono forti e tangibili la <strong>testimonianza e l\u2019impegno umanitario dei missionari<\/strong> e del volontariato cattolico e laico italiano dagli ultimi decenni del \u2018900.<\/p>\n<p><strong>La vita di Padre Paolino<\/strong> \u00e8 stata guidata da <strong>un\u2019idea tanto semplice quanto radicale e visionaria<\/strong>: la scuola e l\u2019istruzione come strumenti di <strong>emancipazione, salute e libert\u00e0. <\/strong><\/p>\n<p>Il missionario ha dedicato la propria esistenza<strong> ai pi\u00f9 fragili, ai bambini e agli adolescenti,<\/strong> costruendo scuole, creando luoghi di incontro, accendendo la luce del sapere l\u00e0 dove mancava.<\/p>\n<figure id=\"post-414427 media-414427\" class=\"align-none\"><img decoding=\"async\" src=\"https:\/\/www.intoscana.it\/wp-content\/uploads\/fabio_muzzi_uganda_\u00a9_2025_04.jpg\" alt=\"\" \/><\/figure>\n<div class=\"titleimg\"><em>UGANDA \u2013 KNOWLEDGE IS HEALTH AND FREEDOM &#8211; \u00a9 Fabio Muzzi<\/em><\/div>\n<h3>Uganda: viaggio attraverso strade, villaggi e volti<\/h3>\n<p>La mostra curata da <strong>Alessandro Pingitore,<\/strong> presenta<strong> 20 foto<\/strong> che si sviluppano come un viaggio attraverso<strong> strade, villaggi e volti<\/strong> segnati dal passaggio del missionario.<\/p>\n<p>Le fotografie non si limitano a documentare luoghi, ma restituiscono le tracce di<strong> una presenza, di un\u2019azione silenziosa e concreta<\/strong> che ha fatto dell\u2019istruzione un fondamento di dignit\u00e0, autonomia e speranza.<\/p>\n<p><strong>Ogni immagine \u00e8 una testimonianza<\/strong>: anche nelle realt\u00e0 pi\u00f9 complesse e difficili \u00e8 possibile trovare la forza di sorridere, imparare e costruire basi solide per una vita migliore, fondata sulla conoscenza e sulla solidariet\u00e0.<\/p>\n<p>In occasione della mostra vengono presentate alcune testimonianze visive e documentarie della <strong>campagna vaccinale \u201cAGAINST HBV\u201d<\/strong>, avviata nel settembre 2025 presso il <strong>St. Daniel Comboni Hospital di Kyamuhung<\/strong>a, struttura sanitaria fondata da Padre Paolino.<\/p>\n<p><strong>Il progetto umanitario di vaccinazione<\/strong>, coordinato dalla <strong>Dottoressa Barbara Coco, epatologa dell\u2019Unit\u00e0 di Epatologia \u2013 AOU Pisa<\/strong>, \u00e8 inserito nel pi\u00f9 ampio programma promosso dall\u2019Organizzazione Mondiale della Sanit\u00e0 ed \u00e8 finalizzato alla riduzione della<strong> trasmissione materno-infantile dell\u2019infezione da virus dell\u2019epatite B,<\/strong> attraverso interventi sanitari concreti e continuativi sul territorio.<\/p>\n<p>L\u2019iniziativa \u00e8 stata resa possibile grazie al sostegno dell\u2019<strong>Associazione Dottore Pietro Ciccorossi,<\/strong> fondata in memoria dell\u2019epatologo pisano scomparso prematuramente 10 anni fa.<\/p>\n<figure id=\"post-414424 media-414424\" class=\"align-none\"><img decoding=\"async\" src=\"https:\/\/www.intoscana.it\/wp-content\/uploads\/fabio_muzzi_uganda_\u00a9_2025_03.jpg\" alt=\"\" \/><\/figure>\n<div class=\"titleimg\">UGANDA \u2013 KNOWLEDGE IS HEALTH AND FREEDOM &#8211; \u00a9 Fabio Muzzi<\/div>\n","protected":false},"excerpt":{"rendered":"<p>La mostra a ingresso gratuito presenta 20 foto che si sviluppano come un viaggio attraverso strade, villaggi e volti segnati dal passaggio del missionario Padre Paolino Tomaino<\/p>\n","protected":false},"author":525,"featured_media":414436,"comment_status":"open","ping_status":"open","sticky":false,"template":"","format":"standard","meta":{"_acf_changed":false,"footnotes":""},"categories":[493],"tags":[222,5382,203],"class_list":["post-414418","post","type-post","status-publish","format-standard","has-post-thumbnail","hentry","category-cultura","tag-mostre","tag-palazzo-blu","tag-pisa"],"acf":[],"yoast_head":"<!-- This site is optimized with the Yoast SEO Premium plugin v24.2 (Yoast SEO v25.6) - https:\/\/yoast.com\/wordpress\/plugins\/seo\/ -->\n<title>A Palazzo Blu il reportage sull\u2019Uganda di Fabio Muzzi tra istruzione, salute e solidariet\u00e0 - intoscana<\/title>\n<meta name=\"description\" content=\"La mostra a ingresso gratuito presenta 20 foto che si sviluppano come un viaggio attraverso strade, villaggi e volti\" \/>\n<meta name=\"robots\" content=\"index, follow, max-snippet:-1, max-image-preview:large, max-video-preview:-1\" \/>\n<link rel=\"canonical\" href=\"https:\/\/www.intoscana.it\/it\/a-palazzo-blu-il-reportage-sulluganda-di-fabio-muzzi-tra-istruzione-salute-e-solidarieta\/\" \/>\n<meta property=\"og:locale\" content=\"it_IT\" \/>\n<meta property=\"og:type\" content=\"article\" \/>\n<meta property=\"og:title\" content=\"A Palazzo Blu il reportage sull\u2019Uganda di Fabio Muzzi tra istruzione, salute e solidariet\u00e0\" \/>\n<meta property=\"og:description\" content=\"La mostra a ingresso gratuito presenta 20 foto che si sviluppano come un viaggio attraverso strade, villaggi e volti\" \/>\n<meta property=\"og:url\" content=\"https:\/\/www.intoscana.it\/it\/a-palazzo-blu-il-reportage-sulluganda-di-fabio-muzzi-tra-istruzione-salute-e-solidarieta\/\" \/>\n<meta property=\"og:site_name\" content=\"intoscana\" \/>\n<meta property=\"article:publisher\" content=\"https:\/\/www.facebook.com\/intoscana.it\" \/>\n<meta property=\"article:published_time\" content=\"2026-01-26T09:33:46+00:00\" \/>\n<meta property=\"og:image\" content=\"https:\/\/www.intoscana.it\/wp-content\/uploads\/Screenshot-2026-01-26-alle-09.58.56.jpeg\" \/>\n\t<meta property=\"og:image:width\" content=\"1319\" \/>\n\t<meta property=\"og:image:height\" content=\"892\" \/>\n\t<meta property=\"og:image:type\" content=\"image\/jpeg\" \/>\n<meta name=\"author\" content=\"Redazione\" \/>\n<meta name=\"twitter:card\" content=\"summary_large_image\" \/>\n<meta name=\"twitter:creator\" content=\"@intoscana\" \/>\n<meta name=\"twitter:site\" content=\"@intoscana\" \/>\n<meta name=\"twitter:label1\" content=\"Written by\" \/>\n\t<meta name=\"twitter:data1\" content=\"Redazione\" \/>\n\t<meta name=\"twitter:label2\" content=\"Est. reading time\" \/>\n\t<meta name=\"twitter:data2\" content=\"3 minuti\" \/>\n<script type=\"application\/ld+json\" class=\"yoast-schema-graph\">{\"@context\":\"https:\/\/schema.org\",\"@graph\":[{\"@type\":\"WebPage\",\"@id\":\"https:\/\/www.intoscana.it\/it\/a-palazzo-blu-il-reportage-sulluganda-di-fabio-muzzi-tra-istruzione-salute-e-solidarieta\/\",\"url\":\"https:\/\/www.intoscana.it\/it\/a-palazzo-blu-il-reportage-sulluganda-di-fabio-muzzi-tra-istruzione-salute-e-solidarieta\/\",\"name\":\"A Palazzo Blu il reportage sull\u2019Uganda di Fabio Muzzi tra istruzione, salute e solidariet\u00e0 - intoscana\",\"isPartOf\":{\"@id\":\"https:\/\/www.intoscana.it\/it\/#website\"},\"primaryImageOfPage\":{\"@id\":\"https:\/\/www.intoscana.it\/it\/a-palazzo-blu-il-reportage-sulluganda-di-fabio-muzzi-tra-istruzione-salute-e-solidarieta\/#primaryimage\"},\"image\":{\"@id\":\"https:\/\/www.intoscana.it\/it\/a-palazzo-blu-il-reportage-sulluganda-di-fabio-muzzi-tra-istruzione-salute-e-solidarieta\/#primaryimage\"},\"thumbnailUrl\":\"https:\/\/www.intoscana.it\/wp-content\/uploads\/Screenshot-2026-01-26-alle-09.58.56.jpeg\",\"datePublished\":\"2026-01-26T09:33:46+00:00\",\"author\":{\"@id\":\"https:\/\/www.intoscana.it\/it\/#\/schema\/person\/9223810753230f20bd670fdd322661f8\"},\"description\":\"La mostra a ingresso gratuito presenta 20 foto che si sviluppano come un viaggio attraverso strade, villaggi e volti\",\"breadcrumb\":{\"@id\":\"https:\/\/www.intoscana.it\/it\/a-palazzo-blu-il-reportage-sulluganda-di-fabio-muzzi-tra-istruzione-salute-e-solidarieta\/#breadcrumb\"},\"inLanguage\":\"it-IT\",\"potentialAction\":[{\"@type\":\"ReadAction\",\"target\":[\"https:\/\/www.intoscana.it\/it\/a-palazzo-blu-il-reportage-sulluganda-di-fabio-muzzi-tra-istruzione-salute-e-solidarieta\/\"]}]},{\"@type\":\"ImageObject\",\"inLanguage\":\"it-IT\",\"@id\":\"https:\/\/www.intoscana.it\/it\/a-palazzo-blu-il-reportage-sulluganda-di-fabio-muzzi-tra-istruzione-salute-e-solidarieta\/#primaryimage\",\"url\":\"https:\/\/www.intoscana.it\/wp-content\/uploads\/Screenshot-2026-01-26-alle-09.58.56.jpeg\",\"contentUrl\":\"https:\/\/www.intoscana.it\/wp-content\/uploads\/Screenshot-2026-01-26-alle-09.58.56.jpeg\",\"width\":1319,\"height\":892,\"caption\":\"Kyamuhunga, Igara, Bushenyi District, Western Region, Uganda. Ritratto di un giovane studente nella scuola St. Peter's Kawiri di Burunga del distretto di Rushere\"},{\"@type\":\"BreadcrumbList\",\"@id\":\"https:\/\/www.intoscana.it\/it\/a-palazzo-blu-il-reportage-sulluganda-di-fabio-muzzi-tra-istruzione-salute-e-solidarieta\/#breadcrumb\",\"itemListElement\":[{\"@type\":\"ListItem\",\"position\":1,\"name\":\"Home\",\"item\":\"https:\/\/www.intoscana.it\/it\/\"},{\"@type\":\"ListItem\",\"position\":2,\"name\":\"A Palazzo Blu il reportage sull\u2019Uganda di Fabio Muzzi tra istruzione, salute e solidariet\u00e0\"}]},{\"@type\":\"WebSite\",\"@id\":\"https:\/\/www.intoscana.it\/it\/#website\",\"url\":\"https:\/\/www.intoscana.it\/it\/\",\"name\":\"intoscana\",\"description\":\"\",\"potentialAction\":[{\"@type\":\"SearchAction\",\"target\":{\"@type\":\"EntryPoint\",\"urlTemplate\":\"https:\/\/www.intoscana.it\/it\/?s={search_term_string}\"},\"query-input\":{\"@type\":\"PropertyValueSpecification\",\"valueRequired\":true,\"valueName\":\"search_term_string\"}}],\"inLanguage\":\"it-IT\"},{\"@type\":\"Person\",\"@id\":\"https:\/\/www.intoscana.it\/it\/#\/schema\/person\/9223810753230f20bd670fdd322661f8\",\"name\":\"Redazione\",\"url\":\"https:\/\/www.intoscana.it\/it\/author\/redazione\/\"}]}<\/script>\n<!-- \/ Yoast SEO Premium plugin. -->","yoast_head_json":{"title":"A Palazzo Blu il reportage sull\u2019Uganda di Fabio Muzzi tra istruzione, salute e solidariet\u00e0 - intoscana","description":"La mostra a ingresso gratuito presenta 20 foto che si sviluppano come un viaggio attraverso strade, villaggi e volti","robots":{"index":"index","follow":"follow","max-snippet":"max-snippet:-1","max-image-preview":"max-image-preview:large","max-video-preview":"max-video-preview:-1"},"canonical":"https:\/\/www.intoscana.it\/it\/a-palazzo-blu-il-reportage-sulluganda-di-fabio-muzzi-tra-istruzione-salute-e-solidarieta\/","og_locale":"it_IT","og_type":"article","og_title":"A Palazzo Blu il reportage sull\u2019Uganda di Fabio Muzzi tra istruzione, salute e solidariet\u00e0","og_description":"La mostra a ingresso gratuito presenta 20 foto che si sviluppano come un viaggio attraverso strade, villaggi e volti","og_url":"https:\/\/www.intoscana.it\/it\/a-palazzo-blu-il-reportage-sulluganda-di-fabio-muzzi-tra-istruzione-salute-e-solidarieta\/","og_site_name":"intoscana","article_publisher":"https:\/\/www.facebook.com\/intoscana.it","article_published_time":"2026-01-26T09:33:46+00:00","og_image":[{"width":1319,"height":892,"url":"https:\/\/www.intoscana.it\/wp-content\/uploads\/Screenshot-2026-01-26-alle-09.58.56.jpeg","type":"image\/jpeg"}],"author":"Redazione","twitter_card":"summary_large_image","twitter_creator":"@intoscana","twitter_site":"@intoscana","twitter_misc":{"Written by":"Redazione","Est. reading time":"3 minuti"},"schema":{"@context":"https:\/\/schema.org","@graph":[{"@type":"WebPage","@id":"https:\/\/www.intoscana.it\/it\/a-palazzo-blu-il-reportage-sulluganda-di-fabio-muzzi-tra-istruzione-salute-e-solidarieta\/","url":"https:\/\/www.intoscana.it\/it\/a-palazzo-blu-il-reportage-sulluganda-di-fabio-muzzi-tra-istruzione-salute-e-solidarieta\/","name":"A Palazzo Blu il reportage sull\u2019Uganda di Fabio Muzzi tra istruzione, salute e solidariet\u00e0 - intoscana","isPartOf":{"@id":"https:\/\/www.intoscana.it\/it\/#website"},"primaryImageOfPage":{"@id":"https:\/\/www.intoscana.it\/it\/a-palazzo-blu-il-reportage-sulluganda-di-fabio-muzzi-tra-istruzione-salute-e-solidarieta\/#primaryimage"},"image":{"@id":"https:\/\/www.intoscana.it\/it\/a-palazzo-blu-il-reportage-sulluganda-di-fabio-muzzi-tra-istruzione-salute-e-solidarieta\/#primaryimage"},"thumbnailUrl":"https:\/\/www.intoscana.it\/wp-content\/uploads\/Screenshot-2026-01-26-alle-09.58.56.jpeg","datePublished":"2026-01-26T09:33:46+00:00","author":{"@id":"https:\/\/www.intoscana.it\/it\/#\/schema\/person\/9223810753230f20bd670fdd322661f8"},"description":"La mostra a ingresso gratuito presenta 20 foto che si sviluppano come un viaggio attraverso strade, villaggi e volti","breadcrumb":{"@id":"https:\/\/www.intoscana.it\/it\/a-palazzo-blu-il-reportage-sulluganda-di-fabio-muzzi-tra-istruzione-salute-e-solidarieta\/#breadcrumb"},"inLanguage":"it-IT","potentialAction":[{"@type":"ReadAction","target":["https:\/\/www.intoscana.it\/it\/a-palazzo-blu-il-reportage-sulluganda-di-fabio-muzzi-tra-istruzione-salute-e-solidarieta\/"]}]},{"@type":"ImageObject","inLanguage":"it-IT","@id":"https:\/\/www.intoscana.it\/it\/a-palazzo-blu-il-reportage-sulluganda-di-fabio-muzzi-tra-istruzione-salute-e-solidarieta\/#primaryimage","url":"https:\/\/www.intoscana.it\/wp-content\/uploads\/Screenshot-2026-01-26-alle-09.58.56.jpeg","contentUrl":"https:\/\/www.intoscana.it\/wp-content\/uploads\/Screenshot-2026-01-26-alle-09.58.56.jpeg","width":1319,"height":892,"caption":"Kyamuhunga, Igara, Bushenyi District, Western Region, Uganda. Ritratto di un giovane studente nella scuola St. Peter's Kawiri di Burunga del distretto di Rushere"},{"@type":"BreadcrumbList","@id":"https:\/\/www.intoscana.it\/it\/a-palazzo-blu-il-reportage-sulluganda-di-fabio-muzzi-tra-istruzione-salute-e-solidarieta\/#breadcrumb","itemListElement":[{"@type":"ListItem","position":1,"name":"Home","item":"https:\/\/www.intoscana.it\/it\/"},{"@type":"ListItem","position":2,"name":"A Palazzo Blu il reportage sull\u2019Uganda di Fabio Muzzi tra istruzione, salute e solidariet\u00e0"}]},{"@type":"WebSite","@id":"https:\/\/www.intoscana.it\/it\/#website","url":"https:\/\/www.intoscana.it\/it\/","name":"intoscana","description":"","potentialAction":[{"@type":"SearchAction","target":{"@type":"EntryPoint","urlTemplate":"https:\/\/www.intoscana.it\/it\/?s={search_term_string}"},"query-input":{"@type":"PropertyValueSpecification","valueRequired":true,"valueName":"search_term_string"}}],"inLanguage":"it-IT"},{"@type":"Person","@id":"https:\/\/www.intoscana.it\/it\/#\/schema\/person\/9223810753230f20bd670fdd322661f8","name":"Redazione","url":"https:\/\/www.intoscana.it\/it\/author\/redazione\/"}]}},"_links":{"self":[{"href":"https:\/\/www.intoscana.it\/it\/wp-json\/wp\/v2\/posts\/414418","targetHints":{"allow":["GET"]}}],"collection":[{"href":"https:\/\/www.intoscana.it\/it\/wp-json\/wp\/v2\/posts"}],"about":[{"href":"https:\/\/www.intoscana.it\/it\/wp-json\/wp\/v2\/types\/post"}],"author":[{"embeddable":true,"href":"https:\/\/www.intoscana.it\/it\/wp-json\/wp\/v2\/users\/525"}],"replies":[{"embeddable":true,"href":"https:\/\/www.intoscana.it\/it\/wp-json\/wp\/v2\/comments?post=414418"}],"version-history":[{"count":5,"href":"https:\/\/www.intoscana.it\/it\/wp-json\/wp\/v2\/posts\/414418\/revisions"}],"predecessor-version":[{"id":414456,"href":"https:\/\/www.intoscana.it\/it\/wp-json\/wp\/v2\/posts\/414418\/revisions\/414456"}],"wp:featuredmedia":[{"embeddable":true,"href":"https:\/\/www.intoscana.it\/it\/wp-json\/wp\/v2\/media\/414436"}],"wp:attachment":[{"href":"https:\/\/www.intoscana.it\/it\/wp-json\/wp\/v2\/media?parent=414418"}],"wp:term":[{"taxonomy":"category","embeddable":true,"href":"https:\/\/www.intoscana.it\/it\/wp-json\/wp\/v2\/categories?post=414418"},{"taxonomy":"post_tag","embeddable":true,"href":"https:\/\/www.intoscana.it\/it\/wp-json\/wp\/v2\/tags?post=414418"}],"curies":[{"name":"wp","href":"https:\/\/api.w.org\/{rel}","templated":true}]}}