{"id":414435,"date":"2026-01-26T11:33:51","date_gmt":"2026-01-26T10:33:51","guid":{"rendered":"https:\/\/www.intoscana.it\/it\/?p=414435"},"modified":"2026-01-26T11:33:51","modified_gmt":"2026-01-26T10:33:51","slug":"coppa-italia-scandicci-2026","status":"publish","type":"post","link":"https:\/\/www.intoscana.it\/it\/coppa-italia-scandicci-2026\/","title":{"rendered":"Coppa Italia, Scandicci si arrende ai dettagli: Conegliano vince 3-0"},"content":{"rendered":"<p>Il <strong>3-0 finale dice Conegliano<\/strong>, ma non dice la verit\u00e0. O, almeno, non la dice tutta. Perch\u00e9 la prima storica finale di <strong>Coppa Italia della Savino Del Bene Scandicci<\/strong> \u00e8 stata una battaglia vera, durissima, giocata sul filo in ogni parziale e decisa solo nei dettagli. Tre set, <strong>tre volte ai vantaggi<\/strong> (31-29, 26-24, 27-25), tre volte con Scandicci avanti nei momenti chiave, senza per\u00f2 riuscire a trovare l\u2019ultimo passo per chiuderla. Un risultato che non fotografa fino in fondo quanto la squadra di Gaspari sia stata dentro la partita, mentalmente e tecnicamente, contro la corazzata Conegliano, che si aggiudica l&#8217;ottava Coppa Italia della sua storia, la settima consecutiva.<\/p>\n<p>All\u2019Inalpi Arena, davanti a oltre <strong>12mila spettatori,<\/strong> la Savino Del Bene Volley gioca una finale vera, fatta di ritmo, intensit\u00e0, personalit\u00e0. Tiene il campo, risponde colpo su colpo, costruisce vantaggi, li difende, li perde e li ricostruisce. Ma alla fine paga la lucidit\u00e0 nei momenti decisivi e anche le condizioni fisiche non perfette di <strong>Ekaterina Antropova<\/strong>, visibilmente affaticata, comunque capace di 16 punti ma meno incisiva del solito nei frangenti che pesano.<\/p>\n<figure id=\"post-414500 media-414500\" class=\"align-none\"><img decoding=\"async\" src=\"https:\/\/www.intoscana.it\/wp-content\/uploads\/20260125_PROSECCO_DOC_CARRARO_IMOCO_CONEGLIANO_-_SAVINO_DEL_BENE_SCANDICCI_02.jpeg\" alt=\"\" \/><\/figure>\n<div class=\"titleimg\">\u00a9 Rubin &#8211; Zani \/ LVF<\/div>\n<p>Il primo set \u00e8 gi\u00e0 un manifesto della serata: avvio forte di Conegliano, reazione immediata di Scandicci, sorpasso, allungo fino al 13-16, poi il punto a punto infinito che porta ai vantaggi. Le toscane hanno pi\u00f9 di un set point, ma Conegliano \u00e8 cinica, lucida, spietata nei momenti che contano. Finisce 31-29, con un muro che spezza l\u2019equilibrio.<\/p>\n<p>Il copione non cambia nel secondo parziale: Scandicci avanti, gestione del ritmo, buona qualit\u00e0 in ricezione e costruzione del gioco. Ancora una volta, per\u00f2, il finale \u00e8 una lotteria emotiva e tecnica in cui Conegliano trova le giocate pesanti, mentre la Savino Del Bene spreca qualche occasione di troppo. 26-24.<\/p>\n<p>Nel terzo set Scandicci ci riprova, con coraggio e carattere. Prova pi\u00f9 volte a scappare, viene sempre ripresa, arriva di nuovo ai vantaggi. \u00c8 una partita di nervi, di dettagli, di centimetri. Conegliano \u00e8 pi\u00f9 lucida, pi\u00f9 cinica, pi\u00f9 solida nei momenti chiave. 27-25 e Coppa Italia alle venete.<\/p>\n<p>Le statistiche raccontano una gara vera: <strong>Skinner chiude a 17 punti,<\/strong> Antropova a 16, Weitzel e Bosetti solide nel contributo complessivo. Scandicci riceve meglio, mette pi\u00f9 pressione dai nove metri, ma perde la battaglia a muro e, soprattutto, quella mentale negli ultimi scambi. Ed \u00e8 l\u00ec che le finali si decidono.<\/p>\n<figure id=\"post-414498 media-414498\" class=\"align-none\"><img decoding=\"async\" src=\"https:\/\/www.intoscana.it\/wp-content\/uploads\/20260125_PROSECCO_DOC_CARRARO_IMOCO_CONEGLIANO_-_SAVINO_DEL_BENE_SCANDICCI_0863-scaled.jpeg\" alt=\"\" \/><\/figure>\n<div class=\"titleimg\">\u00a9 Rubin &#8211; Zani \/ LVF<\/div>\n<p>\u201c<em>C\u2019\u00e8 un personaggio abbastanza conosciuto che dice che c<strong>hi vince esulta e chi perde spiega<\/strong>. Oggi, francamente, c\u2019\u00e8 tanto da recriminare da parte nostra, perch\u00e9 io personalmente penso che abbia vinto la squadra pi\u00f9 forte. Continuo a sostenere che Conegliano, quando alza i giri, diventa difficilissima da affrontare. Oggi per\u00f2, nonostante una partenza che \u00e8 la prima volta che vedo dalla mia squadra \u2013 nei primi quattro punti eravamo nervose, e sinceramente senza motivo \u2013 dal 4-0 per loro siamo passati al 16-13 per noi. In tutti e tre i set siamo stati avanti nella fase centrale e <strong>abbiamo sprecato delle opportunit\u00e0<\/strong>, probabilmente per una gestione dei colpi non ottimale, ma anche per merito loro, sia ben chiaro. Da parte mia, e penso da parte di tutte le ragazze, <strong>c\u2019\u00e8 un grande rammarico<\/strong>, perch\u00e9 quando si perde una partita del genere, decisa da tre azioni, resta tanto amaro in bocca. Se fosse finita 3-0 per noi, credo che nessuno avrebbe detto qualcosa di diverso, perch\u00e9 siamo andati ai vantaggi in tutti e tre i set. Il problema \u00e8 sempre lo stesso: <strong>vince chi arriva due punti sopra l\u2019altra squadra<\/strong><\/em>\u201d cos\u00ec ha commentato <strong>Marco Gaspari<\/strong>, allenatore della Savino del Bene Volley al termine della partita.<\/p>\n<p>Ora non c\u2019\u00e8 tempo per fermarsi. La stagione entra nella sua fase pi\u00f9 calda. <strong>Campionato e Champions League<\/strong> tornano subito al centro della scena, con l\u2019Europa gi\u00e0 alle porte.<\/p>\n","protected":false},"excerpt":{"rendered":"<p>Tre set ai vantaggi, equilibrio totale e una finale giocata punto a punto. La Savino Del Bene Volley cede a Conegliano, ma esce a testa altissima dalla sua prima storica finale. Ora testa al campionato e alla Champions League<\/p>\n","protected":false},"author":507,"featured_media":414497,"comment_status":"open","ping_status":"open","sticky":false,"template":"","format":"standard","meta":{"_acf_changed":false,"footnotes":""},"categories":[494],"tags":[6234,6615,159],"class_list":["post-414435","post","type-post","status-publish","format-standard","has-post-thumbnail","hentry","category-attualita","tag-pallavolo","tag-savino-del-bene-volley","tag-sport"],"acf":[],"yoast_head":"<!-- This site is optimized with the Yoast SEO Premium plugin v24.2 (Yoast SEO v25.6) - https:\/\/yoast.com\/wordpress\/plugins\/seo\/ -->\n<title>Coppa Italia, Scandicci si arrende ai dettagli: Conegliano vince 3-0 - intoscana<\/title>\n<meta name=\"robots\" content=\"index, follow, max-snippet:-1, max-image-preview:large, max-video-preview:-1\" \/>\n<link rel=\"canonical\" href=\"https:\/\/www.intoscana.it\/it\/coppa-italia-scandicci-2026\/\" \/>\n<meta property=\"og:locale\" content=\"it_IT\" \/>\n<meta property=\"og:type\" content=\"article\" \/>\n<meta property=\"og:title\" content=\"Coppa Italia, Scandicci si arrende ai dettagli: Conegliano vince 3-0\" \/>\n<meta property=\"og:description\" content=\"Tre set ai vantaggi, equilibrio totale e una finale giocata punto a punto. La Savino Del Bene Volley cede a Conegliano, ma esce a testa altissima dalla sua prima storica finale. Ora testa al campionato e alla Champions League\" \/>\n<meta property=\"og:url\" content=\"https:\/\/www.intoscana.it\/it\/coppa-italia-scandicci-2026\/\" \/>\n<meta property=\"og:site_name\" content=\"intoscana\" \/>\n<meta property=\"article:publisher\" content=\"https:\/\/www.facebook.com\/intoscana.it\" \/>\n<meta property=\"article:published_time\" content=\"2026-01-26T10:33:51+00:00\" \/>\n<meta property=\"og:image\" content=\"https:\/\/www.intoscana.it\/wp-content\/uploads\/20260125_PROSECCO_DOC_CARRARO_IMOCO_CONEGLIANO_-_SAVINO_DEL_BENE_SCANDICCI_0320-scaled.jpg\" \/>\n\t<meta property=\"og:image:width\" content=\"2048\" \/>\n\t<meta property=\"og:image:height\" content=\"1365\" \/>\n\t<meta property=\"og:image:type\" content=\"image\/jpeg\" \/>\n<meta name=\"author\" content=\"Chiara Bianchini\" \/>\n<meta name=\"twitter:card\" content=\"summary_large_image\" \/>\n<meta name=\"twitter:creator\" content=\"@intoscana\" \/>\n<meta name=\"twitter:site\" content=\"@intoscana\" \/>\n<meta name=\"twitter:label1\" content=\"Written by\" \/>\n\t<meta name=\"twitter:data1\" content=\"Chiara Bianchini\" \/>\n\t<meta name=\"twitter:label2\" content=\"Est. reading time\" \/>\n\t<meta name=\"twitter:data2\" content=\"4 minuti\" \/>\n<script type=\"application\/ld+json\" class=\"yoast-schema-graph\">{\"@context\":\"https:\/\/schema.org\",\"@graph\":[{\"@type\":\"WebPage\",\"@id\":\"https:\/\/www.intoscana.it\/it\/coppa-italia-scandicci-2026\/\",\"url\":\"https:\/\/www.intoscana.it\/it\/coppa-italia-scandicci-2026\/\",\"name\":\"Coppa Italia, Scandicci si arrende ai dettagli: Conegliano vince 3-0 - intoscana\",\"isPartOf\":{\"@id\":\"https:\/\/www.intoscana.it\/it\/#website\"},\"primaryImageOfPage\":{\"@id\":\"https:\/\/www.intoscana.it\/it\/coppa-italia-scandicci-2026\/#primaryimage\"},\"image\":{\"@id\":\"https:\/\/www.intoscana.it\/it\/coppa-italia-scandicci-2026\/#primaryimage\"},\"thumbnailUrl\":\"https:\/\/www.intoscana.it\/wp-content\/uploads\/20260125_PROSECCO_DOC_CARRARO_IMOCO_CONEGLIANO_-_SAVINO_DEL_BENE_SCANDICCI_0320-scaled.jpg\",\"datePublished\":\"2026-01-26T10:33:51+00:00\",\"author\":{\"@id\":\"https:\/\/www.intoscana.it\/it\/#\/schema\/person\/010af92117f50561886339ad5b873a41\"},\"breadcrumb\":{\"@id\":\"https:\/\/www.intoscana.it\/it\/coppa-italia-scandicci-2026\/#breadcrumb\"},\"inLanguage\":\"it-IT\",\"potentialAction\":[{\"@type\":\"ReadAction\",\"target\":[\"https:\/\/www.intoscana.it\/it\/coppa-italia-scandicci-2026\/\"]}]},{\"@type\":\"ImageObject\",\"inLanguage\":\"it-IT\",\"@id\":\"https:\/\/www.intoscana.it\/it\/coppa-italia-scandicci-2026\/#primaryimage\",\"url\":\"https:\/\/www.intoscana.it\/wp-content\/uploads\/20260125_PROSECCO_DOC_CARRARO_IMOCO_CONEGLIANO_-_SAVINO_DEL_BENE_SCANDICCI_0320-scaled.jpg\",\"contentUrl\":\"https:\/\/www.intoscana.it\/wp-content\/uploads\/20260125_PROSECCO_DOC_CARRARO_IMOCO_CONEGLIANO_-_SAVINO_DEL_BENE_SCANDICCI_0320-scaled.jpg\",\"width\":2048,\"height\":1365,\"caption\":\"LEGAVOLLEY FEMMINILE . Finale Coppa Italia A1 Frecciarossa. PROSECCO DOC CARRARO IMOCO CONEGLIANO - SAVINO DEL BENE SCANDICCI PALLAVOLO A1 FEMMINILE 2025-2026 TORINO 25-01-2026 FOTO RUBIN - ZANI \/ LVF\"},{\"@type\":\"BreadcrumbList\",\"@id\":\"https:\/\/www.intoscana.it\/it\/coppa-italia-scandicci-2026\/#breadcrumb\",\"itemListElement\":[{\"@type\":\"ListItem\",\"position\":1,\"name\":\"Home\",\"item\":\"https:\/\/www.intoscana.it\/it\/\"},{\"@type\":\"ListItem\",\"position\":2,\"name\":\"Coppa Italia, Scandicci si arrende ai dettagli: Conegliano vince 3-0\"}]},{\"@type\":\"WebSite\",\"@id\":\"https:\/\/www.intoscana.it\/it\/#website\",\"url\":\"https:\/\/www.intoscana.it\/it\/\",\"name\":\"intoscana\",\"description\":\"\",\"potentialAction\":[{\"@type\":\"SearchAction\",\"target\":{\"@type\":\"EntryPoint\",\"urlTemplate\":\"https:\/\/www.intoscana.it\/it\/?s={search_term_string}\"},\"query-input\":{\"@type\":\"PropertyValueSpecification\",\"valueRequired\":true,\"valueName\":\"search_term_string\"}}],\"inLanguage\":\"it-IT\"},{\"@type\":\"Person\",\"@id\":\"https:\/\/www.intoscana.it\/it\/#\/schema\/person\/010af92117f50561886339ad5b873a41\",\"name\":\"Chiara Bianchini\",\"sameAs\":[\"c.bianchini@fst.it\"],\"url\":\"https:\/\/www.intoscana.it\/it\/author\/chiara-bianchini\/\"}]}<\/script>\n<!-- \/ Yoast SEO Premium plugin. -->","yoast_head_json":{"title":"Coppa Italia, Scandicci si arrende ai dettagli: Conegliano vince 3-0 - intoscana","robots":{"index":"index","follow":"follow","max-snippet":"max-snippet:-1","max-image-preview":"max-image-preview:large","max-video-preview":"max-video-preview:-1"},"canonical":"https:\/\/www.intoscana.it\/it\/coppa-italia-scandicci-2026\/","og_locale":"it_IT","og_type":"article","og_title":"Coppa Italia, Scandicci si arrende ai dettagli: Conegliano vince 3-0","og_description":"Tre set ai vantaggi, equilibrio totale e una finale giocata punto a punto. La Savino Del Bene Volley cede a Conegliano, ma esce a testa altissima dalla sua prima storica finale. Ora testa al campionato e alla Champions League","og_url":"https:\/\/www.intoscana.it\/it\/coppa-italia-scandicci-2026\/","og_site_name":"intoscana","article_publisher":"https:\/\/www.facebook.com\/intoscana.it","article_published_time":"2026-01-26T10:33:51+00:00","og_image":[{"width":2048,"height":1365,"url":"https:\/\/www.intoscana.it\/wp-content\/uploads\/20260125_PROSECCO_DOC_CARRARO_IMOCO_CONEGLIANO_-_SAVINO_DEL_BENE_SCANDICCI_0320-scaled.jpg","type":"image\/jpeg"}],"author":"Chiara Bianchini","twitter_card":"summary_large_image","twitter_creator":"@intoscana","twitter_site":"@intoscana","twitter_misc":{"Written by":"Chiara Bianchini","Est. reading time":"4 minuti"},"schema":{"@context":"https:\/\/schema.org","@graph":[{"@type":"WebPage","@id":"https:\/\/www.intoscana.it\/it\/coppa-italia-scandicci-2026\/","url":"https:\/\/www.intoscana.it\/it\/coppa-italia-scandicci-2026\/","name":"Coppa Italia, Scandicci si arrende ai dettagli: Conegliano vince 3-0 - intoscana","isPartOf":{"@id":"https:\/\/www.intoscana.it\/it\/#website"},"primaryImageOfPage":{"@id":"https:\/\/www.intoscana.it\/it\/coppa-italia-scandicci-2026\/#primaryimage"},"image":{"@id":"https:\/\/www.intoscana.it\/it\/coppa-italia-scandicci-2026\/#primaryimage"},"thumbnailUrl":"https:\/\/www.intoscana.it\/wp-content\/uploads\/20260125_PROSECCO_DOC_CARRARO_IMOCO_CONEGLIANO_-_SAVINO_DEL_BENE_SCANDICCI_0320-scaled.jpg","datePublished":"2026-01-26T10:33:51+00:00","author":{"@id":"https:\/\/www.intoscana.it\/it\/#\/schema\/person\/010af92117f50561886339ad5b873a41"},"breadcrumb":{"@id":"https:\/\/www.intoscana.it\/it\/coppa-italia-scandicci-2026\/#breadcrumb"},"inLanguage":"it-IT","potentialAction":[{"@type":"ReadAction","target":["https:\/\/www.intoscana.it\/it\/coppa-italia-scandicci-2026\/"]}]},{"@type":"ImageObject","inLanguage":"it-IT","@id":"https:\/\/www.intoscana.it\/it\/coppa-italia-scandicci-2026\/#primaryimage","url":"https:\/\/www.intoscana.it\/wp-content\/uploads\/20260125_PROSECCO_DOC_CARRARO_IMOCO_CONEGLIANO_-_SAVINO_DEL_BENE_SCANDICCI_0320-scaled.jpg","contentUrl":"https:\/\/www.intoscana.it\/wp-content\/uploads\/20260125_PROSECCO_DOC_CARRARO_IMOCO_CONEGLIANO_-_SAVINO_DEL_BENE_SCANDICCI_0320-scaled.jpg","width":2048,"height":1365,"caption":"LEGAVOLLEY FEMMINILE . Finale Coppa Italia A1 Frecciarossa. PROSECCO DOC CARRARO IMOCO CONEGLIANO - SAVINO DEL BENE SCANDICCI PALLAVOLO A1 FEMMINILE 2025-2026 TORINO 25-01-2026 FOTO RUBIN - ZANI \/ LVF"},{"@type":"BreadcrumbList","@id":"https:\/\/www.intoscana.it\/it\/coppa-italia-scandicci-2026\/#breadcrumb","itemListElement":[{"@type":"ListItem","position":1,"name":"Home","item":"https:\/\/www.intoscana.it\/it\/"},{"@type":"ListItem","position":2,"name":"Coppa Italia, Scandicci si arrende ai dettagli: Conegliano vince 3-0"}]},{"@type":"WebSite","@id":"https:\/\/www.intoscana.it\/it\/#website","url":"https:\/\/www.intoscana.it\/it\/","name":"intoscana","description":"","potentialAction":[{"@type":"SearchAction","target":{"@type":"EntryPoint","urlTemplate":"https:\/\/www.intoscana.it\/it\/?s={search_term_string}"},"query-input":{"@type":"PropertyValueSpecification","valueRequired":true,"valueName":"search_term_string"}}],"inLanguage":"it-IT"},{"@type":"Person","@id":"https:\/\/www.intoscana.it\/it\/#\/schema\/person\/010af92117f50561886339ad5b873a41","name":"Chiara Bianchini","sameAs":["c.bianchini@fst.it"],"url":"https:\/\/www.intoscana.it\/it\/author\/chiara-bianchini\/"}]}},"_links":{"self":[{"href":"https:\/\/www.intoscana.it\/it\/wp-json\/wp\/v2\/posts\/414435","targetHints":{"allow":["GET"]}}],"collection":[{"href":"https:\/\/www.intoscana.it\/it\/wp-json\/wp\/v2\/posts"}],"about":[{"href":"https:\/\/www.intoscana.it\/it\/wp-json\/wp\/v2\/types\/post"}],"author":[{"embeddable":true,"href":"https:\/\/www.intoscana.it\/it\/wp-json\/wp\/v2\/users\/507"}],"replies":[{"embeddable":true,"href":"https:\/\/www.intoscana.it\/it\/wp-json\/wp\/v2\/comments?post=414435"}],"version-history":[{"count":1,"href":"https:\/\/www.intoscana.it\/it\/wp-json\/wp\/v2\/posts\/414435\/revisions"}],"predecessor-version":[{"id":414501,"href":"https:\/\/www.intoscana.it\/it\/wp-json\/wp\/v2\/posts\/414435\/revisions\/414501"}],"wp:featuredmedia":[{"embeddable":true,"href":"https:\/\/www.intoscana.it\/it\/wp-json\/wp\/v2\/media\/414497"}],"wp:attachment":[{"href":"https:\/\/www.intoscana.it\/it\/wp-json\/wp\/v2\/media?parent=414435"}],"wp:term":[{"taxonomy":"category","embeddable":true,"href":"https:\/\/www.intoscana.it\/it\/wp-json\/wp\/v2\/categories?post=414435"},{"taxonomy":"post_tag","embeddable":true,"href":"https:\/\/www.intoscana.it\/it\/wp-json\/wp\/v2\/tags?post=414435"}],"curies":[{"name":"wp","href":"https:\/\/api.w.org\/{rel}","templated":true}]}}