{"id":414618,"date":"2026-01-27T10:25:04","date_gmt":"2026-01-27T09:25:04","guid":{"rendered":"https:\/\/www.intoscana.it\/it\/?p=414618"},"modified":"2026-01-27T10:26:31","modified_gmt":"2026-01-27T09:26:31","slug":"son-cose-che-succedono-il-nuovo-disco-di-costi-tra-malinconia-e-disincanto","status":"publish","type":"post","link":"https:\/\/www.intoscana.it\/it\/son-cose-che-succedono-il-nuovo-disco-di-costi-tra-malinconia-e-disincanto\/","title":{"rendered":"&#8220;Son cose che succedono&#8221; il nuovo disco di Cost\u00ec tra malinconia e disincanto"},"content":{"rendered":"<p><strong><em>&#8220;Son cose che succedono&#8221;<\/em> <\/strong>\u00e8 il nuovo Ep di<strong> Cosimo Ravenni in arte Cost\u00ec,<\/strong> uscito per <a href=\"https:\/\/www.instagram.com\/underroof_dischi\/\" target=\"_blank\" rel=\"noopener\"><strong>Under Roof Dischi:<\/strong><\/a> sei brani che si inseriscono nel solco di un<strong> cantautorato pop di ispirazione vintage.<\/strong><\/p>\n<p><strong>Un lavoro misurato e personale,<\/strong> che racconta<strong> fragilit\u00e0 emotive e relazioni complesse<\/strong> con uno sguardo lucido, spesso<strong> autoironico.<\/strong><\/p>\n<p>Dietro il nome Cost\u00ec c\u2019\u00e8 <strong>Cosimo Ravenni, bassista degli Street Clerks<\/strong>, band capace di coniugare negli anni attivit\u00e0 live e presenza televisiva. <strong>Dal 2023 ha intrapreso un percorso solista<\/strong> che gli ha permesso di spostare il baricentro sulla scrittura e sul racconto diretto di s\u00e9, svincolandosi dalle dinamiche di gruppo.<\/p>\n<p>Dopo l\u2019esordio <a href=\"https:\/\/www.intoscana.it\/it\/costi-cosimo-ravenni-concerto-glue-dicembre-2023\/\" target=\"_blank\" rel=\"noopener\"><strong><em>Masochismo puro piacere<\/em><\/strong><\/a> e il singolo indipendente <strong><em>Amami davvero<\/em><\/strong>, <strong><em>Son cose che succedono<\/em><\/strong> rappresenta una nuova tappa di questo cammino artistico, <strong>pi\u00f9 narrativo e consapevole.<\/strong><\/p>\n<h3>Ecco la nostra intervista a Cosimo &#8220;Cost\u00ec&#8221; Ravenni<\/h3>\n<p><strong><em>&#8220;Sono cose che succedono&#8221;<\/em> \u00e8 un titolo che sembra quasi una resa, come una presa d&#8217;atto della situazione, \u00e8 cos\u00ec?<\/strong><\/p>\n<p>Sicuramente una presa d&#8217;atto di tutte le cose che uno pensa quando scrive un pezzo.<strong> L&#8217;ispirazione per scrivere le mie canzoni purtroppo o menomale mi viene quando ho dei problemi.<\/strong> Per esempio il pezzo<strong><em> &#8220;Fortunato&#8221;<\/em><\/strong> l&#8217;ho scritto l&#8217;anno scorso quando mi sono rotto un dito.<strong> Le tematiche che affronto sono sempre personali<\/strong>, a livello di scrittura a volte cambio il soggetto ma <strong>mi riferisco sempre a quello che mi succede<\/strong>. Una cosa molto utile \u00e8 che chiamando cos\u00ec l&#8217;Ep ogni volta che hai un problema \u00e8 coerente con la linea del disco, si pu\u00f2 applicare un po&#8217; a tutto diciamo. <p><span class=\"citazione\">fare l&#8217;artista na\u00eff che parla sempre di se stesso non \u00e8 che mi faccia impazzire. Ma personalmente quando scrivo, alla fine tendo un po&#8217; sempre a raccontare qualcosa di me stesso<\/span><\/p><\/p>\n<p><strong>In una situazione storica e politica come quella che stiamo attraversando in questo periodo, secondo te qual \u00e8 il ruolo del cantautore?<\/strong> <strong>Nel senso bella la poesia e tutto quello che ci pu\u00f2 far star bene, per\u00f2 forse si potrebbe anche parlare di altre cose, un po&#8217; pi\u00f9 impegnate<\/strong><\/p>\n<p>\u00c8 una bella domanda, partiamo dal presupposto che in realt\u00e0<strong> fare l&#8217;artista na\u00eff che parla sempre di se stesso non \u00e8 che mi faccia impazzire<\/strong>. Ma personalmente quando scrivo, alla fine tendo un po&#8217; sempre a raccontare qualcosa di me stesso. <strong>Dipende anche che tipo di messaggio vuoi far passare con il tuo progetto, quello che cerco di far passare io sono piccole riflessioni ma sempre con leggerezza<\/strong>. Il momento che stiamo vivendo \u00e8 importante a livello di scombussolamenti mondiali, nel mio caso non \u00e8 semplicissimo legarlo al concetto di musica che faccio. In realt\u00e0 ho scritto un pezzo, che poi non \u00e8 entrato nell&#8217;EP, dedicato a <strong>Elon Musk, era ovviamente un testo ironico. <\/strong>Ho cercato anche di dare <strong>una corenza stilistica all&#8217;album.\u00a0<\/strong><\/p>\n<p><strong>Ho letto che musicalmente hai cercato un stile &#8220;vintage&#8221;, in che senso?<\/strong><\/p>\n<p><strong>Abbiamo passato l&#8217;Ep sul nastro analogico, facendo funzionare un vecchio registratore degli anni &#8217;80.<\/strong> Il suono se lo confronti con un disco di Ultimo \u00e8 diverso,<strong> \u00e8 come se ci fosse anche qualcosa di &#8220;sbagliato&#8221;, non \u00e8 perfetto,<\/strong> \u00e8 stata una mia scelta.<\/p>\n<p><strong>Presenterai questo Ep con un quintetto d&#8217;archi, una scelta non scontata<\/strong><\/p>\n<p>Nel mio passato sono stato un contrabbassista classico, <strong>anche nel vecchio disco ho scritto le parti e registrato archi &#8220;veri&#8221;.<\/strong> Ho fatto una clip per Instagram in una versione quartetto che \u00e8 andata molto bene e ho pensato che la mia musica si prestasse bene, \u00e8 anche un modo pi\u00f9 semplice per suonare in certi contesti secondo me. Gli archi hanno le loro parti, e sono quelle, invece<strong> quando suoni con una band \u00e8 pi\u00f9 complicato essere soddisfatto della resa,<\/strong> servono tante cose che \u00a0spesso nei locali non trovi come l&#8217;impianto giusto o un tecnico del suono. Con un quartetto tutte queste problematiche si eliminano, \u00e8 pi\u00f9 semplice, c&#8217;\u00e8 gi\u00e0 un equilibrio.<\/p>\n<figure id=\"post-413986 media-413986\" class=\"align-none\"><img decoding=\"async\" src=\"https:\/\/www.intoscana.it\/wp-content\/uploads\/Artwork-2.jpeg\" alt=\"\" \/><\/figure>\n<div class=\"titleimg\"><em>Cost\u00ec, Son cose che succedono<\/em><\/div>\n","protected":false},"excerpt":{"rendered":"<p>Torna Cosimo Ravenni in arte Cost\u00ec (gi\u00e0 negli Street Clerks) con un nuovo Ep di cantautorato pop vintage tra ironia e relazioni irrisolte, su tutte le principali piattaforme digitali<\/p>\n","protected":false},"author":518,"featured_media":413988,"comment_status":"open","ping_status":"open","sticky":false,"template":"","format":"standard","meta":{"_acf_changed":false,"footnotes":""},"categories":[14],"tags":[3138],"class_list":["post-414618","post","type-post","status-publish","format-standard","has-post-thumbnail","hentry","category-musica","tag-interviste-agli-artisti"],"acf":[],"yoast_head":"<!-- This site is optimized with the Yoast SEO Premium plugin v24.2 (Yoast SEO v25.6) - https:\/\/yoast.com\/wordpress\/plugins\/seo\/ -->\n<title>&quot;Son cose che succedono&quot; il nuovo disco di Cost\u00ec tra malinconia e disincanto - intoscana<\/title>\n<meta name=\"description\" content=\"Torna Cost\u00ec (gi\u00e0 negli Street Clerks) con un nuovo EP di cantautorato pop vintage tra malinconia, ironia e relazioni irrisolte\" \/>\n<meta name=\"robots\" content=\"index, follow, max-snippet:-1, max-image-preview:large, max-video-preview:-1\" \/>\n<link rel=\"canonical\" href=\"https:\/\/www.intoscana.it\/it\/son-cose-che-succedono-il-nuovo-disco-di-costi-tra-malinconia-e-disincanto\/\" \/>\n<meta property=\"og:locale\" content=\"it_IT\" \/>\n<meta property=\"og:type\" content=\"article\" \/>\n<meta property=\"og:title\" content=\"&quot;Son cose che succedono&quot; il nuovo disco di Cost\u00ec tra malinconia e disincanto\" \/>\n<meta property=\"og:description\" content=\"Torna Cost\u00ec (gi\u00e0 negli Street Clerks) con un nuovo EP di cantautorato pop vintage tra malinconia, ironia e relazioni irrisolte\" \/>\n<meta property=\"og:url\" content=\"https:\/\/www.intoscana.it\/it\/son-cose-che-succedono-il-nuovo-disco-di-costi-tra-malinconia-e-disincanto\/\" \/>\n<meta property=\"og:site_name\" content=\"intoscana\" \/>\n<meta property=\"article:publisher\" content=\"https:\/\/www.facebook.com\/intoscana.it\" \/>\n<meta property=\"article:published_time\" content=\"2026-01-27T09:25:04+00:00\" \/>\n<meta property=\"article:modified_time\" content=\"2026-01-27T09:26:31+00:00\" \/>\n<meta property=\"og:image\" content=\"https:\/\/www.intoscana.it\/wp-content\/uploads\/Cosimo-Ravenni-soncosechesuccedono_KV_15102025_007-e1769505987207.jpg\" \/>\n\t<meta property=\"og:image:width\" content=\"1398\" \/>\n\t<meta property=\"og:image:height\" content=\"890\" \/>\n\t<meta property=\"og:image:type\" content=\"image\/jpeg\" \/>\n<meta name=\"author\" content=\"Costanza Baldini\" \/>\n<meta name=\"twitter:card\" content=\"summary_large_image\" \/>\n<meta name=\"twitter:creator\" content=\"@intoscana\" \/>\n<meta name=\"twitter:site\" content=\"@intoscana\" \/>\n<meta name=\"twitter:label1\" content=\"Written by\" \/>\n\t<meta name=\"twitter:data1\" content=\"Costanza Baldini\" \/>\n\t<meta name=\"twitter:label2\" content=\"Est. reading time\" \/>\n\t<meta name=\"twitter:data2\" content=\"4 minuti\" \/>\n<script type=\"application\/ld+json\" class=\"yoast-schema-graph\">{\"@context\":\"https:\/\/schema.org\",\"@graph\":[{\"@type\":\"WebPage\",\"@id\":\"https:\/\/www.intoscana.it\/it\/son-cose-che-succedono-il-nuovo-disco-di-costi-tra-malinconia-e-disincanto\/\",\"url\":\"https:\/\/www.intoscana.it\/it\/son-cose-che-succedono-il-nuovo-disco-di-costi-tra-malinconia-e-disincanto\/\",\"name\":\"\\\"Son cose che succedono\\\" il nuovo disco di Cost\u00ec tra malinconia e disincanto - intoscana\",\"isPartOf\":{\"@id\":\"https:\/\/www.intoscana.it\/it\/#website\"},\"primaryImageOfPage\":{\"@id\":\"https:\/\/www.intoscana.it\/it\/son-cose-che-succedono-il-nuovo-disco-di-costi-tra-malinconia-e-disincanto\/#primaryimage\"},\"image\":{\"@id\":\"https:\/\/www.intoscana.it\/it\/son-cose-che-succedono-il-nuovo-disco-di-costi-tra-malinconia-e-disincanto\/#primaryimage\"},\"thumbnailUrl\":\"https:\/\/www.intoscana.it\/wp-content\/uploads\/Cosimo-Ravenni-soncosechesuccedono_KV_15102025_007-e1769505987207.jpg\",\"datePublished\":\"2026-01-27T09:25:04+00:00\",\"dateModified\":\"2026-01-27T09:26:31+00:00\",\"author\":{\"@id\":\"https:\/\/www.intoscana.it\/it\/#\/schema\/person\/d469f35f09739bdf00bf5dd3f0647a82\"},\"description\":\"Torna Cost\u00ec (gi\u00e0 negli Street Clerks) con un nuovo EP di cantautorato pop vintage tra malinconia, ironia e relazioni irrisolte\",\"breadcrumb\":{\"@id\":\"https:\/\/www.intoscana.it\/it\/son-cose-che-succedono-il-nuovo-disco-di-costi-tra-malinconia-e-disincanto\/#breadcrumb\"},\"inLanguage\":\"it-IT\",\"potentialAction\":[{\"@type\":\"ReadAction\",\"target\":[\"https:\/\/www.intoscana.it\/it\/son-cose-che-succedono-il-nuovo-disco-di-costi-tra-malinconia-e-disincanto\/\"]}]},{\"@type\":\"ImageObject\",\"inLanguage\":\"it-IT\",\"@id\":\"https:\/\/www.intoscana.it\/it\/son-cose-che-succedono-il-nuovo-disco-di-costi-tra-malinconia-e-disincanto\/#primaryimage\",\"url\":\"https:\/\/www.intoscana.it\/wp-content\/uploads\/Cosimo-Ravenni-soncosechesuccedono_KV_15102025_007-e1769505987207.jpg\",\"contentUrl\":\"https:\/\/www.intoscana.it\/wp-content\/uploads\/Cosimo-Ravenni-soncosechesuccedono_KV_15102025_007-e1769505987207.jpg\",\"width\":1398,\"height\":890,\"caption\":\"Cosimo Ravenni\"},{\"@type\":\"BreadcrumbList\",\"@id\":\"https:\/\/www.intoscana.it\/it\/son-cose-che-succedono-il-nuovo-disco-di-costi-tra-malinconia-e-disincanto\/#breadcrumb\",\"itemListElement\":[{\"@type\":\"ListItem\",\"position\":1,\"name\":\"Home\",\"item\":\"https:\/\/www.intoscana.it\/it\/\"},{\"@type\":\"ListItem\",\"position\":2,\"name\":\"&#8220;Son cose che succedono&#8221; il nuovo disco di Cost\u00ec tra malinconia e disincanto\"}]},{\"@type\":\"WebSite\",\"@id\":\"https:\/\/www.intoscana.it\/it\/#website\",\"url\":\"https:\/\/www.intoscana.it\/it\/\",\"name\":\"intoscana\",\"description\":\"\",\"potentialAction\":[{\"@type\":\"SearchAction\",\"target\":{\"@type\":\"EntryPoint\",\"urlTemplate\":\"https:\/\/www.intoscana.it\/it\/?s={search_term_string}\"},\"query-input\":{\"@type\":\"PropertyValueSpecification\",\"valueRequired\":true,\"valueName\":\"search_term_string\"}}],\"inLanguage\":\"it-IT\"},{\"@type\":\"Person\",\"@id\":\"https:\/\/www.intoscana.it\/it\/#\/schema\/person\/d469f35f09739bdf00bf5dd3f0647a82\",\"name\":\"Costanza Baldini\",\"url\":\"https:\/\/www.intoscana.it\/it\/author\/costanza-baldini\/\"}]}<\/script>\n<!-- \/ Yoast SEO Premium plugin. -->","yoast_head_json":{"title":"\"Son cose che succedono\" il nuovo disco di Cost\u00ec tra malinconia e disincanto - intoscana","description":"Torna Cost\u00ec (gi\u00e0 negli Street Clerks) con un nuovo EP di cantautorato pop vintage tra malinconia, ironia e relazioni irrisolte","robots":{"index":"index","follow":"follow","max-snippet":"max-snippet:-1","max-image-preview":"max-image-preview:large","max-video-preview":"max-video-preview:-1"},"canonical":"https:\/\/www.intoscana.it\/it\/son-cose-che-succedono-il-nuovo-disco-di-costi-tra-malinconia-e-disincanto\/","og_locale":"it_IT","og_type":"article","og_title":"\"Son cose che succedono\" il nuovo disco di Cost\u00ec tra malinconia e disincanto","og_description":"Torna Cost\u00ec (gi\u00e0 negli Street Clerks) con un nuovo EP di cantautorato pop vintage tra malinconia, ironia e relazioni irrisolte","og_url":"https:\/\/www.intoscana.it\/it\/son-cose-che-succedono-il-nuovo-disco-di-costi-tra-malinconia-e-disincanto\/","og_site_name":"intoscana","article_publisher":"https:\/\/www.facebook.com\/intoscana.it","article_published_time":"2026-01-27T09:25:04+00:00","article_modified_time":"2026-01-27T09:26:31+00:00","og_image":[{"width":1398,"height":890,"url":"https:\/\/www.intoscana.it\/wp-content\/uploads\/Cosimo-Ravenni-soncosechesuccedono_KV_15102025_007-e1769505987207.jpg","type":"image\/jpeg"}],"author":"Costanza Baldini","twitter_card":"summary_large_image","twitter_creator":"@intoscana","twitter_site":"@intoscana","twitter_misc":{"Written by":"Costanza Baldini","Est. reading time":"4 minuti"},"schema":{"@context":"https:\/\/schema.org","@graph":[{"@type":"WebPage","@id":"https:\/\/www.intoscana.it\/it\/son-cose-che-succedono-il-nuovo-disco-di-costi-tra-malinconia-e-disincanto\/","url":"https:\/\/www.intoscana.it\/it\/son-cose-che-succedono-il-nuovo-disco-di-costi-tra-malinconia-e-disincanto\/","name":"\"Son cose che succedono\" il nuovo disco di Cost\u00ec tra malinconia e disincanto - intoscana","isPartOf":{"@id":"https:\/\/www.intoscana.it\/it\/#website"},"primaryImageOfPage":{"@id":"https:\/\/www.intoscana.it\/it\/son-cose-che-succedono-il-nuovo-disco-di-costi-tra-malinconia-e-disincanto\/#primaryimage"},"image":{"@id":"https:\/\/www.intoscana.it\/it\/son-cose-che-succedono-il-nuovo-disco-di-costi-tra-malinconia-e-disincanto\/#primaryimage"},"thumbnailUrl":"https:\/\/www.intoscana.it\/wp-content\/uploads\/Cosimo-Ravenni-soncosechesuccedono_KV_15102025_007-e1769505987207.jpg","datePublished":"2026-01-27T09:25:04+00:00","dateModified":"2026-01-27T09:26:31+00:00","author":{"@id":"https:\/\/www.intoscana.it\/it\/#\/schema\/person\/d469f35f09739bdf00bf5dd3f0647a82"},"description":"Torna Cost\u00ec (gi\u00e0 negli Street Clerks) con un nuovo EP di cantautorato pop vintage tra malinconia, ironia e relazioni irrisolte","breadcrumb":{"@id":"https:\/\/www.intoscana.it\/it\/son-cose-che-succedono-il-nuovo-disco-di-costi-tra-malinconia-e-disincanto\/#breadcrumb"},"inLanguage":"it-IT","potentialAction":[{"@type":"ReadAction","target":["https:\/\/www.intoscana.it\/it\/son-cose-che-succedono-il-nuovo-disco-di-costi-tra-malinconia-e-disincanto\/"]}]},{"@type":"ImageObject","inLanguage":"it-IT","@id":"https:\/\/www.intoscana.it\/it\/son-cose-che-succedono-il-nuovo-disco-di-costi-tra-malinconia-e-disincanto\/#primaryimage","url":"https:\/\/www.intoscana.it\/wp-content\/uploads\/Cosimo-Ravenni-soncosechesuccedono_KV_15102025_007-e1769505987207.jpg","contentUrl":"https:\/\/www.intoscana.it\/wp-content\/uploads\/Cosimo-Ravenni-soncosechesuccedono_KV_15102025_007-e1769505987207.jpg","width":1398,"height":890,"caption":"Cosimo Ravenni"},{"@type":"BreadcrumbList","@id":"https:\/\/www.intoscana.it\/it\/son-cose-che-succedono-il-nuovo-disco-di-costi-tra-malinconia-e-disincanto\/#breadcrumb","itemListElement":[{"@type":"ListItem","position":1,"name":"Home","item":"https:\/\/www.intoscana.it\/it\/"},{"@type":"ListItem","position":2,"name":"&#8220;Son cose che succedono&#8221; il nuovo disco di Cost\u00ec tra malinconia e disincanto"}]},{"@type":"WebSite","@id":"https:\/\/www.intoscana.it\/it\/#website","url":"https:\/\/www.intoscana.it\/it\/","name":"intoscana","description":"","potentialAction":[{"@type":"SearchAction","target":{"@type":"EntryPoint","urlTemplate":"https:\/\/www.intoscana.it\/it\/?s={search_term_string}"},"query-input":{"@type":"PropertyValueSpecification","valueRequired":true,"valueName":"search_term_string"}}],"inLanguage":"it-IT"},{"@type":"Person","@id":"https:\/\/www.intoscana.it\/it\/#\/schema\/person\/d469f35f09739bdf00bf5dd3f0647a82","name":"Costanza Baldini","url":"https:\/\/www.intoscana.it\/it\/author\/costanza-baldini\/"}]}},"_links":{"self":[{"href":"https:\/\/www.intoscana.it\/it\/wp-json\/wp\/v2\/posts\/414618","targetHints":{"allow":["GET"]}}],"collection":[{"href":"https:\/\/www.intoscana.it\/it\/wp-json\/wp\/v2\/posts"}],"about":[{"href":"https:\/\/www.intoscana.it\/it\/wp-json\/wp\/v2\/types\/post"}],"author":[{"embeddable":true,"href":"https:\/\/www.intoscana.it\/it\/wp-json\/wp\/v2\/users\/518"}],"replies":[{"embeddable":true,"href":"https:\/\/www.intoscana.it\/it\/wp-json\/wp\/v2\/comments?post=414618"}],"version-history":[{"count":5,"href":"https:\/\/www.intoscana.it\/it\/wp-json\/wp\/v2\/posts\/414618\/revisions"}],"predecessor-version":[{"id":414674,"href":"https:\/\/www.intoscana.it\/it\/wp-json\/wp\/v2\/posts\/414618\/revisions\/414674"}],"wp:featuredmedia":[{"embeddable":true,"href":"https:\/\/www.intoscana.it\/it\/wp-json\/wp\/v2\/media\/413988"}],"wp:attachment":[{"href":"https:\/\/www.intoscana.it\/it\/wp-json\/wp\/v2\/media?parent=414618"}],"wp:term":[{"taxonomy":"category","embeddable":true,"href":"https:\/\/www.intoscana.it\/it\/wp-json\/wp\/v2\/categories?post=414618"},{"taxonomy":"post_tag","embeddable":true,"href":"https:\/\/www.intoscana.it\/it\/wp-json\/wp\/v2\/tags?post=414618"}],"curies":[{"name":"wp","href":"https:\/\/api.w.org\/{rel}","templated":true}]}}