{"id":414723,"date":"2026-01-27T13:02:35","date_gmt":"2026-01-27T12:02:35","guid":{"rendered":"https:\/\/www.intoscana.it\/it\/?p=414723"},"modified":"2026-01-27T14:36:27","modified_gmt":"2026-01-27T13:36:27","slug":"__trashed","status":"publish","type":"post","link":"https:\/\/www.intoscana.it\/it\/__trashed\/","title":{"rendered":"Giorno della memoria a Firenze, Giani: &#8220;Ogni episodio violento va fermato, da Minneapolis a Israele&#8221;"},"content":{"rendered":"<p><strong>Marted\u00ec 27 gennaio a Firenze<\/strong> \u00e8 stato celebrato il <strong>Giorno della Memoria,<\/strong> data che segn\u00f2 la liberazione dei prigionieri superstiti del campo di concentramento di<strong> Auschwitz<\/strong> in cui si commemorano le vittime dell\u2019Olocausto e delle persecuzioni razziali e politiche.<\/p>\n<p>La mattina si \u00e8 tenuto un evento nel <strong>salone dei 500 di Palazzo Vecchio<\/strong>, mentre alle 12,30<strong> al binario 16 della stazione di Santa Maria Novella<\/strong>, si \u00e8 tenuta una cerimonia commemorativa di tutte le deportazioni.<\/p>\n<p><strong>&#8220;In questi giorni sento sempre di pi\u00f9 la necessit\u00e0 di questa memoria<\/strong>. Vediamo democrazie liberali che si trasformano in democrazie autoritarie, guardate cosa sta accadendo negli Stati Uniti. Vediamo sempre maggiore legittimazione che viene data a dittatori e tiranni, guardate cosa sta accadendo con Putin: ecco io mi rendo conto che quella spinta che port\u00f2 alla democrazia e alla libert\u00e0 purtroppo passo dopo passo \u00e8 sempre pi\u00f9 messa in discussione&#8221;\u00a0ha dichiarato<strong> il presidente della Toscana Eugenio Giani all&#8217;evento in Palazzo Vecchio.<\/strong><\/p>\n<p><strong>&#8220;Quando c&#8217;\u00e8 un episodio di violenza va fermato &#8211; ha aggiunto -. Va fermato oggi a Minneapolis, va fermato Netanyahu<\/strong> quando si rende responsabile di atti che portano alla conseguenza della <strong>morte di 80.000 palestinesi a Gaza,<\/strong> accanto alla condanna&#8221; di ci\u00f2 \u00e8 accaduto ai &#8220;poveri 200 israeliani, responsabili&#8221; il 7 ottobre 2023 &#8220;solo di vivere una festa insieme senza nessun altro scopo e assolutamente indifesi&#8221;.<\/p>\n<p>&#8220;Il cruccio &#8211; ha spiegato il presidente della Regione &#8211; \u00e8 che<strong> pi\u00f9 passano anni pi\u00f9 queste testimonianze non ci sono pi\u00f9<\/strong>, dobbiamo avere la forza e la costanza di riuscire a trasmettere quello che \u00e8 stato il momento pi\u00f9 drammatico dell&#8217;umanit\u00e0, con 6,5 milioni di ebrei uccisi&#8221;.<\/p>\n<p><strong>Giani ha ricordato che &#8220;le leggi razziali in Italia arrivarono il 5 settembre 1938<\/strong>. Nel 2018 ero presidente del Consiglio regionale, abbiamo ricordato le leggi razziali 80 anni dopo anche per chiedere scusa come Toscana, visto che&#8221; l&#8217;atto fu firmato &#8220;in Toscana, al Parco di San Rossore che \u00e8 di propriet\u00e0 della Regione&#8221; e che in passato era stata una tenuta reale. &#8220;Alla fine del mio intervento &#8211; rievoca &#8211; mi avvicinarono due nostri dipendenti, mi chiesero 15 minuti per farmi vedere dove<strong> il re Vittorio Emanuele III firm\u00f2 le leggi razziali.<\/strong> Andammo nei boschi circostanti, mi fecero vedere che firm\u00f2 quell&#8217;atto vicino a un &#8216;ponticino&#8217;, questo perch\u00e9 era a caccia e non poteva distogliersi dalla sua passione. Quella firma fu superficiale&#8221;.<\/p>\n<figure id=\"post-414739 media-414739\" class=\"align-none\"><img decoding=\"async\" src=\"https:\/\/www.intoscana.it\/wp-content\/uploads\/623143362_18550792219022264_2920596340983004569_n.jpg\" alt=\"\" \/><\/figure>\n<div class=\"titleimg\">Giorno della Memoria<\/div>\n<h3>Funaro, ragazzi siano portatori valori della nostra democrazia<\/h3>\n<p><strong>&#8220;Il messaggio che oggi mando ai ragazzi \u00e8 di farsi portatori di quelli che sono i valori fondamentali della nostra democrazia<\/strong>, i valori del rispetto, dell&#8217;uguaglianza, di una comunit\u00e0 forte e solidale che non deve correre dietro alla paura, ma che soprattutto deve avere coraggio di far sentire la propria voce per fare in modo che la giustizia e i diritti delle persone prevalgano sempre su tutto&#8221;, &#8220;non bisogna cedere alle intolleranze&#8221;. <strong>Lo ha dichiarato la sindaca di Firenze Sara Funaro,<\/strong> parlando alla cerimonia della celebrazione del Giorno della Memoria.<\/p>\n<p>Funaro ha ricordato anche le iniziative dove il Comune \u00e8 protagonista, come il <strong>Viaggio della Memoria, i progetti con le scuole (anche grazie alle Chiavi della Citt\u00e0) e le Pietre d&#8217;inciampo<\/strong>: &#8220;Sono tutte azioni &#8211; ha osservato &#8211; che vanno nella direzione di ricordare il passato, ricordarlo tutti i giorni e con le nuove generazioni perch\u00e9 loro possano essere portatori di valori che sono fondamentali, soprattutto in un momento storico come questo dove stiamo vedendo a livello internazionale intolleranze, razzismo e atti disumani. Non ultimo quello che abbiamo visto anche in questi giorni in America con gli omicidi che ci sono stati e con i bambini deportati&#8221;.<\/p>\n<p>Durante l&#8217;intervento Funaro ha detto anche che &#8220;<strong>non basta un minuto di silenzio se non sappiamo davvero ci\u00f2 che \u00e8 accaduto<\/strong>. La memoria \u00e8 viva e rimane viva solo se noi tutti insieme la nutriamo di conoscenza e anche di domande scomode. Se non ci fossero state persone in grado di nascondere la mia famiglia, rischiando anche la propria vita, io non esisterei. E come me tanti altri cittadini&#8221;.<\/p>\n<figure id=\"post-414740 media-414740\" class=\"align-none\"><img decoding=\"async\" src=\"https:\/\/www.intoscana.it\/wp-content\/uploads\/623140783_18550792165022264_8398523718772517242_n.jpg\" alt=\"\" \/><\/figure>\n<div class=\"titleimg\">Giorno della Memoria<\/div>\n","protected":false},"excerpt":{"rendered":"<p>Le principali istituzioni toscane si sono riunite prima a Palazzo Vecchio e poi al Binario 16 della stazione di Santa Maria Novella a Firenze per ricordare le vittime della Shoah e rinnovare l&#8217;impegno per la difesa dei diritti umani<\/p>\n","protected":false},"author":525,"featured_media":414738,"comment_status":"open","ping_status":"open","sticky":false,"template":"","format":"standard","meta":{"_acf_changed":false,"footnotes":""},"categories":[494],"tags":[158,1650,151],"class_list":["post-414723","post","type-post","status-publish","format-standard","has-post-thumbnail","hentry","category-attualita","tag-eugenio-giani","tag-giorno-della-memoria","tag-regione-toscana"],"acf":[],"yoast_head":"<!-- This site is optimized with the Yoast SEO Premium plugin v24.2 (Yoast SEO v25.6) - https:\/\/yoast.com\/wordpress\/plugins\/seo\/ -->\n<title>Giorno della memoria a Firenze, Giani: &quot;Ogni episodio violento va fermato, da Minneapolis a Israele&quot; - intoscana<\/title>\n<meta name=\"description\" content=\"Le principali istituzioni toscane si sono riunite prima a Palazzo vecchio e poi al Binario 16 della stazione di Santa Maria Novella a Firenze\" \/>\n<meta name=\"robots\" content=\"index, follow, max-snippet:-1, max-image-preview:large, max-video-preview:-1\" \/>\n<link rel=\"canonical\" href=\"https:\/\/www.intoscana.it\/it\/__trashed\/\" \/>\n<meta property=\"og:locale\" content=\"it_IT\" \/>\n<meta property=\"og:type\" content=\"article\" \/>\n<meta property=\"og:title\" content=\"Giorno della memoria a Firenze, Giani: &quot;Ogni episodio violento va fermato, da Minneapolis a Israele&quot;\" \/>\n<meta property=\"og:description\" content=\"Le principali istituzioni toscane si sono riunite prima a Palazzo vecchio e poi al Binario 16 della stazione di Santa Maria Novella a Firenze\" \/>\n<meta property=\"og:url\" content=\"https:\/\/www.intoscana.it\/it\/__trashed\/\" \/>\n<meta property=\"og:site_name\" content=\"intoscana\" \/>\n<meta property=\"article:publisher\" content=\"https:\/\/www.facebook.com\/intoscana.it\" \/>\n<meta property=\"article:published_time\" content=\"2026-01-27T12:02:35+00:00\" \/>\n<meta property=\"article:modified_time\" content=\"2026-01-27T13:36:27+00:00\" \/>\n<meta property=\"og:image\" content=\"https:\/\/www.intoscana.it\/wp-content\/uploads\/623275698_18550792174022264_24027568596086406_n-2.jpg\" \/>\n\t<meta property=\"og:image:width\" content=\"1440\" \/>\n\t<meta property=\"og:image:height\" content=\"1003\" \/>\n\t<meta property=\"og:image:type\" content=\"image\/jpeg\" \/>\n<meta name=\"author\" content=\"Redazione\" \/>\n<meta name=\"twitter:card\" content=\"summary_large_image\" \/>\n<meta name=\"twitter:creator\" content=\"@intoscana\" \/>\n<meta name=\"twitter:site\" content=\"@intoscana\" \/>\n<meta name=\"twitter:label1\" content=\"Written by\" \/>\n\t<meta name=\"twitter:data1\" content=\"Redazione\" \/>\n\t<meta name=\"twitter:label2\" content=\"Est. reading time\" \/>\n\t<meta name=\"twitter:data2\" content=\"5 minuti\" \/>\n<script type=\"application\/ld+json\" class=\"yoast-schema-graph\">{\"@context\":\"https:\/\/schema.org\",\"@graph\":[{\"@type\":\"WebPage\",\"@id\":\"https:\/\/www.intoscana.it\/it\/__trashed\/\",\"url\":\"https:\/\/www.intoscana.it\/it\/__trashed\/\",\"name\":\"Giorno della memoria a Firenze, Giani: \\\"Ogni episodio violento va fermato, da Minneapolis a Israele\\\" - intoscana\",\"isPartOf\":{\"@id\":\"https:\/\/www.intoscana.it\/it\/#website\"},\"primaryImageOfPage\":{\"@id\":\"https:\/\/www.intoscana.it\/it\/__trashed\/#primaryimage\"},\"image\":{\"@id\":\"https:\/\/www.intoscana.it\/it\/__trashed\/#primaryimage\"},\"thumbnailUrl\":\"https:\/\/www.intoscana.it\/wp-content\/uploads\/623275698_18550792174022264_24027568596086406_n-2.jpg\",\"datePublished\":\"2026-01-27T12:02:35+00:00\",\"dateModified\":\"2026-01-27T13:36:27+00:00\",\"author\":{\"@id\":\"https:\/\/www.intoscana.it\/it\/#\/schema\/person\/9223810753230f20bd670fdd322661f8\"},\"description\":\"Le principali istituzioni toscane si sono riunite prima a Palazzo vecchio e poi al Binario 16 della stazione di Santa Maria Novella a Firenze\",\"breadcrumb\":{\"@id\":\"https:\/\/www.intoscana.it\/it\/__trashed\/#breadcrumb\"},\"inLanguage\":\"it-IT\",\"potentialAction\":[{\"@type\":\"ReadAction\",\"target\":[\"https:\/\/www.intoscana.it\/it\/__trashed\/\"]}]},{\"@type\":\"ImageObject\",\"inLanguage\":\"it-IT\",\"@id\":\"https:\/\/www.intoscana.it\/it\/__trashed\/#primaryimage\",\"url\":\"https:\/\/www.intoscana.it\/wp-content\/uploads\/623275698_18550792174022264_24027568596086406_n-2.jpg\",\"contentUrl\":\"https:\/\/www.intoscana.it\/wp-content\/uploads\/623275698_18550792174022264_24027568596086406_n-2.jpg\",\"width\":1440,\"height\":1003,\"caption\":\"Giorno della memoria\"},{\"@type\":\"BreadcrumbList\",\"@id\":\"https:\/\/www.intoscana.it\/it\/__trashed\/#breadcrumb\",\"itemListElement\":[{\"@type\":\"ListItem\",\"position\":1,\"name\":\"Home\",\"item\":\"https:\/\/www.intoscana.it\/it\/\"},{\"@type\":\"ListItem\",\"position\":2,\"name\":\"Giorno della memoria a Firenze, Giani: &#8220;Ogni episodio violento va fermato, da Minneapolis a Israele&#8221;\"}]},{\"@type\":\"WebSite\",\"@id\":\"https:\/\/www.intoscana.it\/it\/#website\",\"url\":\"https:\/\/www.intoscana.it\/it\/\",\"name\":\"intoscana\",\"description\":\"\",\"potentialAction\":[{\"@type\":\"SearchAction\",\"target\":{\"@type\":\"EntryPoint\",\"urlTemplate\":\"https:\/\/www.intoscana.it\/it\/?s={search_term_string}\"},\"query-input\":{\"@type\":\"PropertyValueSpecification\",\"valueRequired\":true,\"valueName\":\"search_term_string\"}}],\"inLanguage\":\"it-IT\"},{\"@type\":\"Person\",\"@id\":\"https:\/\/www.intoscana.it\/it\/#\/schema\/person\/9223810753230f20bd670fdd322661f8\",\"name\":\"Redazione\",\"url\":\"https:\/\/www.intoscana.it\/it\/author\/redazione\/\"}]}<\/script>\n<!-- \/ Yoast SEO Premium plugin. -->","yoast_head_json":{"title":"Giorno della memoria a Firenze, Giani: \"Ogni episodio violento va fermato, da Minneapolis a Israele\" - intoscana","description":"Le principali istituzioni toscane si sono riunite prima a Palazzo vecchio e poi al Binario 16 della stazione di Santa Maria Novella a Firenze","robots":{"index":"index","follow":"follow","max-snippet":"max-snippet:-1","max-image-preview":"max-image-preview:large","max-video-preview":"max-video-preview:-1"},"canonical":"https:\/\/www.intoscana.it\/it\/__trashed\/","og_locale":"it_IT","og_type":"article","og_title":"Giorno della memoria a Firenze, Giani: \"Ogni episodio violento va fermato, da Minneapolis a Israele\"","og_description":"Le principali istituzioni toscane si sono riunite prima a Palazzo vecchio e poi al Binario 16 della stazione di Santa Maria Novella a Firenze","og_url":"https:\/\/www.intoscana.it\/it\/__trashed\/","og_site_name":"intoscana","article_publisher":"https:\/\/www.facebook.com\/intoscana.it","article_published_time":"2026-01-27T12:02:35+00:00","article_modified_time":"2026-01-27T13:36:27+00:00","og_image":[{"width":1440,"height":1003,"url":"https:\/\/www.intoscana.it\/wp-content\/uploads\/623275698_18550792174022264_24027568596086406_n-2.jpg","type":"image\/jpeg"}],"author":"Redazione","twitter_card":"summary_large_image","twitter_creator":"@intoscana","twitter_site":"@intoscana","twitter_misc":{"Written by":"Redazione","Est. reading time":"5 minuti"},"schema":{"@context":"https:\/\/schema.org","@graph":[{"@type":"WebPage","@id":"https:\/\/www.intoscana.it\/it\/__trashed\/","url":"https:\/\/www.intoscana.it\/it\/__trashed\/","name":"Giorno della memoria a Firenze, Giani: \"Ogni episodio violento va fermato, da Minneapolis a Israele\" - intoscana","isPartOf":{"@id":"https:\/\/www.intoscana.it\/it\/#website"},"primaryImageOfPage":{"@id":"https:\/\/www.intoscana.it\/it\/__trashed\/#primaryimage"},"image":{"@id":"https:\/\/www.intoscana.it\/it\/__trashed\/#primaryimage"},"thumbnailUrl":"https:\/\/www.intoscana.it\/wp-content\/uploads\/623275698_18550792174022264_24027568596086406_n-2.jpg","datePublished":"2026-01-27T12:02:35+00:00","dateModified":"2026-01-27T13:36:27+00:00","author":{"@id":"https:\/\/www.intoscana.it\/it\/#\/schema\/person\/9223810753230f20bd670fdd322661f8"},"description":"Le principali istituzioni toscane si sono riunite prima a Palazzo vecchio e poi al Binario 16 della stazione di Santa Maria Novella a Firenze","breadcrumb":{"@id":"https:\/\/www.intoscana.it\/it\/__trashed\/#breadcrumb"},"inLanguage":"it-IT","potentialAction":[{"@type":"ReadAction","target":["https:\/\/www.intoscana.it\/it\/__trashed\/"]}]},{"@type":"ImageObject","inLanguage":"it-IT","@id":"https:\/\/www.intoscana.it\/it\/__trashed\/#primaryimage","url":"https:\/\/www.intoscana.it\/wp-content\/uploads\/623275698_18550792174022264_24027568596086406_n-2.jpg","contentUrl":"https:\/\/www.intoscana.it\/wp-content\/uploads\/623275698_18550792174022264_24027568596086406_n-2.jpg","width":1440,"height":1003,"caption":"Giorno della memoria"},{"@type":"BreadcrumbList","@id":"https:\/\/www.intoscana.it\/it\/__trashed\/#breadcrumb","itemListElement":[{"@type":"ListItem","position":1,"name":"Home","item":"https:\/\/www.intoscana.it\/it\/"},{"@type":"ListItem","position":2,"name":"Giorno della memoria a Firenze, Giani: &#8220;Ogni episodio violento va fermato, da Minneapolis a Israele&#8221;"}]},{"@type":"WebSite","@id":"https:\/\/www.intoscana.it\/it\/#website","url":"https:\/\/www.intoscana.it\/it\/","name":"intoscana","description":"","potentialAction":[{"@type":"SearchAction","target":{"@type":"EntryPoint","urlTemplate":"https:\/\/www.intoscana.it\/it\/?s={search_term_string}"},"query-input":{"@type":"PropertyValueSpecification","valueRequired":true,"valueName":"search_term_string"}}],"inLanguage":"it-IT"},{"@type":"Person","@id":"https:\/\/www.intoscana.it\/it\/#\/schema\/person\/9223810753230f20bd670fdd322661f8","name":"Redazione","url":"https:\/\/www.intoscana.it\/it\/author\/redazione\/"}]}},"_links":{"self":[{"href":"https:\/\/www.intoscana.it\/it\/wp-json\/wp\/v2\/posts\/414723","targetHints":{"allow":["GET"]}}],"collection":[{"href":"https:\/\/www.intoscana.it\/it\/wp-json\/wp\/v2\/posts"}],"about":[{"href":"https:\/\/www.intoscana.it\/it\/wp-json\/wp\/v2\/types\/post"}],"author":[{"embeddable":true,"href":"https:\/\/www.intoscana.it\/it\/wp-json\/wp\/v2\/users\/525"}],"replies":[{"embeddable":true,"href":"https:\/\/www.intoscana.it\/it\/wp-json\/wp\/v2\/comments?post=414723"}],"version-history":[{"count":6,"href":"https:\/\/www.intoscana.it\/it\/wp-json\/wp\/v2\/posts\/414723\/revisions"}],"predecessor-version":[{"id":414752,"href":"https:\/\/www.intoscana.it\/it\/wp-json\/wp\/v2\/posts\/414723\/revisions\/414752"}],"wp:featuredmedia":[{"embeddable":true,"href":"https:\/\/www.intoscana.it\/it\/wp-json\/wp\/v2\/media\/414738"}],"wp:attachment":[{"href":"https:\/\/www.intoscana.it\/it\/wp-json\/wp\/v2\/media?parent=414723"}],"wp:term":[{"taxonomy":"category","embeddable":true,"href":"https:\/\/www.intoscana.it\/it\/wp-json\/wp\/v2\/categories?post=414723"},{"taxonomy":"post_tag","embeddable":true,"href":"https:\/\/www.intoscana.it\/it\/wp-json\/wp\/v2\/tags?post=414723"}],"curies":[{"name":"wp","href":"https:\/\/api.w.org\/{rel}","templated":true}]}}