{"id":417724,"date":"2026-02-19T11:56:41","date_gmt":"2026-02-19T10:56:41","guid":{"rendered":"https:\/\/www.intoscana.it\/it\/?p=417724"},"modified":"2026-02-19T11:56:41","modified_gmt":"2026-02-19T10:56:41","slug":"toscana-campionati-della-cucina-italiana","status":"publish","type":"post","link":"https:\/\/www.intoscana.it\/it\/toscana-campionati-della-cucina-italiana\/","title":{"rendered":"La Toscana conquista l\u2019oro ai Campionati della Cucina Italiana"},"content":{"rendered":"<p>La Toscana sale sul gradino pi\u00f9 alto del podio ai <strong>Campionati della Cucina Italiana<\/strong>, la pi\u00f9 importante manifestazione nazionale promossa dalla Federazione Italiana Cuochi, giunta alla sua decima edizione e ospitata al Rimini Expo Centre Italy. Tre giornate intense, tra sfide ai fornelli e men\u00f9 d\u2019autore, che hanno visto centinaia di professionisti dall\u2019Italia e dall\u2019estero contendersi i titoli tricolori in molteplici categorie di gara.<\/p>\n<p>L\u2019<strong>Unione Regionale Cuochi Toscani<\/strong> ha confermato ancora una volta il proprio valore, partecipando con una forte rappresentanza di chef delle associazioni provinciali di Arezzo, Grosseto, Lucca, Massa Carrara, Pisa, Pistoia-Montecatini-Prato e Siena. Preparazione tecnica, creativit\u00e0 e grande spirito di squadra hanno permesso alla delegazione toscana di tornare a casa con un ricco bottino di medaglie e riconoscimenti.<\/p>\n<h3>Premi e riconoscimenti<\/h3>\n<p>Il risultato pi\u00f9 prestigioso \u00e8 arrivato nella competizione di cucina calda per rappresentative regionali, dove la Toscana ha conquistato la <strong>medaglia d\u2019oro<\/strong>. A firmare l\u2019impresa \u00e8 stata la squadra regionale guidata dal team manager Leonardo De Candia e dal capitano Daniele Zingoni, insieme a Alessio Morganti, Daniele Astarella, Francesco Pannullo, Manuel Boccuzzi, Denise Massarenti, Tommaso Monaci, Giulio Antelletti ed Edoardo Lupi.<\/p>\n<p>Il men\u00f9 presentato \u00e8 stato un vero e proprio <strong>omaggio alla toscanit\u00e0<\/strong>: nel pieno rispetto degli elementi obbligatori e delle prescrizioni da regolamento, i cuochi hanno costruito un percorso di gusto che ha valorizzato prodotti regionali di qualit\u00e0 eccellente e certificata. La giuria e il pubblico sono stati colpiti dalla fantasia, dall\u2019originalit\u00e0 delle interpretazioni e dalla forte connotazione territoriale dei piatti, pensati per raccontare le diverse province attraverso sapori e materie prime.<\/p>\n<p>La squadra ha unito <strong>chef esperti<\/strong> e <strong>giovani promesse<\/strong> che hanno dimostrato di avere le carte in regola per proiettare la cucina toscana nel futuro.<\/p>\n<p>Il medagliere toscano ai Campionati non si esaurisce per\u00f2 con l\u2019oro di squadra. Nella competizione \u201c<strong>Miglior Allievo<\/strong>\u201d, dedicata ai ragazzi delle scuole alberghiere, \u00e8 arrivata una medaglia di bronzo grazie a <strong>Giuseppe Saporito<\/strong>, studente dell\u2019Istituto \u201cRicasoli\u201d di Colle di Val d\u2019Elsa.<br \/>\nBronzo anche nella spettacolare gara \u201c<strong>Mistery Box<\/strong>\u201d con Matteo Andreoni dell\u2019Associazione Cuochi Pistoia-Montecatini-Prato e Diego Meloni dell\u2019Associazione Cuochi Arezzo, capaci di costruire piatti di alto livello partendo da ingredienti a sorpresa.<br \/>\nUn\u2019altra medaglia di bronzo \u00e8 stata conquistata da <strong>Udu Kuburage Sashith<\/strong> (Associazione Cuochi Lucca) nella competizione di pasticceria da ristorazione K2 Senior, mentre nella sezione Junior del K3 di cucina calda vegetariana \u00e8 salito sul podio <strong>Andrea Balleri Gorgeri<\/strong> dell\u2019Associazione Cuochi Montecatini-Pistoia-Prato.<\/p>\n<p>La medaglia d\u2019argento \u00e8 andata invece a <strong>Hiroshi Mariani<\/strong> dell\u2019Associazione Cuochi Pisa nella categoria di cucina calda vegetariana Senior, a conferma dell\u2019attenzione dei cuochi toscani anche ai nuovi linguaggi della cucina contemporanea. Una menzione speciale ha infine premiato <strong>Fabio Rispoli<\/strong> dell\u2019Associazione Cuochi Massa Carrara che, alla sua prima partecipazione nel segmento dedicato alla pasticceria da ristorazione, ha raccolto unanimi consensi favorevoli.<\/p>\n<p>La Toscana era presente anche nel concorso dedicato al \u201c<strong>Miglior Allievo Speciale<\/strong>\u201d con Mattia Colavito, studente dell\u2019Istituto Alberghiero \u201cLeopoldo II di Lorena\u201d di Grosseto, supportato da Victoria Bandaccheri, che \u00e8 salito sul palco accanto alla ministra per le Disabilit\u00e0 Alessandra Locatelli, sottolineando il valore inclusivo della manifestazione.<\/p>\n<h3>Cuochi toscani, ambasciatori del gusto<\/h3>\n<p>&#8220;Ringrazio tutti i nostri associati che hanno partecipato ai Campionati della Cucina Italiana, mettendosi in gioco e rappresentando degnamente la regione &#8211; ha commentato <strong>Roberto Lodovichi<\/strong>, presidente dell\u2019Unione Regionale Cuochi Toscani -. Un particolare plauso va tributato ai membri della squadra non solo per l\u2019oro che \u00e8 motivo di vanto e di orgoglio, ma soprattutto per la passione, la seriet\u00e0 e l\u2019abnegazione dimostrate in questi mesi di assidua preparazione e sacrifici. <mark>Da anni lavoriamo con Regione Toscana e Vetrina Toscana per la promozione dei prodotti e dei piatti tipici toscani, dunque questi successi ci onorano perch\u00e9 ci rendono ancora una volta ambasciatori della regione, delle sue eccellenze culinarie e della sua identit\u00e0<\/mark>&#8220;.<\/p>\n","protected":false},"excerpt":{"rendered":"<p>L\u2019Unione Regionale Cuochi Toscani si aggiudica medaglie e riconoscimenti al pi\u00f9 importante evento tricolore, giunto alla decima edizione e ospitato dal Rimini Expo Centre Italy<\/p>\n","protected":false},"author":483,"featured_media":417726,"comment_status":"open","ping_status":"open","sticky":false,"template":"","format":"standard","meta":{"_acf_changed":false,"footnotes":""},"categories":[8],"tags":[4817,5808,265,6476,146],"class_list":["post-417724","post","type-post","status-publish","format-standard","has-post-thumbnail","hentry","category-enogastronomia","tag-chef","tag-chef-toscani","tag-concorsi","tag-cucina","tag-vetrina-toscana"],"acf":[],"yoast_head":"<!-- This site is optimized with the Yoast SEO Premium plugin v24.2 (Yoast SEO v25.6) - https:\/\/yoast.com\/wordpress\/plugins\/seo\/ -->\n<title>La Toscana conquista l\u2019oro ai Campionati della Cucina Italiana - intoscana<\/title>\n<meta name=\"description\" content=\"La Toscana sale sul gradino pi\u00f9 alto del podio ai Campionati della Cucina Italiana, la pi\u00f9 importante manifestazione nazionale\" \/>\n<meta name=\"robots\" content=\"index, follow, max-snippet:-1, max-image-preview:large, max-video-preview:-1\" \/>\n<link rel=\"canonical\" href=\"https:\/\/www.intoscana.it\/it\/toscana-campionati-della-cucina-italiana\/\" \/>\n<meta property=\"og:locale\" content=\"it_IT\" \/>\n<meta property=\"og:type\" content=\"article\" \/>\n<meta property=\"og:title\" content=\"La Toscana conquista l\u2019oro ai Campionati della Cucina Italiana\" \/>\n<meta property=\"og:description\" content=\"La Toscana sale sul gradino pi\u00f9 alto del podio ai Campionati della Cucina Italiana, la pi\u00f9 importante manifestazione nazionale\" \/>\n<meta property=\"og:url\" content=\"https:\/\/www.intoscana.it\/it\/toscana-campionati-della-cucina-italiana\/\" \/>\n<meta property=\"og:site_name\" content=\"intoscana\" \/>\n<meta property=\"article:publisher\" content=\"https:\/\/www.facebook.com\/intoscana.it\" \/>\n<meta property=\"article:published_time\" content=\"2026-02-19T10:56:41+00:00\" \/>\n<meta property=\"og:image\" content=\"https:\/\/www.intoscana.it\/wp-content\/uploads\/Unione-Cuochi-Toscani-Campionati-della-Cucina-Italiana-2026-1.jpg\" \/>\n\t<meta property=\"og:image:width\" content=\"1772\" \/>\n\t<meta property=\"og:image:height\" content=\"1181\" \/>\n\t<meta property=\"og:image:type\" content=\"image\/jpeg\" \/>\n<meta name=\"author\" content=\"Marta Mancini\" \/>\n<meta name=\"twitter:card\" content=\"summary_large_image\" \/>\n<meta name=\"twitter:creator\" content=\"@intoscana\" \/>\n<meta name=\"twitter:site\" content=\"@intoscana\" \/>\n<meta name=\"twitter:label1\" content=\"Written by\" \/>\n\t<meta name=\"twitter:data1\" content=\"Marta Mancini\" \/>\n\t<meta name=\"twitter:label2\" content=\"Est. reading time\" \/>\n\t<meta name=\"twitter:data2\" content=\"4 minuti\" \/>\n<script type=\"application\/ld+json\" class=\"yoast-schema-graph\">{\"@context\":\"https:\/\/schema.org\",\"@graph\":[{\"@type\":\"WebPage\",\"@id\":\"https:\/\/www.intoscana.it\/it\/toscana-campionati-della-cucina-italiana\/\",\"url\":\"https:\/\/www.intoscana.it\/it\/toscana-campionati-della-cucina-italiana\/\",\"name\":\"La Toscana conquista l\u2019oro ai Campionati della Cucina Italiana - intoscana\",\"isPartOf\":{\"@id\":\"https:\/\/www.intoscana.it\/it\/#website\"},\"primaryImageOfPage\":{\"@id\":\"https:\/\/www.intoscana.it\/it\/toscana-campionati-della-cucina-italiana\/#primaryimage\"},\"image\":{\"@id\":\"https:\/\/www.intoscana.it\/it\/toscana-campionati-della-cucina-italiana\/#primaryimage\"},\"thumbnailUrl\":\"https:\/\/www.intoscana.it\/wp-content\/uploads\/Unione-Cuochi-Toscani-Campionati-della-Cucina-Italiana-2026-1.jpg\",\"datePublished\":\"2026-02-19T10:56:41+00:00\",\"author\":{\"@id\":\"https:\/\/www.intoscana.it\/it\/#\/schema\/person\/ba955c49c389f39a8208f182b0652479\"},\"description\":\"La Toscana sale sul gradino pi\u00f9 alto del podio ai Campionati della Cucina Italiana, la pi\u00f9 importante manifestazione nazionale\",\"breadcrumb\":{\"@id\":\"https:\/\/www.intoscana.it\/it\/toscana-campionati-della-cucina-italiana\/#breadcrumb\"},\"inLanguage\":\"it-IT\",\"potentialAction\":[{\"@type\":\"ReadAction\",\"target\":[\"https:\/\/www.intoscana.it\/it\/toscana-campionati-della-cucina-italiana\/\"]}]},{\"@type\":\"ImageObject\",\"inLanguage\":\"it-IT\",\"@id\":\"https:\/\/www.intoscana.it\/it\/toscana-campionati-della-cucina-italiana\/#primaryimage\",\"url\":\"https:\/\/www.intoscana.it\/wp-content\/uploads\/Unione-Cuochi-Toscani-Campionati-della-Cucina-Italiana-2026-1.jpg\",\"contentUrl\":\"https:\/\/www.intoscana.it\/wp-content\/uploads\/Unione-Cuochi-Toscani-Campionati-della-Cucina-Italiana-2026-1.jpg\",\"width\":1772,\"height\":1181},{\"@type\":\"BreadcrumbList\",\"@id\":\"https:\/\/www.intoscana.it\/it\/toscana-campionati-della-cucina-italiana\/#breadcrumb\",\"itemListElement\":[{\"@type\":\"ListItem\",\"position\":1,\"name\":\"Home\",\"item\":\"https:\/\/www.intoscana.it\/it\/\"},{\"@type\":\"ListItem\",\"position\":2,\"name\":\"La Toscana conquista l\u2019oro ai Campionati della Cucina Italiana\"}]},{\"@type\":\"WebSite\",\"@id\":\"https:\/\/www.intoscana.it\/it\/#website\",\"url\":\"https:\/\/www.intoscana.it\/it\/\",\"name\":\"intoscana\",\"description\":\"\",\"potentialAction\":[{\"@type\":\"SearchAction\",\"target\":{\"@type\":\"EntryPoint\",\"urlTemplate\":\"https:\/\/www.intoscana.it\/it\/?s={search_term_string}\"},\"query-input\":{\"@type\":\"PropertyValueSpecification\",\"valueRequired\":true,\"valueName\":\"search_term_string\"}}],\"inLanguage\":\"it-IT\"},{\"@type\":\"Person\",\"@id\":\"https:\/\/www.intoscana.it\/it\/#\/schema\/person\/ba955c49c389f39a8208f182b0652479\",\"name\":\"Marta Mancini\",\"url\":\"https:\/\/www.intoscana.it\/it\/author\/marta-mancini\/\"}]}<\/script>\n<!-- \/ Yoast SEO Premium plugin. -->","yoast_head_json":{"title":"La Toscana conquista l\u2019oro ai Campionati della Cucina Italiana - intoscana","description":"La Toscana sale sul gradino pi\u00f9 alto del podio ai Campionati della Cucina Italiana, la pi\u00f9 importante manifestazione nazionale","robots":{"index":"index","follow":"follow","max-snippet":"max-snippet:-1","max-image-preview":"max-image-preview:large","max-video-preview":"max-video-preview:-1"},"canonical":"https:\/\/www.intoscana.it\/it\/toscana-campionati-della-cucina-italiana\/","og_locale":"it_IT","og_type":"article","og_title":"La Toscana conquista l\u2019oro ai Campionati della Cucina Italiana","og_description":"La Toscana sale sul gradino pi\u00f9 alto del podio ai Campionati della Cucina Italiana, la pi\u00f9 importante manifestazione nazionale","og_url":"https:\/\/www.intoscana.it\/it\/toscana-campionati-della-cucina-italiana\/","og_site_name":"intoscana","article_publisher":"https:\/\/www.facebook.com\/intoscana.it","article_published_time":"2026-02-19T10:56:41+00:00","og_image":[{"width":1772,"height":1181,"url":"https:\/\/www.intoscana.it\/wp-content\/uploads\/Unione-Cuochi-Toscani-Campionati-della-Cucina-Italiana-2026-1.jpg","type":"image\/jpeg"}],"author":"Marta Mancini","twitter_card":"summary_large_image","twitter_creator":"@intoscana","twitter_site":"@intoscana","twitter_misc":{"Written by":"Marta Mancini","Est. reading time":"4 minuti"},"schema":{"@context":"https:\/\/schema.org","@graph":[{"@type":"WebPage","@id":"https:\/\/www.intoscana.it\/it\/toscana-campionati-della-cucina-italiana\/","url":"https:\/\/www.intoscana.it\/it\/toscana-campionati-della-cucina-italiana\/","name":"La Toscana conquista l\u2019oro ai Campionati della Cucina Italiana - intoscana","isPartOf":{"@id":"https:\/\/www.intoscana.it\/it\/#website"},"primaryImageOfPage":{"@id":"https:\/\/www.intoscana.it\/it\/toscana-campionati-della-cucina-italiana\/#primaryimage"},"image":{"@id":"https:\/\/www.intoscana.it\/it\/toscana-campionati-della-cucina-italiana\/#primaryimage"},"thumbnailUrl":"https:\/\/www.intoscana.it\/wp-content\/uploads\/Unione-Cuochi-Toscani-Campionati-della-Cucina-Italiana-2026-1.jpg","datePublished":"2026-02-19T10:56:41+00:00","author":{"@id":"https:\/\/www.intoscana.it\/it\/#\/schema\/person\/ba955c49c389f39a8208f182b0652479"},"description":"La Toscana sale sul gradino pi\u00f9 alto del podio ai Campionati della Cucina Italiana, la pi\u00f9 importante manifestazione nazionale","breadcrumb":{"@id":"https:\/\/www.intoscana.it\/it\/toscana-campionati-della-cucina-italiana\/#breadcrumb"},"inLanguage":"it-IT","potentialAction":[{"@type":"ReadAction","target":["https:\/\/www.intoscana.it\/it\/toscana-campionati-della-cucina-italiana\/"]}]},{"@type":"ImageObject","inLanguage":"it-IT","@id":"https:\/\/www.intoscana.it\/it\/toscana-campionati-della-cucina-italiana\/#primaryimage","url":"https:\/\/www.intoscana.it\/wp-content\/uploads\/Unione-Cuochi-Toscani-Campionati-della-Cucina-Italiana-2026-1.jpg","contentUrl":"https:\/\/www.intoscana.it\/wp-content\/uploads\/Unione-Cuochi-Toscani-Campionati-della-Cucina-Italiana-2026-1.jpg","width":1772,"height":1181},{"@type":"BreadcrumbList","@id":"https:\/\/www.intoscana.it\/it\/toscana-campionati-della-cucina-italiana\/#breadcrumb","itemListElement":[{"@type":"ListItem","position":1,"name":"Home","item":"https:\/\/www.intoscana.it\/it\/"},{"@type":"ListItem","position":2,"name":"La Toscana conquista l\u2019oro ai Campionati della Cucina Italiana"}]},{"@type":"WebSite","@id":"https:\/\/www.intoscana.it\/it\/#website","url":"https:\/\/www.intoscana.it\/it\/","name":"intoscana","description":"","potentialAction":[{"@type":"SearchAction","target":{"@type":"EntryPoint","urlTemplate":"https:\/\/www.intoscana.it\/it\/?s={search_term_string}"},"query-input":{"@type":"PropertyValueSpecification","valueRequired":true,"valueName":"search_term_string"}}],"inLanguage":"it-IT"},{"@type":"Person","@id":"https:\/\/www.intoscana.it\/it\/#\/schema\/person\/ba955c49c389f39a8208f182b0652479","name":"Marta Mancini","url":"https:\/\/www.intoscana.it\/it\/author\/marta-mancini\/"}]}},"_links":{"self":[{"href":"https:\/\/www.intoscana.it\/it\/wp-json\/wp\/v2\/posts\/417724","targetHints":{"allow":["GET"]}}],"collection":[{"href":"https:\/\/www.intoscana.it\/it\/wp-json\/wp\/v2\/posts"}],"about":[{"href":"https:\/\/www.intoscana.it\/it\/wp-json\/wp\/v2\/types\/post"}],"author":[{"embeddable":true,"href":"https:\/\/www.intoscana.it\/it\/wp-json\/wp\/v2\/users\/483"}],"replies":[{"embeddable":true,"href":"https:\/\/www.intoscana.it\/it\/wp-json\/wp\/v2\/comments?post=417724"}],"version-history":[{"count":5,"href":"https:\/\/www.intoscana.it\/it\/wp-json\/wp\/v2\/posts\/417724\/revisions"}],"predecessor-version":[{"id":417731,"href":"https:\/\/www.intoscana.it\/it\/wp-json\/wp\/v2\/posts\/417724\/revisions\/417731"}],"wp:featuredmedia":[{"embeddable":true,"href":"https:\/\/www.intoscana.it\/it\/wp-json\/wp\/v2\/media\/417726"}],"wp:attachment":[{"href":"https:\/\/www.intoscana.it\/it\/wp-json\/wp\/v2\/media?parent=417724"}],"wp:term":[{"taxonomy":"category","embeddable":true,"href":"https:\/\/www.intoscana.it\/it\/wp-json\/wp\/v2\/categories?post=417724"},{"taxonomy":"post_tag","embeddable":true,"href":"https:\/\/www.intoscana.it\/it\/wp-json\/wp\/v2\/tags?post=417724"}],"curies":[{"name":"wp","href":"https:\/\/api.w.org\/{rel}","templated":true}]}}