{"id":417908,"date":"2026-02-20T11:28:45","date_gmt":"2026-02-20T10:28:45","guid":{"rendered":"https:\/\/www.intoscana.it\/it\/?p=417908"},"modified":"2026-02-20T11:29:55","modified_gmt":"2026-02-20T10:29:55","slug":"a-palazzo-medici-riccardi-le-maschere-e-danze-barocche-di-folias-de-carnaval","status":"publish","type":"post","link":"https:\/\/www.intoscana.it\/it\/a-palazzo-medici-riccardi-le-maschere-e-danze-barocche-di-folias-de-carnaval\/","title":{"rendered":"A Palazzo Medici Riccardi le maschere e danze barocche di &#8220;Fol\u00edas de Carnaval&#8221;"},"content":{"rendered":"<p><strong>Sabato 21 febbraio<\/strong> tra gli specchi della preziosa<strong> Sala Luca Giordano di Palazzo Medici Riccardi a Firenze,<\/strong> i ballerini della compagnia <strong>Armon\u00eca Danza<\/strong> offriranno coreografie storiche del Rinascimento e del Barocco, sulle note della musica che anim\u00f2 le <strong>corti europee del XVII secolo.<\/strong><\/p>\n<p><strong><em>&#8220;Fol\u00edas de Carnaval&#8221;<\/em> sar\u00e0 un viaggio indietro nel tempo<\/strong>, un pomeriggio <strong>dalle 16 alle 18<\/strong> all\u2019insegna delle<strong> danze barocche con musiche eseguite dal vivo<\/strong> per l\u2019occasione.<\/p>\n<p><strong>Le musiche di Vivaldi, Lully o Falconeri<\/strong> avvolger\u00e0 i partecipanti e segner\u00e0 i passi dei danzatori mascherati che, accompagnati da un maestro di cerimonie e da <strong>un quartetto d&#8217;archi,<\/strong> guideranno gli ospiti lungo questa<strong> esperienza immersiva.<\/strong><\/p>\n<p>I balerini in scena: <strong>Marco Bendoni, Sherezade Soriano, Eva Narejos, Sara Ben\u00edtez e Rub\u00e9n Fern\u00e1ndez D\u00e1vila.<\/strong> I musicisti: Daria Nechaeva al violino, Giulia Gallone alla viola, Iuliia Igoshkina al violoncello, Sergio Odori alle percussioni.<\/p>\n<h3>Armon\u00eda Danza: viaggio nelle coreografie storiche<\/h3>\n<p>Dopo vent&#8217;anni di studio e divulgazione delle danze storiche, e con la massima speranza di offrire un&#8217;esperienza indimenticabile attraverso la sua pratica e comprensione, <strong>Sofia Grande fonda la compagnia di danza storica Armonia Danza<\/strong>.<\/p>\n<p>La sua missione \u00e8 salvare dall&#8217;oblio le coreografie storiche delle epoche del Rinascimento e del Barocco e divulgarle. Il suo principale punto di interesse si trova nei suoi <strong>spettacoli scenici con le danze del XV, XVI e XVII secolo<\/strong> che ha portato la compagnia ad esibirsi a Palazzo Medici Riccardi a Firenze, al Museo di Valencia, al Festival dei Borgia, all\u2019Auditorium Joaqu\u00edn Rodrigo di Valencia, alla Fondazione Carlos de Amberes di Madrid, al Castello dei Mendoza, alla Villa Romana della Olmeda, Teatro Auditorio di Cuenca, al Festival di Musica Antica di \u00c1lava, al Festival di Musica Antica di Vitoria, al Palau de la M\u00fasica de Valencia, al Teatro &#8211; Auditorium di Cuenca, al Festival Menc\u00eda di Mendoza, SMADE e al Festival di Musica Antica di \u00c1lava.<\/p>\n<p><strong>Lo spettacolo si svolger\u00e0 sabato 21 dalle 16.00 alle 18.00 circa<\/strong>, e sar\u00e0<strong> incluso nel costo del biglietto<\/strong>. Le prove, sempre visibili ai visitatori del museo, si svolgeranno nel pomeriggio di venerd\u00ec (h 15-19 circa) e nella mattina di sabato (h 9- 15 circa).<\/p>\n<figure id=\"post-417913 media-417913\" class=\"align-none\"><img decoding=\"async\" src=\"https:\/\/www.intoscana.it\/wp-content\/uploads\/Palazzo-Medici-Riccardi_Galleria-degli-specchi_\u00a9NicolaNeri076-scaled.jpeg\" alt=\"\" \/><\/figure>\n<div class=\"titleimg\"><em>Palazzo Medici Riccardi, Galleria degli specchi &#8211; \u00a9 Nicola Neri<\/em><\/div>\n","protected":false},"excerpt":{"rendered":"<p>Sabato 21 febbraio dalle 16 alle 18 i visitatori potranno assistere gratuitamente allo spettacolo di danze barocche dei ballerini di Armon\u00eca Danza nella Sala Luca Giordano. I ballerini saranno accompagnati da un quartetto d\u2019archi che eseguir\u00e0 brani che animavano le corti europee del XVII secolo<\/p>\n","protected":false},"author":525,"featured_media":417911,"comment_status":"open","ping_status":"open","sticky":false,"template":"","format":"standard","meta":{"_acf_changed":false,"footnotes":""},"categories":[493],"tags":[269,4474,202],"class_list":["post-417908","post","type-post","status-publish","format-standard","has-post-thumbnail","hentry","category-cultura","tag-carnevale","tag-eventi","tag-firenze"],"acf":[],"yoast_head":"<!-- This site is optimized with the Yoast SEO Premium plugin v24.2 (Yoast SEO v25.6) - https:\/\/yoast.com\/wordpress\/plugins\/seo\/ -->\n<title>A Palazzo Medici Riccardi le maschere e danze barocche di &quot;Fol\u00edas de Carnaval&quot; - intoscana<\/title>\n<meta name=\"description\" content=\"Sabato 21 febbraio dalle 16 alle 18 i visitatori potranno assistere gratuitamente allo spettacolo di danze barocche nella Sala Luca Giordano\" \/>\n<meta name=\"robots\" content=\"index, follow, max-snippet:-1, max-image-preview:large, max-video-preview:-1\" \/>\n<link rel=\"canonical\" href=\"https:\/\/www.intoscana.it\/it\/a-palazzo-medici-riccardi-le-maschere-e-danze-barocche-di-folias-de-carnaval\/\" \/>\n<meta property=\"og:locale\" content=\"it_IT\" \/>\n<meta property=\"og:type\" content=\"article\" \/>\n<meta property=\"og:title\" content=\"A Palazzo Medici Riccardi le maschere e danze barocche di &quot;Fol\u00edas de Carnaval&quot;\" \/>\n<meta property=\"og:description\" content=\"Sabato 21 febbraio dalle 16 alle 18 i visitatori potranno assistere gratuitamente allo spettacolo di danze barocche nella Sala Luca Giordano\" \/>\n<meta property=\"og:url\" content=\"https:\/\/www.intoscana.it\/it\/a-palazzo-medici-riccardi-le-maschere-e-danze-barocche-di-folias-de-carnaval\/\" \/>\n<meta property=\"og:site_name\" content=\"intoscana\" \/>\n<meta property=\"article:publisher\" content=\"https:\/\/www.facebook.com\/intoscana.it\" \/>\n<meta property=\"article:published_time\" content=\"2026-02-20T10:28:45+00:00\" \/>\n<meta property=\"article:modified_time\" content=\"2026-02-20T10:29:55+00:00\" \/>\n<meta property=\"og:image\" content=\"https:\/\/www.intoscana.it\/wp-content\/uploads\/3.-Folias-de-Carnaval.jpg\" \/>\n\t<meta property=\"og:image:width\" content=\"2048\" \/>\n\t<meta property=\"og:image:height\" content=\"1365\" \/>\n\t<meta property=\"og:image:type\" content=\"image\/jpeg\" \/>\n<meta name=\"author\" content=\"Redazione\" \/>\n<meta name=\"twitter:card\" content=\"summary_large_image\" \/>\n<meta name=\"twitter:creator\" content=\"@intoscana\" \/>\n<meta name=\"twitter:site\" content=\"@intoscana\" \/>\n<meta name=\"twitter:label1\" content=\"Written by\" \/>\n\t<meta name=\"twitter:data1\" content=\"Redazione\" \/>\n\t<meta name=\"twitter:label2\" content=\"Est. reading time\" \/>\n\t<meta name=\"twitter:data2\" content=\"3 minuti\" \/>\n<script type=\"application\/ld+json\" class=\"yoast-schema-graph\">{\"@context\":\"https:\/\/schema.org\",\"@graph\":[{\"@type\":\"WebPage\",\"@id\":\"https:\/\/www.intoscana.it\/it\/a-palazzo-medici-riccardi-le-maschere-e-danze-barocche-di-folias-de-carnaval\/\",\"url\":\"https:\/\/www.intoscana.it\/it\/a-palazzo-medici-riccardi-le-maschere-e-danze-barocche-di-folias-de-carnaval\/\",\"name\":\"A Palazzo Medici Riccardi le maschere e danze barocche di \\\"Fol\u00edas de Carnaval\\\" - intoscana\",\"isPartOf\":{\"@id\":\"https:\/\/www.intoscana.it\/it\/#website\"},\"primaryImageOfPage\":{\"@id\":\"https:\/\/www.intoscana.it\/it\/a-palazzo-medici-riccardi-le-maschere-e-danze-barocche-di-folias-de-carnaval\/#primaryimage\"},\"image\":{\"@id\":\"https:\/\/www.intoscana.it\/it\/a-palazzo-medici-riccardi-le-maschere-e-danze-barocche-di-folias-de-carnaval\/#primaryimage\"},\"thumbnailUrl\":\"https:\/\/www.intoscana.it\/wp-content\/uploads\/3.-Folias-de-Carnaval.jpg\",\"datePublished\":\"2026-02-20T10:28:45+00:00\",\"dateModified\":\"2026-02-20T10:29:55+00:00\",\"author\":{\"@id\":\"https:\/\/www.intoscana.it\/it\/#\/schema\/person\/9223810753230f20bd670fdd322661f8\"},\"description\":\"Sabato 21 febbraio dalle 16 alle 18 i visitatori potranno assistere gratuitamente allo spettacolo di danze barocche nella Sala Luca Giordano\",\"breadcrumb\":{\"@id\":\"https:\/\/www.intoscana.it\/it\/a-palazzo-medici-riccardi-le-maschere-e-danze-barocche-di-folias-de-carnaval\/#breadcrumb\"},\"inLanguage\":\"it-IT\",\"potentialAction\":[{\"@type\":\"ReadAction\",\"target\":[\"https:\/\/www.intoscana.it\/it\/a-palazzo-medici-riccardi-le-maschere-e-danze-barocche-di-folias-de-carnaval\/\"]}]},{\"@type\":\"ImageObject\",\"inLanguage\":\"it-IT\",\"@id\":\"https:\/\/www.intoscana.it\/it\/a-palazzo-medici-riccardi-le-maschere-e-danze-barocche-di-folias-de-carnaval\/#primaryimage\",\"url\":\"https:\/\/www.intoscana.it\/wp-content\/uploads\/3.-Folias-de-Carnaval.jpg\",\"contentUrl\":\"https:\/\/www.intoscana.it\/wp-content\/uploads\/3.-Folias-de-Carnaval.jpg\",\"width\":2048,\"height\":1365,\"caption\":\"Folias de Carnaval\"},{\"@type\":\"BreadcrumbList\",\"@id\":\"https:\/\/www.intoscana.it\/it\/a-palazzo-medici-riccardi-le-maschere-e-danze-barocche-di-folias-de-carnaval\/#breadcrumb\",\"itemListElement\":[{\"@type\":\"ListItem\",\"position\":1,\"name\":\"Home\",\"item\":\"https:\/\/www.intoscana.it\/it\/\"},{\"@type\":\"ListItem\",\"position\":2,\"name\":\"A Palazzo Medici Riccardi le maschere e danze barocche di &#8220;Fol\u00edas de Carnaval&#8221;\"}]},{\"@type\":\"WebSite\",\"@id\":\"https:\/\/www.intoscana.it\/it\/#website\",\"url\":\"https:\/\/www.intoscana.it\/it\/\",\"name\":\"intoscana\",\"description\":\"\",\"potentialAction\":[{\"@type\":\"SearchAction\",\"target\":{\"@type\":\"EntryPoint\",\"urlTemplate\":\"https:\/\/www.intoscana.it\/it\/?s={search_term_string}\"},\"query-input\":{\"@type\":\"PropertyValueSpecification\",\"valueRequired\":true,\"valueName\":\"search_term_string\"}}],\"inLanguage\":\"it-IT\"},{\"@type\":\"Person\",\"@id\":\"https:\/\/www.intoscana.it\/it\/#\/schema\/person\/9223810753230f20bd670fdd322661f8\",\"name\":\"Redazione\",\"url\":\"https:\/\/www.intoscana.it\/it\/author\/redazione\/\"}]}<\/script>\n<!-- \/ Yoast SEO Premium plugin. -->","yoast_head_json":{"title":"A Palazzo Medici Riccardi le maschere e danze barocche di \"Fol\u00edas de Carnaval\" - intoscana","description":"Sabato 21 febbraio dalle 16 alle 18 i visitatori potranno assistere gratuitamente allo spettacolo di danze barocche nella Sala Luca Giordano","robots":{"index":"index","follow":"follow","max-snippet":"max-snippet:-1","max-image-preview":"max-image-preview:large","max-video-preview":"max-video-preview:-1"},"canonical":"https:\/\/www.intoscana.it\/it\/a-palazzo-medici-riccardi-le-maschere-e-danze-barocche-di-folias-de-carnaval\/","og_locale":"it_IT","og_type":"article","og_title":"A Palazzo Medici Riccardi le maschere e danze barocche di \"Fol\u00edas de Carnaval\"","og_description":"Sabato 21 febbraio dalle 16 alle 18 i visitatori potranno assistere gratuitamente allo spettacolo di danze barocche nella Sala Luca Giordano","og_url":"https:\/\/www.intoscana.it\/it\/a-palazzo-medici-riccardi-le-maschere-e-danze-barocche-di-folias-de-carnaval\/","og_site_name":"intoscana","article_publisher":"https:\/\/www.facebook.com\/intoscana.it","article_published_time":"2026-02-20T10:28:45+00:00","article_modified_time":"2026-02-20T10:29:55+00:00","og_image":[{"width":2048,"height":1365,"url":"https:\/\/www.intoscana.it\/wp-content\/uploads\/3.-Folias-de-Carnaval.jpg","type":"image\/jpeg"}],"author":"Redazione","twitter_card":"summary_large_image","twitter_creator":"@intoscana","twitter_site":"@intoscana","twitter_misc":{"Written by":"Redazione","Est. reading time":"3 minuti"},"schema":{"@context":"https:\/\/schema.org","@graph":[{"@type":"WebPage","@id":"https:\/\/www.intoscana.it\/it\/a-palazzo-medici-riccardi-le-maschere-e-danze-barocche-di-folias-de-carnaval\/","url":"https:\/\/www.intoscana.it\/it\/a-palazzo-medici-riccardi-le-maschere-e-danze-barocche-di-folias-de-carnaval\/","name":"A Palazzo Medici Riccardi le maschere e danze barocche di \"Fol\u00edas de Carnaval\" - intoscana","isPartOf":{"@id":"https:\/\/www.intoscana.it\/it\/#website"},"primaryImageOfPage":{"@id":"https:\/\/www.intoscana.it\/it\/a-palazzo-medici-riccardi-le-maschere-e-danze-barocche-di-folias-de-carnaval\/#primaryimage"},"image":{"@id":"https:\/\/www.intoscana.it\/it\/a-palazzo-medici-riccardi-le-maschere-e-danze-barocche-di-folias-de-carnaval\/#primaryimage"},"thumbnailUrl":"https:\/\/www.intoscana.it\/wp-content\/uploads\/3.-Folias-de-Carnaval.jpg","datePublished":"2026-02-20T10:28:45+00:00","dateModified":"2026-02-20T10:29:55+00:00","author":{"@id":"https:\/\/www.intoscana.it\/it\/#\/schema\/person\/9223810753230f20bd670fdd322661f8"},"description":"Sabato 21 febbraio dalle 16 alle 18 i visitatori potranno assistere gratuitamente allo spettacolo di danze barocche nella Sala Luca Giordano","breadcrumb":{"@id":"https:\/\/www.intoscana.it\/it\/a-palazzo-medici-riccardi-le-maschere-e-danze-barocche-di-folias-de-carnaval\/#breadcrumb"},"inLanguage":"it-IT","potentialAction":[{"@type":"ReadAction","target":["https:\/\/www.intoscana.it\/it\/a-palazzo-medici-riccardi-le-maschere-e-danze-barocche-di-folias-de-carnaval\/"]}]},{"@type":"ImageObject","inLanguage":"it-IT","@id":"https:\/\/www.intoscana.it\/it\/a-palazzo-medici-riccardi-le-maschere-e-danze-barocche-di-folias-de-carnaval\/#primaryimage","url":"https:\/\/www.intoscana.it\/wp-content\/uploads\/3.-Folias-de-Carnaval.jpg","contentUrl":"https:\/\/www.intoscana.it\/wp-content\/uploads\/3.-Folias-de-Carnaval.jpg","width":2048,"height":1365,"caption":"Folias de Carnaval"},{"@type":"BreadcrumbList","@id":"https:\/\/www.intoscana.it\/it\/a-palazzo-medici-riccardi-le-maschere-e-danze-barocche-di-folias-de-carnaval\/#breadcrumb","itemListElement":[{"@type":"ListItem","position":1,"name":"Home","item":"https:\/\/www.intoscana.it\/it\/"},{"@type":"ListItem","position":2,"name":"A Palazzo Medici Riccardi le maschere e danze barocche di &#8220;Fol\u00edas de Carnaval&#8221;"}]},{"@type":"WebSite","@id":"https:\/\/www.intoscana.it\/it\/#website","url":"https:\/\/www.intoscana.it\/it\/","name":"intoscana","description":"","potentialAction":[{"@type":"SearchAction","target":{"@type":"EntryPoint","urlTemplate":"https:\/\/www.intoscana.it\/it\/?s={search_term_string}"},"query-input":{"@type":"PropertyValueSpecification","valueRequired":true,"valueName":"search_term_string"}}],"inLanguage":"it-IT"},{"@type":"Person","@id":"https:\/\/www.intoscana.it\/it\/#\/schema\/person\/9223810753230f20bd670fdd322661f8","name":"Redazione","url":"https:\/\/www.intoscana.it\/it\/author\/redazione\/"}]}},"_links":{"self":[{"href":"https:\/\/www.intoscana.it\/it\/wp-json\/wp\/v2\/posts\/417908","targetHints":{"allow":["GET"]}}],"collection":[{"href":"https:\/\/www.intoscana.it\/it\/wp-json\/wp\/v2\/posts"}],"about":[{"href":"https:\/\/www.intoscana.it\/it\/wp-json\/wp\/v2\/types\/post"}],"author":[{"embeddable":true,"href":"https:\/\/www.intoscana.it\/it\/wp-json\/wp\/v2\/users\/525"}],"replies":[{"embeddable":true,"href":"https:\/\/www.intoscana.it\/it\/wp-json\/wp\/v2\/comments?post=417908"}],"version-history":[{"count":5,"href":"https:\/\/www.intoscana.it\/it\/wp-json\/wp\/v2\/posts\/417908\/revisions"}],"predecessor-version":[{"id":417931,"href":"https:\/\/www.intoscana.it\/it\/wp-json\/wp\/v2\/posts\/417908\/revisions\/417931"}],"wp:featuredmedia":[{"embeddable":true,"href":"https:\/\/www.intoscana.it\/it\/wp-json\/wp\/v2\/media\/417911"}],"wp:attachment":[{"href":"https:\/\/www.intoscana.it\/it\/wp-json\/wp\/v2\/media?parent=417908"}],"wp:term":[{"taxonomy":"category","embeddable":true,"href":"https:\/\/www.intoscana.it\/it\/wp-json\/wp\/v2\/categories?post=417908"},{"taxonomy":"post_tag","embeddable":true,"href":"https:\/\/www.intoscana.it\/it\/wp-json\/wp\/v2\/tags?post=417908"}],"curies":[{"name":"wp","href":"https:\/\/api.w.org\/{rel}","templated":true}]}}