{"id":418036,"date":"2026-02-21T13:26:57","date_gmt":"2026-02-21T12:26:57","guid":{"rendered":"https:\/\/www.intoscana.it\/it\/?p=418036"},"modified":"2026-02-21T13:26:57","modified_gmt":"2026-02-21T12:26:57","slug":"lassessora-manetti-in-tour-tra-san-gimignano-e-siena-cultura-come-rete-viva-dei-territori","status":"publish","type":"post","link":"https:\/\/www.intoscana.it\/it\/lassessora-manetti-in-tour-tra-san-gimignano-e-siena-cultura-come-rete-viva-dei-territori\/","title":{"rendered":"L&#8217;assessora Manetti in tour tra San Gimignano e Siena: cultura come rete viva dei territori"},"content":{"rendered":"<p>Prosegue il tour istituzionale nei territori toscani dell<strong>\u2019assessora alla cultura Cristina Manetti<\/strong>, che ha fatto tappa a <strong>San Gimignano e Siena<\/strong> per una giornata di incontri con amministratori e istituzioni culturali.<\/p>\n<p>A San Gimignano, dopo il confronto in Comune con <strong>il sindaco Andrea Marrucci,<\/strong> Manetti ha partecipato alla giornata di studi al <strong>Complesso museale di Santa Chiara<\/strong> e ha discusso del sistema dei Musei Civici, del rilancio del <strong>Teatro dei Leggieri<\/strong> e dei progetti culturali cittadini, tra cui il <strong>Festival Orizzonti Verticali.<\/strong><\/p>\n<p>Nel pomeriggio la<strong> visita a Siena<\/strong> ha incluso l\u2019incontro con il <strong>rettore Roberto Di Pietra all\u2019Universit\u00e0 di Siena<\/strong>, la tappa all\u2019<strong>Accademia dei Fisiocritici e alla Fondazione Accademia Musicale Chigiana<\/strong>, dove ha incontrato il <strong>direttore artistico Nicola Sani.<\/strong><\/p>\n<p>La giornata si \u00e8 conclusa con la visita ai principali Musei Civici, tra cui il <strong>Palazzo Pubblico, il Complesso museale Santa Maria della Scala e la Biblioteca comunale degli Intronati,<\/strong> fino al museo della <strong>Contrada della Pantera.<\/strong><\/p>\n<p><em>\u201cLa cultura in Toscana \u00e8 una rete viva che unisce istituzioni, territori e comunit\u00e0. Con questo tour vogliamo ascoltare, valorizzare e rafforzare le realt\u00e0 locali, perch\u00e9 investire in cultura significa investire nella qualit\u00e0 della vita, nella conoscenza e nel futuro delle nostre citt\u00e0\u201d<\/em>, ha dichiarato<strong> l\u2019assessora Cristina Manetti.<\/strong><\/p>\n<p>Il tour proseguir\u00e0 nelle prossime settimane con nuove tappe, nell\u2019ottica di consolidare il confronto diretto con<strong> amministratori, operatori culturali e cittadini<\/strong> su <strong>progetti, criticit\u00e0 e prospettive di sviluppo<\/strong> del sistema culturale toscano.<\/p>\n","protected":false},"excerpt":{"rendered":"<p>Il tour proseguir\u00e0 nelle prossime settimane con nuove tappe, nell\u2019ottica di consolidare il confronto diretto con amministratori, operatori culturali e cittadini su progetti, criticit\u00e0 e prospettive di sviluppo del sistema culturale toscano<\/p>\n","protected":false},"author":525,"featured_media":418037,"comment_status":"open","ping_status":"open","sticky":false,"template":"","format":"standard","meta":{"_acf_changed":false,"footnotes":""},"categories":[494],"tags":[6652,151],"class_list":["post-418036","post","type-post","status-publish","format-standard","has-post-thumbnail","hentry","category-attualita","tag-cristina-manetti","tag-regione-toscana"],"acf":[],"yoast_head":"<!-- This site is optimized with the Yoast SEO Premium plugin v24.2 (Yoast SEO v25.6) - https:\/\/yoast.com\/wordpress\/plugins\/seo\/ -->\n<title>L&#039;assessora Manetti in tour tra San Gimignano e Siena: cultura come rete viva dei territori - intoscana<\/title>\n<meta name=\"description\" content=\"Il tour proseguir\u00e0 nelle prossime settimane con nuove tappe, nell\u2019ottica di consolidare il confronto diretto con amministratori, operatori\" \/>\n<meta name=\"robots\" content=\"index, follow, max-snippet:-1, max-image-preview:large, max-video-preview:-1\" \/>\n<link rel=\"canonical\" href=\"https:\/\/www.intoscana.it\/it\/lassessora-manetti-in-tour-tra-san-gimignano-e-siena-cultura-come-rete-viva-dei-territori\/\" \/>\n<meta property=\"og:locale\" content=\"it_IT\" \/>\n<meta property=\"og:type\" content=\"article\" \/>\n<meta property=\"og:title\" content=\"L&#039;assessora Manetti in tour tra San Gimignano e Siena: cultura come rete viva dei territori\" \/>\n<meta property=\"og:description\" content=\"Il tour proseguir\u00e0 nelle prossime settimane con nuove tappe, nell\u2019ottica di consolidare il confronto diretto con amministratori, operatori\" \/>\n<meta property=\"og:url\" content=\"https:\/\/www.intoscana.it\/it\/lassessora-manetti-in-tour-tra-san-gimignano-e-siena-cultura-come-rete-viva-dei-territori\/\" \/>\n<meta property=\"og:site_name\" content=\"intoscana\" \/>\n<meta property=\"article:publisher\" content=\"https:\/\/www.facebook.com\/intoscana.it\" \/>\n<meta property=\"article:published_time\" content=\"2026-02-21T12:26:57+00:00\" \/>\n<meta property=\"og:image\" content=\"https:\/\/www.intoscana.it\/wp-content\/uploads\/sangim.jpeg\" \/>\n\t<meta property=\"og:image:width\" content=\"1600\" \/>\n\t<meta property=\"og:image:height\" content=\"1200\" \/>\n\t<meta property=\"og:image:type\" content=\"image\/jpeg\" \/>\n<meta name=\"author\" content=\"Redazione\" \/>\n<meta name=\"twitter:card\" content=\"summary_large_image\" \/>\n<meta name=\"twitter:creator\" content=\"@intoscana\" \/>\n<meta name=\"twitter:site\" content=\"@intoscana\" \/>\n<meta name=\"twitter:label1\" content=\"Written by\" \/>\n\t<meta name=\"twitter:data1\" content=\"Redazione\" \/>\n\t<meta name=\"twitter:label2\" content=\"Est. reading time\" \/>\n\t<meta name=\"twitter:data2\" content=\"2 minuti\" \/>\n<script type=\"application\/ld+json\" class=\"yoast-schema-graph\">{\"@context\":\"https:\/\/schema.org\",\"@graph\":[{\"@type\":\"WebPage\",\"@id\":\"https:\/\/www.intoscana.it\/it\/lassessora-manetti-in-tour-tra-san-gimignano-e-siena-cultura-come-rete-viva-dei-territori\/\",\"url\":\"https:\/\/www.intoscana.it\/it\/lassessora-manetti-in-tour-tra-san-gimignano-e-siena-cultura-come-rete-viva-dei-territori\/\",\"name\":\"L'assessora Manetti in tour tra San Gimignano e Siena: cultura come rete viva dei territori - intoscana\",\"isPartOf\":{\"@id\":\"https:\/\/www.intoscana.it\/it\/#website\"},\"primaryImageOfPage\":{\"@id\":\"https:\/\/www.intoscana.it\/it\/lassessora-manetti-in-tour-tra-san-gimignano-e-siena-cultura-come-rete-viva-dei-territori\/#primaryimage\"},\"image\":{\"@id\":\"https:\/\/www.intoscana.it\/it\/lassessora-manetti-in-tour-tra-san-gimignano-e-siena-cultura-come-rete-viva-dei-territori\/#primaryimage\"},\"thumbnailUrl\":\"https:\/\/www.intoscana.it\/wp-content\/uploads\/sangim.jpeg\",\"datePublished\":\"2026-02-21T12:26:57+00:00\",\"author\":{\"@id\":\"https:\/\/www.intoscana.it\/it\/#\/schema\/person\/9223810753230f20bd670fdd322661f8\"},\"description\":\"Il tour proseguir\u00e0 nelle prossime settimane con nuove tappe, nell\u2019ottica di consolidare il confronto diretto con amministratori, operatori\",\"breadcrumb\":{\"@id\":\"https:\/\/www.intoscana.it\/it\/lassessora-manetti-in-tour-tra-san-gimignano-e-siena-cultura-come-rete-viva-dei-territori\/#breadcrumb\"},\"inLanguage\":\"it-IT\",\"potentialAction\":[{\"@type\":\"ReadAction\",\"target\":[\"https:\/\/www.intoscana.it\/it\/lassessora-manetti-in-tour-tra-san-gimignano-e-siena-cultura-come-rete-viva-dei-territori\/\"]}]},{\"@type\":\"ImageObject\",\"inLanguage\":\"it-IT\",\"@id\":\"https:\/\/www.intoscana.it\/it\/lassessora-manetti-in-tour-tra-san-gimignano-e-siena-cultura-come-rete-viva-dei-territori\/#primaryimage\",\"url\":\"https:\/\/www.intoscana.it\/wp-content\/uploads\/sangim.jpeg\",\"contentUrl\":\"https:\/\/www.intoscana.it\/wp-content\/uploads\/sangim.jpeg\",\"width\":1600,\"height\":1200},{\"@type\":\"BreadcrumbList\",\"@id\":\"https:\/\/www.intoscana.it\/it\/lassessora-manetti-in-tour-tra-san-gimignano-e-siena-cultura-come-rete-viva-dei-territori\/#breadcrumb\",\"itemListElement\":[{\"@type\":\"ListItem\",\"position\":1,\"name\":\"Home\",\"item\":\"https:\/\/www.intoscana.it\/it\/\"},{\"@type\":\"ListItem\",\"position\":2,\"name\":\"L&#8217;assessora Manetti in tour tra San Gimignano e Siena: cultura come rete viva dei territori\"}]},{\"@type\":\"WebSite\",\"@id\":\"https:\/\/www.intoscana.it\/it\/#website\",\"url\":\"https:\/\/www.intoscana.it\/it\/\",\"name\":\"intoscana\",\"description\":\"\",\"potentialAction\":[{\"@type\":\"SearchAction\",\"target\":{\"@type\":\"EntryPoint\",\"urlTemplate\":\"https:\/\/www.intoscana.it\/it\/?s={search_term_string}\"},\"query-input\":{\"@type\":\"PropertyValueSpecification\",\"valueRequired\":true,\"valueName\":\"search_term_string\"}}],\"inLanguage\":\"it-IT\"},{\"@type\":\"Person\",\"@id\":\"https:\/\/www.intoscana.it\/it\/#\/schema\/person\/9223810753230f20bd670fdd322661f8\",\"name\":\"Redazione\",\"url\":\"https:\/\/www.intoscana.it\/it\/author\/redazione\/\"}]}<\/script>\n<!-- \/ Yoast SEO Premium plugin. -->","yoast_head_json":{"title":"L'assessora Manetti in tour tra San Gimignano e Siena: cultura come rete viva dei territori - intoscana","description":"Il tour proseguir\u00e0 nelle prossime settimane con nuove tappe, nell\u2019ottica di consolidare il confronto diretto con amministratori, operatori","robots":{"index":"index","follow":"follow","max-snippet":"max-snippet:-1","max-image-preview":"max-image-preview:large","max-video-preview":"max-video-preview:-1"},"canonical":"https:\/\/www.intoscana.it\/it\/lassessora-manetti-in-tour-tra-san-gimignano-e-siena-cultura-come-rete-viva-dei-territori\/","og_locale":"it_IT","og_type":"article","og_title":"L'assessora Manetti in tour tra San Gimignano e Siena: cultura come rete viva dei territori","og_description":"Il tour proseguir\u00e0 nelle prossime settimane con nuove tappe, nell\u2019ottica di consolidare il confronto diretto con amministratori, operatori","og_url":"https:\/\/www.intoscana.it\/it\/lassessora-manetti-in-tour-tra-san-gimignano-e-siena-cultura-come-rete-viva-dei-territori\/","og_site_name":"intoscana","article_publisher":"https:\/\/www.facebook.com\/intoscana.it","article_published_time":"2026-02-21T12:26:57+00:00","og_image":[{"width":1600,"height":1200,"url":"https:\/\/www.intoscana.it\/wp-content\/uploads\/sangim.jpeg","type":"image\/jpeg"}],"author":"Redazione","twitter_card":"summary_large_image","twitter_creator":"@intoscana","twitter_site":"@intoscana","twitter_misc":{"Written by":"Redazione","Est. reading time":"2 minuti"},"schema":{"@context":"https:\/\/schema.org","@graph":[{"@type":"WebPage","@id":"https:\/\/www.intoscana.it\/it\/lassessora-manetti-in-tour-tra-san-gimignano-e-siena-cultura-come-rete-viva-dei-territori\/","url":"https:\/\/www.intoscana.it\/it\/lassessora-manetti-in-tour-tra-san-gimignano-e-siena-cultura-come-rete-viva-dei-territori\/","name":"L'assessora Manetti in tour tra San Gimignano e Siena: cultura come rete viva dei territori - intoscana","isPartOf":{"@id":"https:\/\/www.intoscana.it\/it\/#website"},"primaryImageOfPage":{"@id":"https:\/\/www.intoscana.it\/it\/lassessora-manetti-in-tour-tra-san-gimignano-e-siena-cultura-come-rete-viva-dei-territori\/#primaryimage"},"image":{"@id":"https:\/\/www.intoscana.it\/it\/lassessora-manetti-in-tour-tra-san-gimignano-e-siena-cultura-come-rete-viva-dei-territori\/#primaryimage"},"thumbnailUrl":"https:\/\/www.intoscana.it\/wp-content\/uploads\/sangim.jpeg","datePublished":"2026-02-21T12:26:57+00:00","author":{"@id":"https:\/\/www.intoscana.it\/it\/#\/schema\/person\/9223810753230f20bd670fdd322661f8"},"description":"Il tour proseguir\u00e0 nelle prossime settimane con nuove tappe, nell\u2019ottica di consolidare il confronto diretto con amministratori, operatori","breadcrumb":{"@id":"https:\/\/www.intoscana.it\/it\/lassessora-manetti-in-tour-tra-san-gimignano-e-siena-cultura-come-rete-viva-dei-territori\/#breadcrumb"},"inLanguage":"it-IT","potentialAction":[{"@type":"ReadAction","target":["https:\/\/www.intoscana.it\/it\/lassessora-manetti-in-tour-tra-san-gimignano-e-siena-cultura-come-rete-viva-dei-territori\/"]}]},{"@type":"ImageObject","inLanguage":"it-IT","@id":"https:\/\/www.intoscana.it\/it\/lassessora-manetti-in-tour-tra-san-gimignano-e-siena-cultura-come-rete-viva-dei-territori\/#primaryimage","url":"https:\/\/www.intoscana.it\/wp-content\/uploads\/sangim.jpeg","contentUrl":"https:\/\/www.intoscana.it\/wp-content\/uploads\/sangim.jpeg","width":1600,"height":1200},{"@type":"BreadcrumbList","@id":"https:\/\/www.intoscana.it\/it\/lassessora-manetti-in-tour-tra-san-gimignano-e-siena-cultura-come-rete-viva-dei-territori\/#breadcrumb","itemListElement":[{"@type":"ListItem","position":1,"name":"Home","item":"https:\/\/www.intoscana.it\/it\/"},{"@type":"ListItem","position":2,"name":"L&#8217;assessora Manetti in tour tra San Gimignano e Siena: cultura come rete viva dei territori"}]},{"@type":"WebSite","@id":"https:\/\/www.intoscana.it\/it\/#website","url":"https:\/\/www.intoscana.it\/it\/","name":"intoscana","description":"","potentialAction":[{"@type":"SearchAction","target":{"@type":"EntryPoint","urlTemplate":"https:\/\/www.intoscana.it\/it\/?s={search_term_string}"},"query-input":{"@type":"PropertyValueSpecification","valueRequired":true,"valueName":"search_term_string"}}],"inLanguage":"it-IT"},{"@type":"Person","@id":"https:\/\/www.intoscana.it\/it\/#\/schema\/person\/9223810753230f20bd670fdd322661f8","name":"Redazione","url":"https:\/\/www.intoscana.it\/it\/author\/redazione\/"}]}},"_links":{"self":[{"href":"https:\/\/www.intoscana.it\/it\/wp-json\/wp\/v2\/posts\/418036","targetHints":{"allow":["GET"]}}],"collection":[{"href":"https:\/\/www.intoscana.it\/it\/wp-json\/wp\/v2\/posts"}],"about":[{"href":"https:\/\/www.intoscana.it\/it\/wp-json\/wp\/v2\/types\/post"}],"author":[{"embeddable":true,"href":"https:\/\/www.intoscana.it\/it\/wp-json\/wp\/v2\/users\/525"}],"replies":[{"embeddable":true,"href":"https:\/\/www.intoscana.it\/it\/wp-json\/wp\/v2\/comments?post=418036"}],"version-history":[{"count":1,"href":"https:\/\/www.intoscana.it\/it\/wp-json\/wp\/v2\/posts\/418036\/revisions"}],"predecessor-version":[{"id":418038,"href":"https:\/\/www.intoscana.it\/it\/wp-json\/wp\/v2\/posts\/418036\/revisions\/418038"}],"wp:featuredmedia":[{"embeddable":true,"href":"https:\/\/www.intoscana.it\/it\/wp-json\/wp\/v2\/media\/418037"}],"wp:attachment":[{"href":"https:\/\/www.intoscana.it\/it\/wp-json\/wp\/v2\/media?parent=418036"}],"wp:term":[{"taxonomy":"category","embeddable":true,"href":"https:\/\/www.intoscana.it\/it\/wp-json\/wp\/v2\/categories?post=418036"},{"taxonomy":"post_tag","embeddable":true,"href":"https:\/\/www.intoscana.it\/it\/wp-json\/wp\/v2\/tags?post=418036"}],"curies":[{"name":"wp","href":"https:\/\/api.w.org\/{rel}","templated":true}]}}