{"id":418387,"date":"2026-02-25T11:14:41","date_gmt":"2026-02-25T10:14:41","guid":{"rendered":"https:\/\/www.intoscana.it\/it\/?p=418387"},"modified":"2026-02-25T11:14:41","modified_gmt":"2026-02-25T10:14:41","slug":"sanita-al-meyer-tecniche-mini-invasive-per-la-cura-delle-malformazioni-al-cranio","status":"publish","type":"post","link":"https:\/\/www.intoscana.it\/it\/sanita-al-meyer-tecniche-mini-invasive-per-la-cura-delle-malformazioni-al-cranio\/","title":{"rendered":"Sanit\u00e0, al Meyer tecniche mini-invasive per la cura delle malformazioni al cranio"},"content":{"rendered":"<p>L&#8217;ospedale pediatrico <strong>Meyer di Firenze<\/strong> \u00e8 tra i primi in Italia ad eseguire operazioni mini-invasive per la craniostenosi, una patologia rara che colpisce un bambino su 2.500: \u00e8 la fusione delle suture craniche che provoca varie e gravi malformazioni. <mark>Sono, ad oggi, 190 i pazienti trattati con la procedura endoscopica.<\/mark> \u00c8 quanto emerso nel corso del congresso &#8220;Craniostenosi, dalla diagnosi alla cura&#8221; che ha visto riuniti i massimi esperti italiani e stranieri per confrontarsi e condividere prospettive su una patologia che pu\u00f2 impattare in maniera significativa sulla qualit\u00e0 di vita dei bambini.<\/p>\n<p>Oltre alla malformazione cranica, la <strong>patologia<\/strong> pu\u00f2 provocare infatti problematiche visive, ipertensione intracranica, malformazione di Chiari secondaria alla craniostenosi, idrocefalo.<\/p>\n<h3><em>L&#8217;operazione con l&#8217;endoscopio<\/em><\/h3>\n<p>Le tecniche classiche, come spiegano dal Meyer, prevedono un <mark>intervento sulla parte cranica interessata che richiede di smontare il cranio e rimontarlo, con forti perdite di sangue, grandi cicatrici, tempi chirurgici lunghi e una ripresa dopo l&#8217;intervento pi\u00f9 lenta.<\/mark> All&#8217;ospedale pediatrico fiorentino, invece, c&#8217;\u00e8 la possibilit\u00e0 di utilizzare una <strong>tecnica mini-invasiva<\/strong> con il supporto dell&#8217;endoscopio che permette di portare la visione fin dentro il campo operatorio senza la necessit\u00e0 di esporre il cranio.<\/p>\n<p>Questa procedura \u00e8 indicata in alcune tipologie di craniostenosi e permette di ottenere gli stessi risultati delle tecniche classiche, ma con <mark>perdite di sangue molto pi\u00f9 contenute, tempi chirurgici pi\u00f9 brevi, una degenza ridotta e una cicatrice di pochi centimetri<\/mark> che, una volta caduti i punti, non \u00e8 pi\u00f9 visibile.<\/p>\n","protected":false},"excerpt":{"rendered":"<p>La craniostenosi \u00e8 una patologia rara con gravi conseguenze sulla vita dei bambini. L&#8217;ospedale pediatrico fiorentino \u00e8 tra i primi a trattare i pazienti con la procedura endoscopica: stessi risultati delle operazioni classiche, ma con minori perdite di sangue, degenza ridotta e piccole cicatrici<\/p>\n","protected":false},"author":525,"featured_media":388855,"comment_status":"open","ping_status":"open","sticky":false,"template":"","format":"standard","meta":{"_acf_changed":false,"footnotes":""},"categories":[18],"tags":[350,408,349],"class_list":["post-418387","post","type-post","status-publish","format-standard","has-post-thumbnail","hentry","category-salute","tag-bambini","tag-meyer","tag-sanita"],"acf":[],"yoast_head":"<!-- This site is optimized with the Yoast SEO Premium plugin v24.2 (Yoast SEO v25.6) - https:\/\/yoast.com\/wordpress\/plugins\/seo\/ -->\n<title>Sanit\u00e0, al Meyer tecniche mini-invasive per la cura delle malformazioni al cranio - intoscana<\/title>\n<meta name=\"description\" content=\"La craniostenosi \u00e8 una patologia rara con gravi conseguenze sulla vita dei bambini. L&#039;ospedale pediatrico fiorentino \u00e8 tra i primi a trattare i pazienti con la procedura endoscopica: stessi risultati delle operazioni classiche, ma con minori perdite di sangue, degenza ridotta e piccole cicatrici\" \/>\n<meta name=\"robots\" content=\"index, follow, max-snippet:-1, max-image-preview:large, max-video-preview:-1\" \/>\n<link rel=\"canonical\" href=\"https:\/\/www.intoscana.it\/it\/sanita-al-meyer-tecniche-mini-invasive-per-la-cura-delle-malformazioni-al-cranio\/\" \/>\n<meta property=\"og:locale\" content=\"it_IT\" \/>\n<meta property=\"og:type\" content=\"article\" \/>\n<meta property=\"og:title\" content=\"Sanit\u00e0, al Meyer tecniche mini-invasive per la cura delle malformazioni al cranio\" \/>\n<meta property=\"og:description\" content=\"La craniostenosi \u00e8 una patologia rara con gravi conseguenze sulla vita dei bambini. L&#039;ospedale pediatrico fiorentino \u00e8 tra i primi a trattare i pazienti con la procedura endoscopica: stessi risultati delle operazioni classiche, ma con minori perdite di sangue, degenza ridotta e piccole cicatrici\" \/>\n<meta property=\"og:url\" content=\"https:\/\/www.intoscana.it\/it\/sanita-al-meyer-tecniche-mini-invasive-per-la-cura-delle-malformazioni-al-cranio\/\" \/>\n<meta property=\"og:site_name\" content=\"intoscana\" \/>\n<meta property=\"article:publisher\" content=\"https:\/\/www.facebook.com\/intoscana.it\" \/>\n<meta property=\"article:published_time\" content=\"2026-02-25T10:14:41+00:00\" \/>\n<meta property=\"og:image\" content=\"https:\/\/www.intoscana.it\/wp-content\/uploads\/ingresso-meyer-1.png\" \/>\n\t<meta property=\"og:image:width\" content=\"500\" \/>\n\t<meta property=\"og:image:height\" content=\"375\" \/>\n\t<meta property=\"og:image:type\" content=\"image\/png\" \/>\n<meta name=\"author\" content=\"Redazione\" \/>\n<meta name=\"twitter:card\" content=\"summary_large_image\" \/>\n<meta name=\"twitter:creator\" content=\"@intoscana\" \/>\n<meta name=\"twitter:site\" content=\"@intoscana\" \/>\n<meta name=\"twitter:label1\" content=\"Written by\" \/>\n\t<meta name=\"twitter:data1\" content=\"Redazione\" \/>\n\t<meta name=\"twitter:label2\" content=\"Est. reading time\" \/>\n\t<meta name=\"twitter:data2\" content=\"2 minuti\" \/>\n<script type=\"application\/ld+json\" class=\"yoast-schema-graph\">{\"@context\":\"https:\/\/schema.org\",\"@graph\":[{\"@type\":\"WebPage\",\"@id\":\"https:\/\/www.intoscana.it\/it\/sanita-al-meyer-tecniche-mini-invasive-per-la-cura-delle-malformazioni-al-cranio\/\",\"url\":\"https:\/\/www.intoscana.it\/it\/sanita-al-meyer-tecniche-mini-invasive-per-la-cura-delle-malformazioni-al-cranio\/\",\"name\":\"Sanit\u00e0, al Meyer tecniche mini-invasive per la cura delle malformazioni al cranio - intoscana\",\"isPartOf\":{\"@id\":\"https:\/\/www.intoscana.it\/it\/#website\"},\"primaryImageOfPage\":{\"@id\":\"https:\/\/www.intoscana.it\/it\/sanita-al-meyer-tecniche-mini-invasive-per-la-cura-delle-malformazioni-al-cranio\/#primaryimage\"},\"image\":{\"@id\":\"https:\/\/www.intoscana.it\/it\/sanita-al-meyer-tecniche-mini-invasive-per-la-cura-delle-malformazioni-al-cranio\/#primaryimage\"},\"thumbnailUrl\":\"https:\/\/www.intoscana.it\/wp-content\/uploads\/ingresso-meyer-1.png\",\"datePublished\":\"2026-02-25T10:14:41+00:00\",\"author\":{\"@id\":\"https:\/\/www.intoscana.it\/it\/#\/schema\/person\/9223810753230f20bd670fdd322661f8\"},\"description\":\"La craniostenosi \u00e8 una patologia rara con gravi conseguenze sulla vita dei bambini. L'ospedale pediatrico fiorentino \u00e8 tra i primi a trattare i pazienti con la procedura endoscopica: stessi risultati delle operazioni classiche, ma con minori perdite di sangue, degenza ridotta e piccole cicatrici\",\"breadcrumb\":{\"@id\":\"https:\/\/www.intoscana.it\/it\/sanita-al-meyer-tecniche-mini-invasive-per-la-cura-delle-malformazioni-al-cranio\/#breadcrumb\"},\"inLanguage\":\"it-IT\",\"potentialAction\":[{\"@type\":\"ReadAction\",\"target\":[\"https:\/\/www.intoscana.it\/it\/sanita-al-meyer-tecniche-mini-invasive-per-la-cura-delle-malformazioni-al-cranio\/\"]}]},{\"@type\":\"ImageObject\",\"inLanguage\":\"it-IT\",\"@id\":\"https:\/\/www.intoscana.it\/it\/sanita-al-meyer-tecniche-mini-invasive-per-la-cura-delle-malformazioni-al-cranio\/#primaryimage\",\"url\":\"https:\/\/www.intoscana.it\/wp-content\/uploads\/ingresso-meyer-1.png\",\"contentUrl\":\"https:\/\/www.intoscana.it\/wp-content\/uploads\/ingresso-meyer-1.png\",\"width\":500,\"height\":375},{\"@type\":\"BreadcrumbList\",\"@id\":\"https:\/\/www.intoscana.it\/it\/sanita-al-meyer-tecniche-mini-invasive-per-la-cura-delle-malformazioni-al-cranio\/#breadcrumb\",\"itemListElement\":[{\"@type\":\"ListItem\",\"position\":1,\"name\":\"Home\",\"item\":\"https:\/\/www.intoscana.it\/it\/\"},{\"@type\":\"ListItem\",\"position\":2,\"name\":\"Sanit\u00e0, al Meyer tecniche mini-invasive per la cura delle malformazioni al cranio\"}]},{\"@type\":\"WebSite\",\"@id\":\"https:\/\/www.intoscana.it\/it\/#website\",\"url\":\"https:\/\/www.intoscana.it\/it\/\",\"name\":\"intoscana\",\"description\":\"\",\"potentialAction\":[{\"@type\":\"SearchAction\",\"target\":{\"@type\":\"EntryPoint\",\"urlTemplate\":\"https:\/\/www.intoscana.it\/it\/?s={search_term_string}\"},\"query-input\":{\"@type\":\"PropertyValueSpecification\",\"valueRequired\":true,\"valueName\":\"search_term_string\"}}],\"inLanguage\":\"it-IT\"},{\"@type\":\"Person\",\"@id\":\"https:\/\/www.intoscana.it\/it\/#\/schema\/person\/9223810753230f20bd670fdd322661f8\",\"name\":\"Redazione\",\"url\":\"https:\/\/www.intoscana.it\/it\/author\/redazione\/\"}]}<\/script>\n<!-- \/ Yoast SEO Premium plugin. -->","yoast_head_json":{"title":"Sanit\u00e0, al Meyer tecniche mini-invasive per la cura delle malformazioni al cranio - intoscana","description":"La craniostenosi \u00e8 una patologia rara con gravi conseguenze sulla vita dei bambini. L'ospedale pediatrico fiorentino \u00e8 tra i primi a trattare i pazienti con la procedura endoscopica: stessi risultati delle operazioni classiche, ma con minori perdite di sangue, degenza ridotta e piccole cicatrici","robots":{"index":"index","follow":"follow","max-snippet":"max-snippet:-1","max-image-preview":"max-image-preview:large","max-video-preview":"max-video-preview:-1"},"canonical":"https:\/\/www.intoscana.it\/it\/sanita-al-meyer-tecniche-mini-invasive-per-la-cura-delle-malformazioni-al-cranio\/","og_locale":"it_IT","og_type":"article","og_title":"Sanit\u00e0, al Meyer tecniche mini-invasive per la cura delle malformazioni al cranio","og_description":"La craniostenosi \u00e8 una patologia rara con gravi conseguenze sulla vita dei bambini. L'ospedale pediatrico fiorentino \u00e8 tra i primi a trattare i pazienti con la procedura endoscopica: stessi risultati delle operazioni classiche, ma con minori perdite di sangue, degenza ridotta e piccole cicatrici","og_url":"https:\/\/www.intoscana.it\/it\/sanita-al-meyer-tecniche-mini-invasive-per-la-cura-delle-malformazioni-al-cranio\/","og_site_name":"intoscana","article_publisher":"https:\/\/www.facebook.com\/intoscana.it","article_published_time":"2026-02-25T10:14:41+00:00","og_image":[{"width":500,"height":375,"url":"https:\/\/www.intoscana.it\/wp-content\/uploads\/ingresso-meyer-1.png","type":"image\/png"}],"author":"Redazione","twitter_card":"summary_large_image","twitter_creator":"@intoscana","twitter_site":"@intoscana","twitter_misc":{"Written by":"Redazione","Est. reading time":"2 minuti"},"schema":{"@context":"https:\/\/schema.org","@graph":[{"@type":"WebPage","@id":"https:\/\/www.intoscana.it\/it\/sanita-al-meyer-tecniche-mini-invasive-per-la-cura-delle-malformazioni-al-cranio\/","url":"https:\/\/www.intoscana.it\/it\/sanita-al-meyer-tecniche-mini-invasive-per-la-cura-delle-malformazioni-al-cranio\/","name":"Sanit\u00e0, al Meyer tecniche mini-invasive per la cura delle malformazioni al cranio - intoscana","isPartOf":{"@id":"https:\/\/www.intoscana.it\/it\/#website"},"primaryImageOfPage":{"@id":"https:\/\/www.intoscana.it\/it\/sanita-al-meyer-tecniche-mini-invasive-per-la-cura-delle-malformazioni-al-cranio\/#primaryimage"},"image":{"@id":"https:\/\/www.intoscana.it\/it\/sanita-al-meyer-tecniche-mini-invasive-per-la-cura-delle-malformazioni-al-cranio\/#primaryimage"},"thumbnailUrl":"https:\/\/www.intoscana.it\/wp-content\/uploads\/ingresso-meyer-1.png","datePublished":"2026-02-25T10:14:41+00:00","author":{"@id":"https:\/\/www.intoscana.it\/it\/#\/schema\/person\/9223810753230f20bd670fdd322661f8"},"description":"La craniostenosi \u00e8 una patologia rara con gravi conseguenze sulla vita dei bambini. L'ospedale pediatrico fiorentino \u00e8 tra i primi a trattare i pazienti con la procedura endoscopica: stessi risultati delle operazioni classiche, ma con minori perdite di sangue, degenza ridotta e piccole cicatrici","breadcrumb":{"@id":"https:\/\/www.intoscana.it\/it\/sanita-al-meyer-tecniche-mini-invasive-per-la-cura-delle-malformazioni-al-cranio\/#breadcrumb"},"inLanguage":"it-IT","potentialAction":[{"@type":"ReadAction","target":["https:\/\/www.intoscana.it\/it\/sanita-al-meyer-tecniche-mini-invasive-per-la-cura-delle-malformazioni-al-cranio\/"]}]},{"@type":"ImageObject","inLanguage":"it-IT","@id":"https:\/\/www.intoscana.it\/it\/sanita-al-meyer-tecniche-mini-invasive-per-la-cura-delle-malformazioni-al-cranio\/#primaryimage","url":"https:\/\/www.intoscana.it\/wp-content\/uploads\/ingresso-meyer-1.png","contentUrl":"https:\/\/www.intoscana.it\/wp-content\/uploads\/ingresso-meyer-1.png","width":500,"height":375},{"@type":"BreadcrumbList","@id":"https:\/\/www.intoscana.it\/it\/sanita-al-meyer-tecniche-mini-invasive-per-la-cura-delle-malformazioni-al-cranio\/#breadcrumb","itemListElement":[{"@type":"ListItem","position":1,"name":"Home","item":"https:\/\/www.intoscana.it\/it\/"},{"@type":"ListItem","position":2,"name":"Sanit\u00e0, al Meyer tecniche mini-invasive per la cura delle malformazioni al cranio"}]},{"@type":"WebSite","@id":"https:\/\/www.intoscana.it\/it\/#website","url":"https:\/\/www.intoscana.it\/it\/","name":"intoscana","description":"","potentialAction":[{"@type":"SearchAction","target":{"@type":"EntryPoint","urlTemplate":"https:\/\/www.intoscana.it\/it\/?s={search_term_string}"},"query-input":{"@type":"PropertyValueSpecification","valueRequired":true,"valueName":"search_term_string"}}],"inLanguage":"it-IT"},{"@type":"Person","@id":"https:\/\/www.intoscana.it\/it\/#\/schema\/person\/9223810753230f20bd670fdd322661f8","name":"Redazione","url":"https:\/\/www.intoscana.it\/it\/author\/redazione\/"}]}},"_links":{"self":[{"href":"https:\/\/www.intoscana.it\/it\/wp-json\/wp\/v2\/posts\/418387","targetHints":{"allow":["GET"]}}],"collection":[{"href":"https:\/\/www.intoscana.it\/it\/wp-json\/wp\/v2\/posts"}],"about":[{"href":"https:\/\/www.intoscana.it\/it\/wp-json\/wp\/v2\/types\/post"}],"author":[{"embeddable":true,"href":"https:\/\/www.intoscana.it\/it\/wp-json\/wp\/v2\/users\/525"}],"replies":[{"embeddable":true,"href":"https:\/\/www.intoscana.it\/it\/wp-json\/wp\/v2\/comments?post=418387"}],"version-history":[{"count":5,"href":"https:\/\/www.intoscana.it\/it\/wp-json\/wp\/v2\/posts\/418387\/revisions"}],"predecessor-version":[{"id":418462,"href":"https:\/\/www.intoscana.it\/it\/wp-json\/wp\/v2\/posts\/418387\/revisions\/418462"}],"wp:featuredmedia":[{"embeddable":true,"href":"https:\/\/www.intoscana.it\/it\/wp-json\/wp\/v2\/media\/388855"}],"wp:attachment":[{"href":"https:\/\/www.intoscana.it\/it\/wp-json\/wp\/v2\/media?parent=418387"}],"wp:term":[{"taxonomy":"category","embeddable":true,"href":"https:\/\/www.intoscana.it\/it\/wp-json\/wp\/v2\/categories?post=418387"},{"taxonomy":"post_tag","embeddable":true,"href":"https:\/\/www.intoscana.it\/it\/wp-json\/wp\/v2\/tags?post=418387"}],"curies":[{"name":"wp","href":"https:\/\/api.w.org\/{rel}","templated":true}]}}