{"id":418428,"date":"2026-02-25T10:37:09","date_gmt":"2026-02-25T09:37:09","guid":{"rendered":"https:\/\/www.intoscana.it\/it\/?p=418428"},"modified":"2026-02-26T11:40:30","modified_gmt":"2026-02-26T10:40:30","slug":"a-marco-masini-il-premio-artigiano-delle-note-e-delle-emozioni-di-confartigianato-imprese-firenze","status":"publish","type":"post","link":"https:\/\/www.intoscana.it\/it\/a-marco-masini-il-premio-artigiano-delle-note-e-delle-emozioni-di-confartigianato-imprese-firenze\/","title":{"rendered":"A Marco Masini il premio &#8220;Artigiano delle Note e delle Emozioni&#8221; di Confartigianato Imprese Firenze"},"content":{"rendered":"<p><strong>Confartigianato Imprese Firenze<\/strong> ha scelto quest\u2019anno di conferire a <strong>Marco Masini<\/strong> il premio di eccellenza artistica \u201c<strong>Artigiano delle Note e delle Emozioni\u201d<\/strong>, riconoscimento giunto alla terza edizione. Il cantautore toscano ricever\u00e0 il premio proprio durante la settimana sanremese. Masini \u00e8 alla sua decima apparizione sul palco <a href=\"https:\/\/www.intoscana.it\/it\/festival-di-sanremo-2026-fedez-e-masini-tra-i-primi-cinque-con-male-necessario\/\">dell\u2019Ariston<\/a> dove ha debuttato, ieri sera, in coppia con Fedex con il brano Male necessario.<\/p>\n<p>La scelta di consegnare il premio durante la settimana di Sanremo non \u00e8 causale: il premio nasce proprio con la volont\u00e0 di celebrare il talento, la dedizione e la straordinaria capacit\u00e0 di emozionare attraverso la musica<\/p>\n<p>La consegna del premio, realizzato dalla storica bottega\u00a0Paolo Penko\u00a0di Firenze, si terr\u00e0 nella giornata di gioved\u00ec 26 febbraio presso Casa Vessicchio di Sanremo: \u201cMarco Masini \u00e8 un artista che interpreta ogni brano con intensit\u00e0 e verit\u00e0, capace di trasformare le parole in emozioni vive. Con questo premio vogliamo celebrare non solo la sua carriera, ma anche la coerenza artistica e la sensibilit\u00e0 che da sempre contraddistinguono il suo percorso musicale\u201d\u00a0ha dichiarato\u00a0<strong>Silvia Vavolo<\/strong>, presidente di Confartigianato Spettacolo Firenze.<\/p>\n<figure id=\"post-418434 media-418434\" class=\"align-none\"><img decoding=\"async\" src=\"https:\/\/www.intoscana.it\/wp-content\/uploads\/Confartigianato-Spettacolo-Firenze_Sanremo-2026.jpeg\" alt=\"\" \/><\/figure>\n<p>Masini, artista profondamente legato alla sua terra, rappresenta un esempio di come talento e radici possano convivere in un percorso artistico di successo, mantenendo sempre forte il legame con il pubblico e con i valori culturali italiani.<\/p>\n<p>Nelle giornate di gioved\u00ec 26, venerd\u00ec 27 e sabato 28 febbraio, Confartigianato Spettacolo Firenze sar\u00e0 presente a Casa Vessicchio con\u00a0<strong>Oltresound Lab<\/strong>\u00a0per tre giorni di talk e musica dal vivo in diretta dal cuore del Festival di Sanremo\u00a0(programma in allegato).<\/p>\n","protected":false},"excerpt":{"rendered":"<p>&#8220;Celebriamo la coerenza artistica e la sensibilit\u00e0 che da sempre contraddistinguono il suo percorso musicale&#8221;. Il cantautore toscano ricever\u00e0 il premio proprio durante la settimana sanremese. Per Masini \u00e8 la decima apparizione sul palco dell\u2019Ariston.<\/p>\n","protected":false},"author":503,"featured_media":413581,"comment_status":"open","ping_status":"open","sticky":false,"template":"","format":"standard","meta":{"_acf_changed":false,"footnotes":""},"categories":[494],"tags":[5932,5592],"class_list":["post-418428","post","type-post","status-publish","format-standard","has-post-thumbnail","hentry","category-attualita","tag-marco-masini","tag-sanremo"],"acf":[],"yoast_head":"<!-- This site is optimized with the Yoast SEO Premium plugin v24.2 (Yoast SEO v25.6) - https:\/\/yoast.com\/wordpress\/plugins\/seo\/ -->\n<title>A Marco Masini il premio &quot;Artigiano delle Note e delle Emozioni&quot; di Confartigianato Imprese Firenze - intoscana<\/title>\n<meta name=\"description\" content=\"Il cantautore toscano ricever\u00e0 il premio proprio durante la settimana sanremese. Per Masini \u00e8 la decima apparizione sul palco dell\u2019Ariston\" \/>\n<meta name=\"robots\" content=\"index, follow, max-snippet:-1, max-image-preview:large, max-video-preview:-1\" \/>\n<link rel=\"canonical\" href=\"https:\/\/www.intoscana.it\/it\/a-marco-masini-il-premio-artigiano-delle-note-e-delle-emozioni-di-confartigianato-imprese-firenze\/\" \/>\n<meta property=\"og:locale\" content=\"it_IT\" \/>\n<meta property=\"og:type\" content=\"article\" \/>\n<meta property=\"og:title\" content=\"A Marco Masini il premio &quot;Artigiano delle Note e delle Emozioni&quot; di Confartigianato Imprese Firenze\" \/>\n<meta property=\"og:description\" content=\"Il cantautore toscano ricever\u00e0 il premio proprio durante la settimana sanremese. Per Masini \u00e8 la decima apparizione sul palco dell\u2019Ariston\" \/>\n<meta property=\"og:url\" content=\"https:\/\/www.intoscana.it\/it\/a-marco-masini-il-premio-artigiano-delle-note-e-delle-emozioni-di-confartigianato-imprese-firenze\/\" \/>\n<meta property=\"og:site_name\" content=\"intoscana\" \/>\n<meta property=\"article:publisher\" content=\"https:\/\/www.facebook.com\/intoscana.it\" \/>\n<meta property=\"article:published_time\" content=\"2026-02-25T09:37:09+00:00\" \/>\n<meta property=\"article:modified_time\" content=\"2026-02-26T10:40:30+00:00\" \/>\n<meta property=\"og:image\" content=\"https:\/\/www.intoscana.it\/wp-content\/uploads\/foto-Marco-Masini-6511-ph.-Chiara-Mirelli-scaled.jpeg\" \/>\n\t<meta property=\"og:image:width\" content=\"2048\" \/>\n\t<meta property=\"og:image:height\" content=\"1365\" \/>\n\t<meta property=\"og:image:type\" content=\"image\/jpeg\" \/>\n<meta name=\"author\" content=\"Giulia Rafanelli\" \/>\n<meta name=\"twitter:card\" content=\"summary_large_image\" \/>\n<meta name=\"twitter:creator\" content=\"@intoscana\" \/>\n<meta name=\"twitter:site\" content=\"@intoscana\" \/>\n<meta name=\"twitter:label1\" content=\"Written by\" \/>\n\t<meta name=\"twitter:data1\" content=\"Giulia Rafanelli\" \/>\n\t<meta name=\"twitter:label2\" content=\"Est. reading time\" \/>\n\t<meta name=\"twitter:data2\" content=\"2 minuti\" \/>\n<script type=\"application\/ld+json\" class=\"yoast-schema-graph\">{\"@context\":\"https:\/\/schema.org\",\"@graph\":[{\"@type\":\"WebPage\",\"@id\":\"https:\/\/www.intoscana.it\/it\/a-marco-masini-il-premio-artigiano-delle-note-e-delle-emozioni-di-confartigianato-imprese-firenze\/\",\"url\":\"https:\/\/www.intoscana.it\/it\/a-marco-masini-il-premio-artigiano-delle-note-e-delle-emozioni-di-confartigianato-imprese-firenze\/\",\"name\":\"A Marco Masini il premio \\\"Artigiano delle Note e delle Emozioni\\\" di Confartigianato Imprese Firenze - intoscana\",\"isPartOf\":{\"@id\":\"https:\/\/www.intoscana.it\/it\/#website\"},\"primaryImageOfPage\":{\"@id\":\"https:\/\/www.intoscana.it\/it\/a-marco-masini-il-premio-artigiano-delle-note-e-delle-emozioni-di-confartigianato-imprese-firenze\/#primaryimage\"},\"image\":{\"@id\":\"https:\/\/www.intoscana.it\/it\/a-marco-masini-il-premio-artigiano-delle-note-e-delle-emozioni-di-confartigianato-imprese-firenze\/#primaryimage\"},\"thumbnailUrl\":\"https:\/\/www.intoscana.it\/wp-content\/uploads\/foto-Marco-Masini-6511-ph.-Chiara-Mirelli-scaled.jpeg\",\"datePublished\":\"2026-02-25T09:37:09+00:00\",\"dateModified\":\"2026-02-26T10:40:30+00:00\",\"author\":{\"@id\":\"https:\/\/www.intoscana.it\/it\/#\/schema\/person\/333569b367b301e30262defcea56c939\"},\"description\":\"Il cantautore toscano ricever\u00e0 il premio proprio durante la settimana sanremese. Per Masini \u00e8 la decima apparizione sul palco dell\u2019Ariston\",\"breadcrumb\":{\"@id\":\"https:\/\/www.intoscana.it\/it\/a-marco-masini-il-premio-artigiano-delle-note-e-delle-emozioni-di-confartigianato-imprese-firenze\/#breadcrumb\"},\"inLanguage\":\"it-IT\",\"potentialAction\":[{\"@type\":\"ReadAction\",\"target\":[\"https:\/\/www.intoscana.it\/it\/a-marco-masini-il-premio-artigiano-delle-note-e-delle-emozioni-di-confartigianato-imprese-firenze\/\"]}]},{\"@type\":\"ImageObject\",\"inLanguage\":\"it-IT\",\"@id\":\"https:\/\/www.intoscana.it\/it\/a-marco-masini-il-premio-artigiano-delle-note-e-delle-emozioni-di-confartigianato-imprese-firenze\/#primaryimage\",\"url\":\"https:\/\/www.intoscana.it\/wp-content\/uploads\/foto-Marco-Masini-6511-ph.-Chiara-Mirelli-scaled.jpeg\",\"contentUrl\":\"https:\/\/www.intoscana.it\/wp-content\/uploads\/foto-Marco-Masini-6511-ph.-Chiara-Mirelli-scaled.jpeg\",\"width\":2048,\"height\":1365,\"caption\":\"Marco Masini\"},{\"@type\":\"BreadcrumbList\",\"@id\":\"https:\/\/www.intoscana.it\/it\/a-marco-masini-il-premio-artigiano-delle-note-e-delle-emozioni-di-confartigianato-imprese-firenze\/#breadcrumb\",\"itemListElement\":[{\"@type\":\"ListItem\",\"position\":1,\"name\":\"Home\",\"item\":\"https:\/\/www.intoscana.it\/it\/\"},{\"@type\":\"ListItem\",\"position\":2,\"name\":\"A Marco Masini il premio &#8220;Artigiano delle Note e delle Emozioni&#8221; di Confartigianato Imprese Firenze\"}]},{\"@type\":\"WebSite\",\"@id\":\"https:\/\/www.intoscana.it\/it\/#website\",\"url\":\"https:\/\/www.intoscana.it\/it\/\",\"name\":\"intoscana\",\"description\":\"\",\"potentialAction\":[{\"@type\":\"SearchAction\",\"target\":{\"@type\":\"EntryPoint\",\"urlTemplate\":\"https:\/\/www.intoscana.it\/it\/?s={search_term_string}\"},\"query-input\":{\"@type\":\"PropertyValueSpecification\",\"valueRequired\":true,\"valueName\":\"search_term_string\"}}],\"inLanguage\":\"it-IT\"},{\"@type\":\"Person\",\"@id\":\"https:\/\/www.intoscana.it\/it\/#\/schema\/person\/333569b367b301e30262defcea56c939\",\"name\":\"Giulia Rafanelli\",\"url\":\"https:\/\/www.intoscana.it\/it\/author\/giulia-rafanelli\/\"}]}<\/script>\n<!-- \/ Yoast SEO Premium plugin. -->","yoast_head_json":{"title":"A Marco Masini il premio \"Artigiano delle Note e delle Emozioni\" di Confartigianato Imprese Firenze - intoscana","description":"Il cantautore toscano ricever\u00e0 il premio proprio durante la settimana sanremese. Per Masini \u00e8 la decima apparizione sul palco dell\u2019Ariston","robots":{"index":"index","follow":"follow","max-snippet":"max-snippet:-1","max-image-preview":"max-image-preview:large","max-video-preview":"max-video-preview:-1"},"canonical":"https:\/\/www.intoscana.it\/it\/a-marco-masini-il-premio-artigiano-delle-note-e-delle-emozioni-di-confartigianato-imprese-firenze\/","og_locale":"it_IT","og_type":"article","og_title":"A Marco Masini il premio \"Artigiano delle Note e delle Emozioni\" di Confartigianato Imprese Firenze","og_description":"Il cantautore toscano ricever\u00e0 il premio proprio durante la settimana sanremese. Per Masini \u00e8 la decima apparizione sul palco dell\u2019Ariston","og_url":"https:\/\/www.intoscana.it\/it\/a-marco-masini-il-premio-artigiano-delle-note-e-delle-emozioni-di-confartigianato-imprese-firenze\/","og_site_name":"intoscana","article_publisher":"https:\/\/www.facebook.com\/intoscana.it","article_published_time":"2026-02-25T09:37:09+00:00","article_modified_time":"2026-02-26T10:40:30+00:00","og_image":[{"width":2048,"height":1365,"url":"https:\/\/www.intoscana.it\/wp-content\/uploads\/foto-Marco-Masini-6511-ph.-Chiara-Mirelli-scaled.jpeg","type":"image\/jpeg"}],"author":"Giulia Rafanelli","twitter_card":"summary_large_image","twitter_creator":"@intoscana","twitter_site":"@intoscana","twitter_misc":{"Written by":"Giulia Rafanelli","Est. reading time":"2 minuti"},"schema":{"@context":"https:\/\/schema.org","@graph":[{"@type":"WebPage","@id":"https:\/\/www.intoscana.it\/it\/a-marco-masini-il-premio-artigiano-delle-note-e-delle-emozioni-di-confartigianato-imprese-firenze\/","url":"https:\/\/www.intoscana.it\/it\/a-marco-masini-il-premio-artigiano-delle-note-e-delle-emozioni-di-confartigianato-imprese-firenze\/","name":"A Marco Masini il premio \"Artigiano delle Note e delle Emozioni\" di Confartigianato Imprese Firenze - intoscana","isPartOf":{"@id":"https:\/\/www.intoscana.it\/it\/#website"},"primaryImageOfPage":{"@id":"https:\/\/www.intoscana.it\/it\/a-marco-masini-il-premio-artigiano-delle-note-e-delle-emozioni-di-confartigianato-imprese-firenze\/#primaryimage"},"image":{"@id":"https:\/\/www.intoscana.it\/it\/a-marco-masini-il-premio-artigiano-delle-note-e-delle-emozioni-di-confartigianato-imprese-firenze\/#primaryimage"},"thumbnailUrl":"https:\/\/www.intoscana.it\/wp-content\/uploads\/foto-Marco-Masini-6511-ph.-Chiara-Mirelli-scaled.jpeg","datePublished":"2026-02-25T09:37:09+00:00","dateModified":"2026-02-26T10:40:30+00:00","author":{"@id":"https:\/\/www.intoscana.it\/it\/#\/schema\/person\/333569b367b301e30262defcea56c939"},"description":"Il cantautore toscano ricever\u00e0 il premio proprio durante la settimana sanremese. Per Masini \u00e8 la decima apparizione sul palco dell\u2019Ariston","breadcrumb":{"@id":"https:\/\/www.intoscana.it\/it\/a-marco-masini-il-premio-artigiano-delle-note-e-delle-emozioni-di-confartigianato-imprese-firenze\/#breadcrumb"},"inLanguage":"it-IT","potentialAction":[{"@type":"ReadAction","target":["https:\/\/www.intoscana.it\/it\/a-marco-masini-il-premio-artigiano-delle-note-e-delle-emozioni-di-confartigianato-imprese-firenze\/"]}]},{"@type":"ImageObject","inLanguage":"it-IT","@id":"https:\/\/www.intoscana.it\/it\/a-marco-masini-il-premio-artigiano-delle-note-e-delle-emozioni-di-confartigianato-imprese-firenze\/#primaryimage","url":"https:\/\/www.intoscana.it\/wp-content\/uploads\/foto-Marco-Masini-6511-ph.-Chiara-Mirelli-scaled.jpeg","contentUrl":"https:\/\/www.intoscana.it\/wp-content\/uploads\/foto-Marco-Masini-6511-ph.-Chiara-Mirelli-scaled.jpeg","width":2048,"height":1365,"caption":"Marco Masini"},{"@type":"BreadcrumbList","@id":"https:\/\/www.intoscana.it\/it\/a-marco-masini-il-premio-artigiano-delle-note-e-delle-emozioni-di-confartigianato-imprese-firenze\/#breadcrumb","itemListElement":[{"@type":"ListItem","position":1,"name":"Home","item":"https:\/\/www.intoscana.it\/it\/"},{"@type":"ListItem","position":2,"name":"A Marco Masini il premio &#8220;Artigiano delle Note e delle Emozioni&#8221; di Confartigianato Imprese Firenze"}]},{"@type":"WebSite","@id":"https:\/\/www.intoscana.it\/it\/#website","url":"https:\/\/www.intoscana.it\/it\/","name":"intoscana","description":"","potentialAction":[{"@type":"SearchAction","target":{"@type":"EntryPoint","urlTemplate":"https:\/\/www.intoscana.it\/it\/?s={search_term_string}"},"query-input":{"@type":"PropertyValueSpecification","valueRequired":true,"valueName":"search_term_string"}}],"inLanguage":"it-IT"},{"@type":"Person","@id":"https:\/\/www.intoscana.it\/it\/#\/schema\/person\/333569b367b301e30262defcea56c939","name":"Giulia Rafanelli","url":"https:\/\/www.intoscana.it\/it\/author\/giulia-rafanelli\/"}]}},"_links":{"self":[{"href":"https:\/\/www.intoscana.it\/it\/wp-json\/wp\/v2\/posts\/418428","targetHints":{"allow":["GET"]}}],"collection":[{"href":"https:\/\/www.intoscana.it\/it\/wp-json\/wp\/v2\/posts"}],"about":[{"href":"https:\/\/www.intoscana.it\/it\/wp-json\/wp\/v2\/types\/post"}],"author":[{"embeddable":true,"href":"https:\/\/www.intoscana.it\/it\/wp-json\/wp\/v2\/users\/503"}],"replies":[{"embeddable":true,"href":"https:\/\/www.intoscana.it\/it\/wp-json\/wp\/v2\/comments?post=418428"}],"version-history":[{"count":3,"href":"https:\/\/www.intoscana.it\/it\/wp-json\/wp\/v2\/posts\/418428\/revisions"}],"predecessor-version":[{"id":418602,"href":"https:\/\/www.intoscana.it\/it\/wp-json\/wp\/v2\/posts\/418428\/revisions\/418602"}],"wp:featuredmedia":[{"embeddable":true,"href":"https:\/\/www.intoscana.it\/it\/wp-json\/wp\/v2\/media\/413581"}],"wp:attachment":[{"href":"https:\/\/www.intoscana.it\/it\/wp-json\/wp\/v2\/media?parent=418428"}],"wp:term":[{"taxonomy":"category","embeddable":true,"href":"https:\/\/www.intoscana.it\/it\/wp-json\/wp\/v2\/categories?post=418428"},{"taxonomy":"post_tag","embeddable":true,"href":"https:\/\/www.intoscana.it\/it\/wp-json\/wp\/v2\/tags?post=418428"}],"curies":[{"name":"wp","href":"https:\/\/api.w.org\/{rel}","templated":true}]}}