{"id":418615,"date":"2026-02-26T12:08:58","date_gmt":"2026-02-26T11:08:58","guid":{"rendered":"https:\/\/www.intoscana.it\/it\/?p=418615"},"modified":"2026-02-27T17:04:42","modified_gmt":"2026-02-27T16:04:42","slug":"firenze-piazza-vittorio-veneto-rinasce-piu-verde-meno-asfalto-e-80-nuovi-alberi","status":"publish","type":"post","link":"https:\/\/www.intoscana.it\/it\/firenze-piazza-vittorio-veneto-rinasce-piu-verde-meno-asfalto-e-80-nuovi-alberi\/","title":{"rendered":"Firenze, piazza Vittorio Veneto rinasce: pi\u00f9 verde, meno asfalto e 80 nuovi alberi"},"content":{"rendered":"<p>Meno asfalto, pi\u00f9 alberi e pi\u00f9 spazio per le persone. \u00c8 la trasformazione che attende <strong>Piazza Vittorio Veneto a Firenze<\/strong>, al centro di un importante intervento di riqualificazione urbana e ambientale promosso dall\u2019amministrazione comunale. Un progetto da quasi <strong>7,5 milioni di euro<\/strong> che punta a restituire centralit\u00e0 a uno spazio oggi percepito soprattutto come luogo di attraversamento, trasformandolo in una vera \u201cporta verde\u201d di accesso al Parco delle Cascine.<\/p>\n<h3>Una nuova porta per le Cascine<\/h3>\n<p>&#8220;<em>Non \u00e8 solo una riqualificazione urbana<\/em> \u2013 ha dichiarato la sindaca <strong>Sara Funaro<\/strong> \u2013 <em>ma un intervento che dar\u00e0 un nuovo volto alla piazza, trasformandola in una porta d\u2019accesso alle Cascine<\/em>&#8220;. Il progetto prevede un potenziamento dell\u2019illuminazione, una <strong>drastica riduzione dell\u2019asfalto<\/strong> e un significativo incremento del verde. In parallelo, il Comune avvier\u00e0 un concorso internazionale per realizzare una \u201cporta simbolica\u201d: un\u2019opera o una statua capace di dare identit\u00e0 alla piazza e segnarne il ruolo di soglia tra citt\u00e0 e parco.<\/p>\n<p>Per l\u2019assessore alla Mobilit\u00e0, Viabilit\u00e0 e Tramvia <strong>Andrea Giorgio,<\/strong> l\u2019intervento rappresenta &#8220;<em>un passo concreto per<strong> restituire ai cittadini uno spazio pi\u00f9 bello<\/strong>, vivibile e sicuro&#8221;<\/em>, inserendosi nel percorso di riqualificazione gi\u00e0 avviato alle Cascine.<\/p>\n<figure id=\"post-418619 media-418619\" class=\"align-none\"><img decoding=\"async\" src=\"https:\/\/www.intoscana.it\/wp-content\/uploads\/rinasce-piazza-vittorio-veneto-25-2-page-011-scaled.jpg\" alt=\"\" \/><\/figure>\n<div class=\"titleimg\"><\/div>\n<h3>Dalla rotonda asfaltata a piazza-parco<\/h3>\n<p>Oggi piazza Vittorio Veneto appare come una grande rotonda congestionata, con una forte presenza di superfici impermeabili e parcheggi. Nel tempo, vari interventi hanno alterato il disegno originario concepito da Giuseppe Poggi, che l\u2019aveva immaginata come <strong>spazio scenografico e identitario<\/strong>, soglia tra la citt\u00e0 storica e il parco.<\/p>\n<p>Il nuovo progetto punta a recuperare quelle simmetrie storiche, reinterpretandole in chiave contemporanea e integrandole con le trasformazioni legate alla realizzazione della linea 1 della tramvia e al nuovo assetto della mobilit\u00e0. L\u2019area interessata supera i <strong>37mila metri quadrati<\/strong> e rappresenta una vera ricucitura urbana tra centro storico, quartieri limitrofi, Arno e sistema delle Cascine.<\/p>\n<figure id=\"post-418618 media-418618\" class=\"align-none\"><img decoding=\"async\" src=\"https:\/\/www.intoscana.it\/wp-content\/uploads\/rinasce-piazza-vittorio-veneto-25-2-page-009-scaled.jpg\" alt=\"\" \/><\/figure>\n<div class=\"titleimg\"><\/div>\n<h3>Pi\u00f9 permeabilit\u00e0, pi\u00f9 qualit\u00e0 ambientale<\/h3>\n<p>Il dato pi\u00f9 significativo riguarda le superfici: oggi il 59% dell\u2019area \u00e8 coperto da asfalto o pavimentazioni non drenanti; con il progetto si scender\u00e0 al 35%. Le superfici permeabili passeranno dal 41% al 65%. Un cambiamento che significa meno calore estivo, maggiore capacit\u00e0 di assorbimento delle acque piovane e migliore qualit\u00e0 ambientale complessiva. Il verde crescer\u00e0 da 9mila a quasi <strong>14mila metri quadrati<\/strong>. Agli alberi esistenti si aggiungeranno 80 nuovi esemplari di prima grandezza, scelti per incrementare la biodiversit\u00e0. Previste nuove superfici a prato, siepi, la riqualificazione delle aiuole storiche e la valorizzazione delle alberature esistenti, inclusi i grandi cedri che caratterizzano l\u2019area.<\/p>\n<h3>Pi\u00f9 spazio per pedoni e ciclisti<\/h3>\n<p>La nuova piazza sar\u00e0 pensata come spazio di permanenza e socialit\u00e0. Circa 19.700 metri quadrati saranno destinati a zone pedonali e ciclabili, fulcro della trasformazione, con l\u2019inserimento di 42 nuove panchine in pietra. I parcheggi lungo viale Lincoln e lato Corso Italia saranno riorganizzati, mentre verranno migliorati i collegamenti con viale Fratelli Rosselli, Corso Italia, l\u2019area ex Meccan\u00f2 e il sistema del parco.<\/p>\n<p>Particolare attenzione \u00e8 dedicata alla sicurezza e alla fruibilit\u00e0 serale: i corpi illuminanti passeranno da 37 a 75, grazie a un nuovo progetto illuminotecnico che valorizzer\u00e0 anche gli elementi storici. L\u2019illuminazione sar\u00e0 a LED a basso consumo, in linea con un approccio sostenibile che prevede pavimentazioni drenanti e materiali coerenti con il contesto storico. Il monumento a Vittorio Emanuele rester\u00e0 nella posizione attuale, tornando a essere fulcro visivo della piazza.<\/p>\n<figure id=\"post-418617 media-418617\" class=\"align-none\"><img decoding=\"async\" src=\"https:\/\/www.intoscana.it\/wp-content\/uploads\/rinasce-piazza-vittorio-veneto-25-2-page-007-scaled.jpg\" alt=\"\" \/><\/figure>\n<div class=\"titleimg\"><\/div>\n<h3>Tempi e finanziamenti<\/h3>\n<p>Dopo l\u2019approvazione del progetto definitivo da parte della giunta, si passer\u00e0 alla progettazione esecutiva e alla gara per l\u2019affidamento dei lavori. Questa fase durer\u00e0 circa 8-10 mesi; successivamente partiranno i cantieri, articolati per fasi, con una durata stimata di circa <strong>24 mesi<\/strong>. L\u2019intervento \u00e8 finanziato quasi interamente con fondi ministeriali nell\u2019ambito del <strong>Piano Nazionale Citt\u00e0 2012<\/strong>, con una quota di risorse comunali. Il cronoprogramma \u00e8 condiviso con il Ministero delle Infrastrutture e dei Trasporti.<\/p>\n<p>&nbsp;<\/p>\n","protected":false},"excerpt":{"rendered":"<p>Investimento da 7,5 milioni di euro per trasformare l\u2019attuale rotonda in una grande piazza-parco, nuova porta di accesso alle Cascine. Al via anche un concorso internazionale per un\u2019opera simbolica<\/p>\n","protected":false},"author":507,"featured_media":418620,"comment_status":"open","ping_status":"open","sticky":false,"template":"","format":"standard","meta":{"_acf_changed":false,"footnotes":""},"categories":[19],"tags":[202,1577],"class_list":["post-418615","post","type-post","status-publish","format-standard","has-post-thumbnail","hentry","category-ambiente","tag-firenze","tag-muoversi-in-toscana"],"acf":[],"yoast_head":"<!-- This site is optimized with the Yoast SEO Premium plugin v24.2 (Yoast SEO v25.6) - https:\/\/yoast.com\/wordpress\/plugins\/seo\/ -->\n<title>Firenze, piazza Vittorio Veneto rinasce: pi\u00f9 verde, meno asfalto e 80 nuovi alberi - intoscana<\/title>\n<meta name=\"robots\" content=\"index, follow, max-snippet:-1, max-image-preview:large, max-video-preview:-1\" \/>\n<link rel=\"canonical\" href=\"https:\/\/www.intoscana.it\/it\/firenze-piazza-vittorio-veneto-rinasce-piu-verde-meno-asfalto-e-80-nuovi-alberi\/\" \/>\n<meta property=\"og:locale\" content=\"it_IT\" \/>\n<meta property=\"og:type\" content=\"article\" \/>\n<meta property=\"og:title\" content=\"Firenze, piazza Vittorio Veneto rinasce: pi\u00f9 verde, meno asfalto e 80 nuovi alberi\" \/>\n<meta property=\"og:description\" content=\"Investimento da 7,5 milioni di euro per trasformare l\u2019attuale rotonda in una grande piazza-parco, nuova porta di accesso alle Cascine. Al via anche un concorso internazionale per un\u2019opera simbolica\" \/>\n<meta property=\"og:url\" content=\"https:\/\/www.intoscana.it\/it\/firenze-piazza-vittorio-veneto-rinasce-piu-verde-meno-asfalto-e-80-nuovi-alberi\/\" \/>\n<meta property=\"og:site_name\" content=\"intoscana\" \/>\n<meta property=\"article:publisher\" content=\"https:\/\/www.facebook.com\/intoscana.it\" \/>\n<meta property=\"article:published_time\" content=\"2026-02-26T11:08:58+00:00\" \/>\n<meta property=\"article:modified_time\" content=\"2026-02-27T16:04:42+00:00\" \/>\n<meta property=\"og:image\" content=\"https:\/\/www.intoscana.it\/wp-content\/uploads\/rinasce-piazza-vittorio-veneto-25-2-page-017-scaled.jpg\" \/>\n\t<meta property=\"og:image:width\" content=\"2048\" \/>\n\t<meta property=\"og:image:height\" content=\"1152\" \/>\n\t<meta property=\"og:image:type\" content=\"image\/jpeg\" \/>\n<meta name=\"author\" content=\"Chiara Bianchini\" \/>\n<meta name=\"twitter:card\" content=\"summary_large_image\" \/>\n<meta name=\"twitter:creator\" content=\"@intoscana\" \/>\n<meta name=\"twitter:site\" content=\"@intoscana\" \/>\n<meta name=\"twitter:label1\" content=\"Written by\" \/>\n\t<meta name=\"twitter:data1\" content=\"Chiara Bianchini\" \/>\n\t<meta name=\"twitter:label2\" content=\"Est. reading time\" \/>\n\t<meta name=\"twitter:data2\" content=\"5 minuti\" \/>\n<script type=\"application\/ld+json\" class=\"yoast-schema-graph\">{\"@context\":\"https:\/\/schema.org\",\"@graph\":[{\"@type\":\"WebPage\",\"@id\":\"https:\/\/www.intoscana.it\/it\/firenze-piazza-vittorio-veneto-rinasce-piu-verde-meno-asfalto-e-80-nuovi-alberi\/\",\"url\":\"https:\/\/www.intoscana.it\/it\/firenze-piazza-vittorio-veneto-rinasce-piu-verde-meno-asfalto-e-80-nuovi-alberi\/\",\"name\":\"Firenze, piazza Vittorio Veneto rinasce: pi\u00f9 verde, meno asfalto e 80 nuovi alberi - intoscana\",\"isPartOf\":{\"@id\":\"https:\/\/www.intoscana.it\/it\/#website\"},\"primaryImageOfPage\":{\"@id\":\"https:\/\/www.intoscana.it\/it\/firenze-piazza-vittorio-veneto-rinasce-piu-verde-meno-asfalto-e-80-nuovi-alberi\/#primaryimage\"},\"image\":{\"@id\":\"https:\/\/www.intoscana.it\/it\/firenze-piazza-vittorio-veneto-rinasce-piu-verde-meno-asfalto-e-80-nuovi-alberi\/#primaryimage\"},\"thumbnailUrl\":\"https:\/\/www.intoscana.it\/wp-content\/uploads\/rinasce-piazza-vittorio-veneto-25-2-page-017-scaled.jpg\",\"datePublished\":\"2026-02-26T11:08:58+00:00\",\"dateModified\":\"2026-02-27T16:04:42+00:00\",\"author\":{\"@id\":\"https:\/\/www.intoscana.it\/it\/#\/schema\/person\/010af92117f50561886339ad5b873a41\"},\"breadcrumb\":{\"@id\":\"https:\/\/www.intoscana.it\/it\/firenze-piazza-vittorio-veneto-rinasce-piu-verde-meno-asfalto-e-80-nuovi-alberi\/#breadcrumb\"},\"inLanguage\":\"it-IT\",\"potentialAction\":[{\"@type\":\"ReadAction\",\"target\":[\"https:\/\/www.intoscana.it\/it\/firenze-piazza-vittorio-veneto-rinasce-piu-verde-meno-asfalto-e-80-nuovi-alberi\/\"]}]},{\"@type\":\"ImageObject\",\"inLanguage\":\"it-IT\",\"@id\":\"https:\/\/www.intoscana.it\/it\/firenze-piazza-vittorio-veneto-rinasce-piu-verde-meno-asfalto-e-80-nuovi-alberi\/#primaryimage\",\"url\":\"https:\/\/www.intoscana.it\/wp-content\/uploads\/rinasce-piazza-vittorio-veneto-25-2-page-017-scaled.jpg\",\"contentUrl\":\"https:\/\/www.intoscana.it\/wp-content\/uploads\/rinasce-piazza-vittorio-veneto-25-2-page-017-scaled.jpg\",\"width\":2048,\"height\":1152},{\"@type\":\"BreadcrumbList\",\"@id\":\"https:\/\/www.intoscana.it\/it\/firenze-piazza-vittorio-veneto-rinasce-piu-verde-meno-asfalto-e-80-nuovi-alberi\/#breadcrumb\",\"itemListElement\":[{\"@type\":\"ListItem\",\"position\":1,\"name\":\"Home\",\"item\":\"https:\/\/www.intoscana.it\/it\/\"},{\"@type\":\"ListItem\",\"position\":2,\"name\":\"Firenze, piazza Vittorio Veneto rinasce: pi\u00f9 verde, meno asfalto e 80 nuovi alberi\"}]},{\"@type\":\"WebSite\",\"@id\":\"https:\/\/www.intoscana.it\/it\/#website\",\"url\":\"https:\/\/www.intoscana.it\/it\/\",\"name\":\"intoscana\",\"description\":\"\",\"potentialAction\":[{\"@type\":\"SearchAction\",\"target\":{\"@type\":\"EntryPoint\",\"urlTemplate\":\"https:\/\/www.intoscana.it\/it\/?s={search_term_string}\"},\"query-input\":{\"@type\":\"PropertyValueSpecification\",\"valueRequired\":true,\"valueName\":\"search_term_string\"}}],\"inLanguage\":\"it-IT\"},{\"@type\":\"Person\",\"@id\":\"https:\/\/www.intoscana.it\/it\/#\/schema\/person\/010af92117f50561886339ad5b873a41\",\"name\":\"Chiara Bianchini\",\"sameAs\":[\"c.bianchini@fst.it\"],\"url\":\"https:\/\/www.intoscana.it\/it\/author\/chiara-bianchini\/\"}]}<\/script>\n<!-- \/ Yoast SEO Premium plugin. -->","yoast_head_json":{"title":"Firenze, piazza Vittorio Veneto rinasce: pi\u00f9 verde, meno asfalto e 80 nuovi alberi - intoscana","robots":{"index":"index","follow":"follow","max-snippet":"max-snippet:-1","max-image-preview":"max-image-preview:large","max-video-preview":"max-video-preview:-1"},"canonical":"https:\/\/www.intoscana.it\/it\/firenze-piazza-vittorio-veneto-rinasce-piu-verde-meno-asfalto-e-80-nuovi-alberi\/","og_locale":"it_IT","og_type":"article","og_title":"Firenze, piazza Vittorio Veneto rinasce: pi\u00f9 verde, meno asfalto e 80 nuovi alberi","og_description":"Investimento da 7,5 milioni di euro per trasformare l\u2019attuale rotonda in una grande piazza-parco, nuova porta di accesso alle Cascine. Al via anche un concorso internazionale per un\u2019opera simbolica","og_url":"https:\/\/www.intoscana.it\/it\/firenze-piazza-vittorio-veneto-rinasce-piu-verde-meno-asfalto-e-80-nuovi-alberi\/","og_site_name":"intoscana","article_publisher":"https:\/\/www.facebook.com\/intoscana.it","article_published_time":"2026-02-26T11:08:58+00:00","article_modified_time":"2026-02-27T16:04:42+00:00","og_image":[{"width":2048,"height":1152,"url":"https:\/\/www.intoscana.it\/wp-content\/uploads\/rinasce-piazza-vittorio-veneto-25-2-page-017-scaled.jpg","type":"image\/jpeg"}],"author":"Chiara Bianchini","twitter_card":"summary_large_image","twitter_creator":"@intoscana","twitter_site":"@intoscana","twitter_misc":{"Written by":"Chiara Bianchini","Est. reading time":"5 minuti"},"schema":{"@context":"https:\/\/schema.org","@graph":[{"@type":"WebPage","@id":"https:\/\/www.intoscana.it\/it\/firenze-piazza-vittorio-veneto-rinasce-piu-verde-meno-asfalto-e-80-nuovi-alberi\/","url":"https:\/\/www.intoscana.it\/it\/firenze-piazza-vittorio-veneto-rinasce-piu-verde-meno-asfalto-e-80-nuovi-alberi\/","name":"Firenze, piazza Vittorio Veneto rinasce: pi\u00f9 verde, meno asfalto e 80 nuovi alberi - intoscana","isPartOf":{"@id":"https:\/\/www.intoscana.it\/it\/#website"},"primaryImageOfPage":{"@id":"https:\/\/www.intoscana.it\/it\/firenze-piazza-vittorio-veneto-rinasce-piu-verde-meno-asfalto-e-80-nuovi-alberi\/#primaryimage"},"image":{"@id":"https:\/\/www.intoscana.it\/it\/firenze-piazza-vittorio-veneto-rinasce-piu-verde-meno-asfalto-e-80-nuovi-alberi\/#primaryimage"},"thumbnailUrl":"https:\/\/www.intoscana.it\/wp-content\/uploads\/rinasce-piazza-vittorio-veneto-25-2-page-017-scaled.jpg","datePublished":"2026-02-26T11:08:58+00:00","dateModified":"2026-02-27T16:04:42+00:00","author":{"@id":"https:\/\/www.intoscana.it\/it\/#\/schema\/person\/010af92117f50561886339ad5b873a41"},"breadcrumb":{"@id":"https:\/\/www.intoscana.it\/it\/firenze-piazza-vittorio-veneto-rinasce-piu-verde-meno-asfalto-e-80-nuovi-alberi\/#breadcrumb"},"inLanguage":"it-IT","potentialAction":[{"@type":"ReadAction","target":["https:\/\/www.intoscana.it\/it\/firenze-piazza-vittorio-veneto-rinasce-piu-verde-meno-asfalto-e-80-nuovi-alberi\/"]}]},{"@type":"ImageObject","inLanguage":"it-IT","@id":"https:\/\/www.intoscana.it\/it\/firenze-piazza-vittorio-veneto-rinasce-piu-verde-meno-asfalto-e-80-nuovi-alberi\/#primaryimage","url":"https:\/\/www.intoscana.it\/wp-content\/uploads\/rinasce-piazza-vittorio-veneto-25-2-page-017-scaled.jpg","contentUrl":"https:\/\/www.intoscana.it\/wp-content\/uploads\/rinasce-piazza-vittorio-veneto-25-2-page-017-scaled.jpg","width":2048,"height":1152},{"@type":"BreadcrumbList","@id":"https:\/\/www.intoscana.it\/it\/firenze-piazza-vittorio-veneto-rinasce-piu-verde-meno-asfalto-e-80-nuovi-alberi\/#breadcrumb","itemListElement":[{"@type":"ListItem","position":1,"name":"Home","item":"https:\/\/www.intoscana.it\/it\/"},{"@type":"ListItem","position":2,"name":"Firenze, piazza Vittorio Veneto rinasce: pi\u00f9 verde, meno asfalto e 80 nuovi alberi"}]},{"@type":"WebSite","@id":"https:\/\/www.intoscana.it\/it\/#website","url":"https:\/\/www.intoscana.it\/it\/","name":"intoscana","description":"","potentialAction":[{"@type":"SearchAction","target":{"@type":"EntryPoint","urlTemplate":"https:\/\/www.intoscana.it\/it\/?s={search_term_string}"},"query-input":{"@type":"PropertyValueSpecification","valueRequired":true,"valueName":"search_term_string"}}],"inLanguage":"it-IT"},{"@type":"Person","@id":"https:\/\/www.intoscana.it\/it\/#\/schema\/person\/010af92117f50561886339ad5b873a41","name":"Chiara Bianchini","sameAs":["c.bianchini@fst.it"],"url":"https:\/\/www.intoscana.it\/it\/author\/chiara-bianchini\/"}]}},"_links":{"self":[{"href":"https:\/\/www.intoscana.it\/it\/wp-json\/wp\/v2\/posts\/418615","targetHints":{"allow":["GET"]}}],"collection":[{"href":"https:\/\/www.intoscana.it\/it\/wp-json\/wp\/v2\/posts"}],"about":[{"href":"https:\/\/www.intoscana.it\/it\/wp-json\/wp\/v2\/types\/post"}],"author":[{"embeddable":true,"href":"https:\/\/www.intoscana.it\/it\/wp-json\/wp\/v2\/users\/507"}],"replies":[{"embeddable":true,"href":"https:\/\/www.intoscana.it\/it\/wp-json\/wp\/v2\/comments?post=418615"}],"version-history":[{"count":2,"href":"https:\/\/www.intoscana.it\/it\/wp-json\/wp\/v2\/posts\/418615\/revisions"}],"predecessor-version":[{"id":418639,"href":"https:\/\/www.intoscana.it\/it\/wp-json\/wp\/v2\/posts\/418615\/revisions\/418639"}],"wp:featuredmedia":[{"embeddable":true,"href":"https:\/\/www.intoscana.it\/it\/wp-json\/wp\/v2\/media\/418620"}],"wp:attachment":[{"href":"https:\/\/www.intoscana.it\/it\/wp-json\/wp\/v2\/media?parent=418615"}],"wp:term":[{"taxonomy":"category","embeddable":true,"href":"https:\/\/www.intoscana.it\/it\/wp-json\/wp\/v2\/categories?post=418615"},{"taxonomy":"post_tag","embeddable":true,"href":"https:\/\/www.intoscana.it\/it\/wp-json\/wp\/v2\/tags?post=418615"}],"curies":[{"name":"wp","href":"https:\/\/api.w.org\/{rel}","templated":true}]}}