{"id":418776,"date":"2026-02-27T12:38:03","date_gmt":"2026-02-27T11:38:03","guid":{"rendered":"https:\/\/www.intoscana.it\/it\/?p=418776"},"modified":"2026-03-02T14:37:59","modified_gmt":"2026-03-02T13:37:59","slug":"tramvia-di-firenze-varato-il-nuovo-ponte-sullarno-tra-bellariva-e-anconella","status":"publish","type":"post","link":"https:\/\/www.intoscana.it\/it\/tramvia-di-firenze-varato-il-nuovo-ponte-sullarno-tra-bellariva-e-anconella\/","title":{"rendered":"Tramvia di Firenze, varato il nuovo ponte sull\u2019Arno tra Bellariva e l&#8217;Anconella"},"content":{"rendered":"<p>\u00c8 stato completato nella mattinata di venerd\u00ec il varo strutturale del <strong>nuovo ponte sull\u2019Arno tra Bellariva e il Parco dell\u2019Anconella<\/strong>, snodo strategico della nuova <strong>linea tramviaria verso Bagno a Ripoli<\/strong>. Un\u2019operazione complessa e spettacolare, iniziata dopo le 8, che ha portato al posizionamento dell\u2019impalcato lungo 140 metri tra la pila realizzata nell\u2019alveo del fiume e la spalla lato sud.<\/p>\n<p>La struttura, caricata su carrelloni speciali, \u00e8 stata progressivamente spostata e ruotata fino a raggiungere l\u2019allineamento definitivo. <strong>Decine di cittadini<\/strong> hanno seguito le operazioni dal Ponte da Verrazzano e dal giardino intitolato a Tina Anselmi su lungarno Colombo, le due aree individuate per assistere in sicurezza alle fasi pi\u00f9 delicate della manovra.<\/p>\n<p>Il ponte rappresenta un tassello chiave del nuovo tracciato che collegher\u00e0 Firenze con il comune di Bagno a Ripoli, <strong>alleggerendo il traffico<\/strong> e ridisegnando la mobilit\u00e0 nell\u2019area est della citt\u00e0.<\/p>\n<p>&#8220;<em>Il ponte sull&#8217;Arno rappresenta in qualche modo <strong>l&#8217;elemento simbolico della nuova tramvia<\/strong> del nuovo collegamento che \u00e8 il primo nella parte est della citt\u00e0 e che porta sostanzialmente da Piazza Libert\u00e0 fino a Bagno a Ripoli<\/em>&#8220;, ha dichiarato il presidente della Regione Toscana, <strong>Eugenio Giani<\/strong>, a margine dell\u2019inaugurazione.<\/p>\n<p>&#8220;<em>Questo tracciato significa <strong>modernizzazione<\/strong>, costruzione di una tranvia che serve tutta l&#8217;area metropolitana, un nuovo ponte si affaccia sull&#8217;Arno per le auto, perch\u00e9 sul ponte da Verrazzano verr\u00e0 il doppio binario della tramvia, quindi c&#8217;\u00e8 la necessit\u00e0 di recuperare pi\u00f9 spazi<\/em> \u2013 ha aggiunto Giani \u2013. <em>Quindi una modernizzazione, una innovazione, una trasformazione nella mobilit\u00e0 in citt\u00e0 e devo dire che dobbiamo oggi rendere onore a tutti quegli amministratori, la sindaca Sara Funaro, l&#8217;assessore Andrea Giorgio, il contesto del Comune di Firenze che ha operato perch\u00e9 questo avvenisse e sta avvenendo in piena regola<\/em>&#8220;.<\/p>\n<p>La Regione ha sostenuto economicamente l\u2019intervento con un finanziamento di <strong>80 milioni di euro<\/strong>. &#8220;<em>Noi come Regione siamo orgogliosi perch\u00e9 su questa tramvia abbiamo dato il nostro contributo 80 milioni di finanziamento, ma \u00e8 indubbio che \u00e8 un gioco di squadra fra Comune, Regione e istituzioni che qui collaborano che hanno trovato anche delle ditte che stanno facendo bene il loro mestiere e il loro lavoro&#8221;<\/em>.<\/p>\n<h3>Le prossime fasi dei lavori<\/h3>\n<p>Per circa un mese e mezzo la struttura rester\u00e0 a sbalzo sull\u2019Arno, leggermente rialzata rispetto alla quota definitiva, con il cosiddetto \u201cbecco\u201d sollevato. L\u2019impalcato posizionato rappresenta circa due terzi dell\u2019opera complessiva.<\/p>\n<p>Sul lato nord, a Bellariva, \u00e8 in fase di montaggio la parte finale in acciaio. Una volta completata, sar\u00e0 varata anche la porzione conclusiva di circa 20 metri che consentir\u00e0 di chiudere definitivamente l\u2019impalcato. Seguiranno le operazioni di saldatura e le finiture strutturali.<\/p>\n<p>Il ponte \u00e8 stato progettato con tre corsie carrabili, anche se in una prima fase ne verranno aperte due per consentire ulteriori lavorazioni e la realizzazione del rivestimento superiore attraverso la struttura tecnica denominata \u201cby bridge\u201d, necessaria per il montaggio del controsoffitto.<\/p>\n<figure id=\"post-418782 media-418782\" class=\"align-none\"><img decoding=\"async\" src=\"https:\/\/www.intoscana.it\/wp-content\/uploads\/ponte-tramvia-2.jpeg\" alt=\"\" \/><\/figure>\n<div class=\"titleimg\">\u00a9 Firenze Smart<\/div>\n<h3>Un\u2019infrastruttura tra mobilit\u00e0 e riqualificazione urbana<\/h3>\n<p>L\u2019opera misura complessivamente <strong>circa 180 metri,<\/strong> con due campate rispettivamente di circa 100 e 80 metri e una sezione trasversale di 17,45 metri. La pila in alveo \u00e8 orientata secondo la direzione del flusso del fiume.<\/p>\n<p>Oltre alla funzione viaria, il progetto<strong> integra percorsi ciclopedonali<\/strong> su entrambi i lati, nuove aree verdi attrezzate, sedute e spazi picnic. Sotto l\u2019impalcato, su entrambe le sponde, \u00e8 prevista una carreggiata dedicata al passaggio dei mezzi di sicurezza e manutenzione idraulica.<\/p>\n<p>Sul lato sud, all\u2019Albereta, il progetto prevede la riqualificazione del parco: lo spostamento di un campo da tennis nell\u2019area del vecchio bocciodromo, la realizzazione di uno skate-park, la ripavimentazione del viale interno con asfalto architettonico pigmentato color terra, una nuova fascia alberata per mitigare l\u2019impatto visivo dell\u2019area di Publiacqua e una banchina per l\u2019attracco di mezzi fluviali leggeri.<\/p>\n<h3>Un nome da scegliere insieme<\/h3>\n<p>Intanto \u00e8 stato avviato anche un percorso partecipativo per dare un nome al nuovo ponte. L\u2019amministrazione propone quattro figure femminili che hanno segnato la storia del Paese e della citt\u00e0: la scienziata e Premio Nobel <strong>Rita Levi-Montalcini<\/strong>, le sorelle <strong>Caterina Nencioni<\/strong> e <strong>Nadia Nencioni<\/strong>, vittime della strage dei Georgofili, la prima donna ministra della Repubblica <strong>Tina Anselmi<\/strong> e la partigiana fiorentina <strong>Gilda Larocca<\/strong>.<\/p>\n<p>&#8220;<em>Un ponte unisce la citt\u00e0 e le persone. Il nome che porter\u00e0 sar\u00e0 una scelta condivisa<\/em>&#8220;: \u00e8 questo lo spirito del sondaggio aperto ai cittadini, chiamati a partecipare alla decisione su un\u2019infrastruttura destinata a diventare uno dei simboli della nuova mobilit\u00e0 fiorentina.<\/p>\n","protected":false},"excerpt":{"rendered":"<p>Completata la rototraslazione dell\u2019impalcato lungo 140 metri. Giani: &#8220;Un elemento simbolico della nuova tranvia&#8221;. Aperto anche il sondaggio per scegliere il nome, dedicato a grandi figure femminili<\/p>\n","protected":false},"author":507,"featured_media":418778,"comment_status":"open","ping_status":"open","sticky":false,"template":"","format":"standard","meta":{"_acf_changed":false,"footnotes":""},"categories":[494],"tags":[158,202,1577,271],"class_list":["post-418776","post","type-post","status-publish","format-standard","has-post-thumbnail","hentry","category-attualita","tag-eugenio-giani","tag-firenze","tag-muoversi-in-toscana","tag-tramvia"],"acf":[],"yoast_head":"<!-- This site is optimized with the Yoast SEO Premium plugin v24.2 (Yoast SEO v25.6) - https:\/\/yoast.com\/wordpress\/plugins\/seo\/ -->\n<title>Tramvia di Firenze, varato il nuovo ponte sull\u2019Arno tra Bellariva e l&#039;Anconella - intoscana<\/title>\n<meta name=\"robots\" content=\"index, follow, max-snippet:-1, max-image-preview:large, max-video-preview:-1\" \/>\n<link rel=\"canonical\" href=\"https:\/\/www.intoscana.it\/it\/tramvia-di-firenze-varato-il-nuovo-ponte-sullarno-tra-bellariva-e-anconella\/\" \/>\n<meta property=\"og:locale\" content=\"it_IT\" \/>\n<meta property=\"og:type\" content=\"article\" \/>\n<meta property=\"og:title\" content=\"Tramvia di Firenze, varato il nuovo ponte sull\u2019Arno tra Bellariva e l&#039;Anconella\" \/>\n<meta property=\"og:description\" content=\"Completata la rototraslazione dell\u2019impalcato lungo 140 metri. Giani: &quot;Un elemento simbolico della nuova tranvia&quot;. Aperto anche il sondaggio per scegliere il nome, dedicato a grandi figure femminili\" \/>\n<meta property=\"og:url\" content=\"https:\/\/www.intoscana.it\/it\/tramvia-di-firenze-varato-il-nuovo-ponte-sullarno-tra-bellariva-e-anconella\/\" \/>\n<meta property=\"og:site_name\" content=\"intoscana\" \/>\n<meta property=\"article:publisher\" content=\"https:\/\/www.facebook.com\/intoscana.it\" \/>\n<meta property=\"article:published_time\" content=\"2026-02-27T11:38:03+00:00\" \/>\n<meta property=\"article:modified_time\" content=\"2026-03-02T13:37:59+00:00\" \/>\n<meta property=\"og:image\" content=\"https:\/\/www.intoscana.it\/wp-content\/uploads\/varo-ponte-tramvia.jpeg\" \/>\n\t<meta property=\"og:image:width\" content=\"1600\" \/>\n\t<meta property=\"og:image:height\" content=\"1200\" \/>\n\t<meta property=\"og:image:type\" content=\"image\/jpeg\" \/>\n<meta name=\"author\" content=\"Chiara Bianchini\" \/>\n<meta name=\"twitter:card\" content=\"summary_large_image\" \/>\n<meta name=\"twitter:creator\" content=\"@intoscana\" \/>\n<meta name=\"twitter:site\" content=\"@intoscana\" \/>\n<meta name=\"twitter:label1\" content=\"Written by\" \/>\n\t<meta name=\"twitter:data1\" content=\"Chiara Bianchini\" \/>\n\t<meta name=\"twitter:label2\" content=\"Est. reading time\" \/>\n\t<meta name=\"twitter:data2\" content=\"5 minuti\" \/>\n<script type=\"application\/ld+json\" class=\"yoast-schema-graph\">{\"@context\":\"https:\/\/schema.org\",\"@graph\":[{\"@type\":\"WebPage\",\"@id\":\"https:\/\/www.intoscana.it\/it\/tramvia-di-firenze-varato-il-nuovo-ponte-sullarno-tra-bellariva-e-anconella\/\",\"url\":\"https:\/\/www.intoscana.it\/it\/tramvia-di-firenze-varato-il-nuovo-ponte-sullarno-tra-bellariva-e-anconella\/\",\"name\":\"Tramvia di Firenze, varato il nuovo ponte sull\u2019Arno tra Bellariva e l'Anconella - intoscana\",\"isPartOf\":{\"@id\":\"https:\/\/www.intoscana.it\/it\/#website\"},\"primaryImageOfPage\":{\"@id\":\"https:\/\/www.intoscana.it\/it\/tramvia-di-firenze-varato-il-nuovo-ponte-sullarno-tra-bellariva-e-anconella\/#primaryimage\"},\"image\":{\"@id\":\"https:\/\/www.intoscana.it\/it\/tramvia-di-firenze-varato-il-nuovo-ponte-sullarno-tra-bellariva-e-anconella\/#primaryimage\"},\"thumbnailUrl\":\"https:\/\/www.intoscana.it\/wp-content\/uploads\/varo-ponte-tramvia.jpeg\",\"datePublished\":\"2026-02-27T11:38:03+00:00\",\"dateModified\":\"2026-03-02T13:37:59+00:00\",\"author\":{\"@id\":\"https:\/\/www.intoscana.it\/it\/#\/schema\/person\/010af92117f50561886339ad5b873a41\"},\"breadcrumb\":{\"@id\":\"https:\/\/www.intoscana.it\/it\/tramvia-di-firenze-varato-il-nuovo-ponte-sullarno-tra-bellariva-e-anconella\/#breadcrumb\"},\"inLanguage\":\"it-IT\",\"potentialAction\":[{\"@type\":\"ReadAction\",\"target\":[\"https:\/\/www.intoscana.it\/it\/tramvia-di-firenze-varato-il-nuovo-ponte-sullarno-tra-bellariva-e-anconella\/\"]}]},{\"@type\":\"ImageObject\",\"inLanguage\":\"it-IT\",\"@id\":\"https:\/\/www.intoscana.it\/it\/tramvia-di-firenze-varato-il-nuovo-ponte-sullarno-tra-bellariva-e-anconella\/#primaryimage\",\"url\":\"https:\/\/www.intoscana.it\/wp-content\/uploads\/varo-ponte-tramvia.jpeg\",\"contentUrl\":\"https:\/\/www.intoscana.it\/wp-content\/uploads\/varo-ponte-tramvia.jpeg\",\"width\":1600,\"height\":1200},{\"@type\":\"BreadcrumbList\",\"@id\":\"https:\/\/www.intoscana.it\/it\/tramvia-di-firenze-varato-il-nuovo-ponte-sullarno-tra-bellariva-e-anconella\/#breadcrumb\",\"itemListElement\":[{\"@type\":\"ListItem\",\"position\":1,\"name\":\"Home\",\"item\":\"https:\/\/www.intoscana.it\/it\/\"},{\"@type\":\"ListItem\",\"position\":2,\"name\":\"Tramvia di Firenze, varato il nuovo ponte sull\u2019Arno tra Bellariva e l&#8217;Anconella\"}]},{\"@type\":\"WebSite\",\"@id\":\"https:\/\/www.intoscana.it\/it\/#website\",\"url\":\"https:\/\/www.intoscana.it\/it\/\",\"name\":\"intoscana\",\"description\":\"\",\"potentialAction\":[{\"@type\":\"SearchAction\",\"target\":{\"@type\":\"EntryPoint\",\"urlTemplate\":\"https:\/\/www.intoscana.it\/it\/?s={search_term_string}\"},\"query-input\":{\"@type\":\"PropertyValueSpecification\",\"valueRequired\":true,\"valueName\":\"search_term_string\"}}],\"inLanguage\":\"it-IT\"},{\"@type\":\"Person\",\"@id\":\"https:\/\/www.intoscana.it\/it\/#\/schema\/person\/010af92117f50561886339ad5b873a41\",\"name\":\"Chiara Bianchini\",\"sameAs\":[\"c.bianchini@fst.it\"],\"url\":\"https:\/\/www.intoscana.it\/it\/author\/chiara-bianchini\/\"}]}<\/script>\n<!-- \/ Yoast SEO Premium plugin. -->","yoast_head_json":{"title":"Tramvia di Firenze, varato il nuovo ponte sull\u2019Arno tra Bellariva e l'Anconella - intoscana","robots":{"index":"index","follow":"follow","max-snippet":"max-snippet:-1","max-image-preview":"max-image-preview:large","max-video-preview":"max-video-preview:-1"},"canonical":"https:\/\/www.intoscana.it\/it\/tramvia-di-firenze-varato-il-nuovo-ponte-sullarno-tra-bellariva-e-anconella\/","og_locale":"it_IT","og_type":"article","og_title":"Tramvia di Firenze, varato il nuovo ponte sull\u2019Arno tra Bellariva e l'Anconella","og_description":"Completata la rototraslazione dell\u2019impalcato lungo 140 metri. Giani: \"Un elemento simbolico della nuova tranvia\". Aperto anche il sondaggio per scegliere il nome, dedicato a grandi figure femminili","og_url":"https:\/\/www.intoscana.it\/it\/tramvia-di-firenze-varato-il-nuovo-ponte-sullarno-tra-bellariva-e-anconella\/","og_site_name":"intoscana","article_publisher":"https:\/\/www.facebook.com\/intoscana.it","article_published_time":"2026-02-27T11:38:03+00:00","article_modified_time":"2026-03-02T13:37:59+00:00","og_image":[{"width":1600,"height":1200,"url":"https:\/\/www.intoscana.it\/wp-content\/uploads\/varo-ponte-tramvia.jpeg","type":"image\/jpeg"}],"author":"Chiara Bianchini","twitter_card":"summary_large_image","twitter_creator":"@intoscana","twitter_site":"@intoscana","twitter_misc":{"Written by":"Chiara Bianchini","Est. reading time":"5 minuti"},"schema":{"@context":"https:\/\/schema.org","@graph":[{"@type":"WebPage","@id":"https:\/\/www.intoscana.it\/it\/tramvia-di-firenze-varato-il-nuovo-ponte-sullarno-tra-bellariva-e-anconella\/","url":"https:\/\/www.intoscana.it\/it\/tramvia-di-firenze-varato-il-nuovo-ponte-sullarno-tra-bellariva-e-anconella\/","name":"Tramvia di Firenze, varato il nuovo ponte sull\u2019Arno tra Bellariva e l'Anconella - intoscana","isPartOf":{"@id":"https:\/\/www.intoscana.it\/it\/#website"},"primaryImageOfPage":{"@id":"https:\/\/www.intoscana.it\/it\/tramvia-di-firenze-varato-il-nuovo-ponte-sullarno-tra-bellariva-e-anconella\/#primaryimage"},"image":{"@id":"https:\/\/www.intoscana.it\/it\/tramvia-di-firenze-varato-il-nuovo-ponte-sullarno-tra-bellariva-e-anconella\/#primaryimage"},"thumbnailUrl":"https:\/\/www.intoscana.it\/wp-content\/uploads\/varo-ponte-tramvia.jpeg","datePublished":"2026-02-27T11:38:03+00:00","dateModified":"2026-03-02T13:37:59+00:00","author":{"@id":"https:\/\/www.intoscana.it\/it\/#\/schema\/person\/010af92117f50561886339ad5b873a41"},"breadcrumb":{"@id":"https:\/\/www.intoscana.it\/it\/tramvia-di-firenze-varato-il-nuovo-ponte-sullarno-tra-bellariva-e-anconella\/#breadcrumb"},"inLanguage":"it-IT","potentialAction":[{"@type":"ReadAction","target":["https:\/\/www.intoscana.it\/it\/tramvia-di-firenze-varato-il-nuovo-ponte-sullarno-tra-bellariva-e-anconella\/"]}]},{"@type":"ImageObject","inLanguage":"it-IT","@id":"https:\/\/www.intoscana.it\/it\/tramvia-di-firenze-varato-il-nuovo-ponte-sullarno-tra-bellariva-e-anconella\/#primaryimage","url":"https:\/\/www.intoscana.it\/wp-content\/uploads\/varo-ponte-tramvia.jpeg","contentUrl":"https:\/\/www.intoscana.it\/wp-content\/uploads\/varo-ponte-tramvia.jpeg","width":1600,"height":1200},{"@type":"BreadcrumbList","@id":"https:\/\/www.intoscana.it\/it\/tramvia-di-firenze-varato-il-nuovo-ponte-sullarno-tra-bellariva-e-anconella\/#breadcrumb","itemListElement":[{"@type":"ListItem","position":1,"name":"Home","item":"https:\/\/www.intoscana.it\/it\/"},{"@type":"ListItem","position":2,"name":"Tramvia di Firenze, varato il nuovo ponte sull\u2019Arno tra Bellariva e l&#8217;Anconella"}]},{"@type":"WebSite","@id":"https:\/\/www.intoscana.it\/it\/#website","url":"https:\/\/www.intoscana.it\/it\/","name":"intoscana","description":"","potentialAction":[{"@type":"SearchAction","target":{"@type":"EntryPoint","urlTemplate":"https:\/\/www.intoscana.it\/it\/?s={search_term_string}"},"query-input":{"@type":"PropertyValueSpecification","valueRequired":true,"valueName":"search_term_string"}}],"inLanguage":"it-IT"},{"@type":"Person","@id":"https:\/\/www.intoscana.it\/it\/#\/schema\/person\/010af92117f50561886339ad5b873a41","name":"Chiara Bianchini","sameAs":["c.bianchini@fst.it"],"url":"https:\/\/www.intoscana.it\/it\/author\/chiara-bianchini\/"}]}},"_links":{"self":[{"href":"https:\/\/www.intoscana.it\/it\/wp-json\/wp\/v2\/posts\/418776","targetHints":{"allow":["GET"]}}],"collection":[{"href":"https:\/\/www.intoscana.it\/it\/wp-json\/wp\/v2\/posts"}],"about":[{"href":"https:\/\/www.intoscana.it\/it\/wp-json\/wp\/v2\/types\/post"}],"author":[{"embeddable":true,"href":"https:\/\/www.intoscana.it\/it\/wp-json\/wp\/v2\/users\/507"}],"replies":[{"embeddable":true,"href":"https:\/\/www.intoscana.it\/it\/wp-json\/wp\/v2\/comments?post=418776"}],"version-history":[{"count":5,"href":"https:\/\/www.intoscana.it\/it\/wp-json\/wp\/v2\/posts\/418776\/revisions"}],"predecessor-version":[{"id":419030,"href":"https:\/\/www.intoscana.it\/it\/wp-json\/wp\/v2\/posts\/418776\/revisions\/419030"}],"wp:featuredmedia":[{"embeddable":true,"href":"https:\/\/www.intoscana.it\/it\/wp-json\/wp\/v2\/media\/418778"}],"wp:attachment":[{"href":"https:\/\/www.intoscana.it\/it\/wp-json\/wp\/v2\/media?parent=418776"}],"wp:term":[{"taxonomy":"category","embeddable":true,"href":"https:\/\/www.intoscana.it\/it\/wp-json\/wp\/v2\/categories?post=418776"},{"taxonomy":"post_tag","embeddable":true,"href":"https:\/\/www.intoscana.it\/it\/wp-json\/wp\/v2\/tags?post=418776"}],"curies":[{"name":"wp","href":"https:\/\/api.w.org\/{rel}","templated":true}]}}