{"id":419041,"date":"2026-03-02T16:49:53","date_gmt":"2026-03-02T15:49:53","guid":{"rendered":"https:\/\/www.intoscana.it\/it\/?p=419041"},"modified":"2026-03-03T15:02:33","modified_gmt":"2026-03-03T14:02:33","slug":"social-housing-manifattura-tabacchi","status":"publish","type":"post","link":"https:\/\/www.intoscana.it\/it\/social-housing-manifattura-tabacchi\/","title":{"rendered":"Manifattura Tabacchi, al via i lavori per il nuovo progetto di social housing"},"content":{"rendered":"<p>Entro l\u2019estate 2027 a Manifattura Tabacchi saranno disponibili 39 nuovi appartamenti destinati alla locazione a canone convenzionato con il Comune di Firenze. E&#8217; pronto a partire, infatti, il progetto di <strong>social housing<\/strong> di Manifattura Tabacchi a Firenze, progetto del valore complessivo di <strong>9 milioni di euro<\/strong>, prevede la costruzione di nuovi appartamenti (27 trilocali e 12 bilocali) per un totale di <strong>2.657 mq<\/strong>, destinati alla locazione a canone convenzionato e <mark>si inserisce nel pi\u00f9 ampio progetto di rigenerazione urbana di Manifattura Tabacchi, che sta trasformando 110.000 mq di ex complesso industriale in un nuovo quartiere contemporaneo aperto alla citt\u00e0 <\/mark>.<\/p>\n<p>&#8220;La rigenerazione urbana \u00e8 una scelta politica e strategica: significa investire sul futuro delle nostre comunit\u00e0, sulla qualit\u00e0 della vita e sul diritto all\u2019abitare- ha dichiarato il presidente della Regione Toscana, <strong>Eugenio Giani &#8211; <\/strong><mark>Investimenti come questo sono fondamentali perch\u00e9 tengono insieme crescita economica e coesione, attrattivit\u00e0 e inclusione <\/mark>. In Toscana abbiamo costruito nel tempo un sistema capace di attivare oltre 250 milioni di euro per le politiche abitative, dimostrando che l\u2019impegno pubblico, quando \u00e8 accompagnato da partenariati solidi, incide concretamente. \u00c8 su questa direzione che la Regione continuer\u00e0 a investire con determinazione\u201d.<\/p>\n<p>L&#8217; operazione si inserisce nel quadro del Fondo Piani Urbani Integrati (Fondo PUI), finanziato con risorse provenienti dal PNRR e gestito dalla Banca europea per gli investimenti (BEI), con Equiter tra gli intermediari selezionati per l\u2019attuazione.<\/p>\n<p>\u201cNel Fondo Housing toscano, che \u00e8 chiamato a gestire questi 39 alloggi, la Regione Toscana \u00e8 presente con un capitale di 8 milioni, che naturalmente non \u00e8 solo per questo intervento, ma che porta questo fondo a gestire sempre pi\u00f9 interventi. Lo abbiamo gi\u00e0 visto per esempio a Sesto Fiorentino o a Montelupo.<br \/>\nEssere parte di questo fondo, che mette insieme la Regione, la Cassa Depositi e Prestiti, le fondazioni bancarie, offre la possibilit\u00e0 \u00a0di ricorso ai finanziamenti della Banca Europea degli investimenti, creando un circuito virtuoso con il quale possiamo fare molti interventi e molti affitti calmierati&#8221;, ha aggiunto Giani.<\/p>\n<p>\u201cL\u2019avvio di questo progetto di social housing alla Manifattura Tabacchi rappresenta un passo importante per Firenze &#8211; ha sottolineato la sindaca di Firenze a proposito del social housing alla Manifattura di \u00a0<strong>Sara Funaro<\/strong> &#8211; Da un lato, completa e rafforza uno dei pi\u00f9 significativi interventi di rigenerazione urbana della nostra citt\u00e0: la Manifattura Tabacchi sta diventando sempre di pi\u00f9 un nuovo quartiere vivo, sostenibile e aperto, ricco di servizi e opportunit\u00e0. Dall\u2019altro, offre una risposta concreta al tema dell\u2019abitare, che oggi \u00e8 una delle priorit\u00e0 pi\u00f9 sentite e uno dei temi pi\u00f9 urgenti per la nostra amministrazione. <mark>Questi nuovi alloggi a canone convenzionato andranno ad ampliare l\u2019offerta esistente, dando una nuova opportunit\u00e0 a persone e famiglie che rischiano di essere escluse da un mercato libero non sostenibile <\/mark>.\u00a0 \u00c8 questa la direzione che vogliamo continuare a seguire: coniugare qualit\u00e0 urbana, investimenti e inclusione sociale, affinch\u00e9 la trasformazione della citt\u00e0 sia sempre attenta a non lasciare indietro nessuno. Quello che presentiamo oggi \u00e8 il risultato di un grande lavoro di squadra che dimostra ancora una volta come collaborando si possano realizzare operazioni strategiche per una Firenze inclusiva e al passo coi tempi\u201d.<\/p>\n<p>L\u2019immobile, come detto, sar\u00e0 realizzato entro l\u2019estate 2027 e una volta finito verr\u00e0 acquistato dal <strong>Fondo Housing Toscano<\/strong>, gestito da Investire SGR (Gruppo Banca Finnat), con principale investitore il Fondo Investimenti per l\u2019Abitare (FIA) gestito da CDP Real Asset SGR (Gruppo CDP), sostenuto da Fondazione CR Firenze, Regione Toscana e dalle principali fondazioni di origine bancaria del territorio. L\u2019affitto sar\u00e0 quello previsto dagli accordi territoriali vigenti scontati del 20% per i primi dodici anni. Al termine di tale periodo, gli appartamenti saranno immessi sul libero mercato, con la possibilit\u00e0 per gli attuali residenti di riscattarli a condizioni vantaggiose. L\u2019individuazione dei soggetti beneficiari sar\u00e0 effettuata dal Comune previa verifica del possesso dei requisiti.<\/p>\n","protected":false},"excerpt":{"rendered":"<p>Saranno 39 gli appartamenti e saranno pronti entro l&#8217;estate 2027. Il presidente Giani: &#8220;Investimenti come questo tengono insieme crescita economica e coesione, attrattivit\u00e0 e inclusione&#8221;.<\/p>\n","protected":false},"author":525,"featured_media":419042,"comment_status":"open","ping_status":"open","sticky":false,"template":"","format":"standard","meta":{"_acf_changed":false,"footnotes":""},"categories":[494],"tags":[5699,5290,6932],"class_list":["post-419041","post","type-post","status-publish","format-standard","has-post-thumbnail","hentry","category-attualita","tag-inclusione","tag-rigenerazione-urbana","tag-social-housing"],"acf":[],"yoast_head":"<!-- This site is optimized with the Yoast SEO Premium plugin v24.2 (Yoast SEO v25.6) - https:\/\/yoast.com\/wordpress\/plugins\/seo\/ -->\n<title>Manifattura Tabacchi, al via i lavori per il nuovo progetto di social housing - intoscana<\/title>\n<meta name=\"description\" content=\"Gli appartamenti saranno pronti per l&#039;estate 2027. L\u2019intervento si inserisce nel progetto di rigenerazione urbana di Manifattura Tabacchi\" \/>\n<meta name=\"robots\" content=\"index, follow, max-snippet:-1, max-image-preview:large, max-video-preview:-1\" \/>\n<link rel=\"canonical\" href=\"https:\/\/www.intoscana.it\/it\/social-housing-manifattura-tabacchi\/\" \/>\n<meta property=\"og:locale\" content=\"it_IT\" \/>\n<meta property=\"og:type\" content=\"article\" \/>\n<meta property=\"og:title\" content=\"Manifattura Tabacchi, al via i lavori per il nuovo progetto di social housing\" \/>\n<meta property=\"og:description\" content=\"Gli appartamenti saranno pronti per l&#039;estate 2027. L\u2019intervento si inserisce nel progetto di rigenerazione urbana di Manifattura Tabacchi\" \/>\n<meta property=\"og:url\" content=\"https:\/\/www.intoscana.it\/it\/social-housing-manifattura-tabacchi\/\" \/>\n<meta property=\"og:site_name\" content=\"intoscana\" \/>\n<meta property=\"article:publisher\" content=\"https:\/\/www.facebook.com\/intoscana.it\" \/>\n<meta property=\"article:published_time\" content=\"2026-03-02T15:49:53+00:00\" \/>\n<meta property=\"article:modified_time\" content=\"2026-03-03T14:02:33+00:00\" \/>\n<meta property=\"og:image\" content=\"https:\/\/www.intoscana.it\/wp-content\/uploads\/Progetto-Social-Housing_rendering.jpeg\" \/>\n\t<meta property=\"og:image:width\" content=\"1920\" \/>\n\t<meta property=\"og:image:height\" content=\"1280\" \/>\n\t<meta property=\"og:image:type\" content=\"image\/jpeg\" \/>\n<meta name=\"author\" content=\"Redazione\" \/>\n<meta name=\"twitter:card\" content=\"summary_large_image\" \/>\n<meta name=\"twitter:creator\" content=\"@intoscana\" \/>\n<meta name=\"twitter:site\" content=\"@intoscana\" \/>\n<meta name=\"twitter:label1\" content=\"Written by\" \/>\n\t<meta name=\"twitter:data1\" content=\"Redazione\" \/>\n\t<meta name=\"twitter:label2\" content=\"Est. reading time\" \/>\n\t<meta name=\"twitter:data2\" content=\"4 minuti\" \/>\n<script type=\"application\/ld+json\" class=\"yoast-schema-graph\">{\"@context\":\"https:\/\/schema.org\",\"@graph\":[{\"@type\":\"WebPage\",\"@id\":\"https:\/\/www.intoscana.it\/it\/social-housing-manifattura-tabacchi\/\",\"url\":\"https:\/\/www.intoscana.it\/it\/social-housing-manifattura-tabacchi\/\",\"name\":\"Manifattura Tabacchi, al via i lavori per il nuovo progetto di social housing - intoscana\",\"isPartOf\":{\"@id\":\"https:\/\/www.intoscana.it\/it\/#website\"},\"primaryImageOfPage\":{\"@id\":\"https:\/\/www.intoscana.it\/it\/social-housing-manifattura-tabacchi\/#primaryimage\"},\"image\":{\"@id\":\"https:\/\/www.intoscana.it\/it\/social-housing-manifattura-tabacchi\/#primaryimage\"},\"thumbnailUrl\":\"https:\/\/www.intoscana.it\/wp-content\/uploads\/Progetto-Social-Housing_rendering.jpeg\",\"datePublished\":\"2026-03-02T15:49:53+00:00\",\"dateModified\":\"2026-03-03T14:02:33+00:00\",\"author\":{\"@id\":\"https:\/\/www.intoscana.it\/it\/#\/schema\/person\/9223810753230f20bd670fdd322661f8\"},\"description\":\"Gli appartamenti saranno pronti per l'estate 2027. L\u2019intervento si inserisce nel progetto di rigenerazione urbana di Manifattura Tabacchi\",\"breadcrumb\":{\"@id\":\"https:\/\/www.intoscana.it\/it\/social-housing-manifattura-tabacchi\/#breadcrumb\"},\"inLanguage\":\"it-IT\",\"potentialAction\":[{\"@type\":\"ReadAction\",\"target\":[\"https:\/\/www.intoscana.it\/it\/social-housing-manifattura-tabacchi\/\"]}]},{\"@type\":\"ImageObject\",\"inLanguage\":\"it-IT\",\"@id\":\"https:\/\/www.intoscana.it\/it\/social-housing-manifattura-tabacchi\/#primaryimage\",\"url\":\"https:\/\/www.intoscana.it\/wp-content\/uploads\/Progetto-Social-Housing_rendering.jpeg\",\"contentUrl\":\"https:\/\/www.intoscana.it\/wp-content\/uploads\/Progetto-Social-Housing_rendering.jpeg\",\"width\":1920,\"height\":1280,\"caption\":\"Progetto Social Housing_rendering\"},{\"@type\":\"BreadcrumbList\",\"@id\":\"https:\/\/www.intoscana.it\/it\/social-housing-manifattura-tabacchi\/#breadcrumb\",\"itemListElement\":[{\"@type\":\"ListItem\",\"position\":1,\"name\":\"Home\",\"item\":\"https:\/\/www.intoscana.it\/it\/\"},{\"@type\":\"ListItem\",\"position\":2,\"name\":\"Manifattura Tabacchi, al via i lavori per il nuovo progetto di social housing\"}]},{\"@type\":\"WebSite\",\"@id\":\"https:\/\/www.intoscana.it\/it\/#website\",\"url\":\"https:\/\/www.intoscana.it\/it\/\",\"name\":\"intoscana\",\"description\":\"\",\"potentialAction\":[{\"@type\":\"SearchAction\",\"target\":{\"@type\":\"EntryPoint\",\"urlTemplate\":\"https:\/\/www.intoscana.it\/it\/?s={search_term_string}\"},\"query-input\":{\"@type\":\"PropertyValueSpecification\",\"valueRequired\":true,\"valueName\":\"search_term_string\"}}],\"inLanguage\":\"it-IT\"},{\"@type\":\"Person\",\"@id\":\"https:\/\/www.intoscana.it\/it\/#\/schema\/person\/9223810753230f20bd670fdd322661f8\",\"name\":\"Redazione\",\"url\":\"https:\/\/www.intoscana.it\/it\/author\/redazione\/\"}]}<\/script>\n<!-- \/ Yoast SEO Premium plugin. -->","yoast_head_json":{"title":"Manifattura Tabacchi, al via i lavori per il nuovo progetto di social housing - intoscana","description":"Gli appartamenti saranno pronti per l'estate 2027. L\u2019intervento si inserisce nel progetto di rigenerazione urbana di Manifattura Tabacchi","robots":{"index":"index","follow":"follow","max-snippet":"max-snippet:-1","max-image-preview":"max-image-preview:large","max-video-preview":"max-video-preview:-1"},"canonical":"https:\/\/www.intoscana.it\/it\/social-housing-manifattura-tabacchi\/","og_locale":"it_IT","og_type":"article","og_title":"Manifattura Tabacchi, al via i lavori per il nuovo progetto di social housing","og_description":"Gli appartamenti saranno pronti per l'estate 2027. L\u2019intervento si inserisce nel progetto di rigenerazione urbana di Manifattura Tabacchi","og_url":"https:\/\/www.intoscana.it\/it\/social-housing-manifattura-tabacchi\/","og_site_name":"intoscana","article_publisher":"https:\/\/www.facebook.com\/intoscana.it","article_published_time":"2026-03-02T15:49:53+00:00","article_modified_time":"2026-03-03T14:02:33+00:00","og_image":[{"width":1920,"height":1280,"url":"https:\/\/www.intoscana.it\/wp-content\/uploads\/Progetto-Social-Housing_rendering.jpeg","type":"image\/jpeg"}],"author":"Redazione","twitter_card":"summary_large_image","twitter_creator":"@intoscana","twitter_site":"@intoscana","twitter_misc":{"Written by":"Redazione","Est. reading time":"4 minuti"},"schema":{"@context":"https:\/\/schema.org","@graph":[{"@type":"WebPage","@id":"https:\/\/www.intoscana.it\/it\/social-housing-manifattura-tabacchi\/","url":"https:\/\/www.intoscana.it\/it\/social-housing-manifattura-tabacchi\/","name":"Manifattura Tabacchi, al via i lavori per il nuovo progetto di social housing - intoscana","isPartOf":{"@id":"https:\/\/www.intoscana.it\/it\/#website"},"primaryImageOfPage":{"@id":"https:\/\/www.intoscana.it\/it\/social-housing-manifattura-tabacchi\/#primaryimage"},"image":{"@id":"https:\/\/www.intoscana.it\/it\/social-housing-manifattura-tabacchi\/#primaryimage"},"thumbnailUrl":"https:\/\/www.intoscana.it\/wp-content\/uploads\/Progetto-Social-Housing_rendering.jpeg","datePublished":"2026-03-02T15:49:53+00:00","dateModified":"2026-03-03T14:02:33+00:00","author":{"@id":"https:\/\/www.intoscana.it\/it\/#\/schema\/person\/9223810753230f20bd670fdd322661f8"},"description":"Gli appartamenti saranno pronti per l'estate 2027. L\u2019intervento si inserisce nel progetto di rigenerazione urbana di Manifattura Tabacchi","breadcrumb":{"@id":"https:\/\/www.intoscana.it\/it\/social-housing-manifattura-tabacchi\/#breadcrumb"},"inLanguage":"it-IT","potentialAction":[{"@type":"ReadAction","target":["https:\/\/www.intoscana.it\/it\/social-housing-manifattura-tabacchi\/"]}]},{"@type":"ImageObject","inLanguage":"it-IT","@id":"https:\/\/www.intoscana.it\/it\/social-housing-manifattura-tabacchi\/#primaryimage","url":"https:\/\/www.intoscana.it\/wp-content\/uploads\/Progetto-Social-Housing_rendering.jpeg","contentUrl":"https:\/\/www.intoscana.it\/wp-content\/uploads\/Progetto-Social-Housing_rendering.jpeg","width":1920,"height":1280,"caption":"Progetto Social Housing_rendering"},{"@type":"BreadcrumbList","@id":"https:\/\/www.intoscana.it\/it\/social-housing-manifattura-tabacchi\/#breadcrumb","itemListElement":[{"@type":"ListItem","position":1,"name":"Home","item":"https:\/\/www.intoscana.it\/it\/"},{"@type":"ListItem","position":2,"name":"Manifattura Tabacchi, al via i lavori per il nuovo progetto di social housing"}]},{"@type":"WebSite","@id":"https:\/\/www.intoscana.it\/it\/#website","url":"https:\/\/www.intoscana.it\/it\/","name":"intoscana","description":"","potentialAction":[{"@type":"SearchAction","target":{"@type":"EntryPoint","urlTemplate":"https:\/\/www.intoscana.it\/it\/?s={search_term_string}"},"query-input":{"@type":"PropertyValueSpecification","valueRequired":true,"valueName":"search_term_string"}}],"inLanguage":"it-IT"},{"@type":"Person","@id":"https:\/\/www.intoscana.it\/it\/#\/schema\/person\/9223810753230f20bd670fdd322661f8","name":"Redazione","url":"https:\/\/www.intoscana.it\/it\/author\/redazione\/"}]}},"_links":{"self":[{"href":"https:\/\/www.intoscana.it\/it\/wp-json\/wp\/v2\/posts\/419041","targetHints":{"allow":["GET"]}}],"collection":[{"href":"https:\/\/www.intoscana.it\/it\/wp-json\/wp\/v2\/posts"}],"about":[{"href":"https:\/\/www.intoscana.it\/it\/wp-json\/wp\/v2\/types\/post"}],"author":[{"embeddable":true,"href":"https:\/\/www.intoscana.it\/it\/wp-json\/wp\/v2\/users\/525"}],"replies":[{"embeddable":true,"href":"https:\/\/www.intoscana.it\/it\/wp-json\/wp\/v2\/comments?post=419041"}],"version-history":[{"count":5,"href":"https:\/\/www.intoscana.it\/it\/wp-json\/wp\/v2\/posts\/419041\/revisions"}],"predecessor-version":[{"id":419169,"href":"https:\/\/www.intoscana.it\/it\/wp-json\/wp\/v2\/posts\/419041\/revisions\/419169"}],"wp:featuredmedia":[{"embeddable":true,"href":"https:\/\/www.intoscana.it\/it\/wp-json\/wp\/v2\/media\/419042"}],"wp:attachment":[{"href":"https:\/\/www.intoscana.it\/it\/wp-json\/wp\/v2\/media?parent=419041"}],"wp:term":[{"taxonomy":"category","embeddable":true,"href":"https:\/\/www.intoscana.it\/it\/wp-json\/wp\/v2\/categories?post=419041"},{"taxonomy":"post_tag","embeddable":true,"href":"https:\/\/www.intoscana.it\/it\/wp-json\/wp\/v2\/tags?post=419041"}],"curies":[{"name":"wp","href":"https:\/\/api.w.org\/{rel}","templated":true}]}}