{"id":419172,"date":"2026-03-03T15:23:48","date_gmt":"2026-03-03T14:23:48","guid":{"rendered":"https:\/\/www.intoscana.it\/it\/?p=419172"},"modified":"2026-03-03T16:47:25","modified_gmt":"2026-03-03T15:47:25","slug":"paralimpiadi-milano-cortina-2026-la-toscana-in-gara-con-jacopo-luchini-e-marco-pisani","status":"publish","type":"post","link":"https:\/\/www.intoscana.it\/it\/paralimpiadi-milano-cortina-2026-la-toscana-in-gara-con-jacopo-luchini-e-marco-pisani\/","title":{"rendered":"Paralimpiadi Milano Cortina 2026, la Toscana in gara con Jacopo Luchini e Marco Pisani"},"content":{"rendered":"<p>La Toscana sar\u00e0 rappresentata da <strong>Jacopo Luchini e Marco Pisani<\/strong> alle <strong>Paralimpiadi Invernali di Milano Cortina 2026<\/strong>, in programma dal 6 al 15 marzo tra Cortina d\u2019Ampezzo, Predazzo e Milano, con cerimonia inaugurale all\u2019Arena di Verona.<\/p>\n<p>La delegazione italiana sar\u00e0 composta da <strong>42 atlet<\/strong>i (35 uomini e 7 donne) e tre guide: \u00e8 il numero pi\u00f9 alto mai registrato per l\u2019Italia ai Giochi paralimpici invernali. Gli azzurri saranno presenti in tutte e sei le discipline del programma. I portabandiera saranno<strong> Chiara Mazzel e Ren\u00e9 De Silvestro.<\/strong><\/p>\n<h3>Luchini, esperienza e obiettivo podio<\/h3>\n<p>Per <strong>Jacopo Luchini,<\/strong> classe 1990, originario di <strong>Montemurlo<\/strong>, si tratta della <strong>terza partecipazione ai Giochi<\/strong> dopo le edizioni di Paralimpiadi invernali di PyeongChang 2018 e Paralimpiadi invernali di Pechino 2022. In entrambe le occasioni \u00e8 arrivato vicino al podio senza riuscire a conquistare una medaglia.<\/p>\n<p>Snowboarder della categoria SB-UL (disabilit\u00e0 agli arti superiori), Luchini \u00e8 attualmente ai vertici del ranking internazionale nella <strong>snowboard cross<\/strong> e vanta diversi podi in Coppa del Mondo e titoli iridati. Nelle scorse settimane ha conquistato un nuovo successo nel banked slalom a Steamboat, confermando la continuit\u00e0 di rendimento.<\/p>\n<p>A Cortina sar\u00e0 impegnato nelle gare di snowboard cross (7 e 8 marzo) e nel banked slalom (14 marzo). L\u2019obiettivo \u00e8 quello di centrare il <strong>primo podio paralimpico<\/strong>, dopo due edizioni chiuse a ridosso delle medaglie.<\/p>\n<figure id=\"post-419178 media-419178\" class=\"align-none\"><img decoding=\"async\" src=\"https:\/\/www.intoscana.it\/wp-content\/uploads\/jacopo-luchini-4.jpg\" alt=\"\" \/><\/figure>\n<div class=\"titleimg\">\u00a9 Jacopo Luchini\/Instagram<\/div>\n<h3>Pisani, l\u2019esordio tra nordico e biathlon<\/h3>\n<p><strong>Marco Pisani<\/strong>, di Bagno a Ripoli (FI), \u00e8 invece al debutto paralimpico. Militante nelle Forze Speciali, nel 2019 \u00e8 rimasto ferito in un attentato durante una missione in <strong>Iraq<\/strong>, perdendo la gamba sinistra. Dopo l\u2019incidente ha ripreso l\u2019attivit\u00e0 sportiva avvicinandosi allo <strong>sci nordico<\/strong> grazie al <strong>Gruppo Sportivo Paralimpico della Difesa<\/strong>.<\/p>\n<p>Garegger\u00e0 nella categoria sitting, che prevede l\u2019utilizzo dello slittino, sia nello <strong>sci di fondo sia nel biathlon<\/strong>. Quest\u2019ultima disciplina unisce la prova sugli sci al tiro a segno: nel format paralimpico gli atleti sparano da 10 metri contro un bersaglio di 13 millimetri di diametro per le classi con disabilit\u00e0 fisica.<\/p>\n<p>Le gare di sci nordico e biathlon si svolgeranno allo Stadio del Fondo di Tesero, in Val di Fiemme. Pisani arriva ai Giochi dopo una preparazione estiva basata su handbike e skiroll, seguita dalla partecipazione alle tappe di Coppa del Mondo per consolidare la tecnica.<\/p>\n<figure id=\"post-419180 media-419180\" class=\"align-none\"><img decoding=\"async\" src=\"https:\/\/www.intoscana.it\/wp-content\/uploads\/marco-pisani-2.jpg\" alt=\"\" \/><\/figure>\n<div class=\"titleimg\">\u00a9 the_bionic_piso\/Instagram<\/div>\n<h2>Il programma<\/h2>\n<p>Il biathlon aprir\u00e0 il calendario delle gare a Tesero con sprint e individuali tra il 7 e il 13 marzo. Lo sci nordico entrer\u00e0 in scena dal 10 marzo con sprint, prove individuali e staffette fino al 15 marzo. Lo snowboard, invece, sar\u00e0 interamente ospitato a Cortina d\u2019Ampezzo con tre giornate di gara dedicate a snowboard cross e banked slalom.<\/p>\n<p>Per la Toscana, Milano Cortina 2026 sar\u00e0 quindi l\u2019occasione per seguire da vicino due percorsi diversi: da un lato l\u2019esperienza di Luchini, gi\u00e0 stabilmente tra i migliori del circuito internazionale; dall\u2019altro l\u2019esordio di Pisani, inserito in una squadra che punta su un mix di atleti affermati e volti nuovi.<\/p>\n","protected":false},"excerpt":{"rendered":"<p>Lo snowboarder di Montemurlo a caccia del primo podio ai Giochi, il militare toscano all\u2019esordio nello sci nordico e nel biathlon<\/p>\n","protected":false},"author":507,"featured_media":419182,"comment_status":"open","ping_status":"open","sticky":false,"template":"","format":"standard","meta":{"_acf_changed":false,"footnotes":""},"categories":[494],"tags":[6147,159],"class_list":["post-419172","post","type-post","status-publish","format-standard","has-post-thumbnail","hentry","category-attualita","tag-paralimpiadi","tag-sport"],"acf":[],"yoast_head":"<!-- This site is optimized with the Yoast SEO Premium plugin v24.2 (Yoast SEO v25.6) - https:\/\/yoast.com\/wordpress\/plugins\/seo\/ -->\n<title>Paralimpiadi Milano Cortina 2026, la Toscana in gara con Jacopo Luchini e Marco Pisani - intoscana<\/title>\n<meta name=\"robots\" content=\"index, follow, max-snippet:-1, max-image-preview:large, max-video-preview:-1\" \/>\n<link rel=\"canonical\" href=\"https:\/\/www.intoscana.it\/it\/paralimpiadi-milano-cortina-2026-la-toscana-in-gara-con-jacopo-luchini-e-marco-pisani\/\" \/>\n<meta property=\"og:locale\" content=\"it_IT\" \/>\n<meta property=\"og:type\" content=\"article\" \/>\n<meta property=\"og:title\" content=\"Paralimpiadi Milano Cortina 2026, la Toscana in gara con Jacopo Luchini e Marco Pisani\" \/>\n<meta property=\"og:description\" content=\"Lo snowboarder di Montemurlo a caccia del primo podio ai Giochi, il militare toscano all\u2019esordio nello sci nordico e nel biathlon\" \/>\n<meta property=\"og:url\" content=\"https:\/\/www.intoscana.it\/it\/paralimpiadi-milano-cortina-2026-la-toscana-in-gara-con-jacopo-luchini-e-marco-pisani\/\" \/>\n<meta property=\"og:site_name\" content=\"intoscana\" \/>\n<meta property=\"article:publisher\" content=\"https:\/\/www.facebook.com\/intoscana.it\" \/>\n<meta property=\"article:published_time\" content=\"2026-03-03T14:23:48+00:00\" \/>\n<meta property=\"article:modified_time\" content=\"2026-03-03T15:47:25+00:00\" \/>\n<meta property=\"og:image\" content=\"https:\/\/www.intoscana.it\/wp-content\/uploads\/cover-pralimpiadi-2026.jpeg\" \/>\n\t<meta property=\"og:image:width\" content=\"1280\" \/>\n\t<meta property=\"og:image:height\" content=\"720\" \/>\n\t<meta property=\"og:image:type\" content=\"image\/jpeg\" \/>\n<meta name=\"author\" content=\"Chiara Bianchini\" \/>\n<meta name=\"twitter:card\" content=\"summary_large_image\" \/>\n<meta name=\"twitter:creator\" content=\"@intoscana\" \/>\n<meta name=\"twitter:site\" content=\"@intoscana\" \/>\n<meta name=\"twitter:label1\" content=\"Written by\" \/>\n\t<meta name=\"twitter:data1\" content=\"Chiara Bianchini\" \/>\n\t<meta name=\"twitter:label2\" content=\"Est. reading time\" \/>\n\t<meta name=\"twitter:data2\" content=\"4 minuti\" \/>\n<script type=\"application\/ld+json\" class=\"yoast-schema-graph\">{\"@context\":\"https:\/\/schema.org\",\"@graph\":[{\"@type\":\"WebPage\",\"@id\":\"https:\/\/www.intoscana.it\/it\/paralimpiadi-milano-cortina-2026-la-toscana-in-gara-con-jacopo-luchini-e-marco-pisani\/\",\"url\":\"https:\/\/www.intoscana.it\/it\/paralimpiadi-milano-cortina-2026-la-toscana-in-gara-con-jacopo-luchini-e-marco-pisani\/\",\"name\":\"Paralimpiadi Milano Cortina 2026, la Toscana in gara con Jacopo Luchini e Marco Pisani - intoscana\",\"isPartOf\":{\"@id\":\"https:\/\/www.intoscana.it\/it\/#website\"},\"primaryImageOfPage\":{\"@id\":\"https:\/\/www.intoscana.it\/it\/paralimpiadi-milano-cortina-2026-la-toscana-in-gara-con-jacopo-luchini-e-marco-pisani\/#primaryimage\"},\"image\":{\"@id\":\"https:\/\/www.intoscana.it\/it\/paralimpiadi-milano-cortina-2026-la-toscana-in-gara-con-jacopo-luchini-e-marco-pisani\/#primaryimage\"},\"thumbnailUrl\":\"https:\/\/www.intoscana.it\/wp-content\/uploads\/cover-pralimpiadi-2026.jpeg\",\"datePublished\":\"2026-03-03T14:23:48+00:00\",\"dateModified\":\"2026-03-03T15:47:25+00:00\",\"author\":{\"@id\":\"https:\/\/www.intoscana.it\/it\/#\/schema\/person\/010af92117f50561886339ad5b873a41\"},\"breadcrumb\":{\"@id\":\"https:\/\/www.intoscana.it\/it\/paralimpiadi-milano-cortina-2026-la-toscana-in-gara-con-jacopo-luchini-e-marco-pisani\/#breadcrumb\"},\"inLanguage\":\"it-IT\",\"potentialAction\":[{\"@type\":\"ReadAction\",\"target\":[\"https:\/\/www.intoscana.it\/it\/paralimpiadi-milano-cortina-2026-la-toscana-in-gara-con-jacopo-luchini-e-marco-pisani\/\"]}]},{\"@type\":\"ImageObject\",\"inLanguage\":\"it-IT\",\"@id\":\"https:\/\/www.intoscana.it\/it\/paralimpiadi-milano-cortina-2026-la-toscana-in-gara-con-jacopo-luchini-e-marco-pisani\/#primaryimage\",\"url\":\"https:\/\/www.intoscana.it\/wp-content\/uploads\/cover-pralimpiadi-2026.jpeg\",\"contentUrl\":\"https:\/\/www.intoscana.it\/wp-content\/uploads\/cover-pralimpiadi-2026.jpeg\",\"width\":1280,\"height\":720,\"caption\":\"Marco Pisani e Jacopo Luchini\"},{\"@type\":\"BreadcrumbList\",\"@id\":\"https:\/\/www.intoscana.it\/it\/paralimpiadi-milano-cortina-2026-la-toscana-in-gara-con-jacopo-luchini-e-marco-pisani\/#breadcrumb\",\"itemListElement\":[{\"@type\":\"ListItem\",\"position\":1,\"name\":\"Home\",\"item\":\"https:\/\/www.intoscana.it\/it\/\"},{\"@type\":\"ListItem\",\"position\":2,\"name\":\"Paralimpiadi Milano Cortina 2026, la Toscana in gara con Jacopo Luchini e Marco Pisani\"}]},{\"@type\":\"WebSite\",\"@id\":\"https:\/\/www.intoscana.it\/it\/#website\",\"url\":\"https:\/\/www.intoscana.it\/it\/\",\"name\":\"intoscana\",\"description\":\"\",\"potentialAction\":[{\"@type\":\"SearchAction\",\"target\":{\"@type\":\"EntryPoint\",\"urlTemplate\":\"https:\/\/www.intoscana.it\/it\/?s={search_term_string}\"},\"query-input\":{\"@type\":\"PropertyValueSpecification\",\"valueRequired\":true,\"valueName\":\"search_term_string\"}}],\"inLanguage\":\"it-IT\"},{\"@type\":\"Person\",\"@id\":\"https:\/\/www.intoscana.it\/it\/#\/schema\/person\/010af92117f50561886339ad5b873a41\",\"name\":\"Chiara Bianchini\",\"sameAs\":[\"c.bianchini@fst.it\"],\"url\":\"https:\/\/www.intoscana.it\/it\/author\/chiara-bianchini\/\"}]}<\/script>\n<!-- \/ Yoast SEO Premium plugin. -->","yoast_head_json":{"title":"Paralimpiadi Milano Cortina 2026, la Toscana in gara con Jacopo Luchini e Marco Pisani - intoscana","robots":{"index":"index","follow":"follow","max-snippet":"max-snippet:-1","max-image-preview":"max-image-preview:large","max-video-preview":"max-video-preview:-1"},"canonical":"https:\/\/www.intoscana.it\/it\/paralimpiadi-milano-cortina-2026-la-toscana-in-gara-con-jacopo-luchini-e-marco-pisani\/","og_locale":"it_IT","og_type":"article","og_title":"Paralimpiadi Milano Cortina 2026, la Toscana in gara con Jacopo Luchini e Marco Pisani","og_description":"Lo snowboarder di Montemurlo a caccia del primo podio ai Giochi, il militare toscano all\u2019esordio nello sci nordico e nel biathlon","og_url":"https:\/\/www.intoscana.it\/it\/paralimpiadi-milano-cortina-2026-la-toscana-in-gara-con-jacopo-luchini-e-marco-pisani\/","og_site_name":"intoscana","article_publisher":"https:\/\/www.facebook.com\/intoscana.it","article_published_time":"2026-03-03T14:23:48+00:00","article_modified_time":"2026-03-03T15:47:25+00:00","og_image":[{"width":1280,"height":720,"url":"https:\/\/www.intoscana.it\/wp-content\/uploads\/cover-pralimpiadi-2026.jpeg","type":"image\/jpeg"}],"author":"Chiara Bianchini","twitter_card":"summary_large_image","twitter_creator":"@intoscana","twitter_site":"@intoscana","twitter_misc":{"Written by":"Chiara Bianchini","Est. reading time":"4 minuti"},"schema":{"@context":"https:\/\/schema.org","@graph":[{"@type":"WebPage","@id":"https:\/\/www.intoscana.it\/it\/paralimpiadi-milano-cortina-2026-la-toscana-in-gara-con-jacopo-luchini-e-marco-pisani\/","url":"https:\/\/www.intoscana.it\/it\/paralimpiadi-milano-cortina-2026-la-toscana-in-gara-con-jacopo-luchini-e-marco-pisani\/","name":"Paralimpiadi Milano Cortina 2026, la Toscana in gara con Jacopo Luchini e Marco Pisani - intoscana","isPartOf":{"@id":"https:\/\/www.intoscana.it\/it\/#website"},"primaryImageOfPage":{"@id":"https:\/\/www.intoscana.it\/it\/paralimpiadi-milano-cortina-2026-la-toscana-in-gara-con-jacopo-luchini-e-marco-pisani\/#primaryimage"},"image":{"@id":"https:\/\/www.intoscana.it\/it\/paralimpiadi-milano-cortina-2026-la-toscana-in-gara-con-jacopo-luchini-e-marco-pisani\/#primaryimage"},"thumbnailUrl":"https:\/\/www.intoscana.it\/wp-content\/uploads\/cover-pralimpiadi-2026.jpeg","datePublished":"2026-03-03T14:23:48+00:00","dateModified":"2026-03-03T15:47:25+00:00","author":{"@id":"https:\/\/www.intoscana.it\/it\/#\/schema\/person\/010af92117f50561886339ad5b873a41"},"breadcrumb":{"@id":"https:\/\/www.intoscana.it\/it\/paralimpiadi-milano-cortina-2026-la-toscana-in-gara-con-jacopo-luchini-e-marco-pisani\/#breadcrumb"},"inLanguage":"it-IT","potentialAction":[{"@type":"ReadAction","target":["https:\/\/www.intoscana.it\/it\/paralimpiadi-milano-cortina-2026-la-toscana-in-gara-con-jacopo-luchini-e-marco-pisani\/"]}]},{"@type":"ImageObject","inLanguage":"it-IT","@id":"https:\/\/www.intoscana.it\/it\/paralimpiadi-milano-cortina-2026-la-toscana-in-gara-con-jacopo-luchini-e-marco-pisani\/#primaryimage","url":"https:\/\/www.intoscana.it\/wp-content\/uploads\/cover-pralimpiadi-2026.jpeg","contentUrl":"https:\/\/www.intoscana.it\/wp-content\/uploads\/cover-pralimpiadi-2026.jpeg","width":1280,"height":720,"caption":"Marco Pisani e Jacopo Luchini"},{"@type":"BreadcrumbList","@id":"https:\/\/www.intoscana.it\/it\/paralimpiadi-milano-cortina-2026-la-toscana-in-gara-con-jacopo-luchini-e-marco-pisani\/#breadcrumb","itemListElement":[{"@type":"ListItem","position":1,"name":"Home","item":"https:\/\/www.intoscana.it\/it\/"},{"@type":"ListItem","position":2,"name":"Paralimpiadi Milano Cortina 2026, la Toscana in gara con Jacopo Luchini e Marco Pisani"}]},{"@type":"WebSite","@id":"https:\/\/www.intoscana.it\/it\/#website","url":"https:\/\/www.intoscana.it\/it\/","name":"intoscana","description":"","potentialAction":[{"@type":"SearchAction","target":{"@type":"EntryPoint","urlTemplate":"https:\/\/www.intoscana.it\/it\/?s={search_term_string}"},"query-input":{"@type":"PropertyValueSpecification","valueRequired":true,"valueName":"search_term_string"}}],"inLanguage":"it-IT"},{"@type":"Person","@id":"https:\/\/www.intoscana.it\/it\/#\/schema\/person\/010af92117f50561886339ad5b873a41","name":"Chiara Bianchini","sameAs":["c.bianchini@fst.it"],"url":"https:\/\/www.intoscana.it\/it\/author\/chiara-bianchini\/"}]}},"_links":{"self":[{"href":"https:\/\/www.intoscana.it\/it\/wp-json\/wp\/v2\/posts\/419172","targetHints":{"allow":["GET"]}}],"collection":[{"href":"https:\/\/www.intoscana.it\/it\/wp-json\/wp\/v2\/posts"}],"about":[{"href":"https:\/\/www.intoscana.it\/it\/wp-json\/wp\/v2\/types\/post"}],"author":[{"embeddable":true,"href":"https:\/\/www.intoscana.it\/it\/wp-json\/wp\/v2\/users\/507"}],"replies":[{"embeddable":true,"href":"https:\/\/www.intoscana.it\/it\/wp-json\/wp\/v2\/comments?post=419172"}],"version-history":[{"count":5,"href":"https:\/\/www.intoscana.it\/it\/wp-json\/wp\/v2\/posts\/419172\/revisions"}],"predecessor-version":[{"id":419207,"href":"https:\/\/www.intoscana.it\/it\/wp-json\/wp\/v2\/posts\/419172\/revisions\/419207"}],"wp:featuredmedia":[{"embeddable":true,"href":"https:\/\/www.intoscana.it\/it\/wp-json\/wp\/v2\/media\/419182"}],"wp:attachment":[{"href":"https:\/\/www.intoscana.it\/it\/wp-json\/wp\/v2\/media?parent=419172"}],"wp:term":[{"taxonomy":"category","embeddable":true,"href":"https:\/\/www.intoscana.it\/it\/wp-json\/wp\/v2\/categories?post=419172"},{"taxonomy":"post_tag","embeddable":true,"href":"https:\/\/www.intoscana.it\/it\/wp-json\/wp\/v2\/tags?post=419172"}],"curies":[{"name":"wp","href":"https:\/\/api.w.org\/{rel}","templated":true}]}}