{"id":419314,"date":"2026-03-04T13:16:24","date_gmt":"2026-03-04T12:16:24","guid":{"rendered":"https:\/\/www.intoscana.it\/it\/?p=419314"},"modified":"2026-03-04T13:16:24","modified_gmt":"2026-03-04T12:16:24","slug":"neffa-concerto-firenze-teatro-cartiere-carrara-2026","status":"publish","type":"post","link":"https:\/\/www.intoscana.it\/it\/neffa-concerto-firenze-teatro-cartiere-carrara-2026\/","title":{"rendered":"Firenze entra nell\u2019Universo Neffa: il club tour fa tappa al Teatro Cartiere Carrara"},"content":{"rendered":"<p>Dopo il grande successo del concerto sold out all<strong>\u2019Unipol Forum di Milano &#8211;<\/strong> Neffa sceglie ora di immergersi in una nuova dimensione: <strong><em>CLUB TOUR 2026 &#8211; UNIVERSO NEFF<\/em>A<\/strong> \u00e8 la nuova tourn\u00e9e, prodotta da Vivo Concerti, che porter\u00e0 l\u2019artista <strong>domenica 8 marzo al Teatro Cartiere Carrara di Firenze.<\/strong><\/p>\n<p>Non si tratter\u00e0 di una semplice serie di live, ma di<strong> un vero e proprio viaggio nel mondo dell\u2019artista.<\/strong> Sar\u00e0 un&#8217;esperienza cucita su misura per i club, spazi che permettono una dimensione pi\u00f9 intima, dove il contatto con il pubblico si fa viscerale e la musica diventa l&#8217;unica protagonista assoluta.<\/p>\n<p>Neffa porter\u00e0 sul palco un percorso completo attraverso<strong> la sua intera discografia,<\/strong> dai brani dell\u2019ultimo album <strong><em>\u201cCanerandagio\u201d<\/em><\/strong> fino ai cult intramontabili del suo repertorio. I fan potranno scatenarsi tra l&#8217;energia hip hop e quelle inconfondibili vibrazioni soul che hanno reso <strong>Neffa uno dei grandi artisti della scena musicale italiana.<\/strong><\/p>\n<figure id=\"post-419318 media-419318\" class=\"align-none\"><img decoding=\"async\" src=\"https:\/\/www.intoscana.it\/wp-content\/uploads\/foto-neffa-forum-5-novembre-2025-PH.-FRANCESCO-PRANDONI-07798-pic.jpeg\" alt=\"\" \/><\/figure>\n<div class=\"titleimg\"><em>Neffa &#8211; \u00a9 Francesco Prandoni<\/em><\/div>\n<p><em>\u201cSono stato molte volte in concerto a Firenze \u2013 <\/em><strong>spiega Neffa <\/strong><em>\u2013 e sono curioso di vedere come il pubblico toscano prender\u00e0 il mio ritorno. Il mio migliore amico di Firenze, Dre Love, purtroppo non c\u2019\u00e8 pi\u00f9. Con lui ho fatto molte cose ai tempi del rap. Sono sicuro che sarebbe stato con me anche stavolta. Avr\u00f2 molti pensieri per lui. Non vedo l\u2019ora di esserci\u201d.<\/em><\/p>\n<p><strong>CLUB TOUR 2026 \u2013 UNIVERSO NEFFA<\/strong> sar\u00e0 un&#8217;occasione per <strong>celebrare un artista capace di reinventarsi costantemente,<\/strong> lasciando un&#8217;impronta indelebile nella cultura rap, soul e pop del nostro Paese.<\/p>\n<p><strong>I biglietti \u2013 posto unico 48,50 euro<\/strong> &#8211; sono disponibili sul sito del teatro www.teatrocartierecarrara.it, su www.ticketone.it (tel. 892.101), su www.bitconcerti.it e nei punti Box Office Toscana (www.boxofficetoscana.it\/punti-vendita &#8211; tel. 055.210804).<\/p>\n<figure id=\"post-419315 media-419315\" class=\"align-none\"><img decoding=\"async\" src=\"https:\/\/www.intoscana.it\/wp-content\/uploads\/foto-neffa-forum-5-novembre-2025-prandoni-4608-scaled.jpeg\" alt=\"\" \/><\/figure>\n<div class=\"titleimg\">Neffa &#8211; \u00a9 Francesco Prandoni<\/div>\n","protected":false},"excerpt":{"rendered":"<p>Domenica 8 marzo a Firenze non sar\u00e0 un semplice live, ma un vero e proprio viaggio nel mondo dell\u2019artista dai suoi grandi successi all&#8217;ultimo disco<\/p>\n","protected":false},"author":525,"featured_media":419317,"comment_status":"open","ping_status":"open","sticky":false,"template":"","format":"standard","meta":{"_acf_changed":false,"footnotes":""},"categories":[14],"tags":[216,4474,202],"class_list":["post-419314","post","type-post","status-publish","format-standard","has-post-thumbnail","hentry","category-musica","tag-concerti","tag-eventi","tag-firenze"],"acf":[],"yoast_head":"<!-- This site is optimized with the Yoast SEO Premium plugin v24.2 (Yoast SEO v25.6) - https:\/\/yoast.com\/wordpress\/plugins\/seo\/ -->\n<title>Firenze entra nell\u2019Universo Neffa: il club tour fa tappa al Teatro Cartiere Carrara - intoscana<\/title>\n<meta name=\"description\" content=\"Domenica 8 marzo a Firenze non sar\u00e0 un semplice live, ma un vero e proprio viaggio nel mondo multiforme dell\u2019artista\" \/>\n<meta name=\"robots\" content=\"index, follow, max-snippet:-1, max-image-preview:large, max-video-preview:-1\" \/>\n<link rel=\"canonical\" href=\"https:\/\/www.intoscana.it\/it\/neffa-concerto-firenze-teatro-cartiere-carrara-2026\/\" \/>\n<meta property=\"og:locale\" content=\"it_IT\" \/>\n<meta property=\"og:type\" content=\"article\" \/>\n<meta property=\"og:title\" content=\"Firenze entra nell\u2019Universo Neffa: il club tour fa tappa al Teatro Cartiere Carrara\" \/>\n<meta property=\"og:description\" content=\"Domenica 8 marzo a Firenze non sar\u00e0 un semplice live, ma un vero e proprio viaggio nel mondo multiforme dell\u2019artista\" \/>\n<meta property=\"og:url\" content=\"https:\/\/www.intoscana.it\/it\/neffa-concerto-firenze-teatro-cartiere-carrara-2026\/\" \/>\n<meta property=\"og:site_name\" content=\"intoscana\" \/>\n<meta property=\"article:publisher\" content=\"https:\/\/www.facebook.com\/intoscana.it\" \/>\n<meta property=\"article:published_time\" content=\"2026-03-04T12:16:24+00:00\" \/>\n<meta property=\"og:image\" content=\"https:\/\/www.intoscana.it\/wp-content\/uploads\/foto-neffa-forum-5-novembre-2025-PH.-FRANCESCO-PRANDONI-07918-pic.jpeg\" \/>\n\t<meta property=\"og:image:width\" content=\"1417\" \/>\n\t<meta property=\"og:image:height\" content=\"945\" \/>\n\t<meta property=\"og:image:type\" content=\"image\/jpeg\" \/>\n<meta name=\"author\" content=\"Redazione\" \/>\n<meta name=\"twitter:card\" content=\"summary_large_image\" \/>\n<meta name=\"twitter:creator\" content=\"@intoscana\" \/>\n<meta name=\"twitter:site\" content=\"@intoscana\" \/>\n<meta name=\"twitter:label1\" content=\"Written by\" \/>\n\t<meta name=\"twitter:data1\" content=\"Redazione\" \/>\n\t<meta name=\"twitter:label2\" content=\"Est. reading time\" \/>\n\t<meta name=\"twitter:data2\" content=\"3 minuti\" \/>\n<script type=\"application\/ld+json\" class=\"yoast-schema-graph\">{\"@context\":\"https:\/\/schema.org\",\"@graph\":[{\"@type\":\"WebPage\",\"@id\":\"https:\/\/www.intoscana.it\/it\/neffa-concerto-firenze-teatro-cartiere-carrara-2026\/\",\"url\":\"https:\/\/www.intoscana.it\/it\/neffa-concerto-firenze-teatro-cartiere-carrara-2026\/\",\"name\":\"Firenze entra nell\u2019Universo Neffa: il club tour fa tappa al Teatro Cartiere Carrara - intoscana\",\"isPartOf\":{\"@id\":\"https:\/\/www.intoscana.it\/it\/#website\"},\"primaryImageOfPage\":{\"@id\":\"https:\/\/www.intoscana.it\/it\/neffa-concerto-firenze-teatro-cartiere-carrara-2026\/#primaryimage\"},\"image\":{\"@id\":\"https:\/\/www.intoscana.it\/it\/neffa-concerto-firenze-teatro-cartiere-carrara-2026\/#primaryimage\"},\"thumbnailUrl\":\"https:\/\/www.intoscana.it\/wp-content\/uploads\/foto-neffa-forum-5-novembre-2025-PH.-FRANCESCO-PRANDONI-07918-pic.jpeg\",\"datePublished\":\"2026-03-04T12:16:24+00:00\",\"author\":{\"@id\":\"https:\/\/www.intoscana.it\/it\/#\/schema\/person\/9223810753230f20bd670fdd322661f8\"},\"description\":\"Domenica 8 marzo a Firenze non sar\u00e0 un semplice live, ma un vero e proprio viaggio nel mondo multiforme dell\u2019artista\",\"breadcrumb\":{\"@id\":\"https:\/\/www.intoscana.it\/it\/neffa-concerto-firenze-teatro-cartiere-carrara-2026\/#breadcrumb\"},\"inLanguage\":\"it-IT\",\"potentialAction\":[{\"@type\":\"ReadAction\",\"target\":[\"https:\/\/www.intoscana.it\/it\/neffa-concerto-firenze-teatro-cartiere-carrara-2026\/\"]}]},{\"@type\":\"ImageObject\",\"inLanguage\":\"it-IT\",\"@id\":\"https:\/\/www.intoscana.it\/it\/neffa-concerto-firenze-teatro-cartiere-carrara-2026\/#primaryimage\",\"url\":\"https:\/\/www.intoscana.it\/wp-content\/uploads\/foto-neffa-forum-5-novembre-2025-PH.-FRANCESCO-PRANDONI-07918-pic.jpeg\",\"contentUrl\":\"https:\/\/www.intoscana.it\/wp-content\/uploads\/foto-neffa-forum-5-novembre-2025-PH.-FRANCESCO-PRANDONI-07918-pic.jpeg\",\"width\":1417,\"height\":945,\"caption\":\"Neffa\"},{\"@type\":\"BreadcrumbList\",\"@id\":\"https:\/\/www.intoscana.it\/it\/neffa-concerto-firenze-teatro-cartiere-carrara-2026\/#breadcrumb\",\"itemListElement\":[{\"@type\":\"ListItem\",\"position\":1,\"name\":\"Home\",\"item\":\"https:\/\/www.intoscana.it\/it\/\"},{\"@type\":\"ListItem\",\"position\":2,\"name\":\"Firenze entra nell\u2019Universo Neffa: il club tour fa tappa al Teatro Cartiere Carrara\"}]},{\"@type\":\"WebSite\",\"@id\":\"https:\/\/www.intoscana.it\/it\/#website\",\"url\":\"https:\/\/www.intoscana.it\/it\/\",\"name\":\"intoscana\",\"description\":\"\",\"potentialAction\":[{\"@type\":\"SearchAction\",\"target\":{\"@type\":\"EntryPoint\",\"urlTemplate\":\"https:\/\/www.intoscana.it\/it\/?s={search_term_string}\"},\"query-input\":{\"@type\":\"PropertyValueSpecification\",\"valueRequired\":true,\"valueName\":\"search_term_string\"}}],\"inLanguage\":\"it-IT\"},{\"@type\":\"Person\",\"@id\":\"https:\/\/www.intoscana.it\/it\/#\/schema\/person\/9223810753230f20bd670fdd322661f8\",\"name\":\"Redazione\",\"url\":\"https:\/\/www.intoscana.it\/it\/author\/redazione\/\"}]}<\/script>\n<!-- \/ Yoast SEO Premium plugin. -->","yoast_head_json":{"title":"Firenze entra nell\u2019Universo Neffa: il club tour fa tappa al Teatro Cartiere Carrara - intoscana","description":"Domenica 8 marzo a Firenze non sar\u00e0 un semplice live, ma un vero e proprio viaggio nel mondo multiforme dell\u2019artista","robots":{"index":"index","follow":"follow","max-snippet":"max-snippet:-1","max-image-preview":"max-image-preview:large","max-video-preview":"max-video-preview:-1"},"canonical":"https:\/\/www.intoscana.it\/it\/neffa-concerto-firenze-teatro-cartiere-carrara-2026\/","og_locale":"it_IT","og_type":"article","og_title":"Firenze entra nell\u2019Universo Neffa: il club tour fa tappa al Teatro Cartiere Carrara","og_description":"Domenica 8 marzo a Firenze non sar\u00e0 un semplice live, ma un vero e proprio viaggio nel mondo multiforme dell\u2019artista","og_url":"https:\/\/www.intoscana.it\/it\/neffa-concerto-firenze-teatro-cartiere-carrara-2026\/","og_site_name":"intoscana","article_publisher":"https:\/\/www.facebook.com\/intoscana.it","article_published_time":"2026-03-04T12:16:24+00:00","og_image":[{"width":1417,"height":945,"url":"https:\/\/www.intoscana.it\/wp-content\/uploads\/foto-neffa-forum-5-novembre-2025-PH.-FRANCESCO-PRANDONI-07918-pic.jpeg","type":"image\/jpeg"}],"author":"Redazione","twitter_card":"summary_large_image","twitter_creator":"@intoscana","twitter_site":"@intoscana","twitter_misc":{"Written by":"Redazione","Est. reading time":"3 minuti"},"schema":{"@context":"https:\/\/schema.org","@graph":[{"@type":"WebPage","@id":"https:\/\/www.intoscana.it\/it\/neffa-concerto-firenze-teatro-cartiere-carrara-2026\/","url":"https:\/\/www.intoscana.it\/it\/neffa-concerto-firenze-teatro-cartiere-carrara-2026\/","name":"Firenze entra nell\u2019Universo Neffa: il club tour fa tappa al Teatro Cartiere Carrara - intoscana","isPartOf":{"@id":"https:\/\/www.intoscana.it\/it\/#website"},"primaryImageOfPage":{"@id":"https:\/\/www.intoscana.it\/it\/neffa-concerto-firenze-teatro-cartiere-carrara-2026\/#primaryimage"},"image":{"@id":"https:\/\/www.intoscana.it\/it\/neffa-concerto-firenze-teatro-cartiere-carrara-2026\/#primaryimage"},"thumbnailUrl":"https:\/\/www.intoscana.it\/wp-content\/uploads\/foto-neffa-forum-5-novembre-2025-PH.-FRANCESCO-PRANDONI-07918-pic.jpeg","datePublished":"2026-03-04T12:16:24+00:00","author":{"@id":"https:\/\/www.intoscana.it\/it\/#\/schema\/person\/9223810753230f20bd670fdd322661f8"},"description":"Domenica 8 marzo a Firenze non sar\u00e0 un semplice live, ma un vero e proprio viaggio nel mondo multiforme dell\u2019artista","breadcrumb":{"@id":"https:\/\/www.intoscana.it\/it\/neffa-concerto-firenze-teatro-cartiere-carrara-2026\/#breadcrumb"},"inLanguage":"it-IT","potentialAction":[{"@type":"ReadAction","target":["https:\/\/www.intoscana.it\/it\/neffa-concerto-firenze-teatro-cartiere-carrara-2026\/"]}]},{"@type":"ImageObject","inLanguage":"it-IT","@id":"https:\/\/www.intoscana.it\/it\/neffa-concerto-firenze-teatro-cartiere-carrara-2026\/#primaryimage","url":"https:\/\/www.intoscana.it\/wp-content\/uploads\/foto-neffa-forum-5-novembre-2025-PH.-FRANCESCO-PRANDONI-07918-pic.jpeg","contentUrl":"https:\/\/www.intoscana.it\/wp-content\/uploads\/foto-neffa-forum-5-novembre-2025-PH.-FRANCESCO-PRANDONI-07918-pic.jpeg","width":1417,"height":945,"caption":"Neffa"},{"@type":"BreadcrumbList","@id":"https:\/\/www.intoscana.it\/it\/neffa-concerto-firenze-teatro-cartiere-carrara-2026\/#breadcrumb","itemListElement":[{"@type":"ListItem","position":1,"name":"Home","item":"https:\/\/www.intoscana.it\/it\/"},{"@type":"ListItem","position":2,"name":"Firenze entra nell\u2019Universo Neffa: il club tour fa tappa al Teatro Cartiere Carrara"}]},{"@type":"WebSite","@id":"https:\/\/www.intoscana.it\/it\/#website","url":"https:\/\/www.intoscana.it\/it\/","name":"intoscana","description":"","potentialAction":[{"@type":"SearchAction","target":{"@type":"EntryPoint","urlTemplate":"https:\/\/www.intoscana.it\/it\/?s={search_term_string}"},"query-input":{"@type":"PropertyValueSpecification","valueRequired":true,"valueName":"search_term_string"}}],"inLanguage":"it-IT"},{"@type":"Person","@id":"https:\/\/www.intoscana.it\/it\/#\/schema\/person\/9223810753230f20bd670fdd322661f8","name":"Redazione","url":"https:\/\/www.intoscana.it\/it\/author\/redazione\/"}]}},"_links":{"self":[{"href":"https:\/\/www.intoscana.it\/it\/wp-json\/wp\/v2\/posts\/419314","targetHints":{"allow":["GET"]}}],"collection":[{"href":"https:\/\/www.intoscana.it\/it\/wp-json\/wp\/v2\/posts"}],"about":[{"href":"https:\/\/www.intoscana.it\/it\/wp-json\/wp\/v2\/types\/post"}],"author":[{"embeddable":true,"href":"https:\/\/www.intoscana.it\/it\/wp-json\/wp\/v2\/users\/525"}],"replies":[{"embeddable":true,"href":"https:\/\/www.intoscana.it\/it\/wp-json\/wp\/v2\/comments?post=419314"}],"version-history":[{"count":5,"href":"https:\/\/www.intoscana.it\/it\/wp-json\/wp\/v2\/posts\/419314\/revisions"}],"predecessor-version":[{"id":419370,"href":"https:\/\/www.intoscana.it\/it\/wp-json\/wp\/v2\/posts\/419314\/revisions\/419370"}],"wp:featuredmedia":[{"embeddable":true,"href":"https:\/\/www.intoscana.it\/it\/wp-json\/wp\/v2\/media\/419317"}],"wp:attachment":[{"href":"https:\/\/www.intoscana.it\/it\/wp-json\/wp\/v2\/media?parent=419314"}],"wp:term":[{"taxonomy":"category","embeddable":true,"href":"https:\/\/www.intoscana.it\/it\/wp-json\/wp\/v2\/categories?post=419314"},{"taxonomy":"post_tag","embeddable":true,"href":"https:\/\/www.intoscana.it\/it\/wp-json\/wp\/v2\/tags?post=419314"}],"curies":[{"name":"wp","href":"https:\/\/api.w.org\/{rel}","templated":true}]}}