{"id":419331,"date":"2026-03-04T12:13:44","date_gmt":"2026-03-04T11:13:44","guid":{"rendered":"https:\/\/www.intoscana.it\/it\/?p=419331"},"modified":"2026-03-11T13:41:02","modified_gmt":"2026-03-11T12:41:02","slug":"vaccino-contro-il-papilloma-virus-la-toscana-investe-sulla-prevenzione","status":"publish","type":"post","link":"https:\/\/www.intoscana.it\/it\/vaccino-contro-il-papilloma-virus-la-toscana-investe-sulla-prevenzione\/","title":{"rendered":"Vaccino contro il papilloma virus, la Toscana investe sulla prevenzione"},"content":{"rendered":"<div class=\"rt-page__content rt-page-content--left\">\n<div class=\"rt-page__content-text\">\n<p>La Toscana \u00e8 tra le regioni italiane con le migliori coperture vaccinali contro l\u2019Hpv, il <strong>papilloma virus<\/strong> umano. \u00c8 offerta a chi ha compiuto undici anni, ma \u00e8 possibile vaccinarsi dall\u2019et\u00e0 di nove. <mark>In Toscana la vaccinazione \u00e8 gratuita per le donne fino ai trent&#8217;anni da compiere, quattro anni oltre la soglia prevista a livello nazionale, e per i maschi fino ai diciotto,<\/mark> oltre che per le categorie a rischio.<\/p>\n<p>Vacciniarsi pu\u00f2 prevenire il cancro all\u2019utero e al pene, all\u2019ano e all&#8217;orofaringe: patologie che colpiscono sia le donne sia gli uomini. In media, i maschi si vaccinano di meno, anche se in Toscana di pi\u00f9 che nel resto d\u2019Italia.<\/p>\n<p>\u201cSi tratta di un risultato importante \u2013 dichiara il presidente <strong>Eugenio Giani<\/strong> \u2013, il frutto di un lavoro costante e strutturato. Ma l\u2019obiettivo dell\u2019eliminazione dei tumori correlati all\u2019Hpv richiede un impegno ancora pi\u00f9 incisivo, soprattutto sul fronte dell\u2019equit\u00e0\u201d. \u201cInvestire sulla prevenzione in sanit\u00e0 \u00e8 un doppio investimento: per la salute delle singole cittadine e cittadini e per la tenuta del sistema sanitario nel suo complesso &#8211; aggiunge l\u2019assessora alla sanit\u00e0 e alle politiche sociali <strong>Monia Monni<\/strong> &#8211;\u00a0 La vaccinazione \u00e8 uno strumento fondamentale per ridurre il rischio di numerose forme tumorali e altre patologie correlate all\u2019infezione\u201d.<\/p>\n<p>In occasione della giornata mondiale di lotta al papilllomavirus, <mark>dalle ore 18 Palazzo Strozzi Sacrati a Firenze, sede della presidenza della giunta regionale, sar\u00e0 illuminato di lilla,<\/mark> il colore simbolo della lotta ai tumori correlati all\u2019Hpv.<\/p>\n<h3><em>I numeri della prevenzione<\/em><\/h3>\n<p>Alla fine del 2023 il 74,57 per cento delle <strong>ragazze<\/strong> nate nel 2011 aveva ricevuto la prima dose (contro il 62,69 per cento della media italiana). Il 65,23 aveva completato l\u2019intero ciclo, quasi il 20 per cento in pi\u00f9 rispetto al dato nazionale che si ferma al 45,39.\u00a0\u00a0Sempre in Toscana i <strong>ragazzi<\/strong> con una dose erano stati il 66,6 per cento (il \u00a055,38 \u00a0in tutto il Paese) e il 54,97 per cento quelli che avevano completato \u00a0il ciclo contro il 39,35 per cento nel resto di Italia.<\/p>\n<p>\u201cDobbiamo garantire pari opportunit\u00e0 di protezione a ragazze e ragazzi \u2013 prosegue Giani \u2013 perch\u00e9 oggi non \u00e8 ancora cos\u00ec. <mark>\u00c8 necessario colmare il divario nelle coperture vaccinali maschili e rafforzare la consapevolezza che l\u2019Hpv riguarda tutti.<\/mark> Non si tratta di una prevenzione \u2018di genere\u2019, ma di una responsabilit\u00e0 collettiva\u201d.<\/p>\n<p>Particolare attenzione sar\u00e0 quindi rivolta alla popolazione maschile adolescente, attraverso <strong>campagne mirate<\/strong> e iniziative di sensibilizzazione nelle scuole e nei territori, per i giovani e le famiglie. Accanto alla prevenzione oncologica, la Regione intende rafforzare l\u2019informazione sui possibili <mark>effetti dell\u2019infezione da papilloma virus anche sulla salute riproduttiva, contribuendo a creare maggiore consapevolezza tra i pi\u00f9 giovani rispetto ai rischi che il virus pu\u00f2 comportare: inclusi potenziali problemi di fertilit\u00e0.<\/mark> Nel corso dell\u2019anno saranno organizzati su tutto il territorio regionale open day vaccinali ed azioni di prossimit\u00e0 e coinvolti professionisti sanitari.<\/p>\n<\/div>\n<\/div>\n","protected":false},"excerpt":{"rendered":"<p>Il presidente Giani: &#8220;\u00c8 necessario colmare il divario nelle coperture vaccinali maschili e rafforzare la consapevolezza che l\u2019Hpv riguarda tutti&#8221;. In occasione della giornata mondiale Palazzo Strozzi Sacrati a Firenze sar\u00e0 illuminato di lilla<\/p>\n","protected":false},"author":525,"featured_media":419429,"comment_status":"open","ping_status":"open","sticky":false,"template":"","format":"standard","meta":{"_acf_changed":false,"footnotes":""},"categories":[18],"tags":[158,5232,349,5467],"class_list":["post-419331","post","type-post","status-publish","format-standard","has-post-thumbnail","hentry","category-salute","tag-eugenio-giani","tag-monia-monni","tag-sanita","tag-vaccinazioni"],"acf":[],"yoast_head":"<!-- This site is optimized with the Yoast SEO Premium plugin v24.2 (Yoast SEO v25.6) - https:\/\/yoast.com\/wordpress\/plugins\/seo\/ -->\n<title>Vaccino contro il papilloma virus, la Toscana investe sulla prevenzione - intoscana<\/title>\n<meta name=\"description\" content=\"Il presidente Giani: &quot;\u00c8 necessario colmare il divario nelle coperture vaccinali maschili e rafforzare la consapevolezza che l\u2019Hpv riguarda tutti&quot;\" \/>\n<meta name=\"robots\" content=\"index, follow, max-snippet:-1, max-image-preview:large, max-video-preview:-1\" \/>\n<link rel=\"canonical\" href=\"https:\/\/www.intoscana.it\/it\/vaccino-contro-il-papilloma-virus-la-toscana-investe-sulla-prevenzione\/\" \/>\n<meta property=\"og:locale\" content=\"it_IT\" \/>\n<meta property=\"og:type\" content=\"article\" \/>\n<meta property=\"og:title\" content=\"Vaccino contro il papilloma virus, la Toscana investe sulla prevenzione\" \/>\n<meta property=\"og:description\" content=\"Il presidente Giani: &quot;\u00c8 necessario colmare il divario nelle coperture vaccinali maschili e rafforzare la consapevolezza che l\u2019Hpv riguarda tutti&quot;\" \/>\n<meta property=\"og:url\" content=\"https:\/\/www.intoscana.it\/it\/vaccino-contro-il-papilloma-virus-la-toscana-investe-sulla-prevenzione\/\" \/>\n<meta property=\"og:site_name\" content=\"intoscana\" \/>\n<meta property=\"article:publisher\" content=\"https:\/\/www.facebook.com\/intoscana.it\" \/>\n<meta property=\"article:published_time\" content=\"2026-03-04T11:13:44+00:00\" \/>\n<meta property=\"article:modified_time\" content=\"2026-03-11T12:41:02+00:00\" \/>\n<meta name=\"author\" content=\"Redazione\" \/>\n<meta name=\"twitter:card\" content=\"summary_large_image\" \/>\n<meta name=\"twitter:creator\" content=\"@intoscana\" \/>\n<meta name=\"twitter:site\" content=\"@intoscana\" \/>\n<meta name=\"twitter:label1\" content=\"Written by\" \/>\n\t<meta name=\"twitter:data1\" content=\"Redazione\" \/>\n\t<meta name=\"twitter:label2\" content=\"Est. reading time\" \/>\n\t<meta name=\"twitter:data2\" content=\"3 minuti\" \/>\n<script type=\"application\/ld+json\" class=\"yoast-schema-graph\">{\"@context\":\"https:\/\/schema.org\",\"@graph\":[{\"@type\":\"WebPage\",\"@id\":\"https:\/\/www.intoscana.it\/it\/vaccino-contro-il-papilloma-virus-la-toscana-investe-sulla-prevenzione\/\",\"url\":\"https:\/\/www.intoscana.it\/it\/vaccino-contro-il-papilloma-virus-la-toscana-investe-sulla-prevenzione\/\",\"name\":\"Vaccino contro il papilloma virus, la Toscana investe sulla prevenzione - intoscana\",\"isPartOf\":{\"@id\":\"https:\/\/www.intoscana.it\/it\/#website\"},\"primaryImageOfPage\":{\"@id\":\"https:\/\/www.intoscana.it\/it\/vaccino-contro-il-papilloma-virus-la-toscana-investe-sulla-prevenzione\/#primaryimage\"},\"image\":{\"@id\":\"https:\/\/www.intoscana.it\/it\/vaccino-contro-il-papilloma-virus-la-toscana-investe-sulla-prevenzione\/#primaryimage\"},\"thumbnailUrl\":\"https:\/\/www.intoscana.it\/wp-content\/uploads\/AdobeStock_481559302-1-scaled.jpg\",\"datePublished\":\"2026-03-04T11:13:44+00:00\",\"dateModified\":\"2026-03-11T12:41:02+00:00\",\"author\":{\"@id\":\"https:\/\/www.intoscana.it\/it\/#\/schema\/person\/9223810753230f20bd670fdd322661f8\"},\"description\":\"Il presidente Giani: \\\"\u00c8 necessario colmare il divario nelle coperture vaccinali maschili e rafforzare la consapevolezza che l\u2019Hpv riguarda tutti\\\"\",\"breadcrumb\":{\"@id\":\"https:\/\/www.intoscana.it\/it\/vaccino-contro-il-papilloma-virus-la-toscana-investe-sulla-prevenzione\/#breadcrumb\"},\"inLanguage\":\"it-IT\",\"potentialAction\":[{\"@type\":\"ReadAction\",\"target\":[\"https:\/\/www.intoscana.it\/it\/vaccino-contro-il-papilloma-virus-la-toscana-investe-sulla-prevenzione\/\"]}]},{\"@type\":\"ImageObject\",\"inLanguage\":\"it-IT\",\"@id\":\"https:\/\/www.intoscana.it\/it\/vaccino-contro-il-papilloma-virus-la-toscana-investe-sulla-prevenzione\/#primaryimage\",\"url\":\"https:\/\/www.intoscana.it\/wp-content\/uploads\/AdobeStock_481559302-1-scaled.jpg\",\"contentUrl\":\"https:\/\/www.intoscana.it\/wp-content\/uploads\/AdobeStock_481559302-1-scaled.jpg\",\"width\":2048,\"height\":1365},{\"@type\":\"BreadcrumbList\",\"@id\":\"https:\/\/www.intoscana.it\/it\/vaccino-contro-il-papilloma-virus-la-toscana-investe-sulla-prevenzione\/#breadcrumb\",\"itemListElement\":[{\"@type\":\"ListItem\",\"position\":1,\"name\":\"Home\",\"item\":\"https:\/\/www.intoscana.it\/it\/\"},{\"@type\":\"ListItem\",\"position\":2,\"name\":\"Vaccino contro il papilloma virus, la Toscana investe sulla prevenzione\"}]},{\"@type\":\"WebSite\",\"@id\":\"https:\/\/www.intoscana.it\/it\/#website\",\"url\":\"https:\/\/www.intoscana.it\/it\/\",\"name\":\"intoscana\",\"description\":\"\",\"potentialAction\":[{\"@type\":\"SearchAction\",\"target\":{\"@type\":\"EntryPoint\",\"urlTemplate\":\"https:\/\/www.intoscana.it\/it\/?s={search_term_string}\"},\"query-input\":{\"@type\":\"PropertyValueSpecification\",\"valueRequired\":true,\"valueName\":\"search_term_string\"}}],\"inLanguage\":\"it-IT\"},{\"@type\":\"Person\",\"@id\":\"https:\/\/www.intoscana.it\/it\/#\/schema\/person\/9223810753230f20bd670fdd322661f8\",\"name\":\"Redazione\",\"url\":\"https:\/\/www.intoscana.it\/it\/author\/redazione\/\"}]}<\/script>\n<!-- \/ Yoast SEO Premium plugin. -->","yoast_head_json":{"title":"Vaccino contro il papilloma virus, la Toscana investe sulla prevenzione - intoscana","description":"Il presidente Giani: \"\u00c8 necessario colmare il divario nelle coperture vaccinali maschili e rafforzare la consapevolezza che l\u2019Hpv riguarda tutti\"","robots":{"index":"index","follow":"follow","max-snippet":"max-snippet:-1","max-image-preview":"max-image-preview:large","max-video-preview":"max-video-preview:-1"},"canonical":"https:\/\/www.intoscana.it\/it\/vaccino-contro-il-papilloma-virus-la-toscana-investe-sulla-prevenzione\/","og_locale":"it_IT","og_type":"article","og_title":"Vaccino contro il papilloma virus, la Toscana investe sulla prevenzione","og_description":"Il presidente Giani: \"\u00c8 necessario colmare il divario nelle coperture vaccinali maschili e rafforzare la consapevolezza che l\u2019Hpv riguarda tutti\"","og_url":"https:\/\/www.intoscana.it\/it\/vaccino-contro-il-papilloma-virus-la-toscana-investe-sulla-prevenzione\/","og_site_name":"intoscana","article_publisher":"https:\/\/www.facebook.com\/intoscana.it","article_published_time":"2026-03-04T11:13:44+00:00","article_modified_time":"2026-03-11T12:41:02+00:00","author":"Redazione","twitter_card":"summary_large_image","twitter_creator":"@intoscana","twitter_site":"@intoscana","twitter_misc":{"Written by":"Redazione","Est. reading time":"3 minuti"},"schema":{"@context":"https:\/\/schema.org","@graph":[{"@type":"WebPage","@id":"https:\/\/www.intoscana.it\/it\/vaccino-contro-il-papilloma-virus-la-toscana-investe-sulla-prevenzione\/","url":"https:\/\/www.intoscana.it\/it\/vaccino-contro-il-papilloma-virus-la-toscana-investe-sulla-prevenzione\/","name":"Vaccino contro il papilloma virus, la Toscana investe sulla prevenzione - intoscana","isPartOf":{"@id":"https:\/\/www.intoscana.it\/it\/#website"},"primaryImageOfPage":{"@id":"https:\/\/www.intoscana.it\/it\/vaccino-contro-il-papilloma-virus-la-toscana-investe-sulla-prevenzione\/#primaryimage"},"image":{"@id":"https:\/\/www.intoscana.it\/it\/vaccino-contro-il-papilloma-virus-la-toscana-investe-sulla-prevenzione\/#primaryimage"},"thumbnailUrl":"https:\/\/www.intoscana.it\/wp-content\/uploads\/AdobeStock_481559302-1-scaled.jpg","datePublished":"2026-03-04T11:13:44+00:00","dateModified":"2026-03-11T12:41:02+00:00","author":{"@id":"https:\/\/www.intoscana.it\/it\/#\/schema\/person\/9223810753230f20bd670fdd322661f8"},"description":"Il presidente Giani: \"\u00c8 necessario colmare il divario nelle coperture vaccinali maschili e rafforzare la consapevolezza che l\u2019Hpv riguarda tutti\"","breadcrumb":{"@id":"https:\/\/www.intoscana.it\/it\/vaccino-contro-il-papilloma-virus-la-toscana-investe-sulla-prevenzione\/#breadcrumb"},"inLanguage":"it-IT","potentialAction":[{"@type":"ReadAction","target":["https:\/\/www.intoscana.it\/it\/vaccino-contro-il-papilloma-virus-la-toscana-investe-sulla-prevenzione\/"]}]},{"@type":"ImageObject","inLanguage":"it-IT","@id":"https:\/\/www.intoscana.it\/it\/vaccino-contro-il-papilloma-virus-la-toscana-investe-sulla-prevenzione\/#primaryimage","url":"https:\/\/www.intoscana.it\/wp-content\/uploads\/AdobeStock_481559302-1-scaled.jpg","contentUrl":"https:\/\/www.intoscana.it\/wp-content\/uploads\/AdobeStock_481559302-1-scaled.jpg","width":2048,"height":1365},{"@type":"BreadcrumbList","@id":"https:\/\/www.intoscana.it\/it\/vaccino-contro-il-papilloma-virus-la-toscana-investe-sulla-prevenzione\/#breadcrumb","itemListElement":[{"@type":"ListItem","position":1,"name":"Home","item":"https:\/\/www.intoscana.it\/it\/"},{"@type":"ListItem","position":2,"name":"Vaccino contro il papilloma virus, la Toscana investe sulla prevenzione"}]},{"@type":"WebSite","@id":"https:\/\/www.intoscana.it\/it\/#website","url":"https:\/\/www.intoscana.it\/it\/","name":"intoscana","description":"","potentialAction":[{"@type":"SearchAction","target":{"@type":"EntryPoint","urlTemplate":"https:\/\/www.intoscana.it\/it\/?s={search_term_string}"},"query-input":{"@type":"PropertyValueSpecification","valueRequired":true,"valueName":"search_term_string"}}],"inLanguage":"it-IT"},{"@type":"Person","@id":"https:\/\/www.intoscana.it\/it\/#\/schema\/person\/9223810753230f20bd670fdd322661f8","name":"Redazione","url":"https:\/\/www.intoscana.it\/it\/author\/redazione\/"}]}},"_links":{"self":[{"href":"https:\/\/www.intoscana.it\/it\/wp-json\/wp\/v2\/posts\/419331","targetHints":{"allow":["GET"]}}],"collection":[{"href":"https:\/\/www.intoscana.it\/it\/wp-json\/wp\/v2\/posts"}],"about":[{"href":"https:\/\/www.intoscana.it\/it\/wp-json\/wp\/v2\/types\/post"}],"author":[{"embeddable":true,"href":"https:\/\/www.intoscana.it\/it\/wp-json\/wp\/v2\/users\/525"}],"replies":[{"embeddable":true,"href":"https:\/\/www.intoscana.it\/it\/wp-json\/wp\/v2\/comments?post=419331"}],"version-history":[{"count":5,"href":"https:\/\/www.intoscana.it\/it\/wp-json\/wp\/v2\/posts\/419331\/revisions"}],"predecessor-version":[{"id":419673,"href":"https:\/\/www.intoscana.it\/it\/wp-json\/wp\/v2\/posts\/419331\/revisions\/419673"}],"wp:featuredmedia":[{"embeddable":true,"href":"https:\/\/www.intoscana.it\/it\/wp-json\/wp\/v2\/media\/419429"}],"wp:attachment":[{"href":"https:\/\/www.intoscana.it\/it\/wp-json\/wp\/v2\/media?parent=419331"}],"wp:term":[{"taxonomy":"category","embeddable":true,"href":"https:\/\/www.intoscana.it\/it\/wp-json\/wp\/v2\/categories?post=419331"},{"taxonomy":"post_tag","embeddable":true,"href":"https:\/\/www.intoscana.it\/it\/wp-json\/wp\/v2\/tags?post=419331"}],"curies":[{"name":"wp","href":"https:\/\/api.w.org\/{rel}","templated":true}]}}