{"id":419358,"date":"2026-03-09T16:20:47","date_gmt":"2026-03-09T15:20:47","guid":{"rendered":"https:\/\/www.intoscana.it\/it\/?p=419358"},"modified":"2026-03-09T16:30:07","modified_gmt":"2026-03-09T15:30:07","slug":"cena-al-buio-asd-blind-fighters","status":"publish","type":"post","link":"https:\/\/www.intoscana.it\/it\/cena-al-buio-asd-blind-fighters\/","title":{"rendered":"Nel buio di una cena con la ASD Blind Fighters, le barriere diventano pi\u00f9 visibili"},"content":{"rendered":"<p>Qualche settimana fa ho partecipato a una <strong>cena al buio<\/strong>. Ne avevo sempre sentito parlare ma non avevo mai avuto l\u2019occasione di <em>prenderne parte. <\/em>Stavo per scrivere \u201c<em>di fare questa esperienza<\/em>\u201d, ma mi sono fermata: l\u2019esperienza implica l\u2019acquisizione di una conoscenza, e non \u00e8 questo l\u2019obiettivo delle cene al buio.<\/p>\n<p>Ho fatto una domanda molto diretta a <strong>Danilo Musarella<\/strong>, presidente dell\u2019<strong>ASD Blind Fighters<\/strong>, associazione sportiva dilettantistica per persone con disabilit\u00e0 che ha organizzato la cena cui ho partecipato insieme al <strong>Rotary Club Granducato di Firenze<\/strong> presieduto da Simone Sorelli: \u201cIl fatto che per qualche ora, durante una cena, noi vedenti viviamo la quotidianit\u00e0 delle persone non vedenti ci rende pi\u00f9 sensibili verso la disabilit\u00e0? \u00c8 questo lo scopo delle cene che organizzate?\u201d.<\/p>\n<p>La risposta: \u201cPrendere parte a una cena al buio non deve dare l\u2019illusione di aver fatto esperienza della quotidianit\u00e0 di una persona non vedente. E noi che le organizziamo non vogliamo questo. Le cene al buio sono un\u2019occasione di confronto. <mark>Chi le vive con apertura mentale ne esce sempre arricchito\u201d <\/mark>.<\/p>\n<p>Mente aperta e, aggiungo, <strong>cuore aperto.<\/strong><\/p>\n<p>I miei primi quindici minuti di cena sono stati piuttosto angoscianti. Non per l\u2019organizzazione o l\u2019accoglienza dell\u2019ASD Blind Fighters, che \u00e8 stata impeccabile, ma per l\u2019intensit\u00e0 dell\u2019oscurit\u00e0 e per la necessit\u00e0 di rimettere in discussione, nel tempo di un pasto, molte delle mie certezze.<\/p>\n<p>Appena accompagnata al tavolo, il tutto nel buio pi\u00f9 completo, mi sono accorta che non potevo fare appello a nulla di ci\u00f2 che per me era noto e conosciuto. <mark>Dovevo resettare la mente e gli automatismi. Il primo reset \u00e8 stato quello dello spazio <\/mark>.<br \/>\nAl buio lo spazio si dilata. Non sai quanto sei vicina agli altri, non sai dove si trovano le cose di cui hai bisogno. Allora ti affidi al tatto, un senso che nella vita quotidiana viene sempre per secondo, dopo la vista, per orientare i movimenti.<\/p>\n<p><mark>Per circa venti minuti tutto \u00e8 stato amplificato. Anche il battito del cuore <\/mark>.<\/p>\n<p>Poi un colpo leggero sulla spalla. Era la persona seduta accanto a me, rimasta ignota fino alla fine della cena, che percependo la mia tensione mi ha rassicurata: \u201cRespira. Viviti questa cena anche con leggerezza. \u00c8 anche questo lo spirito della serata\u201d.<\/p>\n<p>Ed era giusto non sovraccaricare di emozionalit\u00e0 un\u2019iniziativa che punta a <strong>normalizzare<\/strong> la disabilit\u00e0 oltre che a <strong>sostenere<\/strong> le attivit\u00e0 dell\u2019associazione. La serata aveva infatti anche uno scopo concreto: raccogliere fondi per l\u2019acquisto delle nuove divise da baseball.<\/p>\n<p>L\u2019ASD Blind Fighters \u00e8 una realt\u00e0 molto attiva a Firenze. Oltre al baseball promuove diverse attivit\u00e0 sportive, dallo showdown agli scacchi, fino al tandem, e stanno lavorando per portare in citt\u00e0 anche il<strong> tiro con la balestra,<\/strong> uno sport para-olimpico praticato anche da persone non vedenti.<\/p>\n<p>\u201cAbbiamo iniziato le cene al buio nel 2020\u201d, racconta Danilo. \u201cL\u2019idea \u00e8 nata grazie a <strong>Emiliano Galiazzo<\/strong>, uno chef che perse la vista per un incidente e che ad un certo punto decise di dare un nuovo senso alla sua seconda vita organizzando queste cene dove uno dei sensi non sarebbe stato usato\u201d.<\/p>\n<p>\u201cIo mi diverto tantissimo ad organizzare le cene &#8211; aggiunge Danilo \u2013 Alla ASD Blind Fighters siamo circa 30. Ora stiamo anche lavorando per nuovi formati: percorsi di meditazione al buio multi sensoriali, aperitivi al buio anche degustazioni al buio. Ovviamente l\u2019obiettivo \u00e8 autofinanziarci per portare avanti le nostre iniziative\u201d. E promuovere lo sport come strumento di inclusione e di sensibilizzazione verso i diritti di tutti.<\/p>\n<p><mark>Dietro queste iniziative c\u2019\u00e8, infatti, anche una riflessione pi\u00f9 ampia, che riguarda la quotidianit\u00e0 delle persone con disabilit\u00e0, non solo non vedenti <\/mark>.<\/p>\n<p>\u201cSe in un campo sportivo posso essere libero di correre, perch\u00e9 non posso esserlo in strada? Perch\u00e9 devo avere paura a camminare con il bastone?\u201d.<\/p>\n<p>Domande semplici. Non altrettanto lo sono le risposte.<\/p>\n<p>Troppo spesso non troviamo parcheggio e non ci preoccupiamo se stiamo occupando una discesa dal marciapiede. Troppo spesso restiamo indifferenti a chi sale su un autobus e non ci accorgiamo se stiamo occupando un posto riservato a chi ne avrebbe diritto.<\/p>\n<p>Le <strong>barriere<\/strong> non sono soltanto architettoniche. Spesso sono <strong>culturali<\/strong>.<\/p>\n<p>E allora una cena completamente al buio diventa anche un modo per accendere i riflettori \u2014 ironia della sorte \u2014 su queste contraddizioni. Se si pu\u00f2 cenare senza alcun riferimento visivo, perch\u00e9 non si possono adottare piccoli gesti di buon senso nella vita di tutti i giorni?<\/p>\n<p>Lo sport, come spesso accade, diventa una metafora molto semplice di come le cose potrebbero essere: <mark>non serve vedere per capire dove stanno gli ostacoli. Basterebbe solo accorgersi degli altri <\/mark>.<\/p>\n","protected":false},"excerpt":{"rendered":"<p data-start=\"735\" data-end=\"921\">Vi racconto la mia cena al buio, organizzata dalla ASD Blind Fighters, associazione che a Firenze organizza e promuove attivit\u00e0 sportive per persone non vedenti. Un&#8217;occasione di confronto e per riflettere su quanta strada ci sia ancora da fare per una societ\u00e0 davvero inclusiva<\/p>\n","protected":false},"author":503,"featured_media":420101,"comment_status":"open","ping_status":"open","sticky":false,"template":"","format":"standard","meta":{"_acf_changed":false,"footnotes":""},"categories":[4],"tags":[406,5699,159],"class_list":["post-419358","post","type-post","status-publish","format-standard","has-post-thumbnail","hentry","category-storie","tag-disabilita","tag-inclusione","tag-sport"],"acf":[],"yoast_head":"<!-- This site is optimized with the Yoast SEO Premium plugin v24.2 (Yoast SEO v25.6) - https:\/\/yoast.com\/wordpress\/plugins\/seo\/ -->\n<title>Nel buio di una cena con la ASD Blind Fighters, le barriere diventano pi\u00f9 visibili - intoscana<\/title>\n<meta name=\"description\" content=\"Vi racconto la mia cena al buio, organizzata dalla ASD Blind Fighters, associazione che a Firenze organizza e promuove attivit\u00e0 sportive per persone non vedenti\" \/>\n<meta name=\"robots\" content=\"index, follow, max-snippet:-1, max-image-preview:large, max-video-preview:-1\" \/>\n<link rel=\"canonical\" href=\"https:\/\/www.intoscana.it\/it\/cena-al-buio-asd-blind-fighters\/\" \/>\n<meta property=\"og:locale\" content=\"it_IT\" \/>\n<meta property=\"og:type\" content=\"article\" \/>\n<meta property=\"og:title\" content=\"Nel buio di una cena con la ASD Blind Fighters, le barriere diventano pi\u00f9 visibili\" \/>\n<meta property=\"og:description\" content=\"Vi racconto la mia cena al buio, organizzata dalla ASD Blind Fighters, associazione che a Firenze organizza e promuove attivit\u00e0 sportive per persone non vedenti\" \/>\n<meta property=\"og:url\" content=\"https:\/\/www.intoscana.it\/it\/cena-al-buio-asd-blind-fighters\/\" \/>\n<meta property=\"og:site_name\" content=\"intoscana\" \/>\n<meta property=\"article:publisher\" content=\"https:\/\/www.facebook.com\/intoscana.it\" \/>\n<meta property=\"article:published_time\" content=\"2026-03-09T15:20:47+00:00\" \/>\n<meta property=\"article:modified_time\" content=\"2026-03-09T15:30:07+00:00\" \/>\n<meta property=\"og:image\" content=\"https:\/\/www.intoscana.it\/wp-content\/uploads\/La-consegna-delle-divise-da-parte-del-Rotary-Club-Grnducato-di-Firenze-e1773069545190.jpeg\" \/>\n\t<meta property=\"og:image:width\" content=\"1365\" \/>\n\t<meta property=\"og:image:height\" content=\"1180\" \/>\n\t<meta property=\"og:image:type\" content=\"image\/jpeg\" \/>\n<meta name=\"author\" content=\"Giulia Rafanelli\" \/>\n<meta name=\"twitter:card\" content=\"summary_large_image\" \/>\n<meta name=\"twitter:creator\" content=\"@intoscana\" \/>\n<meta name=\"twitter:site\" content=\"@intoscana\" \/>\n<meta name=\"twitter:label1\" content=\"Written by\" \/>\n\t<meta name=\"twitter:data1\" content=\"Giulia Rafanelli\" \/>\n\t<meta name=\"twitter:label2\" content=\"Est. reading time\" \/>\n\t<meta name=\"twitter:data2\" content=\"5 minuti\" \/>\n<script type=\"application\/ld+json\" class=\"yoast-schema-graph\">{\"@context\":\"https:\/\/schema.org\",\"@graph\":[{\"@type\":\"WebPage\",\"@id\":\"https:\/\/www.intoscana.it\/it\/cena-al-buio-asd-blind-fighters\/\",\"url\":\"https:\/\/www.intoscana.it\/it\/cena-al-buio-asd-blind-fighters\/\",\"name\":\"Nel buio di una cena con la ASD Blind Fighters, le barriere diventano pi\u00f9 visibili - intoscana\",\"isPartOf\":{\"@id\":\"https:\/\/www.intoscana.it\/it\/#website\"},\"primaryImageOfPage\":{\"@id\":\"https:\/\/www.intoscana.it\/it\/cena-al-buio-asd-blind-fighters\/#primaryimage\"},\"image\":{\"@id\":\"https:\/\/www.intoscana.it\/it\/cena-al-buio-asd-blind-fighters\/#primaryimage\"},\"thumbnailUrl\":\"https:\/\/www.intoscana.it\/wp-content\/uploads\/La-consegna-delle-divise-da-parte-del-Rotary-Club-Grnducato-di-Firenze-e1773069545190.jpeg\",\"datePublished\":\"2026-03-09T15:20:47+00:00\",\"dateModified\":\"2026-03-09T15:30:07+00:00\",\"author\":{\"@id\":\"https:\/\/www.intoscana.it\/it\/#\/schema\/person\/333569b367b301e30262defcea56c939\"},\"description\":\"Vi racconto la mia cena al buio, organizzata dalla ASD Blind Fighters, associazione che a Firenze organizza e promuove attivit\u00e0 sportive per persone non vedenti\",\"breadcrumb\":{\"@id\":\"https:\/\/www.intoscana.it\/it\/cena-al-buio-asd-blind-fighters\/#breadcrumb\"},\"inLanguage\":\"it-IT\",\"potentialAction\":[{\"@type\":\"ReadAction\",\"target\":[\"https:\/\/www.intoscana.it\/it\/cena-al-buio-asd-blind-fighters\/\"]}]},{\"@type\":\"ImageObject\",\"inLanguage\":\"it-IT\",\"@id\":\"https:\/\/www.intoscana.it\/it\/cena-al-buio-asd-blind-fighters\/#primaryimage\",\"url\":\"https:\/\/www.intoscana.it\/wp-content\/uploads\/La-consegna-delle-divise-da-parte-del-Rotary-Club-Grnducato-di-Firenze-e1773069545190.jpeg\",\"contentUrl\":\"https:\/\/www.intoscana.it\/wp-content\/uploads\/La-consegna-delle-divise-da-parte-del-Rotary-Club-Grnducato-di-Firenze-e1773069545190.jpeg\",\"width\":1365,\"height\":1180,\"caption\":\"La consegna delle divise di baseball da parte del Rotary Club Granducato di Firenze\"},{\"@type\":\"BreadcrumbList\",\"@id\":\"https:\/\/www.intoscana.it\/it\/cena-al-buio-asd-blind-fighters\/#breadcrumb\",\"itemListElement\":[{\"@type\":\"ListItem\",\"position\":1,\"name\":\"Home\",\"item\":\"https:\/\/www.intoscana.it\/it\/\"},{\"@type\":\"ListItem\",\"position\":2,\"name\":\"Nel buio di una cena con la ASD Blind Fighters, le barriere diventano pi\u00f9 visibili\"}]},{\"@type\":\"WebSite\",\"@id\":\"https:\/\/www.intoscana.it\/it\/#website\",\"url\":\"https:\/\/www.intoscana.it\/it\/\",\"name\":\"intoscana\",\"description\":\"\",\"potentialAction\":[{\"@type\":\"SearchAction\",\"target\":{\"@type\":\"EntryPoint\",\"urlTemplate\":\"https:\/\/www.intoscana.it\/it\/?s={search_term_string}\"},\"query-input\":{\"@type\":\"PropertyValueSpecification\",\"valueRequired\":true,\"valueName\":\"search_term_string\"}}],\"inLanguage\":\"it-IT\"},{\"@type\":\"Person\",\"@id\":\"https:\/\/www.intoscana.it\/it\/#\/schema\/person\/333569b367b301e30262defcea56c939\",\"name\":\"Giulia Rafanelli\",\"url\":\"https:\/\/www.intoscana.it\/it\/author\/giulia-rafanelli\/\"}]}<\/script>\n<!-- \/ Yoast SEO Premium plugin. -->","yoast_head_json":{"title":"Nel buio di una cena con la ASD Blind Fighters, le barriere diventano pi\u00f9 visibili - intoscana","description":"Vi racconto la mia cena al buio, organizzata dalla ASD Blind Fighters, associazione che a Firenze organizza e promuove attivit\u00e0 sportive per persone non vedenti","robots":{"index":"index","follow":"follow","max-snippet":"max-snippet:-1","max-image-preview":"max-image-preview:large","max-video-preview":"max-video-preview:-1"},"canonical":"https:\/\/www.intoscana.it\/it\/cena-al-buio-asd-blind-fighters\/","og_locale":"it_IT","og_type":"article","og_title":"Nel buio di una cena con la ASD Blind Fighters, le barriere diventano pi\u00f9 visibili","og_description":"Vi racconto la mia cena al buio, organizzata dalla ASD Blind Fighters, associazione che a Firenze organizza e promuove attivit\u00e0 sportive per persone non vedenti","og_url":"https:\/\/www.intoscana.it\/it\/cena-al-buio-asd-blind-fighters\/","og_site_name":"intoscana","article_publisher":"https:\/\/www.facebook.com\/intoscana.it","article_published_time":"2026-03-09T15:20:47+00:00","article_modified_time":"2026-03-09T15:30:07+00:00","og_image":[{"width":1365,"height":1180,"url":"https:\/\/www.intoscana.it\/wp-content\/uploads\/La-consegna-delle-divise-da-parte-del-Rotary-Club-Grnducato-di-Firenze-e1773069545190.jpeg","type":"image\/jpeg"}],"author":"Giulia Rafanelli","twitter_card":"summary_large_image","twitter_creator":"@intoscana","twitter_site":"@intoscana","twitter_misc":{"Written by":"Giulia Rafanelli","Est. reading time":"5 minuti"},"schema":{"@context":"https:\/\/schema.org","@graph":[{"@type":"WebPage","@id":"https:\/\/www.intoscana.it\/it\/cena-al-buio-asd-blind-fighters\/","url":"https:\/\/www.intoscana.it\/it\/cena-al-buio-asd-blind-fighters\/","name":"Nel buio di una cena con la ASD Blind Fighters, le barriere diventano pi\u00f9 visibili - intoscana","isPartOf":{"@id":"https:\/\/www.intoscana.it\/it\/#website"},"primaryImageOfPage":{"@id":"https:\/\/www.intoscana.it\/it\/cena-al-buio-asd-blind-fighters\/#primaryimage"},"image":{"@id":"https:\/\/www.intoscana.it\/it\/cena-al-buio-asd-blind-fighters\/#primaryimage"},"thumbnailUrl":"https:\/\/www.intoscana.it\/wp-content\/uploads\/La-consegna-delle-divise-da-parte-del-Rotary-Club-Grnducato-di-Firenze-e1773069545190.jpeg","datePublished":"2026-03-09T15:20:47+00:00","dateModified":"2026-03-09T15:30:07+00:00","author":{"@id":"https:\/\/www.intoscana.it\/it\/#\/schema\/person\/333569b367b301e30262defcea56c939"},"description":"Vi racconto la mia cena al buio, organizzata dalla ASD Blind Fighters, associazione che a Firenze organizza e promuove attivit\u00e0 sportive per persone non vedenti","breadcrumb":{"@id":"https:\/\/www.intoscana.it\/it\/cena-al-buio-asd-blind-fighters\/#breadcrumb"},"inLanguage":"it-IT","potentialAction":[{"@type":"ReadAction","target":["https:\/\/www.intoscana.it\/it\/cena-al-buio-asd-blind-fighters\/"]}]},{"@type":"ImageObject","inLanguage":"it-IT","@id":"https:\/\/www.intoscana.it\/it\/cena-al-buio-asd-blind-fighters\/#primaryimage","url":"https:\/\/www.intoscana.it\/wp-content\/uploads\/La-consegna-delle-divise-da-parte-del-Rotary-Club-Grnducato-di-Firenze-e1773069545190.jpeg","contentUrl":"https:\/\/www.intoscana.it\/wp-content\/uploads\/La-consegna-delle-divise-da-parte-del-Rotary-Club-Grnducato-di-Firenze-e1773069545190.jpeg","width":1365,"height":1180,"caption":"La consegna delle divise di baseball da parte del Rotary Club Granducato di Firenze"},{"@type":"BreadcrumbList","@id":"https:\/\/www.intoscana.it\/it\/cena-al-buio-asd-blind-fighters\/#breadcrumb","itemListElement":[{"@type":"ListItem","position":1,"name":"Home","item":"https:\/\/www.intoscana.it\/it\/"},{"@type":"ListItem","position":2,"name":"Nel buio di una cena con la ASD Blind Fighters, le barriere diventano pi\u00f9 visibili"}]},{"@type":"WebSite","@id":"https:\/\/www.intoscana.it\/it\/#website","url":"https:\/\/www.intoscana.it\/it\/","name":"intoscana","description":"","potentialAction":[{"@type":"SearchAction","target":{"@type":"EntryPoint","urlTemplate":"https:\/\/www.intoscana.it\/it\/?s={search_term_string}"},"query-input":{"@type":"PropertyValueSpecification","valueRequired":true,"valueName":"search_term_string"}}],"inLanguage":"it-IT"},{"@type":"Person","@id":"https:\/\/www.intoscana.it\/it\/#\/schema\/person\/333569b367b301e30262defcea56c939","name":"Giulia Rafanelli","url":"https:\/\/www.intoscana.it\/it\/author\/giulia-rafanelli\/"}]}},"_links":{"self":[{"href":"https:\/\/www.intoscana.it\/it\/wp-json\/wp\/v2\/posts\/419358","targetHints":{"allow":["GET"]}}],"collection":[{"href":"https:\/\/www.intoscana.it\/it\/wp-json\/wp\/v2\/posts"}],"about":[{"href":"https:\/\/www.intoscana.it\/it\/wp-json\/wp\/v2\/types\/post"}],"author":[{"embeddable":true,"href":"https:\/\/www.intoscana.it\/it\/wp-json\/wp\/v2\/users\/503"}],"replies":[{"embeddable":true,"href":"https:\/\/www.intoscana.it\/it\/wp-json\/wp\/v2\/comments?post=419358"}],"version-history":[{"count":5,"href":"https:\/\/www.intoscana.it\/it\/wp-json\/wp\/v2\/posts\/419358\/revisions"}],"predecessor-version":[{"id":420115,"href":"https:\/\/www.intoscana.it\/it\/wp-json\/wp\/v2\/posts\/419358\/revisions\/420115"}],"wp:featuredmedia":[{"embeddable":true,"href":"https:\/\/www.intoscana.it\/it\/wp-json\/wp\/v2\/media\/420101"}],"wp:attachment":[{"href":"https:\/\/www.intoscana.it\/it\/wp-json\/wp\/v2\/media?parent=419358"}],"wp:term":[{"taxonomy":"category","embeddable":true,"href":"https:\/\/www.intoscana.it\/it\/wp-json\/wp\/v2\/categories?post=419358"},{"taxonomy":"post_tag","embeddable":true,"href":"https:\/\/www.intoscana.it\/it\/wp-json\/wp\/v2\/tags?post=419358"}],"curies":[{"name":"wp","href":"https:\/\/api.w.org\/{rel}","templated":true}]}}