{"id":419498,"date":"2026-03-05T15:46:41","date_gmt":"2026-03-05T14:46:41","guid":{"rendered":"https:\/\/www.intoscana.it\/it\/?p=419498"},"modified":"2026-03-05T16:05:42","modified_gmt":"2026-03-05T15:05:42","slug":"la-lastrense-2026-la-ciclostorica-inaugura-il-giro-ditalia-depoca-tra-le-colline-fiorentine","status":"publish","type":"post","link":"https:\/\/www.intoscana.it\/it\/la-lastrense-2026-la-ciclostorica-inaugura-il-giro-ditalia-depoca-tra-le-colline-fiorentine\/","title":{"rendered":"La Lastrense 2026: la ciclostorica inaugura il Giro d\u2019Italia d\u2019Epoca tra le colline fiorentine"},"content":{"rendered":"<p>Torna a <strong>Lastra a Signa<\/strong> uno degli appuntamenti pi\u00f9 attesi per gli appassionati di <strong>ciclismo d\u2019epoca e di paesaggio toscano.<\/strong><\/p>\n<p><strong>Dal 13 al 15 marzo 2026<\/strong> il centro storico della cittadina ospiter\u00e0 la quarta edizione della <strong>ciclostorica \u201cLa Lastrense\u201d<\/strong>, prima prova del <strong>Giro d\u2019Italia d\u2019Epoca.<\/strong><\/p>\n<p>La manifestazione propone <strong>quattro percorsi<\/strong> che, partendo <strong>dal centro di Lastra a Signa<\/strong>, si snoderanno tra le colline circostanti attraversando i territori di <strong>Montelupo Fiorentino, Scandicci, San Casciano in Val di Pesa e Montespertoli<\/strong>, in un itinerario che unisce sport, storia e valorizzazione del paesaggio.<\/p>\n<p>Il tracciato offrir\u00e0 anche l\u2019opportunit\u00e0 di attraversare luoghi di straordinario interesse storico e culturale, con passaggi eccezionalmente aperti al pubblico all\u2019interno di propriet\u00e0 private come <strong>Villa Bellosguardo<\/strong> (nota anche come<strong> Villa Caruso<\/strong>), il <strong>Castello di Malmantile e il Castello di Montegufoni.<\/strong><\/p>\n<p>L\u2019evento \u00e8 organizzato dal <strong>Gruppo Sportivo Tre Emme,<\/strong> in collaborazione con il <strong>Comune di Lastra a Signa e con l\u2019Unione Nazionale Veterani dello Sport \u2013 sezione delle Signe<\/strong>, con il patrocinio della <strong>Regione Toscana<\/strong> e della <strong>Citt\u00e0 Metropolitana di Firenze.<\/strong><\/p>\n<p><strong>La presidente del Consiglio regionale Stefania Saccardi<\/strong> ha dichiarato: \u201c<em>La Ciclostorica La Lastrense rappresenta un bellissimo esempio di come sport, cultura e valorizzazione del territorio possano intrecciarsi in modo virtuoso. Eventi come questo permettono di riscoprire la Toscana pi\u00f9 autentica, attraversando paesaggi straordinari e borghi ricchi di storia, con uno spirito che unisce passione sportiva, sostenibilit\u00e0 e turismo di qualit\u00e0. Il fatto che proprio da Lastra a Signa prenda il via il calendario del Giro d\u2019Italia d\u2019Epoca \u00e8 motivo di orgoglio per tutta la nostra regione. La Toscana \u00e8 terra di ciclismo e di grandi tradizioni sportive, ma \u00e8 anche un territorio ideale per chi ama pedalare lentamente e vivere il paesaggio, le sue eccellenze enogastronomiche e culturali\u201d.<\/em><\/p>\n<figure id=\"post-419619 media-419619\" class=\"align-none\"><img decoding=\"async\" src=\"https:\/\/www.intoscana.it\/wp-content\/uploads\/Ciclostorica-Latrense-Copertina.jpeg\" alt=\"\" \/><\/figure>\n<div class=\"titleimg\">Ciclostorica Latrense<\/div>\n<h3>Il programma degli eventi a Lastra a Signa<\/h3>\n<p><strong>Venerd\u00ec 13 marzo<\/strong> alle 17.30, presso la Sala Consiliare del Comune la presentazione del libro di Giovanni Nencini <strong><em>\u201cGli occhi della lepre<\/em><\/strong>\u201d. A seguire<strong> un ricordo di Irio Tommasini,<\/strong> costruttore grossetano, con la partecipazione di Giancarlo Brocci dell\u2019Eroica e Moreno Bianchini, collezionista ed espositore; a moderare l\u2019incontro sar\u00e0 Marco Pasquini.<\/p>\n<p><strong>Sabato 14 marzo<\/strong> alle 15.00 <strong><em>\u201cConcorso Barba baffi ed eleganza in coppia\u201d<\/em><\/strong>, appuntamento in Piazza Garibaldi, con abbinata la consueta sfilata di eleganza d\u2019epoca.<\/p>\n<p>A seguire, presso la Sala Consiliare del Comune del Lastra a Signa, alle ore 16.00, presentazione del libro <strong><em>\u201cBartali 1936<\/em><\/strong>\u201d, prima produzione editoriale da parte del <strong>Museo Bartali di Ponte a Ema.<\/strong> Alle 17.00 toccher\u00e0 alla memoria della Lastrense ricordare storie e personaggi.<\/p>\n<p>La giornata di sabato si chiuder\u00e0 con la <strong>Cena di Gala<\/strong>, con musica, presso il Centro sociale (via P. Togliatti, 37 a Lastra a Signa).<\/p>\n<p><strong>Dal 13 al 15 marzo<\/strong> non mancher\u00e0 l\u2019allestimento del <strong>villaggio sportivo vintage,<\/strong> in piazza Garibaldi e all\u2019interno della sede della Misericordia, tra mercatino con cimeli dei campioni del passato, glorie e veterani dello sport del ciclismo, con gli amici del \u201c<strong>Museo Bartali\u201d di Ponte a Ema<\/strong>, con mostre di abbigliamento e biciclette d\u2019epoca e altre esposizioni storiche quali la mostra di telaisti di biciclette.<\/p>\n<p>Ancora: <strong>Mercatino mostra scambio di ciclismo d\u2019epoca,<\/strong> esposizione di <strong>moto d\u2019epoca<\/strong> a cura del Moto Club Tartaruga e<strong> vespe d\u2019epoca a cura del vespa club Lastra,<\/strong> maglie di grandi campioni delle due ruote, fotografie e abbigliamento da corsa vintage.<\/p>\n<p><iframe loading=\"lazy\" title=\"YouTube video player\" src=\"https:\/\/www.youtube.com\/embed\/uNB9umD19NM?si=aIWCXl7uo5f1c-DY\" width=\"800\" height=\"450\" frameborder=\"0\" allowfullscreen=\"allowfullscreen\"><span data-mce-type=\"bookmark\" style=\"display: inline-block; width: 0px; overflow: hidden; line-height: 0;\" class=\"mce_SELRES_start\">\ufeff<\/span><\/iframe><\/p>\n","protected":false},"excerpt":{"rendered":"<p>Dal 13 al 15 marzo torna la ciclostorica che prevede quattro percorsi che, partendo dal centro di Lastra a Signa, si snoderanno tra le colline circostanti attraversando i territori di Montelupo Fiorentino, Scandicci, San Casciano in Val di Pesa<\/p>\n","protected":false},"author":525,"featured_media":413611,"comment_status":"open","ping_status":"open","sticky":false,"template":"","format":"standard","meta":{"_acf_changed":false,"footnotes":""},"categories":[494],"tags":[377,4753,151,159,4769],"class_list":["post-419498","post","type-post","status-publish","format-standard","has-post-thumbnail","hentry","category-attualita","tag-bicicletta","tag-consiglio-regionale-della-toscana","tag-regione-toscana","tag-sport","tag-stefania-saccardi"],"acf":[],"yoast_head":"<!-- This site is optimized with the Yoast SEO Premium plugin v24.2 (Yoast SEO v25.6) - https:\/\/yoast.com\/wordpress\/plugins\/seo\/ -->\n<title>La Lastrense 2026: la ciclostorica inaugura il Giro d\u2019Italia d\u2019Epoca tra le colline fiorentine - intoscana<\/title>\n<meta name=\"description\" content=\"Dal 13 al 15 marzo torna la ciclostorica che prevede quattro percorsi che, partendo dal centro di Lastra a Signa, si snoderanno tra le colline\" \/>\n<meta name=\"robots\" content=\"index, follow, max-snippet:-1, max-image-preview:large, max-video-preview:-1\" \/>\n<link rel=\"canonical\" href=\"https:\/\/www.intoscana.it\/it\/la-lastrense-2026-la-ciclostorica-inaugura-il-giro-ditalia-depoca-tra-le-colline-fiorentine\/\" \/>\n<meta property=\"og:locale\" content=\"it_IT\" \/>\n<meta property=\"og:type\" content=\"article\" \/>\n<meta property=\"og:title\" content=\"La Lastrense 2026: la ciclostorica inaugura il Giro d\u2019Italia d\u2019Epoca tra le colline fiorentine\" \/>\n<meta property=\"og:description\" content=\"Dal 13 al 15 marzo torna la ciclostorica che prevede quattro percorsi che, partendo dal centro di Lastra a Signa, si snoderanno tra le colline\" \/>\n<meta property=\"og:url\" content=\"https:\/\/www.intoscana.it\/it\/la-lastrense-2026-la-ciclostorica-inaugura-il-giro-ditalia-depoca-tra-le-colline-fiorentine\/\" \/>\n<meta property=\"og:site_name\" content=\"intoscana\" \/>\n<meta property=\"article:publisher\" content=\"https:\/\/www.facebook.com\/intoscana.it\" \/>\n<meta property=\"article:published_time\" content=\"2026-03-05T14:46:41+00:00\" \/>\n<meta property=\"article:modified_time\" content=\"2026-03-05T15:05:42+00:00\" \/>\n<meta property=\"og:image\" content=\"https:\/\/www.intoscana.it\/wp-content\/uploads\/Ciclostorica-la-lastrense-2.jpg\" \/>\n\t<meta property=\"og:image:width\" content=\"1200\" \/>\n\t<meta property=\"og:image:height\" content=\"864\" \/>\n\t<meta property=\"og:image:type\" content=\"image\/jpeg\" \/>\n<meta name=\"author\" content=\"Redazione\" \/>\n<meta name=\"twitter:card\" content=\"summary_large_image\" \/>\n<meta name=\"twitter:creator\" content=\"@intoscana\" \/>\n<meta name=\"twitter:site\" content=\"@intoscana\" \/>\n<meta name=\"twitter:label1\" content=\"Written by\" \/>\n\t<meta name=\"twitter:data1\" content=\"Redazione\" \/>\n\t<meta name=\"twitter:label2\" content=\"Est. reading time\" \/>\n\t<meta name=\"twitter:data2\" content=\"4 minuti\" \/>\n<script type=\"application\/ld+json\" class=\"yoast-schema-graph\">{\"@context\":\"https:\/\/schema.org\",\"@graph\":[{\"@type\":\"WebPage\",\"@id\":\"https:\/\/www.intoscana.it\/it\/la-lastrense-2026-la-ciclostorica-inaugura-il-giro-ditalia-depoca-tra-le-colline-fiorentine\/\",\"url\":\"https:\/\/www.intoscana.it\/it\/la-lastrense-2026-la-ciclostorica-inaugura-il-giro-ditalia-depoca-tra-le-colline-fiorentine\/\",\"name\":\"La Lastrense 2026: la ciclostorica inaugura il Giro d\u2019Italia d\u2019Epoca tra le colline fiorentine - intoscana\",\"isPartOf\":{\"@id\":\"https:\/\/www.intoscana.it\/it\/#website\"},\"primaryImageOfPage\":{\"@id\":\"https:\/\/www.intoscana.it\/it\/la-lastrense-2026-la-ciclostorica-inaugura-il-giro-ditalia-depoca-tra-le-colline-fiorentine\/#primaryimage\"},\"image\":{\"@id\":\"https:\/\/www.intoscana.it\/it\/la-lastrense-2026-la-ciclostorica-inaugura-il-giro-ditalia-depoca-tra-le-colline-fiorentine\/#primaryimage\"},\"thumbnailUrl\":\"https:\/\/www.intoscana.it\/wp-content\/uploads\/Ciclostorica-la-lastrense-2.jpg\",\"datePublished\":\"2026-03-05T14:46:41+00:00\",\"dateModified\":\"2026-03-05T15:05:42+00:00\",\"author\":{\"@id\":\"https:\/\/www.intoscana.it\/it\/#\/schema\/person\/9223810753230f20bd670fdd322661f8\"},\"description\":\"Dal 13 al 15 marzo torna la ciclostorica che prevede quattro percorsi che, partendo dal centro di Lastra a Signa, si snoderanno tra le colline\",\"breadcrumb\":{\"@id\":\"https:\/\/www.intoscana.it\/it\/la-lastrense-2026-la-ciclostorica-inaugura-il-giro-ditalia-depoca-tra-le-colline-fiorentine\/#breadcrumb\"},\"inLanguage\":\"it-IT\",\"potentialAction\":[{\"@type\":\"ReadAction\",\"target\":[\"https:\/\/www.intoscana.it\/it\/la-lastrense-2026-la-ciclostorica-inaugura-il-giro-ditalia-depoca-tra-le-colline-fiorentine\/\"]}]},{\"@type\":\"ImageObject\",\"inLanguage\":\"it-IT\",\"@id\":\"https:\/\/www.intoscana.it\/it\/la-lastrense-2026-la-ciclostorica-inaugura-il-giro-ditalia-depoca-tra-le-colline-fiorentine\/#primaryimage\",\"url\":\"https:\/\/www.intoscana.it\/wp-content\/uploads\/Ciclostorica-la-lastrense-2.jpg\",\"contentUrl\":\"https:\/\/www.intoscana.it\/wp-content\/uploads\/Ciclostorica-la-lastrense-2.jpg\",\"width\":1200,\"height\":864,\"caption\":\"Ciclostorica la Lastrense\"},{\"@type\":\"BreadcrumbList\",\"@id\":\"https:\/\/www.intoscana.it\/it\/la-lastrense-2026-la-ciclostorica-inaugura-il-giro-ditalia-depoca-tra-le-colline-fiorentine\/#breadcrumb\",\"itemListElement\":[{\"@type\":\"ListItem\",\"position\":1,\"name\":\"Home\",\"item\":\"https:\/\/www.intoscana.it\/it\/\"},{\"@type\":\"ListItem\",\"position\":2,\"name\":\"La Lastrense 2026: la ciclostorica inaugura il Giro d\u2019Italia d\u2019Epoca tra le colline fiorentine\"}]},{\"@type\":\"WebSite\",\"@id\":\"https:\/\/www.intoscana.it\/it\/#website\",\"url\":\"https:\/\/www.intoscana.it\/it\/\",\"name\":\"intoscana\",\"description\":\"\",\"potentialAction\":[{\"@type\":\"SearchAction\",\"target\":{\"@type\":\"EntryPoint\",\"urlTemplate\":\"https:\/\/www.intoscana.it\/it\/?s={search_term_string}\"},\"query-input\":{\"@type\":\"PropertyValueSpecification\",\"valueRequired\":true,\"valueName\":\"search_term_string\"}}],\"inLanguage\":\"it-IT\"},{\"@type\":\"Person\",\"@id\":\"https:\/\/www.intoscana.it\/it\/#\/schema\/person\/9223810753230f20bd670fdd322661f8\",\"name\":\"Redazione\",\"url\":\"https:\/\/www.intoscana.it\/it\/author\/redazione\/\"}]}<\/script>\n<!-- \/ Yoast SEO Premium plugin. -->","yoast_head_json":{"title":"La Lastrense 2026: la ciclostorica inaugura il Giro d\u2019Italia d\u2019Epoca tra le colline fiorentine - intoscana","description":"Dal 13 al 15 marzo torna la ciclostorica che prevede quattro percorsi che, partendo dal centro di Lastra a Signa, si snoderanno tra le colline","robots":{"index":"index","follow":"follow","max-snippet":"max-snippet:-1","max-image-preview":"max-image-preview:large","max-video-preview":"max-video-preview:-1"},"canonical":"https:\/\/www.intoscana.it\/it\/la-lastrense-2026-la-ciclostorica-inaugura-il-giro-ditalia-depoca-tra-le-colline-fiorentine\/","og_locale":"it_IT","og_type":"article","og_title":"La Lastrense 2026: la ciclostorica inaugura il Giro d\u2019Italia d\u2019Epoca tra le colline fiorentine","og_description":"Dal 13 al 15 marzo torna la ciclostorica che prevede quattro percorsi che, partendo dal centro di Lastra a Signa, si snoderanno tra le colline","og_url":"https:\/\/www.intoscana.it\/it\/la-lastrense-2026-la-ciclostorica-inaugura-il-giro-ditalia-depoca-tra-le-colline-fiorentine\/","og_site_name":"intoscana","article_publisher":"https:\/\/www.facebook.com\/intoscana.it","article_published_time":"2026-03-05T14:46:41+00:00","article_modified_time":"2026-03-05T15:05:42+00:00","og_image":[{"width":1200,"height":864,"url":"https:\/\/www.intoscana.it\/wp-content\/uploads\/Ciclostorica-la-lastrense-2.jpg","type":"image\/jpeg"}],"author":"Redazione","twitter_card":"summary_large_image","twitter_creator":"@intoscana","twitter_site":"@intoscana","twitter_misc":{"Written by":"Redazione","Est. reading time":"4 minuti"},"schema":{"@context":"https:\/\/schema.org","@graph":[{"@type":"WebPage","@id":"https:\/\/www.intoscana.it\/it\/la-lastrense-2026-la-ciclostorica-inaugura-il-giro-ditalia-depoca-tra-le-colline-fiorentine\/","url":"https:\/\/www.intoscana.it\/it\/la-lastrense-2026-la-ciclostorica-inaugura-il-giro-ditalia-depoca-tra-le-colline-fiorentine\/","name":"La Lastrense 2026: la ciclostorica inaugura il Giro d\u2019Italia d\u2019Epoca tra le colline fiorentine - intoscana","isPartOf":{"@id":"https:\/\/www.intoscana.it\/it\/#website"},"primaryImageOfPage":{"@id":"https:\/\/www.intoscana.it\/it\/la-lastrense-2026-la-ciclostorica-inaugura-il-giro-ditalia-depoca-tra-le-colline-fiorentine\/#primaryimage"},"image":{"@id":"https:\/\/www.intoscana.it\/it\/la-lastrense-2026-la-ciclostorica-inaugura-il-giro-ditalia-depoca-tra-le-colline-fiorentine\/#primaryimage"},"thumbnailUrl":"https:\/\/www.intoscana.it\/wp-content\/uploads\/Ciclostorica-la-lastrense-2.jpg","datePublished":"2026-03-05T14:46:41+00:00","dateModified":"2026-03-05T15:05:42+00:00","author":{"@id":"https:\/\/www.intoscana.it\/it\/#\/schema\/person\/9223810753230f20bd670fdd322661f8"},"description":"Dal 13 al 15 marzo torna la ciclostorica che prevede quattro percorsi che, partendo dal centro di Lastra a Signa, si snoderanno tra le colline","breadcrumb":{"@id":"https:\/\/www.intoscana.it\/it\/la-lastrense-2026-la-ciclostorica-inaugura-il-giro-ditalia-depoca-tra-le-colline-fiorentine\/#breadcrumb"},"inLanguage":"it-IT","potentialAction":[{"@type":"ReadAction","target":["https:\/\/www.intoscana.it\/it\/la-lastrense-2026-la-ciclostorica-inaugura-il-giro-ditalia-depoca-tra-le-colline-fiorentine\/"]}]},{"@type":"ImageObject","inLanguage":"it-IT","@id":"https:\/\/www.intoscana.it\/it\/la-lastrense-2026-la-ciclostorica-inaugura-il-giro-ditalia-depoca-tra-le-colline-fiorentine\/#primaryimage","url":"https:\/\/www.intoscana.it\/wp-content\/uploads\/Ciclostorica-la-lastrense-2.jpg","contentUrl":"https:\/\/www.intoscana.it\/wp-content\/uploads\/Ciclostorica-la-lastrense-2.jpg","width":1200,"height":864,"caption":"Ciclostorica la Lastrense"},{"@type":"BreadcrumbList","@id":"https:\/\/www.intoscana.it\/it\/la-lastrense-2026-la-ciclostorica-inaugura-il-giro-ditalia-depoca-tra-le-colline-fiorentine\/#breadcrumb","itemListElement":[{"@type":"ListItem","position":1,"name":"Home","item":"https:\/\/www.intoscana.it\/it\/"},{"@type":"ListItem","position":2,"name":"La Lastrense 2026: la ciclostorica inaugura il Giro d\u2019Italia d\u2019Epoca tra le colline fiorentine"}]},{"@type":"WebSite","@id":"https:\/\/www.intoscana.it\/it\/#website","url":"https:\/\/www.intoscana.it\/it\/","name":"intoscana","description":"","potentialAction":[{"@type":"SearchAction","target":{"@type":"EntryPoint","urlTemplate":"https:\/\/www.intoscana.it\/it\/?s={search_term_string}"},"query-input":{"@type":"PropertyValueSpecification","valueRequired":true,"valueName":"search_term_string"}}],"inLanguage":"it-IT"},{"@type":"Person","@id":"https:\/\/www.intoscana.it\/it\/#\/schema\/person\/9223810753230f20bd670fdd322661f8","name":"Redazione","url":"https:\/\/www.intoscana.it\/it\/author\/redazione\/"}]}},"_links":{"self":[{"href":"https:\/\/www.intoscana.it\/it\/wp-json\/wp\/v2\/posts\/419498","targetHints":{"allow":["GET"]}}],"collection":[{"href":"https:\/\/www.intoscana.it\/it\/wp-json\/wp\/v2\/posts"}],"about":[{"href":"https:\/\/www.intoscana.it\/it\/wp-json\/wp\/v2\/types\/post"}],"author":[{"embeddable":true,"href":"https:\/\/www.intoscana.it\/it\/wp-json\/wp\/v2\/users\/525"}],"replies":[{"embeddable":true,"href":"https:\/\/www.intoscana.it\/it\/wp-json\/wp\/v2\/comments?post=419498"}],"version-history":[{"count":5,"href":"https:\/\/www.intoscana.it\/it\/wp-json\/wp\/v2\/posts\/419498\/revisions"}],"predecessor-version":[{"id":419633,"href":"https:\/\/www.intoscana.it\/it\/wp-json\/wp\/v2\/posts\/419498\/revisions\/419633"}],"wp:featuredmedia":[{"embeddable":true,"href":"https:\/\/www.intoscana.it\/it\/wp-json\/wp\/v2\/media\/413611"}],"wp:attachment":[{"href":"https:\/\/www.intoscana.it\/it\/wp-json\/wp\/v2\/media?parent=419498"}],"wp:term":[{"taxonomy":"category","embeddable":true,"href":"https:\/\/www.intoscana.it\/it\/wp-json\/wp\/v2\/categories?post=419498"},{"taxonomy":"post_tag","embeddable":true,"href":"https:\/\/www.intoscana.it\/it\/wp-json\/wp\/v2\/tags?post=419498"}],"curies":[{"name":"wp","href":"https:\/\/api.w.org\/{rel}","templated":true}]}}