{"id":419660,"date":"2026-03-06T09:16:03","date_gmt":"2026-03-06T08:16:03","guid":{"rendered":"https:\/\/www.intoscana.it\/it\/?p=419660"},"modified":"2026-03-06T16:41:42","modified_gmt":"2026-03-06T15:41:42","slug":"nuovo-ponte-arno-caterina-nadia-nencioni","status":"publish","type":"post","link":"https:\/\/www.intoscana.it\/it\/nuovo-ponte-arno-caterina-nadia-nencioni\/","title":{"rendered":"Il nuovo ponte sull&#8217;Arno a Firenze sar\u00e0 intitolato a Nadia e Caterina Nencioni, vittime della strage dei Georgofili"},"content":{"rendered":"<p>Sar\u00e0 intitolato alle <strong>sorelline Nencioni, Nadia e Caterina, vittime della strage dei Georgofili<\/strong>, il <a href=\"https:\/\/www.intoscana.it\/it\/tramvia-di-firenze-varato-il-nuovo-ponte-sullarno-tra-bellariva-e-anconella\/\" target=\"_blank\" rel=\"noopener\">nuovo ponte sull&#8217;Arno<\/a> a Firenze, tra Bellariva e il parco dell&#8217;Anconella,\u00a0nodo strategico della nuova\u00a0<strong>linea tramviaria verso Bagno a Ripoli<\/strong>.<\/p>\n<h3>11mila votanti al sondaggio sui social<\/h3>\n<p>La scelta \u00e8 arrivata al termine di un <strong>sondaggio social<\/strong> lanciato dalla sindaca Sara Funaro una settimana fa:<mark> sono stati raccolti 11.031 voti e Caterina e Nadia Nencioni hanno ottenuto 3.872 preferenze (35,1%),<\/mark> seguite da Gilda Larocca, partigiana fiorentina, con 3.326 voti (30,2%), la scienziata Rita Levi-Montalcini con 2.816 (25,5%) e Tina Anselmi, prima donna Ministra della Repubblica, con 1.017 voti (9,2%).<\/p>\n<h3>Strage dei Georgofili: Firenze non dimentica<\/h3>\n<p>Nadia aveva 9 anni e Caterina appena 50 giorni di vita quando rimasero vittime dell&#8217;<strong>attentato mafioso del 27 maggio del 1993:<\/strong> insieme a loro, nell&#8217;esplosione che distrusse la Torre dei Pulci morirono anche i genitori, Angela e Fabrizio Nencioni.<\/p>\n<p><em>&#8220;La scelta di intitolare il nuovo ponte sull&#8217;Arno a Caterina e Nadia Nencioni \u00e8 un gesto che unisce memoria e responsabilit\u00e0 civile<\/em> &#8211; ha sottolineato la sindaca Funaro &#8211; <mark><em>le due sorelline, vittime innocenti della strage dei Georgofili, rappresentano per Firenze una ferita profonda, ma anche un richiamo costante all&#8217;impegno nella lotta contro la mafia. <\/em><\/mark><em>Dedicare loro un luogo della citt\u00e0 significa trasformare il ricordo in un segno concreto e quotidiano, affinch\u00e9 le nuove generazioni continuino a conoscere e a custodire quella memoria. La grande partecipazione al sondaggio dimostra quanto questo sentimento sia ancora forte e condiviso dalla comunit\u00e0 fiorentina&#8221;.<\/em><\/p>\n<h3>Familiari delle vittime dei Georgofili: &#8220;Gioia e commozione&#8221;<\/h3>\n<p><strong> L&#8217;Associazione familiari e vittime della Strage dei Georgofili<\/strong> ha espresso &#8220;gioia e commozione&#8221; per l&#8217;intitolazione del ponte alle sorelle Nencioni.<\/p>\n<p>La decisione, afferma l&#8217;associazione dei familiari,<em> &#8220;\u00e8 ancora pi\u00f9 significativa perch\u00e9 adottata dall&#8217;Amministrazione Comunale di Firenze a seguito del risultato di un sondaggio popolare ampiamente partecipato&#8221;,<\/em> &#8220;<em>legare un&#8217;importante opera pubblica al nome delle pi\u00f9 giovani vittime della strage costituisce anche riconoscimento dell&#8217;impegno dell&#8217;Associazione, in questi 33 anni, per legare indissolubilmente la memoria della strage alla storia della citt\u00e0.\u00a0Sappiamo che un grosso sostegno alla candidatura \u00e8 venuto spontaneamente dalle <strong>classi nelle scuole dove l&#8217;Associazione \u00e8 presente con le proprie testimonianze sulla memoria<\/strong> e sulla legalit\u00e0&#8221;.<\/em><\/p>\n<h3>L\u2019apprezzamento di Giani e Diop<\/h3>\n<p>Una scelta per cui hanno espresso apprezzamento anche i<strong>l presidente della Regione Eugenio Giani e la vicepresidente Mia Diop<\/strong>. <em>&#8220;La dedica a due vittime innocenti di una strage terribile<\/em> \u2013 ha commentato il presidente Giani \u2013 <em>\u00e8 un fatto straordinario che rappresenta la bella Firenze.<\/em><\/p>\n<p>La<strong> vicepresidente Diop<\/strong> ha definito l\u2019esito della consultazione un<em> &#8220;segnale importante di una comunit\u00e0, in questo caso l&#8217;amministrazione di Firenze, che sceglie di non dimenticare, di portare avanti il ricordo della strage.<\/em> <em>Penso che sia un segnale importante anche per i pi\u00f9 giovani. Ci sono tantissimi ragazzi che non hanno mai vissuto e visto le stragi di mafia che hanno purtroppo segnato il nostro passato\u201d <\/em>e hanno ora un\u2019occasione per<em> \u201craccogliere il testimone di memoria&#8221;.<\/em><\/p>\n","protected":false},"excerpt":{"rendered":"<p>Le due sorelline sono state le pi\u00f9 votate nel sondaggio online lanciato dal Comune per decidere a chi intitolare la nuova infrastruttura<\/p>\n","protected":false},"author":525,"featured_media":418782,"comment_status":"open","ping_status":"open","sticky":false,"template":"","format":"standard","meta":{"_acf_changed":false,"footnotes":""},"categories":[4],"tags":[245,202,4418,6934],"class_list":["post-419660","post","type-post","status-publish","format-standard","has-post-thumbnail","hentry","category-storie","tag-arno","tag-firenze","tag-infrastrutture","tag-strage-georgofili"],"acf":[],"yoast_head":"<!-- This site is optimized with the Yoast SEO Premium plugin v24.2 (Yoast SEO v25.6) - https:\/\/yoast.com\/wordpress\/plugins\/seo\/ -->\n<title>Il nuovo ponte sull&#039;Arno a Firenze sar\u00e0 intitolato a Nadia e Caterina Nencioni, vittime della strage dei Georgofili - intoscana<\/title>\n<meta name=\"robots\" content=\"index, follow, max-snippet:-1, max-image-preview:large, max-video-preview:-1\" \/>\n<link rel=\"canonical\" href=\"https:\/\/www.intoscana.it\/it\/nuovo-ponte-arno-caterina-nadia-nencioni\/\" \/>\n<meta property=\"og:locale\" content=\"it_IT\" \/>\n<meta property=\"og:type\" content=\"article\" \/>\n<meta property=\"og:title\" content=\"Il nuovo ponte sull&#039;Arno a Firenze sar\u00e0 intitolato a Nadia e Caterina Nencioni, vittime della strage dei Georgofili\" \/>\n<meta property=\"og:description\" content=\"Le due sorelline sono state le pi\u00f9 votate nel sondaggio online lanciato dal Comune per decidere a chi intitolare la nuova infrastruttura\" \/>\n<meta property=\"og:url\" content=\"https:\/\/www.intoscana.it\/it\/nuovo-ponte-arno-caterina-nadia-nencioni\/\" \/>\n<meta property=\"og:site_name\" content=\"intoscana\" \/>\n<meta property=\"article:publisher\" content=\"https:\/\/www.facebook.com\/intoscana.it\" \/>\n<meta property=\"article:published_time\" content=\"2026-03-06T08:16:03+00:00\" \/>\n<meta property=\"article:modified_time\" content=\"2026-03-06T15:41:42+00:00\" \/>\n<meta property=\"og:image\" content=\"https:\/\/www.intoscana.it\/wp-content\/uploads\/ponte-tramvia-2.jpeg\" \/>\n\t<meta property=\"og:image:width\" content=\"1600\" \/>\n\t<meta property=\"og:image:height\" content=\"898\" \/>\n\t<meta property=\"og:image:type\" content=\"image\/jpeg\" \/>\n<meta name=\"author\" content=\"Redazione\" \/>\n<meta name=\"twitter:card\" content=\"summary_large_image\" \/>\n<meta name=\"twitter:creator\" content=\"@intoscana\" \/>\n<meta name=\"twitter:site\" content=\"@intoscana\" \/>\n<meta name=\"twitter:label1\" content=\"Written by\" \/>\n\t<meta name=\"twitter:data1\" content=\"Redazione\" \/>\n\t<meta name=\"twitter:label2\" content=\"Est. reading time\" \/>\n\t<meta name=\"twitter:data2\" content=\"3 minuti\" \/>\n<script type=\"application\/ld+json\" class=\"yoast-schema-graph\">{\"@context\":\"https:\/\/schema.org\",\"@graph\":[{\"@type\":\"WebPage\",\"@id\":\"https:\/\/www.intoscana.it\/it\/nuovo-ponte-arno-caterina-nadia-nencioni\/\",\"url\":\"https:\/\/www.intoscana.it\/it\/nuovo-ponte-arno-caterina-nadia-nencioni\/\",\"name\":\"Il nuovo ponte sull'Arno a Firenze sar\u00e0 intitolato a Nadia e Caterina Nencioni, vittime della strage dei Georgofili - intoscana\",\"isPartOf\":{\"@id\":\"https:\/\/www.intoscana.it\/it\/#website\"},\"primaryImageOfPage\":{\"@id\":\"https:\/\/www.intoscana.it\/it\/nuovo-ponte-arno-caterina-nadia-nencioni\/#primaryimage\"},\"image\":{\"@id\":\"https:\/\/www.intoscana.it\/it\/nuovo-ponte-arno-caterina-nadia-nencioni\/#primaryimage\"},\"thumbnailUrl\":\"https:\/\/www.intoscana.it\/wp-content\/uploads\/ponte-tramvia-2.jpeg\",\"datePublished\":\"2026-03-06T08:16:03+00:00\",\"dateModified\":\"2026-03-06T15:41:42+00:00\",\"author\":{\"@id\":\"https:\/\/www.intoscana.it\/it\/#\/schema\/person\/9223810753230f20bd670fdd322661f8\"},\"breadcrumb\":{\"@id\":\"https:\/\/www.intoscana.it\/it\/nuovo-ponte-arno-caterina-nadia-nencioni\/#breadcrumb\"},\"inLanguage\":\"it-IT\",\"potentialAction\":[{\"@type\":\"ReadAction\",\"target\":[\"https:\/\/www.intoscana.it\/it\/nuovo-ponte-arno-caterina-nadia-nencioni\/\"]}]},{\"@type\":\"ImageObject\",\"inLanguage\":\"it-IT\",\"@id\":\"https:\/\/www.intoscana.it\/it\/nuovo-ponte-arno-caterina-nadia-nencioni\/#primaryimage\",\"url\":\"https:\/\/www.intoscana.it\/wp-content\/uploads\/ponte-tramvia-2.jpeg\",\"contentUrl\":\"https:\/\/www.intoscana.it\/wp-content\/uploads\/ponte-tramvia-2.jpeg\",\"width\":1600,\"height\":898},{\"@type\":\"BreadcrumbList\",\"@id\":\"https:\/\/www.intoscana.it\/it\/nuovo-ponte-arno-caterina-nadia-nencioni\/#breadcrumb\",\"itemListElement\":[{\"@type\":\"ListItem\",\"position\":1,\"name\":\"Home\",\"item\":\"https:\/\/www.intoscana.it\/it\/\"},{\"@type\":\"ListItem\",\"position\":2,\"name\":\"Il nuovo ponte sull&#8217;Arno a Firenze sar\u00e0 intitolato a Nadia e Caterina Nencioni, vittime della strage dei Georgofili\"}]},{\"@type\":\"WebSite\",\"@id\":\"https:\/\/www.intoscana.it\/it\/#website\",\"url\":\"https:\/\/www.intoscana.it\/it\/\",\"name\":\"intoscana\",\"description\":\"\",\"potentialAction\":[{\"@type\":\"SearchAction\",\"target\":{\"@type\":\"EntryPoint\",\"urlTemplate\":\"https:\/\/www.intoscana.it\/it\/?s={search_term_string}\"},\"query-input\":{\"@type\":\"PropertyValueSpecification\",\"valueRequired\":true,\"valueName\":\"search_term_string\"}}],\"inLanguage\":\"it-IT\"},{\"@type\":\"Person\",\"@id\":\"https:\/\/www.intoscana.it\/it\/#\/schema\/person\/9223810753230f20bd670fdd322661f8\",\"name\":\"Redazione\",\"url\":\"https:\/\/www.intoscana.it\/it\/author\/redazione\/\"}]}<\/script>\n<!-- \/ Yoast SEO Premium plugin. -->","yoast_head_json":{"title":"Il nuovo ponte sull'Arno a Firenze sar\u00e0 intitolato a Nadia e Caterina Nencioni, vittime della strage dei Georgofili - intoscana","robots":{"index":"index","follow":"follow","max-snippet":"max-snippet:-1","max-image-preview":"max-image-preview:large","max-video-preview":"max-video-preview:-1"},"canonical":"https:\/\/www.intoscana.it\/it\/nuovo-ponte-arno-caterina-nadia-nencioni\/","og_locale":"it_IT","og_type":"article","og_title":"Il nuovo ponte sull'Arno a Firenze sar\u00e0 intitolato a Nadia e Caterina Nencioni, vittime della strage dei Georgofili","og_description":"Le due sorelline sono state le pi\u00f9 votate nel sondaggio online lanciato dal Comune per decidere a chi intitolare la nuova infrastruttura","og_url":"https:\/\/www.intoscana.it\/it\/nuovo-ponte-arno-caterina-nadia-nencioni\/","og_site_name":"intoscana","article_publisher":"https:\/\/www.facebook.com\/intoscana.it","article_published_time":"2026-03-06T08:16:03+00:00","article_modified_time":"2026-03-06T15:41:42+00:00","og_image":[{"width":1600,"height":898,"url":"https:\/\/www.intoscana.it\/wp-content\/uploads\/ponte-tramvia-2.jpeg","type":"image\/jpeg"}],"author":"Redazione","twitter_card":"summary_large_image","twitter_creator":"@intoscana","twitter_site":"@intoscana","twitter_misc":{"Written by":"Redazione","Est. reading time":"3 minuti"},"schema":{"@context":"https:\/\/schema.org","@graph":[{"@type":"WebPage","@id":"https:\/\/www.intoscana.it\/it\/nuovo-ponte-arno-caterina-nadia-nencioni\/","url":"https:\/\/www.intoscana.it\/it\/nuovo-ponte-arno-caterina-nadia-nencioni\/","name":"Il nuovo ponte sull'Arno a Firenze sar\u00e0 intitolato a Nadia e Caterina Nencioni, vittime della strage dei Georgofili - intoscana","isPartOf":{"@id":"https:\/\/www.intoscana.it\/it\/#website"},"primaryImageOfPage":{"@id":"https:\/\/www.intoscana.it\/it\/nuovo-ponte-arno-caterina-nadia-nencioni\/#primaryimage"},"image":{"@id":"https:\/\/www.intoscana.it\/it\/nuovo-ponte-arno-caterina-nadia-nencioni\/#primaryimage"},"thumbnailUrl":"https:\/\/www.intoscana.it\/wp-content\/uploads\/ponte-tramvia-2.jpeg","datePublished":"2026-03-06T08:16:03+00:00","dateModified":"2026-03-06T15:41:42+00:00","author":{"@id":"https:\/\/www.intoscana.it\/it\/#\/schema\/person\/9223810753230f20bd670fdd322661f8"},"breadcrumb":{"@id":"https:\/\/www.intoscana.it\/it\/nuovo-ponte-arno-caterina-nadia-nencioni\/#breadcrumb"},"inLanguage":"it-IT","potentialAction":[{"@type":"ReadAction","target":["https:\/\/www.intoscana.it\/it\/nuovo-ponte-arno-caterina-nadia-nencioni\/"]}]},{"@type":"ImageObject","inLanguage":"it-IT","@id":"https:\/\/www.intoscana.it\/it\/nuovo-ponte-arno-caterina-nadia-nencioni\/#primaryimage","url":"https:\/\/www.intoscana.it\/wp-content\/uploads\/ponte-tramvia-2.jpeg","contentUrl":"https:\/\/www.intoscana.it\/wp-content\/uploads\/ponte-tramvia-2.jpeg","width":1600,"height":898},{"@type":"BreadcrumbList","@id":"https:\/\/www.intoscana.it\/it\/nuovo-ponte-arno-caterina-nadia-nencioni\/#breadcrumb","itemListElement":[{"@type":"ListItem","position":1,"name":"Home","item":"https:\/\/www.intoscana.it\/it\/"},{"@type":"ListItem","position":2,"name":"Il nuovo ponte sull&#8217;Arno a Firenze sar\u00e0 intitolato a Nadia e Caterina Nencioni, vittime della strage dei Georgofili"}]},{"@type":"WebSite","@id":"https:\/\/www.intoscana.it\/it\/#website","url":"https:\/\/www.intoscana.it\/it\/","name":"intoscana","description":"","potentialAction":[{"@type":"SearchAction","target":{"@type":"EntryPoint","urlTemplate":"https:\/\/www.intoscana.it\/it\/?s={search_term_string}"},"query-input":{"@type":"PropertyValueSpecification","valueRequired":true,"valueName":"search_term_string"}}],"inLanguage":"it-IT"},{"@type":"Person","@id":"https:\/\/www.intoscana.it\/it\/#\/schema\/person\/9223810753230f20bd670fdd322661f8","name":"Redazione","url":"https:\/\/www.intoscana.it\/it\/author\/redazione\/"}]}},"_links":{"self":[{"href":"https:\/\/www.intoscana.it\/it\/wp-json\/wp\/v2\/posts\/419660","targetHints":{"allow":["GET"]}}],"collection":[{"href":"https:\/\/www.intoscana.it\/it\/wp-json\/wp\/v2\/posts"}],"about":[{"href":"https:\/\/www.intoscana.it\/it\/wp-json\/wp\/v2\/types\/post"}],"author":[{"embeddable":true,"href":"https:\/\/www.intoscana.it\/it\/wp-json\/wp\/v2\/users\/525"}],"replies":[{"embeddable":true,"href":"https:\/\/www.intoscana.it\/it\/wp-json\/wp\/v2\/comments?post=419660"}],"version-history":[{"count":5,"href":"https:\/\/www.intoscana.it\/it\/wp-json\/wp\/v2\/posts\/419660\/revisions"}],"predecessor-version":[{"id":419877,"href":"https:\/\/www.intoscana.it\/it\/wp-json\/wp\/v2\/posts\/419660\/revisions\/419877"}],"wp:featuredmedia":[{"embeddable":true,"href":"https:\/\/www.intoscana.it\/it\/wp-json\/wp\/v2\/media\/418782"}],"wp:attachment":[{"href":"https:\/\/www.intoscana.it\/it\/wp-json\/wp\/v2\/media?parent=419660"}],"wp:term":[{"taxonomy":"category","embeddable":true,"href":"https:\/\/www.intoscana.it\/it\/wp-json\/wp\/v2\/categories?post=419660"},{"taxonomy":"post_tag","embeddable":true,"href":"https:\/\/www.intoscana.it\/it\/wp-json\/wp\/v2\/tags?post=419660"}],"curies":[{"name":"wp","href":"https:\/\/api.w.org\/{rel}","templated":true}]}}