{"id":419681,"date":"2026-03-06T09:57:07","date_gmt":"2026-03-06T08:57:07","guid":{"rendered":"https:\/\/www.intoscana.it\/it\/?p=419681"},"modified":"2026-03-06T09:57:07","modified_gmt":"2026-03-06T08:57:07","slug":"semi-di-senape-a-siena-un-patto-per-aiutare-gli-studenti-universitari-in-difficolta","status":"publish","type":"post","link":"https:\/\/www.intoscana.it\/it\/semi-di-senape-a-siena-un-patto-per-aiutare-gli-studenti-universitari-in-difficolta\/","title":{"rendered":"Semi di senape: a Siena un patto per aiutare gli studenti universitari in difficolt\u00e0"},"content":{"rendered":"<p>Un patto a favore degli <strong>studenti universitari<\/strong> in difficolt\u00e0 a Siena. \u00c8 il progetto <strong>&#8220;Semi di senape&#8221;, promosso da Caritas<\/strong> diocesana di Siena in collaborazione con la pastorale universitaria, <strong>l&#8217;Universit\u00e0 degli studi di Siena e l&#8217;Universit\u00e0 per stranieri di Siena,<\/strong> che nasce dall&#8217;idea di aiutare ed accompagnare, durante il loro percorso di studi, gli studenti universitari non assegnatari di borse di studio o che si trovano in difficolt\u00e0 economiche, che sempre pi\u00f9 spesso si presentano al nostro centro d&#8217;ascolto.<\/p>\n<h3>Misure economiche e una rete di sostegno<\/h3>\n<p><em>&#8220;Il progetto<\/em> &#8211; ha spiegato <strong>don Vittorio Giglio, direttore della Caritas diocesana<\/strong> &#8211; <em>non mirer\u00e0 solo a concedere contributi economici ma a creare una rete di accompagnamento intorno allo studente che possa supportare sia nella vita universitaria che in quella di ogni giorno<\/em>&#8220;.<\/p>\n<p><em>&#8220;Gli studenti aiutati &#8211;<\/em> ha aggiunto &#8211; <em>potrebbero a loro volta, essere coinvolti in attivit\u00e0 di volontariato presso la Caritas, la pastorale universitaria o anche presso le Universit\u00e0 come supporto e tutoraggio ad altri studenti, alimentando quel circolo virtuoso di solidariet\u00e0 che trasforma un piccolo seme in albero accogliente. In questa prospettiva, il nostro scopo \u00e8 creare <\/em><mark><em>una rete di supporto intorno agli studenti affinch\u00e9 non si sentano abbandonati&#8221;.<\/em><\/mark><\/p>\n<p>Nell&#8217;ambito del progetto sono stati assegnati compiti precisi. La <strong>Caritas diocesana<\/strong> si occuper\u00e0 di individuare gli studenti in situazione di bisogno, del loro accompagnamento e del<strong> supporto economico<\/strong>, mentre la pastorale universitaria gestir\u00e0 l&#8217;accompagnamento umano e spirituale. L&#8217;Universit\u00e0 per stranieri proporr\u00e0 il servizio di corsi di italiano e l&#8217;Ateneo di Siena <strong>l&#8217;accompagnamento e il tutoraggio<\/strong> per pratiche burocratiche e universitarie.<\/p>\n<p><em>&#8220;Credo utile e urgente <\/em>&#8211; ha concluso don Giglio &#8211;<em> fare in modo che nella nostra citt\u00e0 possano nascere nuovi studentati anche con prezzi calmierati&#8221;.<\/em><\/p>\n","protected":false},"excerpt":{"rendered":"<p>Il progetto, promosso da Caritas insieme all&#8217;Ateneo di Siena e all&#8217;Universit\u00e0 per stranieri, prevede non solo contributi economici ma una rete di sostegno<\/p>\n","protected":false},"author":525,"featured_media":367785,"comment_status":"open","ping_status":"open","sticky":false,"template":"","format":"standard","meta":{"_acf_changed":false,"footnotes":""},"categories":[494],"tags":[5049,234,378,5024],"class_list":["post-419681","post","type-post","status-publish","format-standard","has-post-thumbnail","hentry","category-attualita","tag-caritas","tag-universita","tag-universita-di-siena","tag-universita-per-stranieri-di-siena"],"acf":[],"yoast_head":"<!-- This site is optimized with the Yoast SEO Premium plugin v24.2 (Yoast SEO v25.6) - https:\/\/yoast.com\/wordpress\/plugins\/seo\/ -->\n<title>Semi di senape: a Siena un patto per aiutare gli studenti universitari in difficolt\u00e0 - intoscana<\/title>\n<meta name=\"robots\" content=\"index, follow, max-snippet:-1, max-image-preview:large, max-video-preview:-1\" \/>\n<link rel=\"canonical\" href=\"https:\/\/www.intoscana.it\/it\/semi-di-senape-a-siena-un-patto-per-aiutare-gli-studenti-universitari-in-difficolta\/\" \/>\n<meta property=\"og:locale\" content=\"it_IT\" \/>\n<meta property=\"og:type\" content=\"article\" \/>\n<meta property=\"og:title\" content=\"Semi di senape: a Siena un patto per aiutare gli studenti universitari in difficolt\u00e0\" \/>\n<meta property=\"og:description\" content=\"Il progetto, promosso da Caritas insieme all&#039;Ateneo di Siena e all&#039;Universit\u00e0 per stranieri, prevede non solo contributi economici ma una rete di sostegno\" \/>\n<meta property=\"og:url\" content=\"https:\/\/www.intoscana.it\/it\/semi-di-senape-a-siena-un-patto-per-aiutare-gli-studenti-universitari-in-difficolta\/\" \/>\n<meta property=\"og:site_name\" content=\"intoscana\" \/>\n<meta property=\"article:publisher\" content=\"https:\/\/www.facebook.com\/intoscana.it\" \/>\n<meta property=\"article:published_time\" content=\"2026-03-06T08:57:07+00:00\" \/>\n<meta property=\"og:image\" content=\"https:\/\/www.intoscana.it\/wp-content\/uploads\/Panorama_daPalazzoRettorato_rid.jpg\" \/>\n\t<meta property=\"og:image:width\" content=\"1920\" \/>\n\t<meta property=\"og:image:height\" content=\"1439\" \/>\n\t<meta property=\"og:image:type\" content=\"image\/jpeg\" \/>\n<meta name=\"author\" content=\"Redazione\" \/>\n<meta name=\"twitter:card\" content=\"summary_large_image\" \/>\n<meta name=\"twitter:creator\" content=\"@intoscana\" \/>\n<meta name=\"twitter:site\" content=\"@intoscana\" \/>\n<meta name=\"twitter:label1\" content=\"Written by\" \/>\n\t<meta name=\"twitter:data1\" content=\"Redazione\" \/>\n\t<meta name=\"twitter:label2\" content=\"Est. reading time\" \/>\n\t<meta name=\"twitter:data2\" content=\"2 minuti\" \/>\n<script type=\"application\/ld+json\" class=\"yoast-schema-graph\">{\"@context\":\"https:\/\/schema.org\",\"@graph\":[{\"@type\":\"WebPage\",\"@id\":\"https:\/\/www.intoscana.it\/it\/semi-di-senape-a-siena-un-patto-per-aiutare-gli-studenti-universitari-in-difficolta\/\",\"url\":\"https:\/\/www.intoscana.it\/it\/semi-di-senape-a-siena-un-patto-per-aiutare-gli-studenti-universitari-in-difficolta\/\",\"name\":\"Semi di senape: a Siena un patto per aiutare gli studenti universitari in difficolt\u00e0 - intoscana\",\"isPartOf\":{\"@id\":\"https:\/\/www.intoscana.it\/it\/#website\"},\"primaryImageOfPage\":{\"@id\":\"https:\/\/www.intoscana.it\/it\/semi-di-senape-a-siena-un-patto-per-aiutare-gli-studenti-universitari-in-difficolta\/#primaryimage\"},\"image\":{\"@id\":\"https:\/\/www.intoscana.it\/it\/semi-di-senape-a-siena-un-patto-per-aiutare-gli-studenti-universitari-in-difficolta\/#primaryimage\"},\"thumbnailUrl\":\"https:\/\/www.intoscana.it\/wp-content\/uploads\/Panorama_daPalazzoRettorato_rid.jpg\",\"datePublished\":\"2026-03-06T08:57:07+00:00\",\"author\":{\"@id\":\"https:\/\/www.intoscana.it\/it\/#\/schema\/person\/9223810753230f20bd670fdd322661f8\"},\"breadcrumb\":{\"@id\":\"https:\/\/www.intoscana.it\/it\/semi-di-senape-a-siena-un-patto-per-aiutare-gli-studenti-universitari-in-difficolta\/#breadcrumb\"},\"inLanguage\":\"it-IT\",\"potentialAction\":[{\"@type\":\"ReadAction\",\"target\":[\"https:\/\/www.intoscana.it\/it\/semi-di-senape-a-siena-un-patto-per-aiutare-gli-studenti-universitari-in-difficolta\/\"]}]},{\"@type\":\"ImageObject\",\"inLanguage\":\"it-IT\",\"@id\":\"https:\/\/www.intoscana.it\/it\/semi-di-senape-a-siena-un-patto-per-aiutare-gli-studenti-universitari-in-difficolta\/#primaryimage\",\"url\":\"https:\/\/www.intoscana.it\/wp-content\/uploads\/Panorama_daPalazzoRettorato_rid.jpg\",\"contentUrl\":\"https:\/\/www.intoscana.it\/wp-content\/uploads\/Panorama_daPalazzoRettorato_rid.jpg\",\"width\":1920,\"height\":1439,\"caption\":\"Siena vista dal Palazzo del Rettorato dell'Universit\u00e0\"},{\"@type\":\"BreadcrumbList\",\"@id\":\"https:\/\/www.intoscana.it\/it\/semi-di-senape-a-siena-un-patto-per-aiutare-gli-studenti-universitari-in-difficolta\/#breadcrumb\",\"itemListElement\":[{\"@type\":\"ListItem\",\"position\":1,\"name\":\"Home\",\"item\":\"https:\/\/www.intoscana.it\/it\/\"},{\"@type\":\"ListItem\",\"position\":2,\"name\":\"Semi di senape: a Siena un patto per aiutare gli studenti universitari in difficolt\u00e0\"}]},{\"@type\":\"WebSite\",\"@id\":\"https:\/\/www.intoscana.it\/it\/#website\",\"url\":\"https:\/\/www.intoscana.it\/it\/\",\"name\":\"intoscana\",\"description\":\"\",\"potentialAction\":[{\"@type\":\"SearchAction\",\"target\":{\"@type\":\"EntryPoint\",\"urlTemplate\":\"https:\/\/www.intoscana.it\/it\/?s={search_term_string}\"},\"query-input\":{\"@type\":\"PropertyValueSpecification\",\"valueRequired\":true,\"valueName\":\"search_term_string\"}}],\"inLanguage\":\"it-IT\"},{\"@type\":\"Person\",\"@id\":\"https:\/\/www.intoscana.it\/it\/#\/schema\/person\/9223810753230f20bd670fdd322661f8\",\"name\":\"Redazione\",\"url\":\"https:\/\/www.intoscana.it\/it\/author\/redazione\/\"}]}<\/script>\n<!-- \/ Yoast SEO Premium plugin. -->","yoast_head_json":{"title":"Semi di senape: a Siena un patto per aiutare gli studenti universitari in difficolt\u00e0 - intoscana","robots":{"index":"index","follow":"follow","max-snippet":"max-snippet:-1","max-image-preview":"max-image-preview:large","max-video-preview":"max-video-preview:-1"},"canonical":"https:\/\/www.intoscana.it\/it\/semi-di-senape-a-siena-un-patto-per-aiutare-gli-studenti-universitari-in-difficolta\/","og_locale":"it_IT","og_type":"article","og_title":"Semi di senape: a Siena un patto per aiutare gli studenti universitari in difficolt\u00e0","og_description":"Il progetto, promosso da Caritas insieme all'Ateneo di Siena e all'Universit\u00e0 per stranieri, prevede non solo contributi economici ma una rete di sostegno","og_url":"https:\/\/www.intoscana.it\/it\/semi-di-senape-a-siena-un-patto-per-aiutare-gli-studenti-universitari-in-difficolta\/","og_site_name":"intoscana","article_publisher":"https:\/\/www.facebook.com\/intoscana.it","article_published_time":"2026-03-06T08:57:07+00:00","og_image":[{"width":1920,"height":1439,"url":"https:\/\/www.intoscana.it\/wp-content\/uploads\/Panorama_daPalazzoRettorato_rid.jpg","type":"image\/jpeg"}],"author":"Redazione","twitter_card":"summary_large_image","twitter_creator":"@intoscana","twitter_site":"@intoscana","twitter_misc":{"Written by":"Redazione","Est. reading time":"2 minuti"},"schema":{"@context":"https:\/\/schema.org","@graph":[{"@type":"WebPage","@id":"https:\/\/www.intoscana.it\/it\/semi-di-senape-a-siena-un-patto-per-aiutare-gli-studenti-universitari-in-difficolta\/","url":"https:\/\/www.intoscana.it\/it\/semi-di-senape-a-siena-un-patto-per-aiutare-gli-studenti-universitari-in-difficolta\/","name":"Semi di senape: a Siena un patto per aiutare gli studenti universitari in difficolt\u00e0 - intoscana","isPartOf":{"@id":"https:\/\/www.intoscana.it\/it\/#website"},"primaryImageOfPage":{"@id":"https:\/\/www.intoscana.it\/it\/semi-di-senape-a-siena-un-patto-per-aiutare-gli-studenti-universitari-in-difficolta\/#primaryimage"},"image":{"@id":"https:\/\/www.intoscana.it\/it\/semi-di-senape-a-siena-un-patto-per-aiutare-gli-studenti-universitari-in-difficolta\/#primaryimage"},"thumbnailUrl":"https:\/\/www.intoscana.it\/wp-content\/uploads\/Panorama_daPalazzoRettorato_rid.jpg","datePublished":"2026-03-06T08:57:07+00:00","author":{"@id":"https:\/\/www.intoscana.it\/it\/#\/schema\/person\/9223810753230f20bd670fdd322661f8"},"breadcrumb":{"@id":"https:\/\/www.intoscana.it\/it\/semi-di-senape-a-siena-un-patto-per-aiutare-gli-studenti-universitari-in-difficolta\/#breadcrumb"},"inLanguage":"it-IT","potentialAction":[{"@type":"ReadAction","target":["https:\/\/www.intoscana.it\/it\/semi-di-senape-a-siena-un-patto-per-aiutare-gli-studenti-universitari-in-difficolta\/"]}]},{"@type":"ImageObject","inLanguage":"it-IT","@id":"https:\/\/www.intoscana.it\/it\/semi-di-senape-a-siena-un-patto-per-aiutare-gli-studenti-universitari-in-difficolta\/#primaryimage","url":"https:\/\/www.intoscana.it\/wp-content\/uploads\/Panorama_daPalazzoRettorato_rid.jpg","contentUrl":"https:\/\/www.intoscana.it\/wp-content\/uploads\/Panorama_daPalazzoRettorato_rid.jpg","width":1920,"height":1439,"caption":"Siena vista dal Palazzo del Rettorato dell'Universit\u00e0"},{"@type":"BreadcrumbList","@id":"https:\/\/www.intoscana.it\/it\/semi-di-senape-a-siena-un-patto-per-aiutare-gli-studenti-universitari-in-difficolta\/#breadcrumb","itemListElement":[{"@type":"ListItem","position":1,"name":"Home","item":"https:\/\/www.intoscana.it\/it\/"},{"@type":"ListItem","position":2,"name":"Semi di senape: a Siena un patto per aiutare gli studenti universitari in difficolt\u00e0"}]},{"@type":"WebSite","@id":"https:\/\/www.intoscana.it\/it\/#website","url":"https:\/\/www.intoscana.it\/it\/","name":"intoscana","description":"","potentialAction":[{"@type":"SearchAction","target":{"@type":"EntryPoint","urlTemplate":"https:\/\/www.intoscana.it\/it\/?s={search_term_string}"},"query-input":{"@type":"PropertyValueSpecification","valueRequired":true,"valueName":"search_term_string"}}],"inLanguage":"it-IT"},{"@type":"Person","@id":"https:\/\/www.intoscana.it\/it\/#\/schema\/person\/9223810753230f20bd670fdd322661f8","name":"Redazione","url":"https:\/\/www.intoscana.it\/it\/author\/redazione\/"}]}},"_links":{"self":[{"href":"https:\/\/www.intoscana.it\/it\/wp-json\/wp\/v2\/posts\/419681","targetHints":{"allow":["GET"]}}],"collection":[{"href":"https:\/\/www.intoscana.it\/it\/wp-json\/wp\/v2\/posts"}],"about":[{"href":"https:\/\/www.intoscana.it\/it\/wp-json\/wp\/v2\/types\/post"}],"author":[{"embeddable":true,"href":"https:\/\/www.intoscana.it\/it\/wp-json\/wp\/v2\/users\/525"}],"replies":[{"embeddable":true,"href":"https:\/\/www.intoscana.it\/it\/wp-json\/wp\/v2\/comments?post=419681"}],"version-history":[{"count":5,"href":"https:\/\/www.intoscana.it\/it\/wp-json\/wp\/v2\/posts\/419681\/revisions"}],"predecessor-version":[{"id":419689,"href":"https:\/\/www.intoscana.it\/it\/wp-json\/wp\/v2\/posts\/419681\/revisions\/419689"}],"wp:featuredmedia":[{"embeddable":true,"href":"https:\/\/www.intoscana.it\/it\/wp-json\/wp\/v2\/media\/367785"}],"wp:attachment":[{"href":"https:\/\/www.intoscana.it\/it\/wp-json\/wp\/v2\/media?parent=419681"}],"wp:term":[{"taxonomy":"category","embeddable":true,"href":"https:\/\/www.intoscana.it\/it\/wp-json\/wp\/v2\/categories?post=419681"},{"taxonomy":"post_tag","embeddable":true,"href":"https:\/\/www.intoscana.it\/it\/wp-json\/wp\/v2\/tags?post=419681"}],"curies":[{"name":"wp","href":"https:\/\/api.w.org\/{rel}","templated":true}]}}