{"id":419690,"date":"2026-03-06T10:25:14","date_gmt":"2026-03-06T09:25:14","guid":{"rendered":"https:\/\/www.intoscana.it\/it\/?p=419690"},"modified":"2026-03-06T13:18:25","modified_gmt":"2026-03-06T12:18:25","slug":"rigenerazione-urbana-e-diritto-alla-casa-sopralluogo-della-regione-nei-cantieri-pinqua-di-calenzano-e-sesto-fiorentino","status":"publish","type":"post","link":"https:\/\/www.intoscana.it\/it\/rigenerazione-urbana-e-diritto-alla-casa-sopralluogo-della-regione-nei-cantieri-pinqua-di-calenzano-e-sesto-fiorentino\/","title":{"rendered":"Rigenerazione urbana e diritto alla casa: sopralluogo della Regione nei cantieri PINQUA di Calenzano e Sesto Fiorentino"},"content":{"rendered":"<p>Nuovi alloggi pubblici, recupero di edifici storici e spazi dedicati ai servizi per la comunit\u00e0. Sono alcuni degli interventi al centro del sopralluogo che l\u2019assessora regionale al diritto alla casa <strong>Alessandra Nardini<\/strong> e l\u2019assessore regionale all\u2019urbanistica <strong>Filippo Boni<\/strong> hanno effettuato nei cantieri del progetto PINQUA nei Comuni di Calenzano e Sesto Fiorentino.<\/p>\n<p>La visita ha riguardato gli interventi previsti dal progetto <strong>\u201cNuove CA.SE. \u2013 Qualit\u00e0 dell\u2019abitare e della coesione sociale\u201d<\/strong>, finanziato con fondi del PNRR e realizzato dai due Comuni come soggetti attuatori. Un programma che mette insieme politiche abitative e rigenerazione urbana con l\u2019obiettivo di migliorare la qualit\u00e0 della vita dei cittadini e rafforzare la coesione sociale nei quartieri interessati.<\/p>\n<p>A <strong>Calenzano<\/strong> \u00e8 in corso l\u2019intervento denominato <strong>\u201cNuovo Centro Urbano\u201d<\/strong>, che prevede il rinnovo del patrimonio immobiliare pubblico attraverso la demolizione di vecchi edifici di edilizia residenziale pubblica e la costruzione di nuovi complessi abitativi moderni, adeguati sotto il profilo strutturale e impiantistico. Nel primo stralcio sono previsti <strong>63 nuovi alloggi ERP<\/strong>, per un investimento complessivo di <strong>oltre 16,9 milioni di euro<\/strong>.<\/p>\n<p>A <strong>Sesto Fiorentino<\/strong> il progetto si articola invece in tre interventi principali. Il primo riguarda la <strong>riqualificazione del complesso ERP di via Signorini<\/strong>, con il recupero e l\u2019efficientamento energetico di <strong>36 alloggi di edilizia residenziale pubblica<\/strong>. Il secondo interessa <strong>Palazzo Pretorio<\/strong>, storico edificio da anni in stato di abbandono che sar\u00e0 recuperato e restituito alla citt\u00e0. Il terzo intervento prevede la trasformazione della <strong>ex ludoteca di Querceto<\/strong> in un nuovo <strong>centro servizi per la comunit\u00e0<\/strong>. Il valore complessivo degli interventi nel territorio sestese \u00e8 di <strong>circa 5,4 milioni di euro<\/strong>.<\/p>\n<p>\u201cSopralluoghi come quello di oggi \u2013 ha spiegato l\u2019assessora Nardini \u2013 sono importanti sia per vedere l\u2019evoluzione degli interventi sia per testimoniare la presenza della Regione sui territori e confrontarci con amministratrici e amministratori sulle politiche per garantire il diritto alla casa, che spesso si intrecciano con le politiche di rigenerazione urbana\u201d.<\/p>\n<p>Per la Regione Toscana, ha aggiunto Nardini, investire su <strong>alloggi ERP, housing sociale e cohousing<\/strong> rappresenta una priorit\u00e0, perch\u00e9 significa garantire il diritto alla casa alle persone pi\u00f9 fragili. \u201cAttraverso i progetti PINQUA \u2013 ha sottolineato \u2013 le amministrazioni comunali hanno avuto l\u2019opportunit\u00e0 di realizzare interventi che difficilmente sarebbero stati possibili, migliorando concretamente la qualit\u00e0 della vita delle cittadine e dei cittadini\u201d.<\/p>\n<p>Il sopralluogo ha evidenziato anche il valore della rigenerazione urbana come strumento di trasformazione dei territori. \u201cOggi abbiamo visto nuove case e importanti interventi di efficientamento energetico che ridanno vita e senso a strutture esistenti \u2013 ha spiegato l\u2019assessore Boni \u2013. Il significato profondo della rigenerazione urbana \u00e8 proprio questo: un rinnovamento che non cancella il passato, ma lo recupera e lo valorizza attraverso nuove funzioni\u201d.<\/p>\n<p>Il progetto <strong>\u201cNuove CA.SE. \u2013 Qualit\u00e0 dell\u2019abitare e della coesione sociale\u201d<\/strong> \u00e8 una delle tre proposte presentate dalla Regione Toscana al Ministero delle Infrastrutture nell\u2019ambito del programma PINQUA. Gli altri due sono <strong>\u201cC.A.S.C.I.N.A. \u2013 Comunit\u00e0 d\u2019Area e Servizi di Cooperazione Intercomunale per un Nuovo Abitare\u201d<\/strong>, che coinvolge diversi comuni dell\u2019area pisana, e <strong>\u201cAbitare la Valle del Serchio\u201d<\/strong>, che interessa numerosi comuni tra Garfagnana e Media Valle.<\/p>\n<p>Complessivamente i tre progetti hanno ottenuto <strong>quasi 45 milioni di euro di finanziamenti<\/strong>, destinati a interventi di edilizia pubblica, riqualificazione urbana e servizi di comunit\u00e0 in diverse aree della Toscana.<\/p>\n","protected":false},"excerpt":{"rendered":"<p>Nardini e Boni in visita agli interventi finanziati dal PNRR: nuovi alloggi ERP, recupero di edifici storici e spazi per la comunit\u00e0 per migliorare la qualit\u00e0 dell\u2019abitare<\/p>\n","protected":false},"author":525,"featured_media":419691,"comment_status":"open","ping_status":"open","sticky":false,"template":"","format":"standard","meta":{"_acf_changed":false,"footnotes":""},"categories":[494],"tags":[6226,6316,6903,5290,6458],"class_list":["post-419690","post","type-post","status-publish","format-standard","has-post-thumbnail","hentry","category-attualita","tag-alessandra-nardini","tag-calenzano","tag-filippo-boni","tag-rigenerazione-urbana","tag-sesto-fiorentino"],"acf":[],"yoast_head":"<!-- This site is optimized with the Yoast SEO Premium plugin v24.2 (Yoast SEO v25.6) - https:\/\/yoast.com\/wordpress\/plugins\/seo\/ -->\n<title>Rigenerazione urbana e diritto alla casa: sopralluogo della Regione nei cantieri PINQUA di Calenzano e Sesto Fiorentino - intoscana<\/title>\n<meta name=\"robots\" content=\"index, follow, max-snippet:-1, max-image-preview:large, max-video-preview:-1\" \/>\n<link rel=\"canonical\" href=\"https:\/\/www.intoscana.it\/it\/rigenerazione-urbana-e-diritto-alla-casa-sopralluogo-della-regione-nei-cantieri-pinqua-di-calenzano-e-sesto-fiorentino\/\" \/>\n<meta property=\"og:locale\" content=\"it_IT\" \/>\n<meta property=\"og:type\" content=\"article\" \/>\n<meta property=\"og:title\" content=\"Rigenerazione urbana e diritto alla casa: sopralluogo della Regione nei cantieri PINQUA di Calenzano e Sesto Fiorentino\" \/>\n<meta property=\"og:description\" content=\"Nardini e Boni in visita agli interventi finanziati dal PNRR: nuovi alloggi ERP, recupero di edifici storici e spazi per la comunit\u00e0 per migliorare la qualit\u00e0 dell\u2019abitare\" \/>\n<meta property=\"og:url\" content=\"https:\/\/www.intoscana.it\/it\/rigenerazione-urbana-e-diritto-alla-casa-sopralluogo-della-regione-nei-cantieri-pinqua-di-calenzano-e-sesto-fiorentino\/\" \/>\n<meta property=\"og:site_name\" content=\"intoscana\" \/>\n<meta property=\"article:publisher\" content=\"https:\/\/www.facebook.com\/intoscana.it\" \/>\n<meta property=\"article:published_time\" content=\"2026-03-06T09:25:14+00:00\" \/>\n<meta property=\"article:modified_time\" content=\"2026-03-06T12:18:25+00:00\" \/>\n<meta property=\"og:image\" content=\"https:\/\/www.intoscana.it\/wp-content\/uploads\/nardini-boni-calenzano.jpeg\" \/>\n\t<meta property=\"og:image:width\" content=\"1000\" \/>\n\t<meta property=\"og:image:height\" content=\"907\" \/>\n\t<meta property=\"og:image:type\" content=\"image\/jpeg\" \/>\n<meta name=\"author\" content=\"Redazione\" \/>\n<meta name=\"twitter:card\" content=\"summary_large_image\" \/>\n<meta name=\"twitter:creator\" content=\"@intoscana\" \/>\n<meta name=\"twitter:site\" content=\"@intoscana\" \/>\n<meta name=\"twitter:label1\" content=\"Written by\" \/>\n\t<meta name=\"twitter:data1\" content=\"Redazione\" \/>\n\t<meta name=\"twitter:label2\" content=\"Est. reading time\" \/>\n\t<meta name=\"twitter:data2\" content=\"4 minuti\" \/>\n<script type=\"application\/ld+json\" class=\"yoast-schema-graph\">{\"@context\":\"https:\/\/schema.org\",\"@graph\":[{\"@type\":\"WebPage\",\"@id\":\"https:\/\/www.intoscana.it\/it\/rigenerazione-urbana-e-diritto-alla-casa-sopralluogo-della-regione-nei-cantieri-pinqua-di-calenzano-e-sesto-fiorentino\/\",\"url\":\"https:\/\/www.intoscana.it\/it\/rigenerazione-urbana-e-diritto-alla-casa-sopralluogo-della-regione-nei-cantieri-pinqua-di-calenzano-e-sesto-fiorentino\/\",\"name\":\"Rigenerazione urbana e diritto alla casa: sopralluogo della Regione nei cantieri PINQUA di Calenzano e Sesto Fiorentino - intoscana\",\"isPartOf\":{\"@id\":\"https:\/\/www.intoscana.it\/it\/#website\"},\"primaryImageOfPage\":{\"@id\":\"https:\/\/www.intoscana.it\/it\/rigenerazione-urbana-e-diritto-alla-casa-sopralluogo-della-regione-nei-cantieri-pinqua-di-calenzano-e-sesto-fiorentino\/#primaryimage\"},\"image\":{\"@id\":\"https:\/\/www.intoscana.it\/it\/rigenerazione-urbana-e-diritto-alla-casa-sopralluogo-della-regione-nei-cantieri-pinqua-di-calenzano-e-sesto-fiorentino\/#primaryimage\"},\"thumbnailUrl\":\"https:\/\/www.intoscana.it\/wp-content\/uploads\/nardini-boni-calenzano.jpeg\",\"datePublished\":\"2026-03-06T09:25:14+00:00\",\"dateModified\":\"2026-03-06T12:18:25+00:00\",\"author\":{\"@id\":\"https:\/\/www.intoscana.it\/it\/#\/schema\/person\/9223810753230f20bd670fdd322661f8\"},\"breadcrumb\":{\"@id\":\"https:\/\/www.intoscana.it\/it\/rigenerazione-urbana-e-diritto-alla-casa-sopralluogo-della-regione-nei-cantieri-pinqua-di-calenzano-e-sesto-fiorentino\/#breadcrumb\"},\"inLanguage\":\"it-IT\",\"potentialAction\":[{\"@type\":\"ReadAction\",\"target\":[\"https:\/\/www.intoscana.it\/it\/rigenerazione-urbana-e-diritto-alla-casa-sopralluogo-della-regione-nei-cantieri-pinqua-di-calenzano-e-sesto-fiorentino\/\"]}]},{\"@type\":\"ImageObject\",\"inLanguage\":\"it-IT\",\"@id\":\"https:\/\/www.intoscana.it\/it\/rigenerazione-urbana-e-diritto-alla-casa-sopralluogo-della-regione-nei-cantieri-pinqua-di-calenzano-e-sesto-fiorentino\/#primaryimage\",\"url\":\"https:\/\/www.intoscana.it\/wp-content\/uploads\/nardini-boni-calenzano.jpeg\",\"contentUrl\":\"https:\/\/www.intoscana.it\/wp-content\/uploads\/nardini-boni-calenzano.jpeg\",\"width\":1000,\"height\":907},{\"@type\":\"BreadcrumbList\",\"@id\":\"https:\/\/www.intoscana.it\/it\/rigenerazione-urbana-e-diritto-alla-casa-sopralluogo-della-regione-nei-cantieri-pinqua-di-calenzano-e-sesto-fiorentino\/#breadcrumb\",\"itemListElement\":[{\"@type\":\"ListItem\",\"position\":1,\"name\":\"Home\",\"item\":\"https:\/\/www.intoscana.it\/it\/\"},{\"@type\":\"ListItem\",\"position\":2,\"name\":\"Rigenerazione urbana e diritto alla casa: sopralluogo della Regione nei cantieri PINQUA di Calenzano e Sesto Fiorentino\"}]},{\"@type\":\"WebSite\",\"@id\":\"https:\/\/www.intoscana.it\/it\/#website\",\"url\":\"https:\/\/www.intoscana.it\/it\/\",\"name\":\"intoscana\",\"description\":\"\",\"potentialAction\":[{\"@type\":\"SearchAction\",\"target\":{\"@type\":\"EntryPoint\",\"urlTemplate\":\"https:\/\/www.intoscana.it\/it\/?s={search_term_string}\"},\"query-input\":{\"@type\":\"PropertyValueSpecification\",\"valueRequired\":true,\"valueName\":\"search_term_string\"}}],\"inLanguage\":\"it-IT\"},{\"@type\":\"Person\",\"@id\":\"https:\/\/www.intoscana.it\/it\/#\/schema\/person\/9223810753230f20bd670fdd322661f8\",\"name\":\"Redazione\",\"url\":\"https:\/\/www.intoscana.it\/it\/author\/redazione\/\"}]}<\/script>\n<!-- \/ Yoast SEO Premium plugin. -->","yoast_head_json":{"title":"Rigenerazione urbana e diritto alla casa: sopralluogo della Regione nei cantieri PINQUA di Calenzano e Sesto Fiorentino - intoscana","robots":{"index":"index","follow":"follow","max-snippet":"max-snippet:-1","max-image-preview":"max-image-preview:large","max-video-preview":"max-video-preview:-1"},"canonical":"https:\/\/www.intoscana.it\/it\/rigenerazione-urbana-e-diritto-alla-casa-sopralluogo-della-regione-nei-cantieri-pinqua-di-calenzano-e-sesto-fiorentino\/","og_locale":"it_IT","og_type":"article","og_title":"Rigenerazione urbana e diritto alla casa: sopralluogo della Regione nei cantieri PINQUA di Calenzano e Sesto Fiorentino","og_description":"Nardini e Boni in visita agli interventi finanziati dal PNRR: nuovi alloggi ERP, recupero di edifici storici e spazi per la comunit\u00e0 per migliorare la qualit\u00e0 dell\u2019abitare","og_url":"https:\/\/www.intoscana.it\/it\/rigenerazione-urbana-e-diritto-alla-casa-sopralluogo-della-regione-nei-cantieri-pinqua-di-calenzano-e-sesto-fiorentino\/","og_site_name":"intoscana","article_publisher":"https:\/\/www.facebook.com\/intoscana.it","article_published_time":"2026-03-06T09:25:14+00:00","article_modified_time":"2026-03-06T12:18:25+00:00","og_image":[{"width":1000,"height":907,"url":"https:\/\/www.intoscana.it\/wp-content\/uploads\/nardini-boni-calenzano.jpeg","type":"image\/jpeg"}],"author":"Redazione","twitter_card":"summary_large_image","twitter_creator":"@intoscana","twitter_site":"@intoscana","twitter_misc":{"Written by":"Redazione","Est. reading time":"4 minuti"},"schema":{"@context":"https:\/\/schema.org","@graph":[{"@type":"WebPage","@id":"https:\/\/www.intoscana.it\/it\/rigenerazione-urbana-e-diritto-alla-casa-sopralluogo-della-regione-nei-cantieri-pinqua-di-calenzano-e-sesto-fiorentino\/","url":"https:\/\/www.intoscana.it\/it\/rigenerazione-urbana-e-diritto-alla-casa-sopralluogo-della-regione-nei-cantieri-pinqua-di-calenzano-e-sesto-fiorentino\/","name":"Rigenerazione urbana e diritto alla casa: sopralluogo della Regione nei cantieri PINQUA di Calenzano e Sesto Fiorentino - intoscana","isPartOf":{"@id":"https:\/\/www.intoscana.it\/it\/#website"},"primaryImageOfPage":{"@id":"https:\/\/www.intoscana.it\/it\/rigenerazione-urbana-e-diritto-alla-casa-sopralluogo-della-regione-nei-cantieri-pinqua-di-calenzano-e-sesto-fiorentino\/#primaryimage"},"image":{"@id":"https:\/\/www.intoscana.it\/it\/rigenerazione-urbana-e-diritto-alla-casa-sopralluogo-della-regione-nei-cantieri-pinqua-di-calenzano-e-sesto-fiorentino\/#primaryimage"},"thumbnailUrl":"https:\/\/www.intoscana.it\/wp-content\/uploads\/nardini-boni-calenzano.jpeg","datePublished":"2026-03-06T09:25:14+00:00","dateModified":"2026-03-06T12:18:25+00:00","author":{"@id":"https:\/\/www.intoscana.it\/it\/#\/schema\/person\/9223810753230f20bd670fdd322661f8"},"breadcrumb":{"@id":"https:\/\/www.intoscana.it\/it\/rigenerazione-urbana-e-diritto-alla-casa-sopralluogo-della-regione-nei-cantieri-pinqua-di-calenzano-e-sesto-fiorentino\/#breadcrumb"},"inLanguage":"it-IT","potentialAction":[{"@type":"ReadAction","target":["https:\/\/www.intoscana.it\/it\/rigenerazione-urbana-e-diritto-alla-casa-sopralluogo-della-regione-nei-cantieri-pinqua-di-calenzano-e-sesto-fiorentino\/"]}]},{"@type":"ImageObject","inLanguage":"it-IT","@id":"https:\/\/www.intoscana.it\/it\/rigenerazione-urbana-e-diritto-alla-casa-sopralluogo-della-regione-nei-cantieri-pinqua-di-calenzano-e-sesto-fiorentino\/#primaryimage","url":"https:\/\/www.intoscana.it\/wp-content\/uploads\/nardini-boni-calenzano.jpeg","contentUrl":"https:\/\/www.intoscana.it\/wp-content\/uploads\/nardini-boni-calenzano.jpeg","width":1000,"height":907},{"@type":"BreadcrumbList","@id":"https:\/\/www.intoscana.it\/it\/rigenerazione-urbana-e-diritto-alla-casa-sopralluogo-della-regione-nei-cantieri-pinqua-di-calenzano-e-sesto-fiorentino\/#breadcrumb","itemListElement":[{"@type":"ListItem","position":1,"name":"Home","item":"https:\/\/www.intoscana.it\/it\/"},{"@type":"ListItem","position":2,"name":"Rigenerazione urbana e diritto alla casa: sopralluogo della Regione nei cantieri PINQUA di Calenzano e Sesto Fiorentino"}]},{"@type":"WebSite","@id":"https:\/\/www.intoscana.it\/it\/#website","url":"https:\/\/www.intoscana.it\/it\/","name":"intoscana","description":"","potentialAction":[{"@type":"SearchAction","target":{"@type":"EntryPoint","urlTemplate":"https:\/\/www.intoscana.it\/it\/?s={search_term_string}"},"query-input":{"@type":"PropertyValueSpecification","valueRequired":true,"valueName":"search_term_string"}}],"inLanguage":"it-IT"},{"@type":"Person","@id":"https:\/\/www.intoscana.it\/it\/#\/schema\/person\/9223810753230f20bd670fdd322661f8","name":"Redazione","url":"https:\/\/www.intoscana.it\/it\/author\/redazione\/"}]}},"_links":{"self":[{"href":"https:\/\/www.intoscana.it\/it\/wp-json\/wp\/v2\/posts\/419690","targetHints":{"allow":["GET"]}}],"collection":[{"href":"https:\/\/www.intoscana.it\/it\/wp-json\/wp\/v2\/posts"}],"about":[{"href":"https:\/\/www.intoscana.it\/it\/wp-json\/wp\/v2\/types\/post"}],"author":[{"embeddable":true,"href":"https:\/\/www.intoscana.it\/it\/wp-json\/wp\/v2\/users\/525"}],"replies":[{"embeddable":true,"href":"https:\/\/www.intoscana.it\/it\/wp-json\/wp\/v2\/comments?post=419690"}],"version-history":[{"count":4,"href":"https:\/\/www.intoscana.it\/it\/wp-json\/wp\/v2\/posts\/419690\/revisions"}],"predecessor-version":[{"id":419779,"href":"https:\/\/www.intoscana.it\/it\/wp-json\/wp\/v2\/posts\/419690\/revisions\/419779"}],"wp:featuredmedia":[{"embeddable":true,"href":"https:\/\/www.intoscana.it\/it\/wp-json\/wp\/v2\/media\/419691"}],"wp:attachment":[{"href":"https:\/\/www.intoscana.it\/it\/wp-json\/wp\/v2\/media?parent=419690"}],"wp:term":[{"taxonomy":"category","embeddable":true,"href":"https:\/\/www.intoscana.it\/it\/wp-json\/wp\/v2\/categories?post=419690"},{"taxonomy":"post_tag","embeddable":true,"href":"https:\/\/www.intoscana.it\/it\/wp-json\/wp\/v2\/tags?post=419690"}],"curies":[{"name":"wp","href":"https:\/\/api.w.org\/{rel}","templated":true}]}}