{"id":419707,"date":"2026-03-06T11:12:25","date_gmt":"2026-03-06T10:12:25","guid":{"rendered":"https:\/\/www.intoscana.it\/it\/?p=419707"},"modified":"2026-03-06T11:28:00","modified_gmt":"2026-03-06T10:28:00","slug":"peccioli-abbraccia-il-bobbista-eric-fantazzini-dopo-le-olimpiadi-di-milano-cortina","status":"publish","type":"post","link":"https:\/\/www.intoscana.it\/it\/peccioli-abbraccia-il-bobbista-eric-fantazzini-dopo-le-olimpiadi-di-milano-cortina\/","title":{"rendered":"Peccioli abbraccia il bobbista Eric Fantazzini dopo le Olimpiadi di Milano-Cortina"},"content":{"rendered":"<p>Una comunit\u00e0 riunita per celebrare il suo atleta olimpico. A <strong>Peccioli<\/strong> il Consiglio comunale ha dedicato una serata speciale al bobbista <strong>Eric Fantazzini,<\/strong> protagonista con il Team Italia alle <strong>Olimpiadi Invernali di Milano-Cortina 2026<\/strong> nel bob a quattro.<\/p>\n<p>L\u2019incontro si \u00e8 svolto alla Biblioteca comunale Fonte Mazzola ed \u00e8 stato aperto alla cittadinanza, trasformando la seduta del Consiglio in un momento di racconto e condivisione dell\u2019esperienza olimpica vissuta dall\u2019atleta. Fantazzini ha ripercorso le tappe che lo hanno portato ai Giochi, tra anni di allenamenti, sacrifici e l\u2019emozione di competere davanti al pubblico di casa. A dialogare con lui anche <strong>Stefano Ticci<\/strong>, originario di Forte dei Marmi e medaglia di<strong> bronzo alle Olimpiadi Invernali di Lillehammer 1994<\/strong>, che ha portato la propria testimonianza e offerto uno sguardo sull\u2019evoluzione del bob italiano attraverso generazioni diverse di atleti.<\/p>\n<p>Ripensando alla gara olimpica, conclusa con un quinto posto a pochi metri dal podio, Fantazzini ha parlato con sincerit\u00e0 delle emozioni provate. \u201c<em>Un po\u2019 brucia per il podio mancato, ma resta comunque un grande risultato. <strong>Arrivare quinti alle Olimpiadi<\/strong> \u00e8 il frutto di tanti anni di lavoro<\/em>\u201d. L\u2019atleta ha sottolineato anche quanto sia stato speciale partecipare ai Giochi disputati in Italia. \u201c<em>Le Olimpiadi sono il <strong>sogno di ogni atleta<\/strong>. Vivere un\u2019esperienza cos\u00ec \u00e8 unico e farlo nel proprio Paese rende tutto ancora pi\u00f9 emozionante<\/em>\u201d.<\/p>\n<figure id=\"post-419709 media-419709\" class=\"align-none\"><img decoding=\"async\" src=\"https:\/\/www.intoscana.it\/wp-content\/uploads\/eric-fantazzini-peccioli-2.jpeg\" alt=\"\" \/><\/figure>\n<div class=\"titleimg\"><\/div>\n<p>Durante la serata \u00e8 emerso con forza anche il legame tra Fantazzini e il territorio di Peccioli. Un rapporto nato tre anni fa quando il Comune ha deciso di sostenere l\u2019atleta con una sponsorizzazione istituzionale, un caso quasi unico in Italia. Da allora il logo e lo stemma del borgo accompagnano il bobbista nelle competizioni internazionali.<\/p>\n<p>\u201c<em>Per me \u00e8 un grande orgoglio portare Peccioli con me. Sul casco e sul bob c\u2019\u00e8 lo stemma del Comune, perch\u00e9 anche quando gareggio lontano sento il sostegno della mia comunit\u00e0<\/em>\u201d, ha raccontato. La collaborazione tra l\u2019atleta e l\u2019amministrazione comunale ha contribuito anche a promuovere il territorio. Nel periodo olimpico i canali social del Comune hanno superato le <strong>500mila visualizzazioni<\/strong>, grazie ai contenuti legati alle gare e al racconto del percorso sportivo di Fantazzini, diventato di fatto un ambasciatore del borgo nel mondo. Il sindaco<strong> Renzo Macelloni<\/strong> ha ricordato come la decisione di sostenere l\u2019atleta sia nata proprio in Consiglio comunale. \u201c<em>Tre anni fa abbiamo fatto una scelta coraggiosa e quasi unica in Italia. Volevamo valorizzare un nostro concittadino e allo stesso tempo far conoscere Peccioli in contesti internazionali<\/em>\u201d.<\/p>\n<figure id=\"post-419710 media-419710\" class=\"align-none\"><img decoding=\"async\" src=\"https:\/\/www.intoscana.it\/wp-content\/uploads\/eric-fantazzini-peccioli-3.jpeg\" alt=\"\" \/><\/figure>\n<div class=\"titleimg\"><\/div>\n<p>Nel dialogo con Ticci si \u00e8 parlato anche del valore educativo dello sport e della capacit\u00e0 di affrontare le difficolt\u00e0. \u201c<em><strong>Lo sport ti insegna la fatica<\/strong>, la determinazione e la capacit\u00e0 di rialzarti quando le cose non vanno come speravi\u201d, <\/em>ha spiegato Fantazzini rivolgendosi soprattutto ai giovani presenti. Dopo il quinto posto olimpico, l\u2019atleta non nasconde la voglia di continuare a crescere. \u201c<em>Questo risultato \u00e8 solo un<strong> punto di partenza<\/strong>. C\u2019\u00e8 ancora tanta strada da fare e tanti obiettivi da inseguire. Continuer\u00f2 a lavorare e a migliorarmi<\/em>\u201d. E il messaggio finale \u00e8 proprio per i pi\u00f9 giovani: \u201c<em>Non smettete mai di <strong>credere nei vostri sogni<\/strong>. Io continuer\u00f2 a sognare in grande<\/em>\u201d.<\/p>\n","protected":false},"excerpt":{"rendered":"<p>Il Consiglio comunale rende omaggio all\u2019atleta protagonista ai Giochi invernali: \u201cIl quinto posto \u00e8 solo un punto di partenza, continuer\u00f2 a sognare in grande\u201d<\/p>\n","protected":false},"author":507,"featured_media":419708,"comment_status":"open","ping_status":"open","sticky":false,"template":"","format":"standard","meta":{"_acf_changed":false,"footnotes":""},"categories":[494],"tags":[6935,5401,159],"class_list":["post-419707","post","type-post","status-publish","format-standard","has-post-thumbnail","hentry","category-attualita","tag-eric-fantazzini","tag-olimpiadi","tag-sport"],"acf":[],"yoast_head":"<!-- This site is optimized with the Yoast SEO Premium plugin v24.2 (Yoast SEO v25.6) - https:\/\/yoast.com\/wordpress\/plugins\/seo\/ -->\n<title>Peccioli abbraccia il bobbista Eric Fantazzini dopo le Olimpiadi di Milano-Cortina - intoscana<\/title>\n<meta name=\"robots\" content=\"index, follow, max-snippet:-1, max-image-preview:large, max-video-preview:-1\" \/>\n<link rel=\"canonical\" href=\"https:\/\/www.intoscana.it\/it\/peccioli-abbraccia-il-bobbista-eric-fantazzini-dopo-le-olimpiadi-di-milano-cortina\/\" \/>\n<meta property=\"og:locale\" content=\"it_IT\" \/>\n<meta property=\"og:type\" content=\"article\" \/>\n<meta property=\"og:title\" content=\"Peccioli abbraccia il bobbista Eric Fantazzini dopo le Olimpiadi di Milano-Cortina\" \/>\n<meta property=\"og:description\" content=\"Il Consiglio comunale rende omaggio all\u2019atleta protagonista ai Giochi invernali: \u201cIl quinto posto \u00e8 solo un punto di partenza, continuer\u00f2 a sognare in grande\u201d\" \/>\n<meta property=\"og:url\" content=\"https:\/\/www.intoscana.it\/it\/peccioli-abbraccia-il-bobbista-eric-fantazzini-dopo-le-olimpiadi-di-milano-cortina\/\" \/>\n<meta property=\"og:site_name\" content=\"intoscana\" \/>\n<meta property=\"article:publisher\" content=\"https:\/\/www.facebook.com\/intoscana.it\" \/>\n<meta property=\"article:published_time\" content=\"2026-03-06T10:12:25+00:00\" \/>\n<meta property=\"article:modified_time\" content=\"2026-03-06T10:28:00+00:00\" \/>\n<meta property=\"og:image\" content=\"https:\/\/www.intoscana.it\/wp-content\/uploads\/eric-fantazzini-peccioli-1.jpeg\" \/>\n\t<meta property=\"og:image:width\" content=\"1600\" \/>\n\t<meta property=\"og:image:height\" content=\"1200\" \/>\n\t<meta property=\"og:image:type\" content=\"image\/jpeg\" \/>\n<meta name=\"author\" content=\"Chiara Bianchini\" \/>\n<meta name=\"twitter:card\" content=\"summary_large_image\" \/>\n<meta name=\"twitter:creator\" content=\"@intoscana\" \/>\n<meta name=\"twitter:site\" content=\"@intoscana\" \/>\n<meta name=\"twitter:label1\" content=\"Written by\" \/>\n\t<meta name=\"twitter:data1\" content=\"Chiara Bianchini\" \/>\n\t<meta name=\"twitter:label2\" content=\"Est. reading time\" \/>\n\t<meta name=\"twitter:data2\" content=\"4 minuti\" \/>\n<script type=\"application\/ld+json\" class=\"yoast-schema-graph\">{\"@context\":\"https:\/\/schema.org\",\"@graph\":[{\"@type\":\"WebPage\",\"@id\":\"https:\/\/www.intoscana.it\/it\/peccioli-abbraccia-il-bobbista-eric-fantazzini-dopo-le-olimpiadi-di-milano-cortina\/\",\"url\":\"https:\/\/www.intoscana.it\/it\/peccioli-abbraccia-il-bobbista-eric-fantazzini-dopo-le-olimpiadi-di-milano-cortina\/\",\"name\":\"Peccioli abbraccia il bobbista Eric Fantazzini dopo le Olimpiadi di Milano-Cortina - intoscana\",\"isPartOf\":{\"@id\":\"https:\/\/www.intoscana.it\/it\/#website\"},\"primaryImageOfPage\":{\"@id\":\"https:\/\/www.intoscana.it\/it\/peccioli-abbraccia-il-bobbista-eric-fantazzini-dopo-le-olimpiadi-di-milano-cortina\/#primaryimage\"},\"image\":{\"@id\":\"https:\/\/www.intoscana.it\/it\/peccioli-abbraccia-il-bobbista-eric-fantazzini-dopo-le-olimpiadi-di-milano-cortina\/#primaryimage\"},\"thumbnailUrl\":\"https:\/\/www.intoscana.it\/wp-content\/uploads\/eric-fantazzini-peccioli-1.jpeg\",\"datePublished\":\"2026-03-06T10:12:25+00:00\",\"dateModified\":\"2026-03-06T10:28:00+00:00\",\"author\":{\"@id\":\"https:\/\/www.intoscana.it\/it\/#\/schema\/person\/010af92117f50561886339ad5b873a41\"},\"breadcrumb\":{\"@id\":\"https:\/\/www.intoscana.it\/it\/peccioli-abbraccia-il-bobbista-eric-fantazzini-dopo-le-olimpiadi-di-milano-cortina\/#breadcrumb\"},\"inLanguage\":\"it-IT\",\"potentialAction\":[{\"@type\":\"ReadAction\",\"target\":[\"https:\/\/www.intoscana.it\/it\/peccioli-abbraccia-il-bobbista-eric-fantazzini-dopo-le-olimpiadi-di-milano-cortina\/\"]}]},{\"@type\":\"ImageObject\",\"inLanguage\":\"it-IT\",\"@id\":\"https:\/\/www.intoscana.it\/it\/peccioli-abbraccia-il-bobbista-eric-fantazzini-dopo-le-olimpiadi-di-milano-cortina\/#primaryimage\",\"url\":\"https:\/\/www.intoscana.it\/wp-content\/uploads\/eric-fantazzini-peccioli-1.jpeg\",\"contentUrl\":\"https:\/\/www.intoscana.it\/wp-content\/uploads\/eric-fantazzini-peccioli-1.jpeg\",\"width\":1600,\"height\":1200},{\"@type\":\"BreadcrumbList\",\"@id\":\"https:\/\/www.intoscana.it\/it\/peccioli-abbraccia-il-bobbista-eric-fantazzini-dopo-le-olimpiadi-di-milano-cortina\/#breadcrumb\",\"itemListElement\":[{\"@type\":\"ListItem\",\"position\":1,\"name\":\"Home\",\"item\":\"https:\/\/www.intoscana.it\/it\/\"},{\"@type\":\"ListItem\",\"position\":2,\"name\":\"Peccioli abbraccia il bobbista Eric Fantazzini dopo le Olimpiadi di Milano-Cortina\"}]},{\"@type\":\"WebSite\",\"@id\":\"https:\/\/www.intoscana.it\/it\/#website\",\"url\":\"https:\/\/www.intoscana.it\/it\/\",\"name\":\"intoscana\",\"description\":\"\",\"potentialAction\":[{\"@type\":\"SearchAction\",\"target\":{\"@type\":\"EntryPoint\",\"urlTemplate\":\"https:\/\/www.intoscana.it\/it\/?s={search_term_string}\"},\"query-input\":{\"@type\":\"PropertyValueSpecification\",\"valueRequired\":true,\"valueName\":\"search_term_string\"}}],\"inLanguage\":\"it-IT\"},{\"@type\":\"Person\",\"@id\":\"https:\/\/www.intoscana.it\/it\/#\/schema\/person\/010af92117f50561886339ad5b873a41\",\"name\":\"Chiara Bianchini\",\"sameAs\":[\"c.bianchini@fst.it\"],\"url\":\"https:\/\/www.intoscana.it\/it\/author\/chiara-bianchini\/\"}]}<\/script>\n<!-- \/ Yoast SEO Premium plugin. -->","yoast_head_json":{"title":"Peccioli abbraccia il bobbista Eric Fantazzini dopo le Olimpiadi di Milano-Cortina - intoscana","robots":{"index":"index","follow":"follow","max-snippet":"max-snippet:-1","max-image-preview":"max-image-preview:large","max-video-preview":"max-video-preview:-1"},"canonical":"https:\/\/www.intoscana.it\/it\/peccioli-abbraccia-il-bobbista-eric-fantazzini-dopo-le-olimpiadi-di-milano-cortina\/","og_locale":"it_IT","og_type":"article","og_title":"Peccioli abbraccia il bobbista Eric Fantazzini dopo le Olimpiadi di Milano-Cortina","og_description":"Il Consiglio comunale rende omaggio all\u2019atleta protagonista ai Giochi invernali: \u201cIl quinto posto \u00e8 solo un punto di partenza, continuer\u00f2 a sognare in grande\u201d","og_url":"https:\/\/www.intoscana.it\/it\/peccioli-abbraccia-il-bobbista-eric-fantazzini-dopo-le-olimpiadi-di-milano-cortina\/","og_site_name":"intoscana","article_publisher":"https:\/\/www.facebook.com\/intoscana.it","article_published_time":"2026-03-06T10:12:25+00:00","article_modified_time":"2026-03-06T10:28:00+00:00","og_image":[{"width":1600,"height":1200,"url":"https:\/\/www.intoscana.it\/wp-content\/uploads\/eric-fantazzini-peccioli-1.jpeg","type":"image\/jpeg"}],"author":"Chiara Bianchini","twitter_card":"summary_large_image","twitter_creator":"@intoscana","twitter_site":"@intoscana","twitter_misc":{"Written by":"Chiara Bianchini","Est. reading time":"4 minuti"},"schema":{"@context":"https:\/\/schema.org","@graph":[{"@type":"WebPage","@id":"https:\/\/www.intoscana.it\/it\/peccioli-abbraccia-il-bobbista-eric-fantazzini-dopo-le-olimpiadi-di-milano-cortina\/","url":"https:\/\/www.intoscana.it\/it\/peccioli-abbraccia-il-bobbista-eric-fantazzini-dopo-le-olimpiadi-di-milano-cortina\/","name":"Peccioli abbraccia il bobbista Eric Fantazzini dopo le Olimpiadi di Milano-Cortina - intoscana","isPartOf":{"@id":"https:\/\/www.intoscana.it\/it\/#website"},"primaryImageOfPage":{"@id":"https:\/\/www.intoscana.it\/it\/peccioli-abbraccia-il-bobbista-eric-fantazzini-dopo-le-olimpiadi-di-milano-cortina\/#primaryimage"},"image":{"@id":"https:\/\/www.intoscana.it\/it\/peccioli-abbraccia-il-bobbista-eric-fantazzini-dopo-le-olimpiadi-di-milano-cortina\/#primaryimage"},"thumbnailUrl":"https:\/\/www.intoscana.it\/wp-content\/uploads\/eric-fantazzini-peccioli-1.jpeg","datePublished":"2026-03-06T10:12:25+00:00","dateModified":"2026-03-06T10:28:00+00:00","author":{"@id":"https:\/\/www.intoscana.it\/it\/#\/schema\/person\/010af92117f50561886339ad5b873a41"},"breadcrumb":{"@id":"https:\/\/www.intoscana.it\/it\/peccioli-abbraccia-il-bobbista-eric-fantazzini-dopo-le-olimpiadi-di-milano-cortina\/#breadcrumb"},"inLanguage":"it-IT","potentialAction":[{"@type":"ReadAction","target":["https:\/\/www.intoscana.it\/it\/peccioli-abbraccia-il-bobbista-eric-fantazzini-dopo-le-olimpiadi-di-milano-cortina\/"]}]},{"@type":"ImageObject","inLanguage":"it-IT","@id":"https:\/\/www.intoscana.it\/it\/peccioli-abbraccia-il-bobbista-eric-fantazzini-dopo-le-olimpiadi-di-milano-cortina\/#primaryimage","url":"https:\/\/www.intoscana.it\/wp-content\/uploads\/eric-fantazzini-peccioli-1.jpeg","contentUrl":"https:\/\/www.intoscana.it\/wp-content\/uploads\/eric-fantazzini-peccioli-1.jpeg","width":1600,"height":1200},{"@type":"BreadcrumbList","@id":"https:\/\/www.intoscana.it\/it\/peccioli-abbraccia-il-bobbista-eric-fantazzini-dopo-le-olimpiadi-di-milano-cortina\/#breadcrumb","itemListElement":[{"@type":"ListItem","position":1,"name":"Home","item":"https:\/\/www.intoscana.it\/it\/"},{"@type":"ListItem","position":2,"name":"Peccioli abbraccia il bobbista Eric Fantazzini dopo le Olimpiadi di Milano-Cortina"}]},{"@type":"WebSite","@id":"https:\/\/www.intoscana.it\/it\/#website","url":"https:\/\/www.intoscana.it\/it\/","name":"intoscana","description":"","potentialAction":[{"@type":"SearchAction","target":{"@type":"EntryPoint","urlTemplate":"https:\/\/www.intoscana.it\/it\/?s={search_term_string}"},"query-input":{"@type":"PropertyValueSpecification","valueRequired":true,"valueName":"search_term_string"}}],"inLanguage":"it-IT"},{"@type":"Person","@id":"https:\/\/www.intoscana.it\/it\/#\/schema\/person\/010af92117f50561886339ad5b873a41","name":"Chiara Bianchini","sameAs":["c.bianchini@fst.it"],"url":"https:\/\/www.intoscana.it\/it\/author\/chiara-bianchini\/"}]}},"_links":{"self":[{"href":"https:\/\/www.intoscana.it\/it\/wp-json\/wp\/v2\/posts\/419707","targetHints":{"allow":["GET"]}}],"collection":[{"href":"https:\/\/www.intoscana.it\/it\/wp-json\/wp\/v2\/posts"}],"about":[{"href":"https:\/\/www.intoscana.it\/it\/wp-json\/wp\/v2\/types\/post"}],"author":[{"embeddable":true,"href":"https:\/\/www.intoscana.it\/it\/wp-json\/wp\/v2\/users\/507"}],"replies":[{"embeddable":true,"href":"https:\/\/www.intoscana.it\/it\/wp-json\/wp\/v2\/comments?post=419707"}],"version-history":[{"count":2,"href":"https:\/\/www.intoscana.it\/it\/wp-json\/wp\/v2\/posts\/419707\/revisions"}],"predecessor-version":[{"id":419736,"href":"https:\/\/www.intoscana.it\/it\/wp-json\/wp\/v2\/posts\/419707\/revisions\/419736"}],"wp:featuredmedia":[{"embeddable":true,"href":"https:\/\/www.intoscana.it\/it\/wp-json\/wp\/v2\/media\/419708"}],"wp:attachment":[{"href":"https:\/\/www.intoscana.it\/it\/wp-json\/wp\/v2\/media?parent=419707"}],"wp:term":[{"taxonomy":"category","embeddable":true,"href":"https:\/\/www.intoscana.it\/it\/wp-json\/wp\/v2\/categories?post=419707"},{"taxonomy":"post_tag","embeddable":true,"href":"https:\/\/www.intoscana.it\/it\/wp-json\/wp\/v2\/tags?post=419707"}],"curies":[{"name":"wp","href":"https:\/\/api.w.org\/{rel}","templated":true}]}}