{"id":419754,"date":"2026-03-17T13:55:24","date_gmt":"2026-03-17T12:55:24","guid":{"rendered":"https:\/\/www.intoscana.it\/it\/?p=419754"},"modified":"2026-03-17T19:55:47","modified_gmt":"2026-03-17T18:55:47","slug":"le-libere-donne-lino-guanciale-intervista","status":"publish","type":"post","link":"https:\/\/www.intoscana.it\/it\/le-libere-donne-lino-guanciale-intervista\/","title":{"rendered":"Le Libere Donne, Lino Guanciale: &#8220;Questa serie? Una Tobino Renaissance&#8221;"},"content":{"rendered":"<p><span style=\"font-weight: 400;\"><em><strong>\u201cAnche i matti sono creature degne d\u2019amore\u201d<\/strong><\/em>.<\/span><span style=\"font-weight: 400;\"> \u201cAnche\u201d, appunto. Una sottolineatura <\/span><span style=\"font-weight: 400;\">che la dice lunga sull\u2019assenza di empatia che per decenni ha accompagnato la cura della<strong> salute mentale.<\/strong> Lo scrittore e illuminato psichiatra viareggino <strong>Mario Tobino<\/strong> era invece\u00a0 mosso dalla convinzione che i malati e le malate dovessero essere prima di tutto ascoltati e compresi. Quelle creature con cui connettersi nel profondo, provandole <strong>a leggere oltre la fronte<\/strong>, interrogandone prima di tutto l\u2019anima. Creature a cui non spegnere sogni, desideri, deliri. Persone a cui <strong>restituire vita.<\/strong> Cos\u00ec fece, per oltre 40 anni, nel <strong>manicomio di Maggiano<\/strong>, a Lucca, l\u2019ospedale-paese dove si trovavano il fornaio, il cinema, il calzolaio, una colonia agricola.<\/span><\/p>\n<p><span style=\"font-weight: 400;\">I suoi libri, tra cui \u201c<strong>Le libere donne di Magliano\u201d<\/strong> &#8211;\u00a0 che pubblic\u00f2 nel 1953 &#8211; non sono solo un affresco superbo del Novecento ma anche una limpida fotografia della vita dentro i manicomi.\u00a0<\/span><\/p>\n<p><span style=\"font-weight: 400;\">A questo romanzo ed alla figura di Tobino \u00e8 dedicata anche la serie tv \u201cLe Libere donne\u201d, una coproduzione Rai Fiction- Endemol Shine Italy, in onda su Rai 1 (10-17 e 24 marzo), diretta da <strong>Michele Soavi<\/strong>.<\/span><\/p>\n<p><span style=\"font-weight: 400;\">Ad interpretare Tobino \u00e8 <strong>Lino Guanciale<\/strong>. L\u2019ho incontrato oltre un anno e mezzo fa in una fredda giornata di dicembre, di rientro da una visita alla Fondazione Tobino, a Lucca. L\u00e0 dove lo psichiatra visse e scrisse i suoi capolavori nelle due stanze con le pareti azzurre come il mare, che rappresentarono per lui casa, rifugio, tormento. E anche solitudine, negli anni in cui il dibattito sulla chiusura dei manicomi portato avanti dai Basagliani, lo vide emarginato dal mondo psichiatrico e letterario. Tobino si sent\u00ec <strong>incompreso<\/strong>, sconfitto ma <strong>mai si arrese<\/strong>.\u00a0<\/span><\/p>\n<p><span style=\"font-weight: 400;\">Con <strong>Lino Guanciale<\/strong> ne parlammo in una lunga chiacchierata nella quale mi spieg\u00f2 quanto fosse importante, per lui, che questa serie contribuisse a riportare luce sulla figura di questo grande personaggio del Novecento.\u00a0<\/span><\/p>\n<figure id=\"post-419756 media-419756\" class=\"align-none\"><img decoding=\"async\" src=\"https:\/\/www.intoscana.it\/wp-content\/uploads\/Le-Libere-Donne-la-serie-co-prodotta-da-Rai-Fiction-ed-Endemol-Shine-Italy-scaled.jpg\" alt=\"\" \/><\/figure>\n<div class=\"titleimg\">Una scena de &#8220;Le Libere Donne&#8221;, la serie tv in onda dal 10 marzo su Rai 1- \u00a9 tratta dal trailer de &#8220;Le libere donne&#8221;<\/div>\n<p><b>Lino in tv vestirai i panni di uno dei pi\u00f9 importanti e lungimiranti psichiatri italiani. Conoscevi la storia di Tobino e di Maggiano?<\/b><\/p>\n<p><span class=\"citazione\"> Ho letto da ragazzo Le libere donne, una lettura rivoluzionaria per me <\/span><\/p>\n<p><i><span style=\"font-weight: 400;\">Avevo letto da ragazzo \u201cLe Libere Donne\u201d e ne ho un ricordo bellissimo. Fu una lettura rivoluzionaria per me. Queste donne \u201curlavano\u201d, nei ritratti di Tobino,\u00a0 il proprio bisogno e ricerca di libert\u00e0 attraverso le manifestazioni di quella che, all\u2019epoca, era colta come diversit\u00e0 molesta. Tornare sui passi di Tobino, conoscerne meglio la vita \u00e8 stata un&#8217;opportunit\u00e0 fortissima, bellissima per me.<\/span><\/i><\/p>\n<p><b>Ne &#8220;Le Libere Donne&#8221; Tobino chiese all&#8217;editore Vallecchi di scrivere una frase nella fascetta del libro: &#8220;Anche i matti sono creature degni d&#8217;amore&#8221;. E qui c\u2019\u00e8 un concetto rivoluzionario per l\u2019epoca: quello del diritto di vivere in libert\u00e0 le passioni, l\u2019amore, i desideri. Tobino perpetua con convinzione questo suo credo.\u00a0<\/b><\/p>\n<p><i><span style=\"font-weight: 400;\">Questa attenzione alla persona, questa profonda convinzione della necessit\u00e0 di umanizzazione del trattamento sono un lascito fortissimo. Sono molto felice che questo lavoro cada dentro una specie di Tobino Renaissance anche da parte degli studiosi.\u00a0<\/span><\/i><\/p>\n<figure id=\"post-419087 media-419087\" class=\"align-none\"><img decoding=\"async\" src=\"https:\/\/www.intoscana.it\/wp-content\/uploads\/3S8A6188-scaled-1-scaled-e1772531045199.jpg\" alt=\"\" \/><\/figure>\n<div class=\"titleimg\">Lino Guanciale \u00e8 Mario Tobino nella fiction \u201cLe libere donne\u201d &#8211; \u00a9 Endemol Shine Italy<\/div>\n<p><b>Con l\u2019avvento della Legge Basaglia Tobino \u00e8 incompreso e vive anni difficilissimi, quasi vittima di oscurantismo. La serie aiuter\u00e0 a comprenderne la posizione di medico?<\/b><\/p>\n<p><span class=\"citazione\">Ridurre tutto quanto a uno schema di tifoserie \u00e8 una semplificazione della realt\u00e0 deleteria<\/span><\/p>\n<p><i><span style=\"font-weight: 400;\">\u201cLa legge Basaglia \u00e8 un patrimonio dell&#8217;umanit\u00e0. E\u2019 di fatto un primato che l&#8217;Italia pu\u00f2 a buon diritto rivendicare. Per\u00f2 la preoccupazione legittima di Tobino, che la prova dei fatti storica ha riconosciuto come tale,\u00a0 era legata alla tutela, all\u2019assistenza dei malati. Di fatto poi il vuoto assistenziale c&#8217;\u00e8 stato <\/span><\/i><i><span style=\"font-weight: 400;\">e lo affrontiamo tutt&#8217;oggi<\/span><\/i><i><span style=\"font-weight: 400;\">. \u00c8 sempre sciocco ridurre tutto quanto a uno schema di tifoserie che \u00e8 una semplificazione della realt\u00e0 deleteria. M<\/span><\/i><i><span style=\"font-weight: 400;\">i dispiace che a farne le spese sia stato un importante psichiatra come Tobino, che nell&#8217;immediato si \u00e8 visto affibbiata addosso un&#8217;etichetta pesante, come se volesse difendere uno status quo disumano.<\/span><\/i><i><span style=\"font-weight: 400;\"> Spero che questo nostro lavoro possa rappresentare una goccia nel mare che aiuti a riscoprire una figura imperdibile\u201d.<\/span><\/i><\/p>\n<figure id=\"post-419763 media-419763\" class=\"align-none\"><img decoding=\"async\" src=\"https:\/\/www.intoscana.it\/wp-content\/uploads\/Simona-Bellocci-intervista-a-Lino-Guanciale-scaled.jpg\" alt=\"\" \/><\/figure>\n<div class=\"titleimg\">Simona Bellocci intervista Lino Guanciale<\/div>\n<p><b>Mario Tobino da luminare passa quasi ad essere emarginato quando si scontra con quelli che definisce con pungente ironia i \u201cNovatori\u201d (n.d.r. i sostenitori della Legge Basaglia). E scrive nel romanzo \u201cGli ultimi giorni di Magliano\u201d: \u201c Chi ha poca personalit\u00e0, chi non ha talento, con poche frasi, sempre le stesse, \u00e8 finalmente alla ribalta e pu\u00f2 sputare e risputare quelle parole , \u00e8 un innovatore, un rivoluzionario, un giustiziere, finalmente \u00e8 qualcuno.\u201d. <\/b><\/p>\n<p><b>Quanto sono attuali queste parole di Tobino che ci ricorda quanto sia pi\u00f9 facile seguire la tendenza del branco invece di elaborare un libero pensiero critico?<\/b><\/p>\n<p><span class=\"citazione\">Nel gioco di schermaglie in cui riduciamo tutto quanto a bianco e nero si perde l&#8217;attenzione per chi fa le spese delle decisioni<\/span><\/p>\n<p><i><span style=\"font-weight: 400;\">Sospetto che Tobino, da Dantista quale era, dentro il termine innovatore ritrovasse anche quella accezione di \u201cnova\u201d come \u201cportatore di mostruosit\u00e0\u201d. Chi segue un flusso pi\u00f9 per utilit\u00e0 e appartenenza che per convinzione, poi partorisce mostruosit\u00e0. Se andassimo a fare una bella cernita, c\u2019\u00e8 da chiedersi quanti siano stati quelli che hanno seguito il flusso del percorso di Basaglia, senza esserne poi del tutto compenetrati. <\/span><\/i><i><span style=\"font-weight: 400;\">Nella posizione di Tobino non vedo un&#8217;avversione al cambiamento ma l&#8217;attenzione di un medico verso le persone a cui aveva deciso di dedicare la vita. Nel gioco di schermaglie in cui riduciamo tutto quanto a bianco e nero, alla fine succede che si perde l&#8217;attenzione per chi fa le spese delle decisioni. <\/span><\/i><i><span style=\"font-weight: 400;\">Per essere chiaro fino in fondo: \u00e8 un po\u2019 come chi dice che la proporzione di femminicidi \u00e8 relazionata agli ingressi degli immigrati: fuori dalla realt\u00e0, tutto qua.<\/span><\/i><\/p>\n<p>&nbsp;<\/p>\n<p><b>Tobino in uno splendido documentario della Rai racconta quanto sia importante leggere oltre la fronte dei propri pazienti. Sta in queste poche parole, per quanto hai studiato e approfondito la figura di questo psichiatra,\u00a0 il suo manifesto di medico?<\/b><\/p>\n<p><span style=\"font-weight: 400;\">\u201cTobino aveva un<\/span><i><span style=\"font-weight: 400;\"> approccio di &#8220;corpo a corpo&#8221; tanto con le parole quanto con le persone, l&#8217;interesse a comprendere per stilare una buona diagnosi. Aveva ben chiaro che si trovava ad affrontare una galassia di mondi diversi rappresentati dalle persone: a Maggiano c\u2019erano pi\u00f9 di mille ricoverati. La missione del medico era ascoltare e scoprire che cosa si celava dietro un soma, un aspetto. Un approccio umano a tutto tondo di questo signore\u201d.<\/span><\/i><\/p>\n<figure id=\"post-419758 media-419758\" class=\"align-none\"><img decoding=\"async\" src=\"https:\/\/www.intoscana.it\/wp-content\/uploads\/Lino-Guanciale-ne-22Le-Libere-Donne22-scaled.jpg\" alt=\"\" \/><\/figure>\n<div class=\"titleimg\">Lino Guanciale ne Le Libere donne &#8211; \u00a9 tratta dal trailer de &#8220;Le libere donne&#8221;<\/div>\n<p><b>A Maggiano c\u2019erano anche le malate di malinconia. Un dolore timidamente aggressivo con il quale combattiamo anche nei nostri tempi. Come lo avete trattato?<\/b><span style=\"font-weight: 400;\">\u00a0<\/span><\/p>\n<p><i><span style=\"font-weight: 400;\">\u201cLa malinconia \u00e8 un po&#8217; come il crepuscolo, no? E\u2019 quel momento in cui le cose ti appaiono in una luce nuova e diversa rispetto alle altre ore del giorno. \u00c8 un momento fecondo dal punto di vista della creativit\u00e0. Michele Soavi\u00a0 (il regista n.d.r.) ha cercato di affrontare la malinconia, in questo progetto, non come uno stato di incupimento ma come un momento pi\u00f9 positivo che regressivo\u201d.<\/span><\/i><\/p>\n<p><b><i>Qual \u00e8 il messaggio pi\u00f9 importante che il tuo Mario Tobino vuole dare attraverso questa serie?<\/i><\/b><span style=\"font-weight: 400;\">\u00a0<\/span><\/p>\n<p><span class=\"citazione\"> La diversit\u00e0 non \u00e8 un mostro da temere \u00a0<\/span><\/p>\n<p><i><span style=\"font-weight: 400;\">\u201cChe la diversit\u00e0 non \u00e8 un mostro da temere. \u00c8 un orizzonte interessante e fecondo di opportunit\u00e0 da scoprire. Siamo tutti mondi diversi e non c&#8217;\u00e8 propaganda buonista in questo: \u00e8 la cosa pi\u00f9 realistica che mi sento di dire. Credo che questo messaggio pulsi forte, almeno nelle nostre intenzioni, in questo lavoro. Spero che arrivi a chi ci guarder\u00e0\u201d.<\/span><\/i><\/p>\n<p><strong>LINO GUANCIALE RACCONTA MARIO TOBINO, LA VIDEO-INTERVISTA<\/strong><\/p>\n<p><iframe loading=\"lazy\" title=\"YouTube video player\" src=\"https:\/\/www.youtube.com\/embed\/1HONGFGreKc?si=VZlQrASpIzRtFfG3\" width=\"560\" height=\"315\" frameborder=\"0\" allowfullscreen=\"allowfullscreen\"><\/iframe><\/p>\n","protected":false},"excerpt":{"rendered":"<p>Parla l&#8217;attore che, nella fiction diretta da Michele Soavi, interpreta l&#8217;illuminato psichiatra e scrittore viareggino. L&#8217;umanizzazione della cura, la libert\u00e0 di vivere la follia nelle sue espressioni, la lucidit\u00e0 dei suoi libri e del suo pensiero. &#8220;La diversit\u00e0? Non \u00e8 un mostro da temere&#8221;<\/p>\n","protected":false},"author":513,"featured_media":419759,"comment_status":"open","ping_status":"open","sticky":false,"template":"","format":"standard","meta":{"_acf_changed":false,"footnotes":""},"categories":[493],"tags":[3236,170,6895,6690,4552],"class_list":["post-419754","post","type-post","status-publish","format-standard","has-post-thumbnail","hentry","category-cultura","tag-attori","tag-lucca","tag-mario-tobino","tag-salute-mentale","tag-serie-tv"],"acf":[],"yoast_head":"<!-- This site is optimized with the Yoast SEO Premium plugin v24.2 (Yoast SEO v25.6) - https:\/\/yoast.com\/wordpress\/plugins\/seo\/ -->\n<title>Le Libere Donne, Lino Guanciale: &quot;Questa serie? Una Tobino Renaissance&quot; - intoscana<\/title>\n<meta name=\"description\" content=\"L&#039;intervista in esclusiva all&#039;attore che, nella serie diretta da Michele Soavi, interpreta l&#039;illuminato psichiatra e scrittore viareggino.\" \/>\n<meta name=\"robots\" content=\"index, follow, max-snippet:-1, max-image-preview:large, max-video-preview:-1\" \/>\n<link rel=\"canonical\" href=\"https:\/\/www.intoscana.it\/it\/le-libere-donne-lino-guanciale-intervista\/\" \/>\n<meta property=\"og:locale\" content=\"it_IT\" \/>\n<meta property=\"og:type\" content=\"article\" \/>\n<meta property=\"og:title\" content=\"Le Libere Donne, Lino Guanciale: &quot;Questa serie? Una Tobino Renaissance&quot;\" \/>\n<meta property=\"og:description\" content=\"L&#039;intervista in esclusiva all&#039;attore che, nella serie diretta da Michele Soavi, interpreta l&#039;illuminato psichiatra e scrittore viareggino.\" \/>\n<meta property=\"og:url\" content=\"https:\/\/www.intoscana.it\/it\/le-libere-donne-lino-guanciale-intervista\/\" \/>\n<meta property=\"og:site_name\" content=\"intoscana\" \/>\n<meta property=\"article:publisher\" content=\"https:\/\/www.facebook.com\/intoscana.it\" \/>\n<meta property=\"article:published_time\" content=\"2026-03-17T12:55:24+00:00\" \/>\n<meta property=\"article:modified_time\" content=\"2026-03-17T18:55:47+00:00\" \/>\n<meta property=\"og:image\" content=\"https:\/\/www.intoscana.it\/wp-content\/uploads\/Lino-Guanciale-nel-trailer-de-Le-Libere-Donne-scaled.jpg\" \/>\n\t<meta property=\"og:image:width\" content=\"2048\" \/>\n\t<meta property=\"og:image:height\" content=\"1117\" \/>\n\t<meta property=\"og:image:type\" content=\"image\/jpeg\" \/>\n<meta name=\"author\" content=\"Simona Bellocci\" \/>\n<meta name=\"twitter:card\" content=\"summary_large_image\" \/>\n<meta name=\"twitter:creator\" content=\"@intoscana\" \/>\n<meta name=\"twitter:site\" content=\"@intoscana\" \/>\n<meta name=\"twitter:label1\" content=\"Written by\" \/>\n\t<meta name=\"twitter:data1\" content=\"Simona Bellocci\" \/>\n\t<meta name=\"twitter:label2\" content=\"Est. reading time\" \/>\n\t<meta name=\"twitter:data2\" content=\"8 minuti\" \/>\n<script type=\"application\/ld+json\" class=\"yoast-schema-graph\">{\"@context\":\"https:\/\/schema.org\",\"@graph\":[{\"@type\":\"WebPage\",\"@id\":\"https:\/\/www.intoscana.it\/it\/le-libere-donne-lino-guanciale-intervista\/\",\"url\":\"https:\/\/www.intoscana.it\/it\/le-libere-donne-lino-guanciale-intervista\/\",\"name\":\"Le Libere Donne, Lino Guanciale: \\\"Questa serie? Una Tobino Renaissance\\\" - intoscana\",\"isPartOf\":{\"@id\":\"https:\/\/www.intoscana.it\/it\/#website\"},\"primaryImageOfPage\":{\"@id\":\"https:\/\/www.intoscana.it\/it\/le-libere-donne-lino-guanciale-intervista\/#primaryimage\"},\"image\":{\"@id\":\"https:\/\/www.intoscana.it\/it\/le-libere-donne-lino-guanciale-intervista\/#primaryimage\"},\"thumbnailUrl\":\"https:\/\/www.intoscana.it\/wp-content\/uploads\/Lino-Guanciale-nel-trailer-de-Le-Libere-Donne-scaled.jpg\",\"datePublished\":\"2026-03-17T12:55:24+00:00\",\"dateModified\":\"2026-03-17T18:55:47+00:00\",\"author\":{\"@id\":\"https:\/\/www.intoscana.it\/it\/#\/schema\/person\/43a95334a6f068317e0b7acba24f9e87\"},\"description\":\"L'intervista in esclusiva all'attore che, nella serie diretta da Michele Soavi, interpreta l'illuminato psichiatra e scrittore viareggino.\",\"breadcrumb\":{\"@id\":\"https:\/\/www.intoscana.it\/it\/le-libere-donne-lino-guanciale-intervista\/#breadcrumb\"},\"inLanguage\":\"it-IT\",\"potentialAction\":[{\"@type\":\"ReadAction\",\"target\":[\"https:\/\/www.intoscana.it\/it\/le-libere-donne-lino-guanciale-intervista\/\"]}]},{\"@type\":\"ImageObject\",\"inLanguage\":\"it-IT\",\"@id\":\"https:\/\/www.intoscana.it\/it\/le-libere-donne-lino-guanciale-intervista\/#primaryimage\",\"url\":\"https:\/\/www.intoscana.it\/wp-content\/uploads\/Lino-Guanciale-nel-trailer-de-Le-Libere-Donne-scaled.jpg\",\"contentUrl\":\"https:\/\/www.intoscana.it\/wp-content\/uploads\/Lino-Guanciale-nel-trailer-de-Le-Libere-Donne-scaled.jpg\",\"width\":2048,\"height\":1117,\"caption\":\"Lino-Guanciale-nel-trailer-de-Le-Libere-Donne-\"},{\"@type\":\"BreadcrumbList\",\"@id\":\"https:\/\/www.intoscana.it\/it\/le-libere-donne-lino-guanciale-intervista\/#breadcrumb\",\"itemListElement\":[{\"@type\":\"ListItem\",\"position\":1,\"name\":\"Home\",\"item\":\"https:\/\/www.intoscana.it\/it\/\"},{\"@type\":\"ListItem\",\"position\":2,\"name\":\"Le Libere Donne, Lino Guanciale: &#8220;Questa serie? Una Tobino Renaissance&#8221;\"}]},{\"@type\":\"WebSite\",\"@id\":\"https:\/\/www.intoscana.it\/it\/#website\",\"url\":\"https:\/\/www.intoscana.it\/it\/\",\"name\":\"intoscana\",\"description\":\"\",\"potentialAction\":[{\"@type\":\"SearchAction\",\"target\":{\"@type\":\"EntryPoint\",\"urlTemplate\":\"https:\/\/www.intoscana.it\/it\/?s={search_term_string}\"},\"query-input\":{\"@type\":\"PropertyValueSpecification\",\"valueRequired\":true,\"valueName\":\"search_term_string\"}}],\"inLanguage\":\"it-IT\"},{\"@type\":\"Person\",\"@id\":\"https:\/\/www.intoscana.it\/it\/#\/schema\/person\/43a95334a6f068317e0b7acba24f9e87\",\"name\":\"Simona Bellocci\",\"url\":\"https:\/\/www.intoscana.it\/it\/author\/simona-bellocci\/\"}]}<\/script>\n<!-- \/ Yoast SEO Premium plugin. -->","yoast_head_json":{"title":"Le Libere Donne, Lino Guanciale: \"Questa serie? Una Tobino Renaissance\" - intoscana","description":"L'intervista in esclusiva all'attore che, nella serie diretta da Michele Soavi, interpreta l'illuminato psichiatra e scrittore viareggino.","robots":{"index":"index","follow":"follow","max-snippet":"max-snippet:-1","max-image-preview":"max-image-preview:large","max-video-preview":"max-video-preview:-1"},"canonical":"https:\/\/www.intoscana.it\/it\/le-libere-donne-lino-guanciale-intervista\/","og_locale":"it_IT","og_type":"article","og_title":"Le Libere Donne, Lino Guanciale: \"Questa serie? Una Tobino Renaissance\"","og_description":"L'intervista in esclusiva all'attore che, nella serie diretta da Michele Soavi, interpreta l'illuminato psichiatra e scrittore viareggino.","og_url":"https:\/\/www.intoscana.it\/it\/le-libere-donne-lino-guanciale-intervista\/","og_site_name":"intoscana","article_publisher":"https:\/\/www.facebook.com\/intoscana.it","article_published_time":"2026-03-17T12:55:24+00:00","article_modified_time":"2026-03-17T18:55:47+00:00","og_image":[{"width":2048,"height":1117,"url":"https:\/\/www.intoscana.it\/wp-content\/uploads\/Lino-Guanciale-nel-trailer-de-Le-Libere-Donne-scaled.jpg","type":"image\/jpeg"}],"author":"Simona Bellocci","twitter_card":"summary_large_image","twitter_creator":"@intoscana","twitter_site":"@intoscana","twitter_misc":{"Written by":"Simona Bellocci","Est. reading time":"8 minuti"},"schema":{"@context":"https:\/\/schema.org","@graph":[{"@type":"WebPage","@id":"https:\/\/www.intoscana.it\/it\/le-libere-donne-lino-guanciale-intervista\/","url":"https:\/\/www.intoscana.it\/it\/le-libere-donne-lino-guanciale-intervista\/","name":"Le Libere Donne, Lino Guanciale: \"Questa serie? Una Tobino Renaissance\" - intoscana","isPartOf":{"@id":"https:\/\/www.intoscana.it\/it\/#website"},"primaryImageOfPage":{"@id":"https:\/\/www.intoscana.it\/it\/le-libere-donne-lino-guanciale-intervista\/#primaryimage"},"image":{"@id":"https:\/\/www.intoscana.it\/it\/le-libere-donne-lino-guanciale-intervista\/#primaryimage"},"thumbnailUrl":"https:\/\/www.intoscana.it\/wp-content\/uploads\/Lino-Guanciale-nel-trailer-de-Le-Libere-Donne-scaled.jpg","datePublished":"2026-03-17T12:55:24+00:00","dateModified":"2026-03-17T18:55:47+00:00","author":{"@id":"https:\/\/www.intoscana.it\/it\/#\/schema\/person\/43a95334a6f068317e0b7acba24f9e87"},"description":"L'intervista in esclusiva all'attore che, nella serie diretta da Michele Soavi, interpreta l'illuminato psichiatra e scrittore viareggino.","breadcrumb":{"@id":"https:\/\/www.intoscana.it\/it\/le-libere-donne-lino-guanciale-intervista\/#breadcrumb"},"inLanguage":"it-IT","potentialAction":[{"@type":"ReadAction","target":["https:\/\/www.intoscana.it\/it\/le-libere-donne-lino-guanciale-intervista\/"]}]},{"@type":"ImageObject","inLanguage":"it-IT","@id":"https:\/\/www.intoscana.it\/it\/le-libere-donne-lino-guanciale-intervista\/#primaryimage","url":"https:\/\/www.intoscana.it\/wp-content\/uploads\/Lino-Guanciale-nel-trailer-de-Le-Libere-Donne-scaled.jpg","contentUrl":"https:\/\/www.intoscana.it\/wp-content\/uploads\/Lino-Guanciale-nel-trailer-de-Le-Libere-Donne-scaled.jpg","width":2048,"height":1117,"caption":"Lino-Guanciale-nel-trailer-de-Le-Libere-Donne-"},{"@type":"BreadcrumbList","@id":"https:\/\/www.intoscana.it\/it\/le-libere-donne-lino-guanciale-intervista\/#breadcrumb","itemListElement":[{"@type":"ListItem","position":1,"name":"Home","item":"https:\/\/www.intoscana.it\/it\/"},{"@type":"ListItem","position":2,"name":"Le Libere Donne, Lino Guanciale: &#8220;Questa serie? Una Tobino Renaissance&#8221;"}]},{"@type":"WebSite","@id":"https:\/\/www.intoscana.it\/it\/#website","url":"https:\/\/www.intoscana.it\/it\/","name":"intoscana","description":"","potentialAction":[{"@type":"SearchAction","target":{"@type":"EntryPoint","urlTemplate":"https:\/\/www.intoscana.it\/it\/?s={search_term_string}"},"query-input":{"@type":"PropertyValueSpecification","valueRequired":true,"valueName":"search_term_string"}}],"inLanguage":"it-IT"},{"@type":"Person","@id":"https:\/\/www.intoscana.it\/it\/#\/schema\/person\/43a95334a6f068317e0b7acba24f9e87","name":"Simona Bellocci","url":"https:\/\/www.intoscana.it\/it\/author\/simona-bellocci\/"}]}},"_links":{"self":[{"href":"https:\/\/www.intoscana.it\/it\/wp-json\/wp\/v2\/posts\/419754","targetHints":{"allow":["GET"]}}],"collection":[{"href":"https:\/\/www.intoscana.it\/it\/wp-json\/wp\/v2\/posts"}],"about":[{"href":"https:\/\/www.intoscana.it\/it\/wp-json\/wp\/v2\/types\/post"}],"author":[{"embeddable":true,"href":"https:\/\/www.intoscana.it\/it\/wp-json\/wp\/v2\/users\/513"}],"replies":[{"embeddable":true,"href":"https:\/\/www.intoscana.it\/it\/wp-json\/wp\/v2\/comments?post=419754"}],"version-history":[{"count":5,"href":"https:\/\/www.intoscana.it\/it\/wp-json\/wp\/v2\/posts\/419754\/revisions"}],"predecessor-version":[{"id":421084,"href":"https:\/\/www.intoscana.it\/it\/wp-json\/wp\/v2\/posts\/419754\/revisions\/421084"}],"wp:featuredmedia":[{"embeddable":true,"href":"https:\/\/www.intoscana.it\/it\/wp-json\/wp\/v2\/media\/419759"}],"wp:attachment":[{"href":"https:\/\/www.intoscana.it\/it\/wp-json\/wp\/v2\/media?parent=419754"}],"wp:term":[{"taxonomy":"category","embeddable":true,"href":"https:\/\/www.intoscana.it\/it\/wp-json\/wp\/v2\/categories?post=419754"},{"taxonomy":"post_tag","embeddable":true,"href":"https:\/\/www.intoscana.it\/it\/wp-json\/wp\/v2\/tags?post=419754"}],"curies":[{"name":"wp","href":"https:\/\/api.w.org\/{rel}","templated":true}]}}