{"id":419767,"date":"2026-03-06T13:16:32","date_gmt":"2026-03-06T12:16:32","guid":{"rendered":"https:\/\/www.intoscana.it\/it\/?p=419767"},"modified":"2026-03-07T14:58:33","modified_gmt":"2026-03-07T13:58:33","slug":"lotta-alle-mafie-600mila-euro-dalla-regione-per-la-cultura-della-legalita","status":"publish","type":"post","link":"https:\/\/www.intoscana.it\/it\/lotta-alle-mafie-600mila-euro-dalla-regione-per-la-cultura-della-legalita\/","title":{"rendered":"Lotta alle mafie: 600mila euro dalla Regione per la cultura della legalit\u00e0"},"content":{"rendered":"<p>La Regione Toscamna rinnova il suo impegno sul fronte del contrasto alle mafie, con oltre <strong>600mila euro per promuovere la cultura della legalit\u00e0<\/strong> tra i pi\u00f9 giovani, un ciclo di sopralluoghi sui cantieri che stanno riportando a nuova vita <strong>i beni confiscati<\/strong> e il rilancio, a partire da una nuova sede, del <strong>Centro di Documentazione \u201cCultura della Legalit\u00e0 Democratica\u201d.<\/strong><\/p>\n<p>Le iniziate, che arrivano a ridosso del 7 marzo, data in cui taglia il traguardo dei <strong>30 anni la storica legge per il riuso dei beni confiscati,<\/strong> sono state presentate oggi dal presidente della Toscana Eugenio Giani e dalla vicepresidente con delega alla cultura della legalit\u00e0 Mia Diop.<\/p>\n<h3>Giani: &#8220;In prima linea per la legalit\u00e0&#8221;<\/h3>\n<p><em>\u201cAbbiamo il dovere di essere in prima linea nel promuovere la cultura della legalit\u00e0,<strong> sostenendo chi denuncia, affiancando le forze dell&#8217;ordine e la magistratura,<\/strong> e alimentando contro le mafie una battaglia culturale, che si vince a scuola e tra le giovani generazioni &#8211;<\/em> ha dichiarato il <strong>presidente Giani<\/strong> &#8211;<em> diffondere educazione e formazione su questi temi \u00e8 un impegno prioritario che va di pari passo a quello per il ritorno alla comunit\u00e0 dei beni confiscati alle mafie, in quanto presidi di libert\u00e0 e di riscatto sociale\u201d,<\/em> aggiunge, ricordando gli <mark>oltre 6 milioni di euro assicurati in questo ultimi anni al recupero e alla valorizzazione dei beni confiscati, a partire dalla tenuta di Suvignano:<\/mark><em>\u00a0\u201cinvestimenti concreti, non simbolici, perch\u00e9 il recupero dei beni confiscati \u00e8 un atto di giustizia\u201d.<\/em><\/p>\n<p><em>\u201cLa cultura della legalit\u00e0 si costruisce nel tempo e attraverso<strong> educazione, memoria e partecipazione democratica.<\/strong> Per questo vogliamo che il rinnovo dell\u2019impegno della Regione Toscana su questo fronte passi innanzitutto dalle scuole, nei territori e nei luoghi in cui ragazze e ragazzi imparano a conoscere i diritti e a praticare responsabilit\u00e0\u201d <\/em>ha sottolineato la vicepresidente Diop, che ha presentato anche la serie di <strong>sopralluoghi di recente avviata tra i beni confiscati<\/strong> al centro di interventi di recupero grazie al contributo della Regione Toscana<em>. \u201cL\u2019obiettivo non \u00e8 solo celebrare i 30 anni di una legge che ha segnato la una svolta nel nostro Paese, ma anche valorizzare il lavoro che la Toscana da tempo sta compiendo per attuarla\u201d, <\/em>ha spiegato Diop.<\/p>\n<figure id=\"post-419768 media-419768\" class=\"align-none\">\n<p><figure style=\"width: 783px\" class=\"wp-caption alignnone\"><img loading=\"lazy\" decoding=\"async\" src=\"https:\/\/www.intoscana.it\/wp-content\/uploads\/giani-diop_02.jpeg\" alt=\"\" width=\"783\" height=\"538\" \/><figcaption class=\"wp-caption-text\">Il presidente Giani e la vicepresidente Diop<\/figcaption><\/figure><\/figure>\n<h3>Dai progetti nelle scuole al rilancio del Centro regionale \u201cCultura della Legalit\u00e0 Democratica\u201d<\/h3>\n<p>In totale, la Toscana ha destinato per i prossimi anni 607.500 euro alla \u201cpromozione della cultura della legalit\u00e0 democratica\u201d. Di questi, <mark>360mila vanno a progetti didattici nelle scuole, 90mila invece quelli che sosterranno i bandi per la partecipazione di giovani toscani ai campi antimafia <\/mark>organizzati in tutto il Paese. <strong>Anci Toscana<\/strong> potr\u00e0 contare su 30mila euro per iniziative e progetti di formazione sulla legalit\u00e0 e il recupero di beni confiscati rivolti a dirigenti, funzionari e amministratori pubblici. Sostegno con 45 mila euro anche all\u2019Associazione tra i familiari delle <strong>vittime della strage di Via dei Georgofili<\/strong> APS per l\u2019attivit\u00e0 di diffusione della memoria delle vittime, degli eventi storici e giudiziari che hanno caratterizzato il periodo delle stragi mafiose e della lotta alle mafie.<\/p>\n<p>Il finanziamento consentir\u00e0 inoltre di <strong>rilanciare le attivit\u00e0 del Centro regionale di documentazione \u201cCultura della Legalit\u00e0 Democratica\u201d, la struttura regionale nata nel 1994<\/strong> per raccogliere e divulgare materiali informativi e documenti sui temi della criminalit\u00e0 organizzata, del terrorismo e delle stragi. In programma la digitalizzazione dell\u2019archivio e della catalogazione del materiale nonch\u00e9 l\u2019acquisto di nuovi testi e volumi. Inoltre viene fissata<strong> la fine del 2026 come obiettivo temporale entro il quale individuare una nuova sede<\/strong> per il Centro pi\u00f9 idonea ad ospitare i fondi archivistici e librari presenti e di futura acquisizione e per facilitare una pi\u00f9 ampia consultazione e fruibilit\u00e0 da parte della collettivit\u00e0.<\/p>\n<h3>In Toscana 687 beni confiscati alla mafia<\/h3>\n<p>Secondo i dati pi\u00f9 recenti elaborati dall\u2019Osservatorio regionale, <strong>in Toscana ad oggi sono 687 i beni confiscati (tra immobili e aziende),<\/strong> per la maggior parte siti tra le province di Pistoia (22%) e Arezzo (18%). Per il il 75% sono gestiti da Comuni (8% dall\u2019amministrazione statale), mentre il 37% \u00e8 destinato a finalit\u00e0 sociali e i restanti a fini istituzionali e soddisfacimento creditori.<\/p>\n<p><mark>Per favorire il pieno riutilizzo dei beni confiscati, la Regione Toscana negli ultimi anni ha assegnato agli enti locali 6milioni e 300mila euro euro finanziando 16 progetti <\/mark>(9 conclusi e 7 in corso).<\/p>\n<p>Dopo i primi due appuntamenti a Castagneto Carducci e Marciano della Chiana, la <strong>vicepresidente Diop proseguir\u00e0 il ciclo di sopralluoghi presso i beni confiscati<\/strong> attualmente oggetto di interventi di rigenerazione e riqualificazione finanziati con risorse regionali assegnate agli enti locali.<br \/>\nLe prossime tappe saranno il 19 marzo a Bagno a Ripoli,\u00a0il 9 aprile a Buggiano, il 16 aprile a Chiesina Uzzanese e il 23 aprile a Pescia.<\/p>\n","protected":false},"excerpt":{"rendered":"<p>Il presidente Giani e la vicepresidente Diop hanno presentato il piano dei progetti, dalle attivit\u00e0 didattiche nelle scuole al tour nei cantieri che stanno riportando in vita i beni confiscati<\/p>\n","protected":false},"author":525,"featured_media":357324,"comment_status":"open","ping_status":"open","sticky":false,"template":"","format":"standard","meta":{"_acf_changed":false,"footnotes":""},"categories":[494],"tags":[3620,3622,151],"class_list":["post-419767","post","type-post","status-publish","format-standard","has-post-thumbnail","hentry","category-attualita","tag-legalita","tag-mafia","tag-regione-toscana"],"acf":[],"yoast_head":"<!-- This site is optimized with the Yoast SEO Premium plugin v24.2 (Yoast SEO v25.6) - https:\/\/yoast.com\/wordpress\/plugins\/seo\/ -->\n<title>Lotta alle mafie: 600mila euro dalla Regione per la cultura della legalit\u00e0 - intoscana<\/title>\n<meta name=\"robots\" content=\"index, follow, max-snippet:-1, max-image-preview:large, max-video-preview:-1\" \/>\n<link rel=\"canonical\" href=\"https:\/\/www.intoscana.it\/it\/lotta-alle-mafie-600mila-euro-dalla-regione-per-la-cultura-della-legalita\/\" \/>\n<meta property=\"og:locale\" content=\"it_IT\" \/>\n<meta property=\"og:type\" content=\"article\" \/>\n<meta property=\"og:title\" content=\"Lotta alle mafie: 600mila euro dalla Regione per la cultura della legalit\u00e0\" \/>\n<meta property=\"og:description\" content=\"Il presidente Giani e la vicepresidente Diop hanno presentato il piano dei progetti, dalle attivit\u00e0 didattiche nelle scuole al tour nei cantieri che stanno riportando in vita i beni confiscati\" \/>\n<meta property=\"og:url\" content=\"https:\/\/www.intoscana.it\/it\/lotta-alle-mafie-600mila-euro-dalla-regione-per-la-cultura-della-legalita\/\" \/>\n<meta property=\"og:site_name\" content=\"intoscana\" \/>\n<meta property=\"article:publisher\" content=\"https:\/\/www.facebook.com\/intoscana.it\" \/>\n<meta property=\"article:published_time\" content=\"2026-03-06T12:16:32+00:00\" \/>\n<meta property=\"article:modified_time\" content=\"2026-03-07T13:58:33+00:00\" \/>\n<meta property=\"og:image\" content=\"https:\/\/www.intoscana.it\/wp-content\/uploads\/suvignano-percorso-della-legalita-scaled.jpg\" \/>\n\t<meta property=\"og:image:width\" content=\"2048\" \/>\n\t<meta property=\"og:image:height\" content=\"1536\" \/>\n\t<meta property=\"og:image:type\" content=\"image\/jpeg\" \/>\n<meta name=\"author\" content=\"Redazione\" \/>\n<meta name=\"twitter:card\" content=\"summary_large_image\" \/>\n<meta name=\"twitter:creator\" content=\"@intoscana\" \/>\n<meta name=\"twitter:site\" content=\"@intoscana\" \/>\n<meta name=\"twitter:label1\" content=\"Written by\" \/>\n\t<meta name=\"twitter:data1\" content=\"Redazione\" \/>\n\t<meta name=\"twitter:label2\" content=\"Est. reading time\" \/>\n\t<meta name=\"twitter:data2\" content=\"5 minuti\" \/>\n<script type=\"application\/ld+json\" class=\"yoast-schema-graph\">{\"@context\":\"https:\/\/schema.org\",\"@graph\":[{\"@type\":\"WebPage\",\"@id\":\"https:\/\/www.intoscana.it\/it\/lotta-alle-mafie-600mila-euro-dalla-regione-per-la-cultura-della-legalita\/\",\"url\":\"https:\/\/www.intoscana.it\/it\/lotta-alle-mafie-600mila-euro-dalla-regione-per-la-cultura-della-legalita\/\",\"name\":\"Lotta alle mafie: 600mila euro dalla Regione per la cultura della legalit\u00e0 - intoscana\",\"isPartOf\":{\"@id\":\"https:\/\/www.intoscana.it\/it\/#website\"},\"primaryImageOfPage\":{\"@id\":\"https:\/\/www.intoscana.it\/it\/lotta-alle-mafie-600mila-euro-dalla-regione-per-la-cultura-della-legalita\/#primaryimage\"},\"image\":{\"@id\":\"https:\/\/www.intoscana.it\/it\/lotta-alle-mafie-600mila-euro-dalla-regione-per-la-cultura-della-legalita\/#primaryimage\"},\"thumbnailUrl\":\"https:\/\/www.intoscana.it\/wp-content\/uploads\/suvignano-percorso-della-legalita-scaled.jpg\",\"datePublished\":\"2026-03-06T12:16:32+00:00\",\"dateModified\":\"2026-03-07T13:58:33+00:00\",\"author\":{\"@id\":\"https:\/\/www.intoscana.it\/it\/#\/schema\/person\/9223810753230f20bd670fdd322661f8\"},\"breadcrumb\":{\"@id\":\"https:\/\/www.intoscana.it\/it\/lotta-alle-mafie-600mila-euro-dalla-regione-per-la-cultura-della-legalita\/#breadcrumb\"},\"inLanguage\":\"it-IT\",\"potentialAction\":[{\"@type\":\"ReadAction\",\"target\":[\"https:\/\/www.intoscana.it\/it\/lotta-alle-mafie-600mila-euro-dalla-regione-per-la-cultura-della-legalita\/\"]}]},{\"@type\":\"ImageObject\",\"inLanguage\":\"it-IT\",\"@id\":\"https:\/\/www.intoscana.it\/it\/lotta-alle-mafie-600mila-euro-dalla-regione-per-la-cultura-della-legalita\/#primaryimage\",\"url\":\"https:\/\/www.intoscana.it\/wp-content\/uploads\/suvignano-percorso-della-legalita-scaled.jpg\",\"contentUrl\":\"https:\/\/www.intoscana.it\/wp-content\/uploads\/suvignano-percorso-della-legalita-scaled.jpg\",\"width\":2048,\"height\":1536,\"caption\":\"Percorso della Legalit\u00e0 nella Tenuta di Suvignano\"},{\"@type\":\"BreadcrumbList\",\"@id\":\"https:\/\/www.intoscana.it\/it\/lotta-alle-mafie-600mila-euro-dalla-regione-per-la-cultura-della-legalita\/#breadcrumb\",\"itemListElement\":[{\"@type\":\"ListItem\",\"position\":1,\"name\":\"Home\",\"item\":\"https:\/\/www.intoscana.it\/it\/\"},{\"@type\":\"ListItem\",\"position\":2,\"name\":\"Lotta alle mafie: 600mila euro dalla Regione per la cultura della legalit\u00e0\"}]},{\"@type\":\"WebSite\",\"@id\":\"https:\/\/www.intoscana.it\/it\/#website\",\"url\":\"https:\/\/www.intoscana.it\/it\/\",\"name\":\"intoscana\",\"description\":\"\",\"potentialAction\":[{\"@type\":\"SearchAction\",\"target\":{\"@type\":\"EntryPoint\",\"urlTemplate\":\"https:\/\/www.intoscana.it\/it\/?s={search_term_string}\"},\"query-input\":{\"@type\":\"PropertyValueSpecification\",\"valueRequired\":true,\"valueName\":\"search_term_string\"}}],\"inLanguage\":\"it-IT\"},{\"@type\":\"Person\",\"@id\":\"https:\/\/www.intoscana.it\/it\/#\/schema\/person\/9223810753230f20bd670fdd322661f8\",\"name\":\"Redazione\",\"url\":\"https:\/\/www.intoscana.it\/it\/author\/redazione\/\"}]}<\/script>\n<!-- \/ Yoast SEO Premium plugin. -->","yoast_head_json":{"title":"Lotta alle mafie: 600mila euro dalla Regione per la cultura della legalit\u00e0 - intoscana","robots":{"index":"index","follow":"follow","max-snippet":"max-snippet:-1","max-image-preview":"max-image-preview:large","max-video-preview":"max-video-preview:-1"},"canonical":"https:\/\/www.intoscana.it\/it\/lotta-alle-mafie-600mila-euro-dalla-regione-per-la-cultura-della-legalita\/","og_locale":"it_IT","og_type":"article","og_title":"Lotta alle mafie: 600mila euro dalla Regione per la cultura della legalit\u00e0","og_description":"Il presidente Giani e la vicepresidente Diop hanno presentato il piano dei progetti, dalle attivit\u00e0 didattiche nelle scuole al tour nei cantieri che stanno riportando in vita i beni confiscati","og_url":"https:\/\/www.intoscana.it\/it\/lotta-alle-mafie-600mila-euro-dalla-regione-per-la-cultura-della-legalita\/","og_site_name":"intoscana","article_publisher":"https:\/\/www.facebook.com\/intoscana.it","article_published_time":"2026-03-06T12:16:32+00:00","article_modified_time":"2026-03-07T13:58:33+00:00","og_image":[{"width":2048,"height":1536,"url":"https:\/\/www.intoscana.it\/wp-content\/uploads\/suvignano-percorso-della-legalita-scaled.jpg","type":"image\/jpeg"}],"author":"Redazione","twitter_card":"summary_large_image","twitter_creator":"@intoscana","twitter_site":"@intoscana","twitter_misc":{"Written by":"Redazione","Est. reading time":"5 minuti"},"schema":{"@context":"https:\/\/schema.org","@graph":[{"@type":"WebPage","@id":"https:\/\/www.intoscana.it\/it\/lotta-alle-mafie-600mila-euro-dalla-regione-per-la-cultura-della-legalita\/","url":"https:\/\/www.intoscana.it\/it\/lotta-alle-mafie-600mila-euro-dalla-regione-per-la-cultura-della-legalita\/","name":"Lotta alle mafie: 600mila euro dalla Regione per la cultura della legalit\u00e0 - intoscana","isPartOf":{"@id":"https:\/\/www.intoscana.it\/it\/#website"},"primaryImageOfPage":{"@id":"https:\/\/www.intoscana.it\/it\/lotta-alle-mafie-600mila-euro-dalla-regione-per-la-cultura-della-legalita\/#primaryimage"},"image":{"@id":"https:\/\/www.intoscana.it\/it\/lotta-alle-mafie-600mila-euro-dalla-regione-per-la-cultura-della-legalita\/#primaryimage"},"thumbnailUrl":"https:\/\/www.intoscana.it\/wp-content\/uploads\/suvignano-percorso-della-legalita-scaled.jpg","datePublished":"2026-03-06T12:16:32+00:00","dateModified":"2026-03-07T13:58:33+00:00","author":{"@id":"https:\/\/www.intoscana.it\/it\/#\/schema\/person\/9223810753230f20bd670fdd322661f8"},"breadcrumb":{"@id":"https:\/\/www.intoscana.it\/it\/lotta-alle-mafie-600mila-euro-dalla-regione-per-la-cultura-della-legalita\/#breadcrumb"},"inLanguage":"it-IT","potentialAction":[{"@type":"ReadAction","target":["https:\/\/www.intoscana.it\/it\/lotta-alle-mafie-600mila-euro-dalla-regione-per-la-cultura-della-legalita\/"]}]},{"@type":"ImageObject","inLanguage":"it-IT","@id":"https:\/\/www.intoscana.it\/it\/lotta-alle-mafie-600mila-euro-dalla-regione-per-la-cultura-della-legalita\/#primaryimage","url":"https:\/\/www.intoscana.it\/wp-content\/uploads\/suvignano-percorso-della-legalita-scaled.jpg","contentUrl":"https:\/\/www.intoscana.it\/wp-content\/uploads\/suvignano-percorso-della-legalita-scaled.jpg","width":2048,"height":1536,"caption":"Percorso della Legalit\u00e0 nella Tenuta di Suvignano"},{"@type":"BreadcrumbList","@id":"https:\/\/www.intoscana.it\/it\/lotta-alle-mafie-600mila-euro-dalla-regione-per-la-cultura-della-legalita\/#breadcrumb","itemListElement":[{"@type":"ListItem","position":1,"name":"Home","item":"https:\/\/www.intoscana.it\/it\/"},{"@type":"ListItem","position":2,"name":"Lotta alle mafie: 600mila euro dalla Regione per la cultura della legalit\u00e0"}]},{"@type":"WebSite","@id":"https:\/\/www.intoscana.it\/it\/#website","url":"https:\/\/www.intoscana.it\/it\/","name":"intoscana","description":"","potentialAction":[{"@type":"SearchAction","target":{"@type":"EntryPoint","urlTemplate":"https:\/\/www.intoscana.it\/it\/?s={search_term_string}"},"query-input":{"@type":"PropertyValueSpecification","valueRequired":true,"valueName":"search_term_string"}}],"inLanguage":"it-IT"},{"@type":"Person","@id":"https:\/\/www.intoscana.it\/it\/#\/schema\/person\/9223810753230f20bd670fdd322661f8","name":"Redazione","url":"https:\/\/www.intoscana.it\/it\/author\/redazione\/"}]}},"_links":{"self":[{"href":"https:\/\/www.intoscana.it\/it\/wp-json\/wp\/v2\/posts\/419767","targetHints":{"allow":["GET"]}}],"collection":[{"href":"https:\/\/www.intoscana.it\/it\/wp-json\/wp\/v2\/posts"}],"about":[{"href":"https:\/\/www.intoscana.it\/it\/wp-json\/wp\/v2\/types\/post"}],"author":[{"embeddable":true,"href":"https:\/\/www.intoscana.it\/it\/wp-json\/wp\/v2\/users\/525"}],"replies":[{"embeddable":true,"href":"https:\/\/www.intoscana.it\/it\/wp-json\/wp\/v2\/comments?post=419767"}],"version-history":[{"count":5,"href":"https:\/\/www.intoscana.it\/it\/wp-json\/wp\/v2\/posts\/419767\/revisions"}],"predecessor-version":[{"id":419956,"href":"https:\/\/www.intoscana.it\/it\/wp-json\/wp\/v2\/posts\/419767\/revisions\/419956"}],"wp:featuredmedia":[{"embeddable":true,"href":"https:\/\/www.intoscana.it\/it\/wp-json\/wp\/v2\/media\/357324"}],"wp:attachment":[{"href":"https:\/\/www.intoscana.it\/it\/wp-json\/wp\/v2\/media?parent=419767"}],"wp:term":[{"taxonomy":"category","embeddable":true,"href":"https:\/\/www.intoscana.it\/it\/wp-json\/wp\/v2\/categories?post=419767"},{"taxonomy":"post_tag","embeddable":true,"href":"https:\/\/www.intoscana.it\/it\/wp-json\/wp\/v2\/tags?post=419767"}],"curies":[{"name":"wp","href":"https:\/\/api.w.org\/{rel}","templated":true}]}}