{"id":419796,"date":"2026-03-06T13:56:33","date_gmt":"2026-03-06T12:56:33","guid":{"rendered":"https:\/\/www.intoscana.it\/it\/?p=419796"},"modified":"2026-03-06T13:57:16","modified_gmt":"2026-03-06T12:57:16","slug":"mercato-immobiliare-aumentano-le-compravendite-e-il-valore-degli-immobili-in-toscana","status":"publish","type":"post","link":"https:\/\/www.intoscana.it\/it\/mercato-immobiliare-aumentano-le-compravendite-e-il-valore-degli-immobili-in-toscana\/","title":{"rendered":"Mercato immobiliare: aumentano le compravendite e il valore degli immobili in Toscana"},"content":{"rendered":"<p>Aumentano le <strong>compravendite ed il valore degli immobili<\/strong> in Toscana. \u00c8 il dato che emerge dalla presentazione del rapporto FIAIP (Federazione degli Agenti Immobiliari Professionali) sull\u2019andamento del mercato immobiliare in Toscana nel secondo semestre 2025.<\/p>\n<p>Un appuntamento tradizionale che si \u00e8 tenuto stamattina a Palazzo Strozzi Sacrati a Firenze. All\u2019incontro \u00e8 intervenuto con un breve saluto anche il <strong>presidente della Regione Eugenio Giani<\/strong> che, oltre a sottolineare il dato principale, ha indicato la necessit\u00e0 adottare azioni pi\u00f9 incisive per cercare di <strong>contrastare un\u2019emergenza costante<\/strong>, in una fase in cui la fascia debole della popolazione \u00e8 in crescita. A partire da interventi di rigenerazione urbana senza ulteriore consumo di suolo.<\/p>\n<h3>Giani: tutelare il diritto alla casa<\/h3>\n<p><em>\u201cRispetto agli anni precedenti \u2013<\/em> ha detto Giani &#8211;<em> il dato che si afferma con chiarezza \u00e8 la crescita delle compravendite e dei valori degli immobili, a differenza di una tendenza al ribasso in anni molto recenti. Per la Toscana supera il 10%, il doppio del dato nazionale. Questo mostra <strong>l\u2019appetibilit\u00e0 della Toscana,<\/strong> in particolare nei centri pi\u00f9 turistici o in quelli universitari, ma anche una tendenza a considerare ancora una volta la casa come un investimento. <\/em><mark><em>Elemento che per\u00f2 pu\u00f2 penalizzare il diritto alla casa per le fasce pi\u00f9 deboli della popolazione. <\/em><\/mark><em>Ma anche una spinta per i soggetti pubblici a farvi fronte, attraverso uno sviluppo sostenibile ed un consumo di suolo zero con la <strong>rigenerazione di spazi urbani inutilizzati.<\/strong> L\u2019analisi di questi dati\u00a0 \u00e8 fonte importante per la Regione e per il decisore politico. Per valutare e capire come agire per venire incontro alle esigenze della popolazione, e di stimolo verso interventi tesi ad affermare uno dei diritti costituzionali per eccellenza\u201d.<\/em><\/p>\n<h3>FIAIP: Toscana tra le regioni pi\u00f9 attrattive<\/h3>\n<p>Secondo i dati presentati da FIAIP in Toscana nel 2025 le compravendite sono aumentate fino al 12%.<br \/>\n<em>&#8220;La Toscana si \u00e8 confermata tra le regioni pi\u00f9 attrattive d&#8217;Italia. Non a caso <strong>una delle province pi\u00f9 pi\u00f9 attrattive \u00e8 rimasta Firenze<\/strong> &#8211;<\/em> ha detto Alessandro Lombardi, presidente FIAIP Toscana &#8211;<em> Firenze ha l&#8217;attrattiva classica delle prime case, ma pure del turismo. Ci sono acquisti da parte di stranieri anche su Lucca, su Grosseto, sulle province fondamentalmente sulla costa, dove le compravendite sono andate molto bene. \u00c8 un mercato in salute, aiutato anche dall&#8217;accesso al credito.&#8221;<\/em><\/p>\n","protected":false},"excerpt":{"rendered":"<p>Il presidente della Regione Giani alla presentazione del rapporto FIAIP ha sottolineato la necessit\u00e0 di contrastare l&#8217;emergenza casa<\/p>\n","protected":false},"author":525,"featured_media":419808,"comment_status":"open","ping_status":"open","sticky":false,"template":"","format":"standard","meta":{"_acf_changed":false,"footnotes":""},"categories":[494],"tags":[4502,151],"class_list":["post-419796","post","type-post","status-publish","format-standard","has-post-thumbnail","hentry","category-attualita","tag-casa","tag-regione-toscana"],"acf":[],"yoast_head":"<!-- This site is optimized with the Yoast SEO Premium plugin v24.2 (Yoast SEO v25.6) - https:\/\/yoast.com\/wordpress\/plugins\/seo\/ -->\n<title>Mercato immobiliare: aumentano le compravendite e il valore degli immobili in Toscana - intoscana<\/title>\n<meta name=\"robots\" content=\"index, follow, max-snippet:-1, max-image-preview:large, max-video-preview:-1\" \/>\n<link rel=\"canonical\" href=\"https:\/\/www.intoscana.it\/it\/mercato-immobiliare-aumentano-le-compravendite-e-il-valore-degli-immobili-in-toscana\/\" \/>\n<meta property=\"og:locale\" content=\"it_IT\" \/>\n<meta property=\"og:type\" content=\"article\" \/>\n<meta property=\"og:title\" content=\"Mercato immobiliare: aumentano le compravendite e il valore degli immobili in Toscana\" \/>\n<meta property=\"og:description\" content=\"Il presidente della Regione Giani alla presentazione del rapporto FIAIP ha sottolineato la necessit\u00e0 di contrastare l&#039;emergenza casa\" \/>\n<meta property=\"og:url\" content=\"https:\/\/www.intoscana.it\/it\/mercato-immobiliare-aumentano-le-compravendite-e-il-valore-degli-immobili-in-toscana\/\" \/>\n<meta property=\"og:site_name\" content=\"intoscana\" \/>\n<meta property=\"article:publisher\" content=\"https:\/\/www.facebook.com\/intoscana.it\" \/>\n<meta property=\"article:published_time\" content=\"2026-03-06T12:56:33+00:00\" \/>\n<meta property=\"article:modified_time\" content=\"2026-03-06T12:57:16+00:00\" \/>\n<meta property=\"og:image\" content=\"https:\/\/www.intoscana.it\/wp-content\/uploads\/AdobeStock_568436766.jpeg\" \/>\n\t<meta property=\"og:image:width\" content=\"1920\" \/>\n\t<meta property=\"og:image:height\" content=\"1281\" \/>\n\t<meta property=\"og:image:type\" content=\"image\/jpeg\" \/>\n<meta name=\"author\" content=\"Redazione\" \/>\n<meta name=\"twitter:card\" content=\"summary_large_image\" \/>\n<meta name=\"twitter:creator\" content=\"@intoscana\" \/>\n<meta name=\"twitter:site\" content=\"@intoscana\" \/>\n<meta name=\"twitter:label1\" content=\"Written by\" \/>\n\t<meta name=\"twitter:data1\" content=\"Redazione\" \/>\n\t<meta name=\"twitter:label2\" content=\"Est. reading time\" \/>\n\t<meta name=\"twitter:data2\" content=\"3 minuti\" \/>\n<script type=\"application\/ld+json\" class=\"yoast-schema-graph\">{\"@context\":\"https:\/\/schema.org\",\"@graph\":[{\"@type\":\"WebPage\",\"@id\":\"https:\/\/www.intoscana.it\/it\/mercato-immobiliare-aumentano-le-compravendite-e-il-valore-degli-immobili-in-toscana\/\",\"url\":\"https:\/\/www.intoscana.it\/it\/mercato-immobiliare-aumentano-le-compravendite-e-il-valore-degli-immobili-in-toscana\/\",\"name\":\"Mercato immobiliare: aumentano le compravendite e il valore degli immobili in Toscana - intoscana\",\"isPartOf\":{\"@id\":\"https:\/\/www.intoscana.it\/it\/#website\"},\"primaryImageOfPage\":{\"@id\":\"https:\/\/www.intoscana.it\/it\/mercato-immobiliare-aumentano-le-compravendite-e-il-valore-degli-immobili-in-toscana\/#primaryimage\"},\"image\":{\"@id\":\"https:\/\/www.intoscana.it\/it\/mercato-immobiliare-aumentano-le-compravendite-e-il-valore-degli-immobili-in-toscana\/#primaryimage\"},\"thumbnailUrl\":\"https:\/\/www.intoscana.it\/wp-content\/uploads\/AdobeStock_568436766.jpeg\",\"datePublished\":\"2026-03-06T12:56:33+00:00\",\"dateModified\":\"2026-03-06T12:57:16+00:00\",\"author\":{\"@id\":\"https:\/\/www.intoscana.it\/it\/#\/schema\/person\/9223810753230f20bd670fdd322661f8\"},\"breadcrumb\":{\"@id\":\"https:\/\/www.intoscana.it\/it\/mercato-immobiliare-aumentano-le-compravendite-e-il-valore-degli-immobili-in-toscana\/#breadcrumb\"},\"inLanguage\":\"it-IT\",\"potentialAction\":[{\"@type\":\"ReadAction\",\"target\":[\"https:\/\/www.intoscana.it\/it\/mercato-immobiliare-aumentano-le-compravendite-e-il-valore-degli-immobili-in-toscana\/\"]}]},{\"@type\":\"ImageObject\",\"inLanguage\":\"it-IT\",\"@id\":\"https:\/\/www.intoscana.it\/it\/mercato-immobiliare-aumentano-le-compravendite-e-il-valore-degli-immobili-in-toscana\/#primaryimage\",\"url\":\"https:\/\/www.intoscana.it\/wp-content\/uploads\/AdobeStock_568436766.jpeg\",\"contentUrl\":\"https:\/\/www.intoscana.it\/wp-content\/uploads\/AdobeStock_568436766.jpeg\",\"width\":1920,\"height\":1281,\"caption\":\"casa mercato immobiliare\"},{\"@type\":\"BreadcrumbList\",\"@id\":\"https:\/\/www.intoscana.it\/it\/mercato-immobiliare-aumentano-le-compravendite-e-il-valore-degli-immobili-in-toscana\/#breadcrumb\",\"itemListElement\":[{\"@type\":\"ListItem\",\"position\":1,\"name\":\"Home\",\"item\":\"https:\/\/www.intoscana.it\/it\/\"},{\"@type\":\"ListItem\",\"position\":2,\"name\":\"Mercato immobiliare: aumentano le compravendite e il valore degli immobili in Toscana\"}]},{\"@type\":\"WebSite\",\"@id\":\"https:\/\/www.intoscana.it\/it\/#website\",\"url\":\"https:\/\/www.intoscana.it\/it\/\",\"name\":\"intoscana\",\"description\":\"\",\"potentialAction\":[{\"@type\":\"SearchAction\",\"target\":{\"@type\":\"EntryPoint\",\"urlTemplate\":\"https:\/\/www.intoscana.it\/it\/?s={search_term_string}\"},\"query-input\":{\"@type\":\"PropertyValueSpecification\",\"valueRequired\":true,\"valueName\":\"search_term_string\"}}],\"inLanguage\":\"it-IT\"},{\"@type\":\"Person\",\"@id\":\"https:\/\/www.intoscana.it\/it\/#\/schema\/person\/9223810753230f20bd670fdd322661f8\",\"name\":\"Redazione\",\"url\":\"https:\/\/www.intoscana.it\/it\/author\/redazione\/\"}]}<\/script>\n<!-- \/ Yoast SEO Premium plugin. -->","yoast_head_json":{"title":"Mercato immobiliare: aumentano le compravendite e il valore degli immobili in Toscana - intoscana","robots":{"index":"index","follow":"follow","max-snippet":"max-snippet:-1","max-image-preview":"max-image-preview:large","max-video-preview":"max-video-preview:-1"},"canonical":"https:\/\/www.intoscana.it\/it\/mercato-immobiliare-aumentano-le-compravendite-e-il-valore-degli-immobili-in-toscana\/","og_locale":"it_IT","og_type":"article","og_title":"Mercato immobiliare: aumentano le compravendite e il valore degli immobili in Toscana","og_description":"Il presidente della Regione Giani alla presentazione del rapporto FIAIP ha sottolineato la necessit\u00e0 di contrastare l'emergenza casa","og_url":"https:\/\/www.intoscana.it\/it\/mercato-immobiliare-aumentano-le-compravendite-e-il-valore-degli-immobili-in-toscana\/","og_site_name":"intoscana","article_publisher":"https:\/\/www.facebook.com\/intoscana.it","article_published_time":"2026-03-06T12:56:33+00:00","article_modified_time":"2026-03-06T12:57:16+00:00","og_image":[{"width":1920,"height":1281,"url":"https:\/\/www.intoscana.it\/wp-content\/uploads\/AdobeStock_568436766.jpeg","type":"image\/jpeg"}],"author":"Redazione","twitter_card":"summary_large_image","twitter_creator":"@intoscana","twitter_site":"@intoscana","twitter_misc":{"Written by":"Redazione","Est. reading time":"3 minuti"},"schema":{"@context":"https:\/\/schema.org","@graph":[{"@type":"WebPage","@id":"https:\/\/www.intoscana.it\/it\/mercato-immobiliare-aumentano-le-compravendite-e-il-valore-degli-immobili-in-toscana\/","url":"https:\/\/www.intoscana.it\/it\/mercato-immobiliare-aumentano-le-compravendite-e-il-valore-degli-immobili-in-toscana\/","name":"Mercato immobiliare: aumentano le compravendite e il valore degli immobili in Toscana - intoscana","isPartOf":{"@id":"https:\/\/www.intoscana.it\/it\/#website"},"primaryImageOfPage":{"@id":"https:\/\/www.intoscana.it\/it\/mercato-immobiliare-aumentano-le-compravendite-e-il-valore-degli-immobili-in-toscana\/#primaryimage"},"image":{"@id":"https:\/\/www.intoscana.it\/it\/mercato-immobiliare-aumentano-le-compravendite-e-il-valore-degli-immobili-in-toscana\/#primaryimage"},"thumbnailUrl":"https:\/\/www.intoscana.it\/wp-content\/uploads\/AdobeStock_568436766.jpeg","datePublished":"2026-03-06T12:56:33+00:00","dateModified":"2026-03-06T12:57:16+00:00","author":{"@id":"https:\/\/www.intoscana.it\/it\/#\/schema\/person\/9223810753230f20bd670fdd322661f8"},"breadcrumb":{"@id":"https:\/\/www.intoscana.it\/it\/mercato-immobiliare-aumentano-le-compravendite-e-il-valore-degli-immobili-in-toscana\/#breadcrumb"},"inLanguage":"it-IT","potentialAction":[{"@type":"ReadAction","target":["https:\/\/www.intoscana.it\/it\/mercato-immobiliare-aumentano-le-compravendite-e-il-valore-degli-immobili-in-toscana\/"]}]},{"@type":"ImageObject","inLanguage":"it-IT","@id":"https:\/\/www.intoscana.it\/it\/mercato-immobiliare-aumentano-le-compravendite-e-il-valore-degli-immobili-in-toscana\/#primaryimage","url":"https:\/\/www.intoscana.it\/wp-content\/uploads\/AdobeStock_568436766.jpeg","contentUrl":"https:\/\/www.intoscana.it\/wp-content\/uploads\/AdobeStock_568436766.jpeg","width":1920,"height":1281,"caption":"casa mercato immobiliare"},{"@type":"BreadcrumbList","@id":"https:\/\/www.intoscana.it\/it\/mercato-immobiliare-aumentano-le-compravendite-e-il-valore-degli-immobili-in-toscana\/#breadcrumb","itemListElement":[{"@type":"ListItem","position":1,"name":"Home","item":"https:\/\/www.intoscana.it\/it\/"},{"@type":"ListItem","position":2,"name":"Mercato immobiliare: aumentano le compravendite e il valore degli immobili in Toscana"}]},{"@type":"WebSite","@id":"https:\/\/www.intoscana.it\/it\/#website","url":"https:\/\/www.intoscana.it\/it\/","name":"intoscana","description":"","potentialAction":[{"@type":"SearchAction","target":{"@type":"EntryPoint","urlTemplate":"https:\/\/www.intoscana.it\/it\/?s={search_term_string}"},"query-input":{"@type":"PropertyValueSpecification","valueRequired":true,"valueName":"search_term_string"}}],"inLanguage":"it-IT"},{"@type":"Person","@id":"https:\/\/www.intoscana.it\/it\/#\/schema\/person\/9223810753230f20bd670fdd322661f8","name":"Redazione","url":"https:\/\/www.intoscana.it\/it\/author\/redazione\/"}]}},"_links":{"self":[{"href":"https:\/\/www.intoscana.it\/it\/wp-json\/wp\/v2\/posts\/419796","targetHints":{"allow":["GET"]}}],"collection":[{"href":"https:\/\/www.intoscana.it\/it\/wp-json\/wp\/v2\/posts"}],"about":[{"href":"https:\/\/www.intoscana.it\/it\/wp-json\/wp\/v2\/types\/post"}],"author":[{"embeddable":true,"href":"https:\/\/www.intoscana.it\/it\/wp-json\/wp\/v2\/users\/525"}],"replies":[{"embeddable":true,"href":"https:\/\/www.intoscana.it\/it\/wp-json\/wp\/v2\/comments?post=419796"}],"version-history":[{"count":5,"href":"https:\/\/www.intoscana.it\/it\/wp-json\/wp\/v2\/posts\/419796\/revisions"}],"predecessor-version":[{"id":419815,"href":"https:\/\/www.intoscana.it\/it\/wp-json\/wp\/v2\/posts\/419796\/revisions\/419815"}],"wp:featuredmedia":[{"embeddable":true,"href":"https:\/\/www.intoscana.it\/it\/wp-json\/wp\/v2\/media\/419808"}],"wp:attachment":[{"href":"https:\/\/www.intoscana.it\/it\/wp-json\/wp\/v2\/media?parent=419796"}],"wp:term":[{"taxonomy":"category","embeddable":true,"href":"https:\/\/www.intoscana.it\/it\/wp-json\/wp\/v2\/categories?post=419796"},{"taxonomy":"post_tag","embeddable":true,"href":"https:\/\/www.intoscana.it\/it\/wp-json\/wp\/v2\/tags?post=419796"}],"curies":[{"name":"wp","href":"https:\/\/api.w.org\/{rel}","templated":true}]}}