{"id":419816,"date":"2026-03-06T14:34:29","date_gmt":"2026-03-06T13:34:29","guid":{"rendered":"https:\/\/www.intoscana.it\/it\/?p=419816"},"modified":"2026-03-07T08:24:29","modified_gmt":"2026-03-07T07:24:29","slug":"lospedale-meyer-di-firenze-lancia-un-progetto-per-la-salute-mentale-degli-adolescenti","status":"publish","type":"post","link":"https:\/\/www.intoscana.it\/it\/lospedale-meyer-di-firenze-lancia-un-progetto-per-la-salute-mentale-degli-adolescenti\/","title":{"rendered":"L&#8217;ospedale Meyer di Firenze lancia un progetto per la salute mentale degli adolescenti"},"content":{"rendered":"<p>Potenziare l&#8217;intervento precoce e intensivo sulla <strong>salute mentale degli adolescenti:<\/strong> \u00e8 l&#8217;obiettivo di <strong>Cdf Safe Teen Firenze,<\/strong> progetto sviluppato da &#8216;C&#8217;\u00e8 da fare Ets&#8217; in collaborazione con <strong>l&#8217;Azienda ospedaliera universitaria Meyer<\/strong> e la Fondazione Meyer, nell&#8217;ambito dell&#8217;ambulatorio adolescenti. L&#8217;iniziativa \u00e8 stata presentata nella sede della Regione Toscana a Firenze: tra i presenti i fondatori di C&#8217;\u00e8 da fare Silvia Rocchi e Paolo Kessisoglu, il presidente della Regione Toscana Eugenio Giani, il presidente della Fondazione Meyer Marco Carrai, ed il direttore sanitario dell&#8217;ospedale pediatrico fiorentino Emanuele Gori.<\/p>\n<h3>Un percorso ad hoc per ragazzi e ragazze tra i 12 e i 17 anni<\/h3>\n<p>Il progetto &#8216;Cdf safe teen Firenze&#8217; propone un percorso ambulatoriale ad alta intensit\u00e0 rivolto ad adolescenti di et\u00e0 compresa <mark>tra i 12 e i 17 anni con grave sofferenza psicologica o psichiatrica, come comportamenti autolesivi, ideazione suicidaria, disturbi del comportamento alimentare, o ritiro sociale severo,<\/mark> che richiedono un intervento tempestivo e una presa in carico continuativa.<br \/>\nSi prevede la presa in carico di <strong>10 adolescenti con un percorso terapeutico integrato di 12 mesi.<\/strong><\/p>\n<p><em>&#8220;Crediamo che la tempestivit\u00e0 e la continuit\u00e0 della cura possano fare la differenza nei momenti pi\u00f9 delicati del disagio<\/em> &#8211; hanno detto Kessisoglu e Rocchi &#8211; c<em>ostruire una rete nazionale significa mettere in dialogo le <strong>eccellenze sanitarie dei territori<\/strong> e sostenere percorsi che non lascino soli gli adolescenti e le loro famiglie&#8221;.<\/em><\/p>\n<p><em>&#8220;Questo progetto ha un doppio valore<\/em> &#8211; ha commentato il <strong>presidente Giani<\/strong> <em>&#8211; stringe una nuova sinergia tra privato solidale e servizio sanitario pubblico, ma riconosce anche l&#8217;eccellenza del servizio sanitario pubblico toscano&#8221;. <\/em><\/p>\n<p>Gori ha spiegato che <em>&#8220;stiamo assistendo a un <strong>drammatico aumento dei problemi di salute mentale tra i giovanissimi:<\/strong> negli ultimi tre anni sono infatti aumentati sia i numeri sia la gravit\u00e0 dei pazienti. Nel percorso di presa in carico di questi adolescenti il Meyer d\u00e0 risposte alle emergenze e alle urgenze psichiatriche per poi affidarli ai servizi specialistici presenti sul territorio&#8221;.<\/em><\/p>\n","protected":false},"excerpt":{"rendered":"<p>L&#8217;iniziativa punta a potenziare gli interventi tempestivi sui giovani tra i 12 e i 17 anni in grave sofferenza psicologica o psichiatrica<\/p>\n","protected":false},"author":525,"featured_media":100469,"comment_status":"open","ping_status":"open","sticky":false,"template":"","format":"standard","meta":{"_acf_changed":false,"footnotes":""},"categories":[18],"tags":[221,5785,6690,349],"class_list":["post-419816","post","type-post","status-publish","format-standard","has-post-thumbnail","hentry","category-salute","tag-giovani","tag-ospedale-meyer","tag-salute-mentale","tag-sanita"],"acf":[],"yoast_head":"<!-- This site is optimized with the Yoast SEO Premium plugin v24.2 (Yoast SEO v25.6) - https:\/\/yoast.com\/wordpress\/plugins\/seo\/ -->\n<title>L&#039;ospedale Meyer di Firenze lancia un progetto per la salute mentale degli adolescenti - intoscana<\/title>\n<meta name=\"robots\" content=\"index, follow, max-snippet:-1, max-image-preview:large, max-video-preview:-1\" \/>\n<link rel=\"canonical\" href=\"https:\/\/www.intoscana.it\/it\/lospedale-meyer-di-firenze-lancia-un-progetto-per-la-salute-mentale-degli-adolescenti\/\" \/>\n<meta property=\"og:locale\" content=\"it_IT\" \/>\n<meta property=\"og:type\" content=\"article\" \/>\n<meta property=\"og:title\" content=\"L&#039;ospedale Meyer di Firenze lancia un progetto per la salute mentale degli adolescenti\" \/>\n<meta property=\"og:description\" content=\"L&#039;iniziativa punta a potenziare gli interventi tempestivi sui giovani tra i 12 e i 17 anni in grave sofferenza psicologica o psichiatrica\" \/>\n<meta property=\"og:url\" content=\"https:\/\/www.intoscana.it\/it\/lospedale-meyer-di-firenze-lancia-un-progetto-per-la-salute-mentale-degli-adolescenti\/\" \/>\n<meta property=\"og:site_name\" content=\"intoscana\" \/>\n<meta property=\"article:publisher\" content=\"https:\/\/www.facebook.com\/intoscana.it\" \/>\n<meta property=\"article:published_time\" content=\"2026-03-06T13:34:29+00:00\" \/>\n<meta property=\"article:modified_time\" content=\"2026-03-07T07:24:29+00:00\" \/>\n<meta property=\"og:image\" content=\"https:\/\/www.intoscana.it\/wp-content\/uploads\/psicologa.jpg\" \/>\n\t<meta property=\"og:image:width\" content=\"2000\" \/>\n\t<meta property=\"og:image:height\" content=\"1125\" \/>\n\t<meta property=\"og:image:type\" content=\"image\/jpeg\" \/>\n<meta name=\"author\" content=\"Redazione\" \/>\n<meta name=\"twitter:card\" content=\"summary_large_image\" \/>\n<meta name=\"twitter:creator\" content=\"@intoscana\" \/>\n<meta name=\"twitter:site\" content=\"@intoscana\" \/>\n<meta name=\"twitter:label1\" content=\"Written by\" \/>\n\t<meta name=\"twitter:data1\" content=\"Redazione\" \/>\n\t<meta name=\"twitter:label2\" content=\"Est. reading time\" \/>\n\t<meta name=\"twitter:data2\" content=\"2 minuti\" \/>\n<script type=\"application\/ld+json\" class=\"yoast-schema-graph\">{\"@context\":\"https:\/\/schema.org\",\"@graph\":[{\"@type\":\"WebPage\",\"@id\":\"https:\/\/www.intoscana.it\/it\/lospedale-meyer-di-firenze-lancia-un-progetto-per-la-salute-mentale-degli-adolescenti\/\",\"url\":\"https:\/\/www.intoscana.it\/it\/lospedale-meyer-di-firenze-lancia-un-progetto-per-la-salute-mentale-degli-adolescenti\/\",\"name\":\"L'ospedale Meyer di Firenze lancia un progetto per la salute mentale degli adolescenti - intoscana\",\"isPartOf\":{\"@id\":\"https:\/\/www.intoscana.it\/it\/#website\"},\"primaryImageOfPage\":{\"@id\":\"https:\/\/www.intoscana.it\/it\/lospedale-meyer-di-firenze-lancia-un-progetto-per-la-salute-mentale-degli-adolescenti\/#primaryimage\"},\"image\":{\"@id\":\"https:\/\/www.intoscana.it\/it\/lospedale-meyer-di-firenze-lancia-un-progetto-per-la-salute-mentale-degli-adolescenti\/#primaryimage\"},\"thumbnailUrl\":\"https:\/\/www.intoscana.it\/wp-content\/uploads\/psicologa.jpg\",\"datePublished\":\"2026-03-06T13:34:29+00:00\",\"dateModified\":\"2026-03-07T07:24:29+00:00\",\"author\":{\"@id\":\"https:\/\/www.intoscana.it\/it\/#\/schema\/person\/9223810753230f20bd670fdd322661f8\"},\"breadcrumb\":{\"@id\":\"https:\/\/www.intoscana.it\/it\/lospedale-meyer-di-firenze-lancia-un-progetto-per-la-salute-mentale-degli-adolescenti\/#breadcrumb\"},\"inLanguage\":\"it-IT\",\"potentialAction\":[{\"@type\":\"ReadAction\",\"target\":[\"https:\/\/www.intoscana.it\/it\/lospedale-meyer-di-firenze-lancia-un-progetto-per-la-salute-mentale-degli-adolescenti\/\"]}]},{\"@type\":\"ImageObject\",\"inLanguage\":\"it-IT\",\"@id\":\"https:\/\/www.intoscana.it\/it\/lospedale-meyer-di-firenze-lancia-un-progetto-per-la-salute-mentale-degli-adolescenti\/#primaryimage\",\"url\":\"https:\/\/www.intoscana.it\/wp-content\/uploads\/psicologa.jpg\",\"contentUrl\":\"https:\/\/www.intoscana.it\/wp-content\/uploads\/psicologa.jpg\",\"width\":2000,\"height\":1125,\"caption\":\"Psicologo\"},{\"@type\":\"BreadcrumbList\",\"@id\":\"https:\/\/www.intoscana.it\/it\/lospedale-meyer-di-firenze-lancia-un-progetto-per-la-salute-mentale-degli-adolescenti\/#breadcrumb\",\"itemListElement\":[{\"@type\":\"ListItem\",\"position\":1,\"name\":\"Home\",\"item\":\"https:\/\/www.intoscana.it\/it\/\"},{\"@type\":\"ListItem\",\"position\":2,\"name\":\"L&#8217;ospedale Meyer di Firenze lancia un progetto per la salute mentale degli adolescenti\"}]},{\"@type\":\"WebSite\",\"@id\":\"https:\/\/www.intoscana.it\/it\/#website\",\"url\":\"https:\/\/www.intoscana.it\/it\/\",\"name\":\"intoscana\",\"description\":\"\",\"potentialAction\":[{\"@type\":\"SearchAction\",\"target\":{\"@type\":\"EntryPoint\",\"urlTemplate\":\"https:\/\/www.intoscana.it\/it\/?s={search_term_string}\"},\"query-input\":{\"@type\":\"PropertyValueSpecification\",\"valueRequired\":true,\"valueName\":\"search_term_string\"}}],\"inLanguage\":\"it-IT\"},{\"@type\":\"Person\",\"@id\":\"https:\/\/www.intoscana.it\/it\/#\/schema\/person\/9223810753230f20bd670fdd322661f8\",\"name\":\"Redazione\",\"url\":\"https:\/\/www.intoscana.it\/it\/author\/redazione\/\"}]}<\/script>\n<!-- \/ Yoast SEO Premium plugin. -->","yoast_head_json":{"title":"L'ospedale Meyer di Firenze lancia un progetto per la salute mentale degli adolescenti - intoscana","robots":{"index":"index","follow":"follow","max-snippet":"max-snippet:-1","max-image-preview":"max-image-preview:large","max-video-preview":"max-video-preview:-1"},"canonical":"https:\/\/www.intoscana.it\/it\/lospedale-meyer-di-firenze-lancia-un-progetto-per-la-salute-mentale-degli-adolescenti\/","og_locale":"it_IT","og_type":"article","og_title":"L'ospedale Meyer di Firenze lancia un progetto per la salute mentale degli adolescenti","og_description":"L'iniziativa punta a potenziare gli interventi tempestivi sui giovani tra i 12 e i 17 anni in grave sofferenza psicologica o psichiatrica","og_url":"https:\/\/www.intoscana.it\/it\/lospedale-meyer-di-firenze-lancia-un-progetto-per-la-salute-mentale-degli-adolescenti\/","og_site_name":"intoscana","article_publisher":"https:\/\/www.facebook.com\/intoscana.it","article_published_time":"2026-03-06T13:34:29+00:00","article_modified_time":"2026-03-07T07:24:29+00:00","og_image":[{"width":2000,"height":1125,"url":"https:\/\/www.intoscana.it\/wp-content\/uploads\/psicologa.jpg","type":"image\/jpeg"}],"author":"Redazione","twitter_card":"summary_large_image","twitter_creator":"@intoscana","twitter_site":"@intoscana","twitter_misc":{"Written by":"Redazione","Est. reading time":"2 minuti"},"schema":{"@context":"https:\/\/schema.org","@graph":[{"@type":"WebPage","@id":"https:\/\/www.intoscana.it\/it\/lospedale-meyer-di-firenze-lancia-un-progetto-per-la-salute-mentale-degli-adolescenti\/","url":"https:\/\/www.intoscana.it\/it\/lospedale-meyer-di-firenze-lancia-un-progetto-per-la-salute-mentale-degli-adolescenti\/","name":"L'ospedale Meyer di Firenze lancia un progetto per la salute mentale degli adolescenti - intoscana","isPartOf":{"@id":"https:\/\/www.intoscana.it\/it\/#website"},"primaryImageOfPage":{"@id":"https:\/\/www.intoscana.it\/it\/lospedale-meyer-di-firenze-lancia-un-progetto-per-la-salute-mentale-degli-adolescenti\/#primaryimage"},"image":{"@id":"https:\/\/www.intoscana.it\/it\/lospedale-meyer-di-firenze-lancia-un-progetto-per-la-salute-mentale-degli-adolescenti\/#primaryimage"},"thumbnailUrl":"https:\/\/www.intoscana.it\/wp-content\/uploads\/psicologa.jpg","datePublished":"2026-03-06T13:34:29+00:00","dateModified":"2026-03-07T07:24:29+00:00","author":{"@id":"https:\/\/www.intoscana.it\/it\/#\/schema\/person\/9223810753230f20bd670fdd322661f8"},"breadcrumb":{"@id":"https:\/\/www.intoscana.it\/it\/lospedale-meyer-di-firenze-lancia-un-progetto-per-la-salute-mentale-degli-adolescenti\/#breadcrumb"},"inLanguage":"it-IT","potentialAction":[{"@type":"ReadAction","target":["https:\/\/www.intoscana.it\/it\/lospedale-meyer-di-firenze-lancia-un-progetto-per-la-salute-mentale-degli-adolescenti\/"]}]},{"@type":"ImageObject","inLanguage":"it-IT","@id":"https:\/\/www.intoscana.it\/it\/lospedale-meyer-di-firenze-lancia-un-progetto-per-la-salute-mentale-degli-adolescenti\/#primaryimage","url":"https:\/\/www.intoscana.it\/wp-content\/uploads\/psicologa.jpg","contentUrl":"https:\/\/www.intoscana.it\/wp-content\/uploads\/psicologa.jpg","width":2000,"height":1125,"caption":"Psicologo"},{"@type":"BreadcrumbList","@id":"https:\/\/www.intoscana.it\/it\/lospedale-meyer-di-firenze-lancia-un-progetto-per-la-salute-mentale-degli-adolescenti\/#breadcrumb","itemListElement":[{"@type":"ListItem","position":1,"name":"Home","item":"https:\/\/www.intoscana.it\/it\/"},{"@type":"ListItem","position":2,"name":"L&#8217;ospedale Meyer di Firenze lancia un progetto per la salute mentale degli adolescenti"}]},{"@type":"WebSite","@id":"https:\/\/www.intoscana.it\/it\/#website","url":"https:\/\/www.intoscana.it\/it\/","name":"intoscana","description":"","potentialAction":[{"@type":"SearchAction","target":{"@type":"EntryPoint","urlTemplate":"https:\/\/www.intoscana.it\/it\/?s={search_term_string}"},"query-input":{"@type":"PropertyValueSpecification","valueRequired":true,"valueName":"search_term_string"}}],"inLanguage":"it-IT"},{"@type":"Person","@id":"https:\/\/www.intoscana.it\/it\/#\/schema\/person\/9223810753230f20bd670fdd322661f8","name":"Redazione","url":"https:\/\/www.intoscana.it\/it\/author\/redazione\/"}]}},"_links":{"self":[{"href":"https:\/\/www.intoscana.it\/it\/wp-json\/wp\/v2\/posts\/419816","targetHints":{"allow":["GET"]}}],"collection":[{"href":"https:\/\/www.intoscana.it\/it\/wp-json\/wp\/v2\/posts"}],"about":[{"href":"https:\/\/www.intoscana.it\/it\/wp-json\/wp\/v2\/types\/post"}],"author":[{"embeddable":true,"href":"https:\/\/www.intoscana.it\/it\/wp-json\/wp\/v2\/users\/525"}],"replies":[{"embeddable":true,"href":"https:\/\/www.intoscana.it\/it\/wp-json\/wp\/v2\/comments?post=419816"}],"version-history":[{"count":4,"href":"https:\/\/www.intoscana.it\/it\/wp-json\/wp\/v2\/posts\/419816\/revisions"}],"predecessor-version":[{"id":419833,"href":"https:\/\/www.intoscana.it\/it\/wp-json\/wp\/v2\/posts\/419816\/revisions\/419833"}],"wp:featuredmedia":[{"embeddable":true,"href":"https:\/\/www.intoscana.it\/it\/wp-json\/wp\/v2\/media\/100469"}],"wp:attachment":[{"href":"https:\/\/www.intoscana.it\/it\/wp-json\/wp\/v2\/media?parent=419816"}],"wp:term":[{"taxonomy":"category","embeddable":true,"href":"https:\/\/www.intoscana.it\/it\/wp-json\/wp\/v2\/categories?post=419816"},{"taxonomy":"post_tag","embeddable":true,"href":"https:\/\/www.intoscana.it\/it\/wp-json\/wp\/v2\/tags?post=419816"}],"curies":[{"name":"wp","href":"https:\/\/api.w.org\/{rel}","templated":true}]}}