{"id":419839,"date":"2026-03-06T14:55:17","date_gmt":"2026-03-06T13:55:17","guid":{"rendered":"https:\/\/www.intoscana.it\/it\/?p=419839"},"modified":"2026-03-06T15:51:21","modified_gmt":"2026-03-06T14:51:21","slug":"a-firenze-women4football-celebra-le-protagoniste-del-calcio-femminile-italiano","status":"publish","type":"post","link":"https:\/\/www.intoscana.it\/it\/a-firenze-women4football-celebra-le-protagoniste-del-calcio-femminile-italiano\/","title":{"rendered":"A Firenze Women4Football celebra le protagoniste del calcio femminile italiano"},"content":{"rendered":"<p>Il calcio femminile italiano torna protagonista a Firenze con <strong>Women4Football<\/strong>, l\u2019evento promosso dall\u2019Associazione Italiana Calciatori per celebrare le migliori giocatrici della stagione 2024-25. L\u2019appuntamento \u00e8 fissato per <strong>luned\u00ec 16 marzo alle 17<\/strong> nel Salone dei Cinquecento di Palazzo Vecchio, con la partecipazione delle istituzioni e dei principali protagonisti del calcio italiano.<\/p>\n<p>Durante la serata saranno assegnati i <strong>riconoscimenti alle calciatrici<\/strong> che si sono distinte nell\u2019ultima stagione sportiva. Come da tradizione, i premi verranno attribuiti direttamente dalle stesse giocatrici della <strong>Serie A Femminile<\/strong>, che nei mesi scorsi hanno espresso le loro preferenze. Una formula che rende l\u2019iniziativa particolarmente significativa, perch\u00e9 \u00e8 il mondo del calcio femminile stesso a premiare le proprie eccellenze.<\/p>\n<p>L\u2019evento, che sar\u00e0 trasmesso in <strong>diretta su Rai Sport<\/strong>, sar\u00e0 anche un\u2019occasione per riflettere sul percorso di crescita del movimento e su come \u00e8 cambiato il modo di raccontare il calcio femminile negli ultimi anni. Un cambiamento che ha portato sempre pi\u00f9 visibilit\u00e0 alle atlete e che ha contribuito a rendere questo sport una fonte di ispirazione per tante bambine e giovani appassionate.<\/p>\n<p>Secondo l\u2019assessora allo sport del Comune di Firenze <strong>Letizia Perini<\/strong>, la scelta della citt\u00e0 non \u00e8 casuale. \u201c<em>Firenze \u00e8 stata importante per lo sviluppo del calcio femminile, anche perch\u00e9 la ACF Fiorentina Femminile \u00e8 stata la prima societ\u00e0 professionistica in Italia a creare un settore femminile nel 2015<\/em>\u201d, ha ricordato.<\/p>\n<p>Negli ultimi anni il movimento ha registrato una crescita significativa. Tra il 2008 e il 2024 le calciatrici tesserate con la Federazione Italiana Giuoco Calcio sono passate da poco meno di <strong>19mila a oltre 45mila<\/strong>, con un aumento superiore al 100%. Ancora pi\u00f9 marcato l\u2019incremento tra le pi\u00f9 giovani: le tesserate tra i 10 e i 15 anni sono pi\u00f9 che triplicate nello stesso periodo. Per il delegato allo sport della Citt\u00e0 Metropolitana di Firenze <strong>Nicola Armentano<\/strong> eventi come Women4Football contribuiscono a rafforzare un fenomeno sportivo e culturale in forte crescita. \u201c<em>Il calcio femminile \u00e8 sempre pi\u00f9 seguito e capace di generare valori sociali importanti, aiutando anche ad abbattere stereotipi e pregiudizi e avvicinando sempre pi\u00f9 donne alla pratica sportiva<\/em>\u201d. Il presidente dell\u2019Associazione Italiana Calciatori<strong> Umberto Calcagno<\/strong> ha sottolineato come il movimento abbia raggiunto negli ultimi anni traguardi un tempo impensabili. \u201c<em>Women4Football \u00e8 il momento in cui celebriamo ci\u00f2 che \u00e8 stato fatto, ma anche l\u2019occasione per ricordarci quanto lavoro ci sia ancora da far<\/em>e\u201d.<\/p>\n<p>Alla serata parteciper\u00e0 anche <strong>Sara Gama<\/strong>, che ha evidenziato il legame tra Firenze e la storia recente del calcio femminile italiano, ricordando momenti simbolici come la qualificazione ai Mondiali conquistata allo stadio Franchi nel 2018.<\/p>\n","protected":false},"excerpt":{"rendered":"<p>Il 16 marzo nel Salone dei Cinquecento di Palazzo Vecchio i premi dell\u2019Associazione Italiana Calciatori alle migliori giocatrici della stagione 2024-25<\/p>\n","protected":false},"author":525,"featured_media":419841,"comment_status":"open","ping_status":"open","sticky":false,"template":"","format":"standard","meta":{"_acf_changed":false,"footnotes":""},"categories":[494],"tags":[290,202,159],"class_list":["post-419839","post","type-post","status-publish","format-standard","has-post-thumbnail","hentry","category-attualita","tag-calcio","tag-firenze","tag-sport"],"acf":[],"yoast_head":"<!-- This site is optimized with the Yoast SEO Premium plugin v24.2 (Yoast SEO v25.6) - https:\/\/yoast.com\/wordpress\/plugins\/seo\/ -->\n<title>A Firenze Women4Football celebra le protagoniste del calcio femminile italiano - intoscana<\/title>\n<meta name=\"robots\" content=\"index, follow, max-snippet:-1, max-image-preview:large, max-video-preview:-1\" \/>\n<link rel=\"canonical\" href=\"https:\/\/www.intoscana.it\/it\/a-firenze-women4football-celebra-le-protagoniste-del-calcio-femminile-italiano\/\" \/>\n<meta property=\"og:locale\" content=\"it_IT\" \/>\n<meta property=\"og:type\" content=\"article\" \/>\n<meta property=\"og:title\" content=\"A Firenze Women4Football celebra le protagoniste del calcio femminile italiano\" \/>\n<meta property=\"og:description\" content=\"Il 16 marzo nel Salone dei Cinquecento di Palazzo Vecchio i premi dell\u2019Associazione Italiana Calciatori alle migliori giocatrici della stagione 2024-25\" \/>\n<meta property=\"og:url\" content=\"https:\/\/www.intoscana.it\/it\/a-firenze-women4football-celebra-le-protagoniste-del-calcio-femminile-italiano\/\" \/>\n<meta property=\"og:site_name\" content=\"intoscana\" \/>\n<meta property=\"article:publisher\" content=\"https:\/\/www.facebook.com\/intoscana.it\" \/>\n<meta property=\"article:published_time\" content=\"2026-03-06T13:55:17+00:00\" \/>\n<meta property=\"article:modified_time\" content=\"2026-03-06T14:51:21+00:00\" \/>\n<meta property=\"og:image\" content=\"https:\/\/www.intoscana.it\/wp-content\/uploads\/women4football.jpg\" \/>\n\t<meta property=\"og:image:width\" content=\"1018\" \/>\n\t<meta property=\"og:image:height\" content=\"741\" \/>\n\t<meta property=\"og:image:type\" content=\"image\/jpeg\" \/>\n<meta name=\"author\" content=\"Redazione\" \/>\n<meta name=\"twitter:card\" content=\"summary_large_image\" \/>\n<meta name=\"twitter:creator\" content=\"@intoscana\" \/>\n<meta name=\"twitter:site\" content=\"@intoscana\" \/>\n<meta name=\"twitter:label1\" content=\"Written by\" \/>\n\t<meta name=\"twitter:data1\" content=\"Redazione\" \/>\n\t<meta name=\"twitter:label2\" content=\"Est. reading time\" \/>\n\t<meta name=\"twitter:data2\" content=\"3 minuti\" \/>\n<script type=\"application\/ld+json\" class=\"yoast-schema-graph\">{\"@context\":\"https:\/\/schema.org\",\"@graph\":[{\"@type\":\"WebPage\",\"@id\":\"https:\/\/www.intoscana.it\/it\/a-firenze-women4football-celebra-le-protagoniste-del-calcio-femminile-italiano\/\",\"url\":\"https:\/\/www.intoscana.it\/it\/a-firenze-women4football-celebra-le-protagoniste-del-calcio-femminile-italiano\/\",\"name\":\"A Firenze Women4Football celebra le protagoniste del calcio femminile italiano - intoscana\",\"isPartOf\":{\"@id\":\"https:\/\/www.intoscana.it\/it\/#website\"},\"primaryImageOfPage\":{\"@id\":\"https:\/\/www.intoscana.it\/it\/a-firenze-women4football-celebra-le-protagoniste-del-calcio-femminile-italiano\/#primaryimage\"},\"image\":{\"@id\":\"https:\/\/www.intoscana.it\/it\/a-firenze-women4football-celebra-le-protagoniste-del-calcio-femminile-italiano\/#primaryimage\"},\"thumbnailUrl\":\"https:\/\/www.intoscana.it\/wp-content\/uploads\/women4football.jpg\",\"datePublished\":\"2026-03-06T13:55:17+00:00\",\"dateModified\":\"2026-03-06T14:51:21+00:00\",\"author\":{\"@id\":\"https:\/\/www.intoscana.it\/it\/#\/schema\/person\/9223810753230f20bd670fdd322661f8\"},\"breadcrumb\":{\"@id\":\"https:\/\/www.intoscana.it\/it\/a-firenze-women4football-celebra-le-protagoniste-del-calcio-femminile-italiano\/#breadcrumb\"},\"inLanguage\":\"it-IT\",\"potentialAction\":[{\"@type\":\"ReadAction\",\"target\":[\"https:\/\/www.intoscana.it\/it\/a-firenze-women4football-celebra-le-protagoniste-del-calcio-femminile-italiano\/\"]}]},{\"@type\":\"ImageObject\",\"inLanguage\":\"it-IT\",\"@id\":\"https:\/\/www.intoscana.it\/it\/a-firenze-women4football-celebra-le-protagoniste-del-calcio-femminile-italiano\/#primaryimage\",\"url\":\"https:\/\/www.intoscana.it\/wp-content\/uploads\/women4football.jpg\",\"contentUrl\":\"https:\/\/www.intoscana.it\/wp-content\/uploads\/women4football.jpg\",\"width\":1018,\"height\":741},{\"@type\":\"BreadcrumbList\",\"@id\":\"https:\/\/www.intoscana.it\/it\/a-firenze-women4football-celebra-le-protagoniste-del-calcio-femminile-italiano\/#breadcrumb\",\"itemListElement\":[{\"@type\":\"ListItem\",\"position\":1,\"name\":\"Home\",\"item\":\"https:\/\/www.intoscana.it\/it\/\"},{\"@type\":\"ListItem\",\"position\":2,\"name\":\"A Firenze Women4Football celebra le protagoniste del calcio femminile italiano\"}]},{\"@type\":\"WebSite\",\"@id\":\"https:\/\/www.intoscana.it\/it\/#website\",\"url\":\"https:\/\/www.intoscana.it\/it\/\",\"name\":\"intoscana\",\"description\":\"\",\"potentialAction\":[{\"@type\":\"SearchAction\",\"target\":{\"@type\":\"EntryPoint\",\"urlTemplate\":\"https:\/\/www.intoscana.it\/it\/?s={search_term_string}\"},\"query-input\":{\"@type\":\"PropertyValueSpecification\",\"valueRequired\":true,\"valueName\":\"search_term_string\"}}],\"inLanguage\":\"it-IT\"},{\"@type\":\"Person\",\"@id\":\"https:\/\/www.intoscana.it\/it\/#\/schema\/person\/9223810753230f20bd670fdd322661f8\",\"name\":\"Redazione\",\"url\":\"https:\/\/www.intoscana.it\/it\/author\/redazione\/\"}]}<\/script>\n<!-- \/ Yoast SEO Premium plugin. -->","yoast_head_json":{"title":"A Firenze Women4Football celebra le protagoniste del calcio femminile italiano - intoscana","robots":{"index":"index","follow":"follow","max-snippet":"max-snippet:-1","max-image-preview":"max-image-preview:large","max-video-preview":"max-video-preview:-1"},"canonical":"https:\/\/www.intoscana.it\/it\/a-firenze-women4football-celebra-le-protagoniste-del-calcio-femminile-italiano\/","og_locale":"it_IT","og_type":"article","og_title":"A Firenze Women4Football celebra le protagoniste del calcio femminile italiano","og_description":"Il 16 marzo nel Salone dei Cinquecento di Palazzo Vecchio i premi dell\u2019Associazione Italiana Calciatori alle migliori giocatrici della stagione 2024-25","og_url":"https:\/\/www.intoscana.it\/it\/a-firenze-women4football-celebra-le-protagoniste-del-calcio-femminile-italiano\/","og_site_name":"intoscana","article_publisher":"https:\/\/www.facebook.com\/intoscana.it","article_published_time":"2026-03-06T13:55:17+00:00","article_modified_time":"2026-03-06T14:51:21+00:00","og_image":[{"width":1018,"height":741,"url":"https:\/\/www.intoscana.it\/wp-content\/uploads\/women4football.jpg","type":"image\/jpeg"}],"author":"Redazione","twitter_card":"summary_large_image","twitter_creator":"@intoscana","twitter_site":"@intoscana","twitter_misc":{"Written by":"Redazione","Est. reading time":"3 minuti"},"schema":{"@context":"https:\/\/schema.org","@graph":[{"@type":"WebPage","@id":"https:\/\/www.intoscana.it\/it\/a-firenze-women4football-celebra-le-protagoniste-del-calcio-femminile-italiano\/","url":"https:\/\/www.intoscana.it\/it\/a-firenze-women4football-celebra-le-protagoniste-del-calcio-femminile-italiano\/","name":"A Firenze Women4Football celebra le protagoniste del calcio femminile italiano - intoscana","isPartOf":{"@id":"https:\/\/www.intoscana.it\/it\/#website"},"primaryImageOfPage":{"@id":"https:\/\/www.intoscana.it\/it\/a-firenze-women4football-celebra-le-protagoniste-del-calcio-femminile-italiano\/#primaryimage"},"image":{"@id":"https:\/\/www.intoscana.it\/it\/a-firenze-women4football-celebra-le-protagoniste-del-calcio-femminile-italiano\/#primaryimage"},"thumbnailUrl":"https:\/\/www.intoscana.it\/wp-content\/uploads\/women4football.jpg","datePublished":"2026-03-06T13:55:17+00:00","dateModified":"2026-03-06T14:51:21+00:00","author":{"@id":"https:\/\/www.intoscana.it\/it\/#\/schema\/person\/9223810753230f20bd670fdd322661f8"},"breadcrumb":{"@id":"https:\/\/www.intoscana.it\/it\/a-firenze-women4football-celebra-le-protagoniste-del-calcio-femminile-italiano\/#breadcrumb"},"inLanguage":"it-IT","potentialAction":[{"@type":"ReadAction","target":["https:\/\/www.intoscana.it\/it\/a-firenze-women4football-celebra-le-protagoniste-del-calcio-femminile-italiano\/"]}]},{"@type":"ImageObject","inLanguage":"it-IT","@id":"https:\/\/www.intoscana.it\/it\/a-firenze-women4football-celebra-le-protagoniste-del-calcio-femminile-italiano\/#primaryimage","url":"https:\/\/www.intoscana.it\/wp-content\/uploads\/women4football.jpg","contentUrl":"https:\/\/www.intoscana.it\/wp-content\/uploads\/women4football.jpg","width":1018,"height":741},{"@type":"BreadcrumbList","@id":"https:\/\/www.intoscana.it\/it\/a-firenze-women4football-celebra-le-protagoniste-del-calcio-femminile-italiano\/#breadcrumb","itemListElement":[{"@type":"ListItem","position":1,"name":"Home","item":"https:\/\/www.intoscana.it\/it\/"},{"@type":"ListItem","position":2,"name":"A Firenze Women4Football celebra le protagoniste del calcio femminile italiano"}]},{"@type":"WebSite","@id":"https:\/\/www.intoscana.it\/it\/#website","url":"https:\/\/www.intoscana.it\/it\/","name":"intoscana","description":"","potentialAction":[{"@type":"SearchAction","target":{"@type":"EntryPoint","urlTemplate":"https:\/\/www.intoscana.it\/it\/?s={search_term_string}"},"query-input":{"@type":"PropertyValueSpecification","valueRequired":true,"valueName":"search_term_string"}}],"inLanguage":"it-IT"},{"@type":"Person","@id":"https:\/\/www.intoscana.it\/it\/#\/schema\/person\/9223810753230f20bd670fdd322661f8","name":"Redazione","url":"https:\/\/www.intoscana.it\/it\/author\/redazione\/"}]}},"_links":{"self":[{"href":"https:\/\/www.intoscana.it\/it\/wp-json\/wp\/v2\/posts\/419839","targetHints":{"allow":["GET"]}}],"collection":[{"href":"https:\/\/www.intoscana.it\/it\/wp-json\/wp\/v2\/posts"}],"about":[{"href":"https:\/\/www.intoscana.it\/it\/wp-json\/wp\/v2\/types\/post"}],"author":[{"embeddable":true,"href":"https:\/\/www.intoscana.it\/it\/wp-json\/wp\/v2\/users\/525"}],"replies":[{"embeddable":true,"href":"https:\/\/www.intoscana.it\/it\/wp-json\/wp\/v2\/comments?post=419839"}],"version-history":[{"count":2,"href":"https:\/\/www.intoscana.it\/it\/wp-json\/wp\/v2\/posts\/419839\/revisions"}],"predecessor-version":[{"id":419873,"href":"https:\/\/www.intoscana.it\/it\/wp-json\/wp\/v2\/posts\/419839\/revisions\/419873"}],"wp:featuredmedia":[{"embeddable":true,"href":"https:\/\/www.intoscana.it\/it\/wp-json\/wp\/v2\/media\/419841"}],"wp:attachment":[{"href":"https:\/\/www.intoscana.it\/it\/wp-json\/wp\/v2\/media?parent=419839"}],"wp:term":[{"taxonomy":"category","embeddable":true,"href":"https:\/\/www.intoscana.it\/it\/wp-json\/wp\/v2\/categories?post=419839"},{"taxonomy":"post_tag","embeddable":true,"href":"https:\/\/www.intoscana.it\/it\/wp-json\/wp\/v2\/tags?post=419839"}],"curies":[{"name":"wp","href":"https:\/\/api.w.org\/{rel}","templated":true}]}}