{"id":419901,"date":"2026-03-07T08:23:59","date_gmt":"2026-03-07T07:23:59","guid":{"rendered":"https:\/\/www.intoscana.it\/it\/?p=419901"},"modified":"2026-03-07T08:23:59","modified_gmt":"2026-03-07T07:23:59","slug":"uno-sportello-di-ascolto-contro-la-violenza-di-genere-alluniversita-di-firenze","status":"publish","type":"post","link":"https:\/\/www.intoscana.it\/it\/uno-sportello-di-ascolto-contro-la-violenza-di-genere-alluniversita-di-firenze\/","title":{"rendered":"Uno sportello di ascolto contro la violenza di genere all&#8217;Universit\u00e0 di Firenze"},"content":{"rendered":"<p>L\u2019Universit\u00e0 di Firenze potenzia le proprie azioni di prevenzione e <strong>contrasto alla violenza di genere<\/strong> con l\u2019istituzione di <strong>un punto di ascolto<\/strong> dedicato alle donne della comunit\u00e0 accademica: studentesse, dottorande, docenti e personale tecnico-amministrativo.<\/p>\n<p>L\u2019iniziativa, che nasce nell\u2019ambito del \u201cPiano di uguaglianza di genere \u2013 Gender Equality Plan 2024-2026\u201d dell&#8217;Ateneo e viene attuata in collaborazione con l\u2019<strong>Azienda ospedaliero-universitaria Careggi,<\/strong> \u00e8 stata presentata dalla rettrice Alessandra Petrucci e dalla direttrice generale dell\u2019AOU Careggi Daniela Matarrese.<\/p>\n<p><em>&#8220;La collaborazione con l\u2019Azienda Ospedaliero-Universitaria Careggi ci permette di mettere a disposizione della comunit\u00e0 accademica competenze professionali altamente qualificate e di collegare questo servizio alla rete territoriale dei servizi socio-sanitari e dei centri antiviolenza &#8211; <\/em>ha dichiarato la rettrice Petrucci <em>&#8211; offrire uno spazio riservato, competente e facilmente accessibile significa<strong> rendere possibile il primo passo, che spesso \u00e8 anche il pi\u00f9 difficile:<\/strong> chiedere aiuto, essere ascoltate, trovare un orientamento verso percorsi di tutela e di sostegno.&#8221;<\/em><\/p>\n<h3>Primo contatto telefonico con personale di AOU Careggi<\/h3>\n<p>Per garantire la massima tutela e discrezione, <mark>il primo contatto con il servizio avverr\u00e0 tramite il numero telefonico dedicato 348-2525555.<\/mark> A partire dal primo contatto, <strong>personale specializzato<\/strong> valuter\u00e0 le modalit\u00e0 pi\u00f9 adeguate di accoglienza e accompagnamento, individuando \u2013 ove necessario \u2013 specifici percorsi di supporto.<\/p>\n<p>Il servizio &#8211; attivo da luned\u00ec 9 marzo; luned\u00ec, marted\u00ec, gioved\u00ec e venerd\u00ec dalle ore 9 alle 13; mercoled\u00ec dalle ore 13 alle 17 &#8211; \u00e8 gestito da un\u2019<strong>\u00e9quipe multidisciplinare di AOU Careggi <\/strong>composta da<strong> psicologhe esperte in violenza, assistenti sociali e medici specialisti.<\/strong> Oltre al supporto psicologico e al primo ascolto, il servizio offrir\u00e0 orientamento ai servizi socio-sanitari e, ove necessario, l&#8217;attivazione di percorsi integrati con i <strong>Centri Antiviolenza (CAV)<\/strong> del territorio. Il progetto sar\u00e0 coordinato dalla &#8220;Cabina di regia sul benessere&#8221; dell&#8217;Universit\u00e0, alla quale partecipa anche l&#8217;AOU Careggi tramite il Centro di Riferimento Regionale Criticit\u00e0 Relazionali.<\/p>\n<p><em>\u201cIl nostro auspicio \u2013 <\/em>ha commentato la direttrice generale di Careggi Daniela Matarrese <em>&#8211; \u00e8 che questo punto di ascolto possa diventare un luogo di fiducia, <strong>capace di intercettare precocemente situazioni di difficolt\u00e0<\/strong> e di accompagnare le persone verso percorsi di sostegno e di tutela. Nasce come primo livello di accesso, un luogo protetto di orientamento, di filtro e di sostegno psicologico, in cui la persona possa essere accolta, ascoltata e accompagnata con attenzione e competenza, qualora ci fosse necessit\u00e0, verso ulteriori percorsi istituzionali specifici.&#8221;<\/em><\/p>\n","protected":false},"excerpt":{"rendered":"<p>Realizzato in collaborazione con l&#8217;Azienda ospedaliero-universitaria di Careggi \u00e8 dedicato alle donne della comunit\u00e0 accademica e avr\u00e0 accesso tramite un numero dedicato<\/p>\n","protected":false},"author":525,"featured_media":419902,"comment_status":"open","ping_status":"open","sticky":false,"template":"","format":"standard","meta":{"_acf_changed":false,"footnotes":""},"categories":[494],"tags":[353,4615],"class_list":["post-419901","post","type-post","status-publish","format-standard","has-post-thumbnail","hentry","category-attualita","tag-universita-di-firenze","tag-violenza-di-genere"],"acf":[],"yoast_head":"<!-- This site is optimized with the Yoast SEO Premium plugin v24.2 (Yoast SEO v25.6) - https:\/\/yoast.com\/wordpress\/plugins\/seo\/ -->\n<title>Uno sportello di ascolto contro la violenza di genere all&#039;Universit\u00e0 di Firenze - intoscana<\/title>\n<meta name=\"robots\" content=\"index, follow, max-snippet:-1, max-image-preview:large, max-video-preview:-1\" \/>\n<link rel=\"canonical\" href=\"https:\/\/www.intoscana.it\/it\/uno-sportello-di-ascolto-contro-la-violenza-di-genere-alluniversita-di-firenze\/\" \/>\n<meta property=\"og:locale\" content=\"it_IT\" \/>\n<meta property=\"og:type\" content=\"article\" \/>\n<meta property=\"og:title\" content=\"Uno sportello di ascolto contro la violenza di genere all&#039;Universit\u00e0 di Firenze\" \/>\n<meta property=\"og:description\" content=\"Realizzato in collaborazione con l&#039;Azienda ospedaliero-universitaria di Careggi \u00e8 dedicato alle donne della comunit\u00e0 accademica e avr\u00e0 accesso tramite un numero dedicato\" \/>\n<meta property=\"og:url\" content=\"https:\/\/www.intoscana.it\/it\/uno-sportello-di-ascolto-contro-la-violenza-di-genere-alluniversita-di-firenze\/\" \/>\n<meta property=\"og:site_name\" content=\"intoscana\" \/>\n<meta property=\"article:publisher\" content=\"https:\/\/www.facebook.com\/intoscana.it\" \/>\n<meta property=\"article:published_time\" content=\"2026-03-07T07:23:59+00:00\" \/>\n<meta property=\"og:image\" content=\"https:\/\/www.intoscana.it\/wp-content\/uploads\/Daniela-Matarrese-e-Alessandra-Petrucci-scaled.jpg\" \/>\n\t<meta property=\"og:image:width\" content=\"2048\" \/>\n\t<meta property=\"og:image:height\" content=\"1364\" \/>\n\t<meta property=\"og:image:type\" content=\"image\/jpeg\" \/>\n<meta name=\"author\" content=\"Redazione\" \/>\n<meta name=\"twitter:card\" content=\"summary_large_image\" \/>\n<meta name=\"twitter:creator\" content=\"@intoscana\" \/>\n<meta name=\"twitter:site\" content=\"@intoscana\" \/>\n<meta name=\"twitter:label1\" content=\"Written by\" \/>\n\t<meta name=\"twitter:data1\" content=\"Redazione\" \/>\n\t<meta name=\"twitter:label2\" content=\"Est. reading time\" \/>\n\t<meta name=\"twitter:data2\" content=\"3 minuti\" \/>\n<script type=\"application\/ld+json\" class=\"yoast-schema-graph\">{\"@context\":\"https:\/\/schema.org\",\"@graph\":[{\"@type\":\"WebPage\",\"@id\":\"https:\/\/www.intoscana.it\/it\/uno-sportello-di-ascolto-contro-la-violenza-di-genere-alluniversita-di-firenze\/\",\"url\":\"https:\/\/www.intoscana.it\/it\/uno-sportello-di-ascolto-contro-la-violenza-di-genere-alluniversita-di-firenze\/\",\"name\":\"Uno sportello di ascolto contro la violenza di genere all'Universit\u00e0 di Firenze - intoscana\",\"isPartOf\":{\"@id\":\"https:\/\/www.intoscana.it\/it\/#website\"},\"primaryImageOfPage\":{\"@id\":\"https:\/\/www.intoscana.it\/it\/uno-sportello-di-ascolto-contro-la-violenza-di-genere-alluniversita-di-firenze\/#primaryimage\"},\"image\":{\"@id\":\"https:\/\/www.intoscana.it\/it\/uno-sportello-di-ascolto-contro-la-violenza-di-genere-alluniversita-di-firenze\/#primaryimage\"},\"thumbnailUrl\":\"https:\/\/www.intoscana.it\/wp-content\/uploads\/Daniela-Matarrese-e-Alessandra-Petrucci-scaled.jpg\",\"datePublished\":\"2026-03-07T07:23:59+00:00\",\"author\":{\"@id\":\"https:\/\/www.intoscana.it\/it\/#\/schema\/person\/9223810753230f20bd670fdd322661f8\"},\"breadcrumb\":{\"@id\":\"https:\/\/www.intoscana.it\/it\/uno-sportello-di-ascolto-contro-la-violenza-di-genere-alluniversita-di-firenze\/#breadcrumb\"},\"inLanguage\":\"it-IT\",\"potentialAction\":[{\"@type\":\"ReadAction\",\"target\":[\"https:\/\/www.intoscana.it\/it\/uno-sportello-di-ascolto-contro-la-violenza-di-genere-alluniversita-di-firenze\/\"]}]},{\"@type\":\"ImageObject\",\"inLanguage\":\"it-IT\",\"@id\":\"https:\/\/www.intoscana.it\/it\/uno-sportello-di-ascolto-contro-la-violenza-di-genere-alluniversita-di-firenze\/#primaryimage\",\"url\":\"https:\/\/www.intoscana.it\/wp-content\/uploads\/Daniela-Matarrese-e-Alessandra-Petrucci-scaled.jpg\",\"contentUrl\":\"https:\/\/www.intoscana.it\/wp-content\/uploads\/Daniela-Matarrese-e-Alessandra-Petrucci-scaled.jpg\",\"width\":2048,\"height\":1364},{\"@type\":\"BreadcrumbList\",\"@id\":\"https:\/\/www.intoscana.it\/it\/uno-sportello-di-ascolto-contro-la-violenza-di-genere-alluniversita-di-firenze\/#breadcrumb\",\"itemListElement\":[{\"@type\":\"ListItem\",\"position\":1,\"name\":\"Home\",\"item\":\"https:\/\/www.intoscana.it\/it\/\"},{\"@type\":\"ListItem\",\"position\":2,\"name\":\"Uno sportello di ascolto contro la violenza di genere all&#8217;Universit\u00e0 di Firenze\"}]},{\"@type\":\"WebSite\",\"@id\":\"https:\/\/www.intoscana.it\/it\/#website\",\"url\":\"https:\/\/www.intoscana.it\/it\/\",\"name\":\"intoscana\",\"description\":\"\",\"potentialAction\":[{\"@type\":\"SearchAction\",\"target\":{\"@type\":\"EntryPoint\",\"urlTemplate\":\"https:\/\/www.intoscana.it\/it\/?s={search_term_string}\"},\"query-input\":{\"@type\":\"PropertyValueSpecification\",\"valueRequired\":true,\"valueName\":\"search_term_string\"}}],\"inLanguage\":\"it-IT\"},{\"@type\":\"Person\",\"@id\":\"https:\/\/www.intoscana.it\/it\/#\/schema\/person\/9223810753230f20bd670fdd322661f8\",\"name\":\"Redazione\",\"url\":\"https:\/\/www.intoscana.it\/it\/author\/redazione\/\"}]}<\/script>\n<!-- \/ Yoast SEO Premium plugin. -->","yoast_head_json":{"title":"Uno sportello di ascolto contro la violenza di genere all'Universit\u00e0 di Firenze - intoscana","robots":{"index":"index","follow":"follow","max-snippet":"max-snippet:-1","max-image-preview":"max-image-preview:large","max-video-preview":"max-video-preview:-1"},"canonical":"https:\/\/www.intoscana.it\/it\/uno-sportello-di-ascolto-contro-la-violenza-di-genere-alluniversita-di-firenze\/","og_locale":"it_IT","og_type":"article","og_title":"Uno sportello di ascolto contro la violenza di genere all'Universit\u00e0 di Firenze","og_description":"Realizzato in collaborazione con l'Azienda ospedaliero-universitaria di Careggi \u00e8 dedicato alle donne della comunit\u00e0 accademica e avr\u00e0 accesso tramite un numero dedicato","og_url":"https:\/\/www.intoscana.it\/it\/uno-sportello-di-ascolto-contro-la-violenza-di-genere-alluniversita-di-firenze\/","og_site_name":"intoscana","article_publisher":"https:\/\/www.facebook.com\/intoscana.it","article_published_time":"2026-03-07T07:23:59+00:00","og_image":[{"width":2048,"height":1364,"url":"https:\/\/www.intoscana.it\/wp-content\/uploads\/Daniela-Matarrese-e-Alessandra-Petrucci-scaled.jpg","type":"image\/jpeg"}],"author":"Redazione","twitter_card":"summary_large_image","twitter_creator":"@intoscana","twitter_site":"@intoscana","twitter_misc":{"Written by":"Redazione","Est. reading time":"3 minuti"},"schema":{"@context":"https:\/\/schema.org","@graph":[{"@type":"WebPage","@id":"https:\/\/www.intoscana.it\/it\/uno-sportello-di-ascolto-contro-la-violenza-di-genere-alluniversita-di-firenze\/","url":"https:\/\/www.intoscana.it\/it\/uno-sportello-di-ascolto-contro-la-violenza-di-genere-alluniversita-di-firenze\/","name":"Uno sportello di ascolto contro la violenza di genere all'Universit\u00e0 di Firenze - intoscana","isPartOf":{"@id":"https:\/\/www.intoscana.it\/it\/#website"},"primaryImageOfPage":{"@id":"https:\/\/www.intoscana.it\/it\/uno-sportello-di-ascolto-contro-la-violenza-di-genere-alluniversita-di-firenze\/#primaryimage"},"image":{"@id":"https:\/\/www.intoscana.it\/it\/uno-sportello-di-ascolto-contro-la-violenza-di-genere-alluniversita-di-firenze\/#primaryimage"},"thumbnailUrl":"https:\/\/www.intoscana.it\/wp-content\/uploads\/Daniela-Matarrese-e-Alessandra-Petrucci-scaled.jpg","datePublished":"2026-03-07T07:23:59+00:00","author":{"@id":"https:\/\/www.intoscana.it\/it\/#\/schema\/person\/9223810753230f20bd670fdd322661f8"},"breadcrumb":{"@id":"https:\/\/www.intoscana.it\/it\/uno-sportello-di-ascolto-contro-la-violenza-di-genere-alluniversita-di-firenze\/#breadcrumb"},"inLanguage":"it-IT","potentialAction":[{"@type":"ReadAction","target":["https:\/\/www.intoscana.it\/it\/uno-sportello-di-ascolto-contro-la-violenza-di-genere-alluniversita-di-firenze\/"]}]},{"@type":"ImageObject","inLanguage":"it-IT","@id":"https:\/\/www.intoscana.it\/it\/uno-sportello-di-ascolto-contro-la-violenza-di-genere-alluniversita-di-firenze\/#primaryimage","url":"https:\/\/www.intoscana.it\/wp-content\/uploads\/Daniela-Matarrese-e-Alessandra-Petrucci-scaled.jpg","contentUrl":"https:\/\/www.intoscana.it\/wp-content\/uploads\/Daniela-Matarrese-e-Alessandra-Petrucci-scaled.jpg","width":2048,"height":1364},{"@type":"BreadcrumbList","@id":"https:\/\/www.intoscana.it\/it\/uno-sportello-di-ascolto-contro-la-violenza-di-genere-alluniversita-di-firenze\/#breadcrumb","itemListElement":[{"@type":"ListItem","position":1,"name":"Home","item":"https:\/\/www.intoscana.it\/it\/"},{"@type":"ListItem","position":2,"name":"Uno sportello di ascolto contro la violenza di genere all&#8217;Universit\u00e0 di Firenze"}]},{"@type":"WebSite","@id":"https:\/\/www.intoscana.it\/it\/#website","url":"https:\/\/www.intoscana.it\/it\/","name":"intoscana","description":"","potentialAction":[{"@type":"SearchAction","target":{"@type":"EntryPoint","urlTemplate":"https:\/\/www.intoscana.it\/it\/?s={search_term_string}"},"query-input":{"@type":"PropertyValueSpecification","valueRequired":true,"valueName":"search_term_string"}}],"inLanguage":"it-IT"},{"@type":"Person","@id":"https:\/\/www.intoscana.it\/it\/#\/schema\/person\/9223810753230f20bd670fdd322661f8","name":"Redazione","url":"https:\/\/www.intoscana.it\/it\/author\/redazione\/"}]}},"_links":{"self":[{"href":"https:\/\/www.intoscana.it\/it\/wp-json\/wp\/v2\/posts\/419901","targetHints":{"allow":["GET"]}}],"collection":[{"href":"https:\/\/www.intoscana.it\/it\/wp-json\/wp\/v2\/posts"}],"about":[{"href":"https:\/\/www.intoscana.it\/it\/wp-json\/wp\/v2\/types\/post"}],"author":[{"embeddable":true,"href":"https:\/\/www.intoscana.it\/it\/wp-json\/wp\/v2\/users\/525"}],"replies":[{"embeddable":true,"href":"https:\/\/www.intoscana.it\/it\/wp-json\/wp\/v2\/comments?post=419901"}],"version-history":[{"count":2,"href":"https:\/\/www.intoscana.it\/it\/wp-json\/wp\/v2\/posts\/419901\/revisions"}],"predecessor-version":[{"id":419906,"href":"https:\/\/www.intoscana.it\/it\/wp-json\/wp\/v2\/posts\/419901\/revisions\/419906"}],"wp:featuredmedia":[{"embeddable":true,"href":"https:\/\/www.intoscana.it\/it\/wp-json\/wp\/v2\/media\/419902"}],"wp:attachment":[{"href":"https:\/\/www.intoscana.it\/it\/wp-json\/wp\/v2\/media?parent=419901"}],"wp:term":[{"taxonomy":"category","embeddable":true,"href":"https:\/\/www.intoscana.it\/it\/wp-json\/wp\/v2\/categories?post=419901"},{"taxonomy":"post_tag","embeddable":true,"href":"https:\/\/www.intoscana.it\/it\/wp-json\/wp\/v2\/tags?post=419901"}],"curies":[{"name":"wp","href":"https:\/\/api.w.org\/{rel}","templated":true}]}}