{"id":419936,"date":"2026-03-07T12:43:23","date_gmt":"2026-03-07T11:43:23","guid":{"rendered":"https:\/\/www.intoscana.it\/it\/?p=419936"},"modified":"2026-03-07T12:43:23","modified_gmt":"2026-03-07T11:43:23","slug":"ex-caserma-lupi-di-toscana-a-firenze-236-alloggi-grazie-al-social-housing","status":"publish","type":"post","link":"https:\/\/www.intoscana.it\/it\/ex-caserma-lupi-di-toscana-a-firenze-236-alloggi-grazie-al-social-housing\/","title":{"rendered":"Ex caserma Lupi di Toscana a Firenze: 236 alloggi grazie al social housing"},"content":{"rendered":"<p>\u00c8 stato presentato ieri a Palazzo Vecchio il\u00a0progetto\u00a0<span class=\"il\">di<\/span>\u00a0rigenerazione urbana dell\u2019ex Caserma\u00a0<span class=\"il\">Lupi di Toscana, che <\/span>rappresenta a oggi il pi\u00f9 <strong>ampio intervento\u00a0<span class=\"il\">di<\/span>\u00a0<span class=\"il\">social housing<\/span>\u00a0a Firenze<\/strong> in termini\u00a0<span class=\"il\">di<\/span>\u00a0metri quadri, numero\u00a0<span class=\"il\">di<\/span> alloggi e servizi per i residenti.<\/p>\n<h3>Affitto calmierato per 15 anni<\/h3>\n<p>I lavori per gli alloggi di edilizia residenziale sociale nell&#8217;ex caserma dei Lupi di Toscana a Firenze partiranno nel 2027, con l&#8217;obiettivo di consegnarli a fine 2029. Si tratta di un investimento di circa 55 milioni di euro, di cui <strong>35 milioni da parte del Fondo nazionale dell&#8217;abitare (Cdp real asset Sgr), 15 milioni da Fondazione Cr Firenze<\/strong> e 4 milioni dalla valorizzazione delle aree comunali. <mark>Saranno realizzati 236 appartamenti, su una superficie complessiva di 17mila metri quadri, da affittare a 600 euro al mese. <\/mark>La convenzione dura 15 anni, poi g<strong>li inquilini potranno decidere se riscattare gli alloggi,<\/strong> in caso contrario il Comune di Firenze si \u00e8 garantito un diritto di prelazione, per continuare a mettere in circolo abitazioni a canone calmierato.<br \/>\nLa selezione dei <strong>nuclei familiari beneficiari degli alloggi sociali<\/strong> avverr\u00e0 tramite appositi bandi che terranno conto delle condizioni\u00a0<span class=\"il\">di<\/span>\u00a0assegnazione previste dalla convenzione sociale stipulata tra il Comune e il fondo Abitaequo.<\/p>\n<p><em>&#8220;Un&#8217;operazione non solo di costruzione di social housing che avverr\u00e0 in tempi abbastanza abbastanza ristretti, ma anche un&#8217;operazione di rigenerazione urbana all&#8217;interno della caserma dei Lupi di Toscana che d\u00e0 risposte anche da un punto di vista educativo e di servizi sociali &#8211; <\/em>ha commentato la <strong>sindaca di Firenze Sara Funaro<\/strong> &#8211; <em>\u00e8 un progetto che parte da un percorso di partecipazione importante, una risposta vera che dar\u00e0 la <strong>possibilit\u00e0 alle famiglia di avere alloggi sostenibili,<\/strong> ma anche una risposta di attrattivit\u00e0 e di sostenibilit\u00e0 per chi vive e lavora nella nostra citt\u00e0. Se noi vogliamo continuare a investire nello sviluppo della nostra citt\u00e0, dobbiamo investire sulle politiche abitative&#8221;.<\/em><\/p>\n<figure id=\"post-419938 media-419938\" class=\"align-none\">\n<p><figure style=\"width: 1920px\" class=\"wp-caption alignnone\"><img loading=\"lazy\" decoding=\"async\" src=\"https:\/\/www.intoscana.it\/wp-content\/uploads\/luli-mastreplan_abitaequo.jpg\" alt=\"\" width=\"1920\" height=\"1152\" \/><figcaption class=\"wp-caption-text\">Il progetto di social housing nell\u2019ex caserma Lupi di Toscana a Firenze<\/figcaption><\/figure><\/figure>\n<p>Il fondo Abitaequo, gestito da Investire Sgr \u00e8 il soggetto aggiudicatario. Oltre agli alloggi, realizzer\u00e0 a proprie spese le opere di urbanizzazione primaria, tra cui la viabilit\u00e0 ciclopedonale di collegamento tra viale Nenni e la Palazzina comando, una nuova piazza e le opere di urbanizzazione secondaria, tra cui<strong> gli orti sociali, il parco a sud-ovest, oltre allo spazio educativo 0-6<\/strong> che trover\u00e0 posto in una delle palazzine esistenti ai lati dell&#8217;ex palazzina Comando, situata all&#8217;ingresso.<\/p>\n<p>Gli appartamenti saranno realizzati nel lato nord del futuro viale centrale dell&#8217;intero nuovo insediamento: si tratta di bilocali, trilocali e quadrilocali, con autorimessa e cantina. Luned\u00ec \u00e8 prevista la terza e ultima fase di demolizioni da parte del Comune, a <strong>inizio 2027 l&#8217;avvio del cantiere che si concluder\u00e0 a fine 2029.\u00a0<\/strong><\/p>\n","protected":false},"excerpt":{"rendered":"<p>Gli appartamenti di edilizia residenziale sociale saranno pronti entro il 2029 e verranno affittati a 600 euro per 15 anni, poi potranno essere acquistati<\/p>\n","protected":false},"author":525,"featured_media":419937,"comment_status":"open","ping_status":"open","sticky":false,"template":"","format":"standard","meta":{"_acf_changed":false,"footnotes":""},"categories":[494],"tags":[4502,202,5290],"class_list":["post-419936","post","type-post","status-publish","format-standard","has-post-thumbnail","hentry","category-attualita","tag-casa","tag-firenze","tag-rigenerazione-urbana"],"acf":[],"yoast_head":"<!-- This site is optimized with the Yoast SEO Premium plugin v24.2 (Yoast SEO v25.6) - https:\/\/yoast.com\/wordpress\/plugins\/seo\/ -->\n<title>Ex caserma Lupi di Toscana a Firenze: 236 alloggi grazie al social housing - intoscana<\/title>\n<meta name=\"robots\" content=\"index, follow, max-snippet:-1, max-image-preview:large, max-video-preview:-1\" \/>\n<link rel=\"canonical\" href=\"https:\/\/www.intoscana.it\/it\/ex-caserma-lupi-di-toscana-a-firenze-236-alloggi-grazie-al-social-housing\/\" \/>\n<meta property=\"og:locale\" content=\"it_IT\" \/>\n<meta property=\"og:type\" content=\"article\" \/>\n<meta property=\"og:title\" content=\"Ex caserma Lupi di Toscana a Firenze: 236 alloggi grazie al social housing\" \/>\n<meta property=\"og:description\" content=\"Gli appartamenti di edilizia residenziale sociale saranno pronti entro il 2029 e verranno affittati a 600 euro per 15 anni, poi potranno essere acquistati\" \/>\n<meta property=\"og:url\" content=\"https:\/\/www.intoscana.it\/it\/ex-caserma-lupi-di-toscana-a-firenze-236-alloggi-grazie-al-social-housing\/\" \/>\n<meta property=\"og:site_name\" content=\"intoscana\" \/>\n<meta property=\"article:publisher\" content=\"https:\/\/www.facebook.com\/intoscana.it\" \/>\n<meta property=\"article:published_time\" content=\"2026-03-07T11:43:23+00:00\" \/>\n<meta property=\"og:image\" content=\"https:\/\/www.intoscana.it\/wp-content\/uploads\/fcrf-ex-caserma-lupi-toscana-social-housing-260307-1_websize.jpg\" \/>\n\t<meta property=\"og:image:width\" content=\"2048\" \/>\n\t<meta property=\"og:image:height\" content=\"1152\" \/>\n\t<meta property=\"og:image:type\" content=\"image\/jpeg\" \/>\n<meta name=\"author\" content=\"Redazione\" \/>\n<meta name=\"twitter:card\" content=\"summary_large_image\" \/>\n<meta name=\"twitter:creator\" content=\"@intoscana\" \/>\n<meta name=\"twitter:site\" content=\"@intoscana\" \/>\n<meta name=\"twitter:label1\" content=\"Written by\" \/>\n\t<meta name=\"twitter:data1\" content=\"Redazione\" \/>\n\t<meta name=\"twitter:label2\" content=\"Est. reading time\" \/>\n\t<meta name=\"twitter:data2\" content=\"3 minuti\" \/>\n<script type=\"application\/ld+json\" class=\"yoast-schema-graph\">{\"@context\":\"https:\/\/schema.org\",\"@graph\":[{\"@type\":\"WebPage\",\"@id\":\"https:\/\/www.intoscana.it\/it\/ex-caserma-lupi-di-toscana-a-firenze-236-alloggi-grazie-al-social-housing\/\",\"url\":\"https:\/\/www.intoscana.it\/it\/ex-caserma-lupi-di-toscana-a-firenze-236-alloggi-grazie-al-social-housing\/\",\"name\":\"Ex caserma Lupi di Toscana a Firenze: 236 alloggi grazie al social housing - intoscana\",\"isPartOf\":{\"@id\":\"https:\/\/www.intoscana.it\/it\/#website\"},\"primaryImageOfPage\":{\"@id\":\"https:\/\/www.intoscana.it\/it\/ex-caserma-lupi-di-toscana-a-firenze-236-alloggi-grazie-al-social-housing\/#primaryimage\"},\"image\":{\"@id\":\"https:\/\/www.intoscana.it\/it\/ex-caserma-lupi-di-toscana-a-firenze-236-alloggi-grazie-al-social-housing\/#primaryimage\"},\"thumbnailUrl\":\"https:\/\/www.intoscana.it\/wp-content\/uploads\/fcrf-ex-caserma-lupi-toscana-social-housing-260307-1_websize.jpg\",\"datePublished\":\"2026-03-07T11:43:23+00:00\",\"author\":{\"@id\":\"https:\/\/www.intoscana.it\/it\/#\/schema\/person\/9223810753230f20bd670fdd322661f8\"},\"breadcrumb\":{\"@id\":\"https:\/\/www.intoscana.it\/it\/ex-caserma-lupi-di-toscana-a-firenze-236-alloggi-grazie-al-social-housing\/#breadcrumb\"},\"inLanguage\":\"it-IT\",\"potentialAction\":[{\"@type\":\"ReadAction\",\"target\":[\"https:\/\/www.intoscana.it\/it\/ex-caserma-lupi-di-toscana-a-firenze-236-alloggi-grazie-al-social-housing\/\"]}]},{\"@type\":\"ImageObject\",\"inLanguage\":\"it-IT\",\"@id\":\"https:\/\/www.intoscana.it\/it\/ex-caserma-lupi-di-toscana-a-firenze-236-alloggi-grazie-al-social-housing\/#primaryimage\",\"url\":\"https:\/\/www.intoscana.it\/wp-content\/uploads\/fcrf-ex-caserma-lupi-toscana-social-housing-260307-1_websize.jpg\",\"contentUrl\":\"https:\/\/www.intoscana.it\/wp-content\/uploads\/fcrf-ex-caserma-lupi-toscana-social-housing-260307-1_websize.jpg\",\"width\":2048,\"height\":1152,\"caption\":\"Ex caserma Lupi di Toscana a Firenze\"},{\"@type\":\"BreadcrumbList\",\"@id\":\"https:\/\/www.intoscana.it\/it\/ex-caserma-lupi-di-toscana-a-firenze-236-alloggi-grazie-al-social-housing\/#breadcrumb\",\"itemListElement\":[{\"@type\":\"ListItem\",\"position\":1,\"name\":\"Home\",\"item\":\"https:\/\/www.intoscana.it\/it\/\"},{\"@type\":\"ListItem\",\"position\":2,\"name\":\"Ex caserma Lupi di Toscana a Firenze: 236 alloggi grazie al social housing\"}]},{\"@type\":\"WebSite\",\"@id\":\"https:\/\/www.intoscana.it\/it\/#website\",\"url\":\"https:\/\/www.intoscana.it\/it\/\",\"name\":\"intoscana\",\"description\":\"\",\"potentialAction\":[{\"@type\":\"SearchAction\",\"target\":{\"@type\":\"EntryPoint\",\"urlTemplate\":\"https:\/\/www.intoscana.it\/it\/?s={search_term_string}\"},\"query-input\":{\"@type\":\"PropertyValueSpecification\",\"valueRequired\":true,\"valueName\":\"search_term_string\"}}],\"inLanguage\":\"it-IT\"},{\"@type\":\"Person\",\"@id\":\"https:\/\/www.intoscana.it\/it\/#\/schema\/person\/9223810753230f20bd670fdd322661f8\",\"name\":\"Redazione\",\"url\":\"https:\/\/www.intoscana.it\/it\/author\/redazione\/\"}]}<\/script>\n<!-- \/ Yoast SEO Premium plugin. -->","yoast_head_json":{"title":"Ex caserma Lupi di Toscana a Firenze: 236 alloggi grazie al social housing - intoscana","robots":{"index":"index","follow":"follow","max-snippet":"max-snippet:-1","max-image-preview":"max-image-preview:large","max-video-preview":"max-video-preview:-1"},"canonical":"https:\/\/www.intoscana.it\/it\/ex-caserma-lupi-di-toscana-a-firenze-236-alloggi-grazie-al-social-housing\/","og_locale":"it_IT","og_type":"article","og_title":"Ex caserma Lupi di Toscana a Firenze: 236 alloggi grazie al social housing","og_description":"Gli appartamenti di edilizia residenziale sociale saranno pronti entro il 2029 e verranno affittati a 600 euro per 15 anni, poi potranno essere acquistati","og_url":"https:\/\/www.intoscana.it\/it\/ex-caserma-lupi-di-toscana-a-firenze-236-alloggi-grazie-al-social-housing\/","og_site_name":"intoscana","article_publisher":"https:\/\/www.facebook.com\/intoscana.it","article_published_time":"2026-03-07T11:43:23+00:00","og_image":[{"width":2048,"height":1152,"url":"https:\/\/www.intoscana.it\/wp-content\/uploads\/fcrf-ex-caserma-lupi-toscana-social-housing-260307-1_websize.jpg","type":"image\/jpeg"}],"author":"Redazione","twitter_card":"summary_large_image","twitter_creator":"@intoscana","twitter_site":"@intoscana","twitter_misc":{"Written by":"Redazione","Est. reading time":"3 minuti"},"schema":{"@context":"https:\/\/schema.org","@graph":[{"@type":"WebPage","@id":"https:\/\/www.intoscana.it\/it\/ex-caserma-lupi-di-toscana-a-firenze-236-alloggi-grazie-al-social-housing\/","url":"https:\/\/www.intoscana.it\/it\/ex-caserma-lupi-di-toscana-a-firenze-236-alloggi-grazie-al-social-housing\/","name":"Ex caserma Lupi di Toscana a Firenze: 236 alloggi grazie al social housing - intoscana","isPartOf":{"@id":"https:\/\/www.intoscana.it\/it\/#website"},"primaryImageOfPage":{"@id":"https:\/\/www.intoscana.it\/it\/ex-caserma-lupi-di-toscana-a-firenze-236-alloggi-grazie-al-social-housing\/#primaryimage"},"image":{"@id":"https:\/\/www.intoscana.it\/it\/ex-caserma-lupi-di-toscana-a-firenze-236-alloggi-grazie-al-social-housing\/#primaryimage"},"thumbnailUrl":"https:\/\/www.intoscana.it\/wp-content\/uploads\/fcrf-ex-caserma-lupi-toscana-social-housing-260307-1_websize.jpg","datePublished":"2026-03-07T11:43:23+00:00","author":{"@id":"https:\/\/www.intoscana.it\/it\/#\/schema\/person\/9223810753230f20bd670fdd322661f8"},"breadcrumb":{"@id":"https:\/\/www.intoscana.it\/it\/ex-caserma-lupi-di-toscana-a-firenze-236-alloggi-grazie-al-social-housing\/#breadcrumb"},"inLanguage":"it-IT","potentialAction":[{"@type":"ReadAction","target":["https:\/\/www.intoscana.it\/it\/ex-caserma-lupi-di-toscana-a-firenze-236-alloggi-grazie-al-social-housing\/"]}]},{"@type":"ImageObject","inLanguage":"it-IT","@id":"https:\/\/www.intoscana.it\/it\/ex-caserma-lupi-di-toscana-a-firenze-236-alloggi-grazie-al-social-housing\/#primaryimage","url":"https:\/\/www.intoscana.it\/wp-content\/uploads\/fcrf-ex-caserma-lupi-toscana-social-housing-260307-1_websize.jpg","contentUrl":"https:\/\/www.intoscana.it\/wp-content\/uploads\/fcrf-ex-caserma-lupi-toscana-social-housing-260307-1_websize.jpg","width":2048,"height":1152,"caption":"Ex caserma Lupi di Toscana a Firenze"},{"@type":"BreadcrumbList","@id":"https:\/\/www.intoscana.it\/it\/ex-caserma-lupi-di-toscana-a-firenze-236-alloggi-grazie-al-social-housing\/#breadcrumb","itemListElement":[{"@type":"ListItem","position":1,"name":"Home","item":"https:\/\/www.intoscana.it\/it\/"},{"@type":"ListItem","position":2,"name":"Ex caserma Lupi di Toscana a Firenze: 236 alloggi grazie al social housing"}]},{"@type":"WebSite","@id":"https:\/\/www.intoscana.it\/it\/#website","url":"https:\/\/www.intoscana.it\/it\/","name":"intoscana","description":"","potentialAction":[{"@type":"SearchAction","target":{"@type":"EntryPoint","urlTemplate":"https:\/\/www.intoscana.it\/it\/?s={search_term_string}"},"query-input":{"@type":"PropertyValueSpecification","valueRequired":true,"valueName":"search_term_string"}}],"inLanguage":"it-IT"},{"@type":"Person","@id":"https:\/\/www.intoscana.it\/it\/#\/schema\/person\/9223810753230f20bd670fdd322661f8","name":"Redazione","url":"https:\/\/www.intoscana.it\/it\/author\/redazione\/"}]}},"_links":{"self":[{"href":"https:\/\/www.intoscana.it\/it\/wp-json\/wp\/v2\/posts\/419936","targetHints":{"allow":["GET"]}}],"collection":[{"href":"https:\/\/www.intoscana.it\/it\/wp-json\/wp\/v2\/posts"}],"about":[{"href":"https:\/\/www.intoscana.it\/it\/wp-json\/wp\/v2\/types\/post"}],"author":[{"embeddable":true,"href":"https:\/\/www.intoscana.it\/it\/wp-json\/wp\/v2\/users\/525"}],"replies":[{"embeddable":true,"href":"https:\/\/www.intoscana.it\/it\/wp-json\/wp\/v2\/comments?post=419936"}],"version-history":[{"count":2,"href":"https:\/\/www.intoscana.it\/it\/wp-json\/wp\/v2\/posts\/419936\/revisions"}],"predecessor-version":[{"id":419940,"href":"https:\/\/www.intoscana.it\/it\/wp-json\/wp\/v2\/posts\/419936\/revisions\/419940"}],"wp:featuredmedia":[{"embeddable":true,"href":"https:\/\/www.intoscana.it\/it\/wp-json\/wp\/v2\/media\/419937"}],"wp:attachment":[{"href":"https:\/\/www.intoscana.it\/it\/wp-json\/wp\/v2\/media?parent=419936"}],"wp:term":[{"taxonomy":"category","embeddable":true,"href":"https:\/\/www.intoscana.it\/it\/wp-json\/wp\/v2\/categories?post=419936"},{"taxonomy":"post_tag","embeddable":true,"href":"https:\/\/www.intoscana.it\/it\/wp-json\/wp\/v2\/tags?post=419936"}],"curies":[{"name":"wp","href":"https:\/\/api.w.org\/{rel}","templated":true}]}}