{"id":420012,"date":"2026-03-09T11:14:33","date_gmt":"2026-03-09T10:14:33","guid":{"rendered":"https:\/\/www.intoscana.it\/it\/?p=420012"},"modified":"2026-03-11T12:54:30","modified_gmt":"2026-03-11T11:54:30","slug":"alta-velocita-giani-conferma-i-lavori-finiranno-nel-2028","status":"publish","type":"post","link":"https:\/\/www.intoscana.it\/it\/alta-velocita-giani-conferma-i-lavori-finiranno-nel-2028\/","title":{"rendered":"Alta Velocit\u00e0, Giani conferma: &#8220;I lavori finiranno nel 2028&#8221;"},"content":{"rendered":"<p>Sull&#8217;<strong>Alta velovit\u00e0 ferroviaria<\/strong>, il presidente della Regione<strong> Eugenio Giani<\/strong> assicura: <mark>\u201cI lavori finiranno nel 2028 come previsto perch\u00e9 stanno procedendo secondo il cronoprogramma.<\/mark> Le due talpe, <strong>Marica e Iris<\/strong>, sono ormai nella posizione di attestazione. Inaugureremo in tunnel nell\u2019arco di un mese o due da oggi e poi dovr\u00e0 essere realizzato l\u2019altro tratto, quello di via Circondaria fino alla parte alta di Rifredi, sopra via Panciatichi. Contemporaneamente sar\u00e0 da impostare la <strong>stazione Foster<\/strong> per l\u2019alta velocit\u00e0. Andando avanti con questi ritmi nel 2028 dovrebbe essere tutto realizzato\u201d.<\/p>\n<p>Nessun problema dai nuovi<strong> treni francesi Sncf<\/strong> che circoleranno da settembre 2027 e opereranno nel mercato dell&#8217;alta velocit\u00e0 italiana: &#8220;Non condizioneranno il programma &#8211; ha precisato &#8211;\u00a0 in quanto <mark>si muoveranno in orari che non provocheranno problemi ai pendolari.<\/mark> Tutto questo sar\u00e0 una sorta di anticipazione di quello che significher\u00e0 l\u2019alta velocit\u00e0 per Firenze\u201d.<\/p>\n<h3><em>Sopralluogo sul torrente Mugnone<\/em><\/h3>\n<p>Considerazioni che arrivano a margine del sopralluogo effettuato dal presidente domenica 8 aprile in via Cosseria a Firenze, per visionare lo stato dell&#8217;arte dei <strong>lavori di difesa del suolo<\/strong> realizzati da Rete Ferroviaria Italiana come opera compensativa per la realizzazione dell\u2019Alta velocit\u00e0 fiorentina.\u00a0 Ad accompagnarlo il sottosegretario alla Presidenza regionale <strong>Bernard Dika<\/strong> e tecnici del Genio civile.<\/p>\n<p>Si tratta di interventi di adeguamento idraulico del torrente Mugnone che\u00a0 &#8220;stanno proseguendo in modo ottimale&#8221;, ha detto Giani,\u00a0 <mark>destinati a &#8220;migliorare la sicurezza di Firenze&#8221;.<\/mark><\/p>\n<p>Il Mugnone \u00e8 il principale affluente dell&#8217;Arno e &#8220;fino ad oggi aveva una portata di circa 150 metri cubi al secondo mentre con questi lavori passiamo a oltre <strong>250 metri cubi<\/strong> con l&#8217;allargamento delle sponde, la copertura totale delle tre arcate che permettono al torrente di passare sotto la ferrovia e la realizzazione di un by-pass alla fine del percorso sotto la ferrovia che consentir\u00e0 una portata d&#8217;acqua sostanzialmente raddoppiata&#8221;. Sono tutte <mark>&#8220;opere di pubblica utilit\u00e0 che hanno l&#8217;obiettivo di migliorare la sicurezza idraulica dell&#8217;area consentendo il deflusso delle portate di piena con tempi di ritorno fino a duecento anni in condizioni di sicurezza.<\/mark> Queste opere sono importanti perch\u00e9, una volta realizzate, consentiranno di prevenire eventi alluvionali come quello che nel 1992 interess\u00f2 proprio l&#8217;area di via Cosseria&#8221;.<\/p>\n<h3><em>Gli interventi<\/em><\/h3>\n<p>Il <strong>protocollo d\u2019intesa<\/strong> venne firmato nel 1995 da Ferrovie dello Stato, Regione Toscana, Ministero dei Lavori Pubblici, Provveditorato alle Opere Pubbliche della Toscana, Autorit\u00e0 di Bacino del fiume Arno e Comune di Firenze proprio in seguito all\u2019evento alluvionale del 1992.<\/p>\n<p>Gli interventi nella zona di via Cosseria sono articolati in due fasi principali. La prima ha riguardato le attivit\u00e0 di cantierizzazione, il taglio delle alberature, la realizzazione dei pali lungo l\u2019argine e la prima <strong>risagomatura<\/strong> di una parte dell\u2019alveo del torrente. La seconda prevede invece la risagomatura definitiva dell\u2019alveo e le sistemazioni finali dell\u2019area, comprese le operazioni di ripiantumazione degli alberi.<\/p>\n<p>Le attivit\u00e0 nel cantiere di <strong>via Cosseria<\/strong> sono iniziate nel luglio 2025. Nel mese di ottobre \u00e8 stata completata la realizzazione dei pali lungo l\u2019argine. Adesso \u00e8 in corso la seconda fase dei lavori, che prevede una configurazione del cantiere pi\u00f9 ridotta e la conseguente restituzione di una parte della carreggiata di via Cosseria alla viabilit\u00e0.<\/p>\n<p>Il completamento della sistemazione del torrente<strong> Mugnone<\/strong>, compresa la realizzazione della nuova opera di sottopasso idraulico, secondo le attuali previsioni, <mark>\u00e8 previsto entro la fine del 2027.<\/mark><\/p>\n","protected":false},"excerpt":{"rendered":"<p>Il presidente assicura sul rispetto dei tempi. Sopralluogo agli interventi di adeguamento idraulico in corso al torrente Mugnone per migliorare la sicurezza del territorio<\/p>\n","protected":false},"author":525,"featured_media":420019,"comment_status":"open","ping_status":"open","sticky":false,"template":"","format":"standard","meta":{"_acf_changed":false,"footnotes":""},"categories":[494],"tags":[5224,158,1577],"class_list":["post-420012","post","type-post","status-publish","format-standard","has-post-thumbnail","hentry","category-attualita","tag-alta-velocita","tag-eugenio-giani","tag-muoversi-in-toscana"],"acf":[],"yoast_head":"<!-- This site is optimized with the Yoast SEO Premium plugin v24.2 (Yoast SEO v25.6) - https:\/\/yoast.com\/wordpress\/plugins\/seo\/ -->\n<title>Alta Velocit\u00e0, Giani conferma: &quot;I lavori finiranno nel 2028&quot; - intoscana<\/title>\n<meta name=\"description\" content=\"Il presidente assicura sul rispetto dei tempi. Sopralluogo agli interventi di adeguamento idraulico in corso al torrente Mugnone per migliorare la sicurezza del territorio\" \/>\n<meta name=\"robots\" content=\"index, follow, max-snippet:-1, max-image-preview:large, max-video-preview:-1\" \/>\n<link rel=\"canonical\" href=\"https:\/\/www.intoscana.it\/it\/alta-velocita-giani-conferma-i-lavori-finiranno-nel-2028\/\" \/>\n<meta property=\"og:locale\" content=\"it_IT\" \/>\n<meta property=\"og:type\" content=\"article\" \/>\n<meta property=\"og:title\" content=\"Alta Velocit\u00e0, Giani conferma: &quot;I lavori finiranno nel 2028&quot;\" \/>\n<meta property=\"og:description\" content=\"Il presidente assicura sul rispetto dei tempi. Sopralluogo agli interventi di adeguamento idraulico in corso al torrente Mugnone per migliorare la sicurezza del territorio\" \/>\n<meta property=\"og:url\" content=\"https:\/\/www.intoscana.it\/it\/alta-velocita-giani-conferma-i-lavori-finiranno-nel-2028\/\" \/>\n<meta property=\"og:site_name\" content=\"intoscana\" \/>\n<meta property=\"article:publisher\" content=\"https:\/\/www.facebook.com\/intoscana.it\" \/>\n<meta property=\"article:published_time\" content=\"2026-03-09T10:14:33+00:00\" \/>\n<meta property=\"article:modified_time\" content=\"2026-03-11T11:54:30+00:00\" \/>\n<meta property=\"og:image\" content=\"https:\/\/www.intoscana.it\/wp-content\/uploads\/WhatsApp-Image-2026-03-08-at-12.55.17-1.jpeg\" \/>\n\t<meta property=\"og:image:width\" content=\"2000\" \/>\n\t<meta property=\"og:image:height\" content=\"1500\" \/>\n\t<meta property=\"og:image:type\" content=\"image\/jpeg\" \/>\n<meta name=\"author\" content=\"Redazione\" \/>\n<meta name=\"twitter:card\" content=\"summary_large_image\" \/>\n<meta name=\"twitter:creator\" content=\"@intoscana\" \/>\n<meta name=\"twitter:site\" content=\"@intoscana\" \/>\n<meta name=\"twitter:label1\" content=\"Written by\" \/>\n\t<meta name=\"twitter:data1\" content=\"Redazione\" \/>\n\t<meta name=\"twitter:label2\" content=\"Est. reading time\" \/>\n\t<meta name=\"twitter:data2\" content=\"4 minuti\" \/>\n<script type=\"application\/ld+json\" class=\"yoast-schema-graph\">{\"@context\":\"https:\/\/schema.org\",\"@graph\":[{\"@type\":\"WebPage\",\"@id\":\"https:\/\/www.intoscana.it\/it\/alta-velocita-giani-conferma-i-lavori-finiranno-nel-2028\/\",\"url\":\"https:\/\/www.intoscana.it\/it\/alta-velocita-giani-conferma-i-lavori-finiranno-nel-2028\/\",\"name\":\"Alta Velocit\u00e0, Giani conferma: \\\"I lavori finiranno nel 2028\\\" - intoscana\",\"isPartOf\":{\"@id\":\"https:\/\/www.intoscana.it\/it\/#website\"},\"primaryImageOfPage\":{\"@id\":\"https:\/\/www.intoscana.it\/it\/alta-velocita-giani-conferma-i-lavori-finiranno-nel-2028\/#primaryimage\"},\"image\":{\"@id\":\"https:\/\/www.intoscana.it\/it\/alta-velocita-giani-conferma-i-lavori-finiranno-nel-2028\/#primaryimage\"},\"thumbnailUrl\":\"https:\/\/www.intoscana.it\/wp-content\/uploads\/WhatsApp-Image-2026-03-08-at-12.55.17-1.jpeg\",\"datePublished\":\"2026-03-09T10:14:33+00:00\",\"dateModified\":\"2026-03-11T11:54:30+00:00\",\"author\":{\"@id\":\"https:\/\/www.intoscana.it\/it\/#\/schema\/person\/9223810753230f20bd670fdd322661f8\"},\"description\":\"Il presidente assicura sul rispetto dei tempi. Sopralluogo agli interventi di adeguamento idraulico in corso al torrente Mugnone per migliorare la sicurezza del territorio\",\"breadcrumb\":{\"@id\":\"https:\/\/www.intoscana.it\/it\/alta-velocita-giani-conferma-i-lavori-finiranno-nel-2028\/#breadcrumb\"},\"inLanguage\":\"it-IT\",\"potentialAction\":[{\"@type\":\"ReadAction\",\"target\":[\"https:\/\/www.intoscana.it\/it\/alta-velocita-giani-conferma-i-lavori-finiranno-nel-2028\/\"]}]},{\"@type\":\"ImageObject\",\"inLanguage\":\"it-IT\",\"@id\":\"https:\/\/www.intoscana.it\/it\/alta-velocita-giani-conferma-i-lavori-finiranno-nel-2028\/#primaryimage\",\"url\":\"https:\/\/www.intoscana.it\/wp-content\/uploads\/WhatsApp-Image-2026-03-08-at-12.55.17-1.jpeg\",\"contentUrl\":\"https:\/\/www.intoscana.it\/wp-content\/uploads\/WhatsApp-Image-2026-03-08-at-12.55.17-1.jpeg\",\"width\":2000,\"height\":1500},{\"@type\":\"BreadcrumbList\",\"@id\":\"https:\/\/www.intoscana.it\/it\/alta-velocita-giani-conferma-i-lavori-finiranno-nel-2028\/#breadcrumb\",\"itemListElement\":[{\"@type\":\"ListItem\",\"position\":1,\"name\":\"Home\",\"item\":\"https:\/\/www.intoscana.it\/it\/\"},{\"@type\":\"ListItem\",\"position\":2,\"name\":\"Alta Velocit\u00e0, Giani conferma: &#8220;I lavori finiranno nel 2028&#8221;\"}]},{\"@type\":\"WebSite\",\"@id\":\"https:\/\/www.intoscana.it\/it\/#website\",\"url\":\"https:\/\/www.intoscana.it\/it\/\",\"name\":\"intoscana\",\"description\":\"\",\"potentialAction\":[{\"@type\":\"SearchAction\",\"target\":{\"@type\":\"EntryPoint\",\"urlTemplate\":\"https:\/\/www.intoscana.it\/it\/?s={search_term_string}\"},\"query-input\":{\"@type\":\"PropertyValueSpecification\",\"valueRequired\":true,\"valueName\":\"search_term_string\"}}],\"inLanguage\":\"it-IT\"},{\"@type\":\"Person\",\"@id\":\"https:\/\/www.intoscana.it\/it\/#\/schema\/person\/9223810753230f20bd670fdd322661f8\",\"name\":\"Redazione\",\"url\":\"https:\/\/www.intoscana.it\/it\/author\/redazione\/\"}]}<\/script>\n<!-- \/ Yoast SEO Premium plugin. -->","yoast_head_json":{"title":"Alta Velocit\u00e0, Giani conferma: \"I lavori finiranno nel 2028\" - intoscana","description":"Il presidente assicura sul rispetto dei tempi. Sopralluogo agli interventi di adeguamento idraulico in corso al torrente Mugnone per migliorare la sicurezza del territorio","robots":{"index":"index","follow":"follow","max-snippet":"max-snippet:-1","max-image-preview":"max-image-preview:large","max-video-preview":"max-video-preview:-1"},"canonical":"https:\/\/www.intoscana.it\/it\/alta-velocita-giani-conferma-i-lavori-finiranno-nel-2028\/","og_locale":"it_IT","og_type":"article","og_title":"Alta Velocit\u00e0, Giani conferma: \"I lavori finiranno nel 2028\"","og_description":"Il presidente assicura sul rispetto dei tempi. Sopralluogo agli interventi di adeguamento idraulico in corso al torrente Mugnone per migliorare la sicurezza del territorio","og_url":"https:\/\/www.intoscana.it\/it\/alta-velocita-giani-conferma-i-lavori-finiranno-nel-2028\/","og_site_name":"intoscana","article_publisher":"https:\/\/www.facebook.com\/intoscana.it","article_published_time":"2026-03-09T10:14:33+00:00","article_modified_time":"2026-03-11T11:54:30+00:00","og_image":[{"width":2000,"height":1500,"url":"https:\/\/www.intoscana.it\/wp-content\/uploads\/WhatsApp-Image-2026-03-08-at-12.55.17-1.jpeg","type":"image\/jpeg"}],"author":"Redazione","twitter_card":"summary_large_image","twitter_creator":"@intoscana","twitter_site":"@intoscana","twitter_misc":{"Written by":"Redazione","Est. reading time":"4 minuti"},"schema":{"@context":"https:\/\/schema.org","@graph":[{"@type":"WebPage","@id":"https:\/\/www.intoscana.it\/it\/alta-velocita-giani-conferma-i-lavori-finiranno-nel-2028\/","url":"https:\/\/www.intoscana.it\/it\/alta-velocita-giani-conferma-i-lavori-finiranno-nel-2028\/","name":"Alta Velocit\u00e0, Giani conferma: \"I lavori finiranno nel 2028\" - intoscana","isPartOf":{"@id":"https:\/\/www.intoscana.it\/it\/#website"},"primaryImageOfPage":{"@id":"https:\/\/www.intoscana.it\/it\/alta-velocita-giani-conferma-i-lavori-finiranno-nel-2028\/#primaryimage"},"image":{"@id":"https:\/\/www.intoscana.it\/it\/alta-velocita-giani-conferma-i-lavori-finiranno-nel-2028\/#primaryimage"},"thumbnailUrl":"https:\/\/www.intoscana.it\/wp-content\/uploads\/WhatsApp-Image-2026-03-08-at-12.55.17-1.jpeg","datePublished":"2026-03-09T10:14:33+00:00","dateModified":"2026-03-11T11:54:30+00:00","author":{"@id":"https:\/\/www.intoscana.it\/it\/#\/schema\/person\/9223810753230f20bd670fdd322661f8"},"description":"Il presidente assicura sul rispetto dei tempi. Sopralluogo agli interventi di adeguamento idraulico in corso al torrente Mugnone per migliorare la sicurezza del territorio","breadcrumb":{"@id":"https:\/\/www.intoscana.it\/it\/alta-velocita-giani-conferma-i-lavori-finiranno-nel-2028\/#breadcrumb"},"inLanguage":"it-IT","potentialAction":[{"@type":"ReadAction","target":["https:\/\/www.intoscana.it\/it\/alta-velocita-giani-conferma-i-lavori-finiranno-nel-2028\/"]}]},{"@type":"ImageObject","inLanguage":"it-IT","@id":"https:\/\/www.intoscana.it\/it\/alta-velocita-giani-conferma-i-lavori-finiranno-nel-2028\/#primaryimage","url":"https:\/\/www.intoscana.it\/wp-content\/uploads\/WhatsApp-Image-2026-03-08-at-12.55.17-1.jpeg","contentUrl":"https:\/\/www.intoscana.it\/wp-content\/uploads\/WhatsApp-Image-2026-03-08-at-12.55.17-1.jpeg","width":2000,"height":1500},{"@type":"BreadcrumbList","@id":"https:\/\/www.intoscana.it\/it\/alta-velocita-giani-conferma-i-lavori-finiranno-nel-2028\/#breadcrumb","itemListElement":[{"@type":"ListItem","position":1,"name":"Home","item":"https:\/\/www.intoscana.it\/it\/"},{"@type":"ListItem","position":2,"name":"Alta Velocit\u00e0, Giani conferma: &#8220;I lavori finiranno nel 2028&#8221;"}]},{"@type":"WebSite","@id":"https:\/\/www.intoscana.it\/it\/#website","url":"https:\/\/www.intoscana.it\/it\/","name":"intoscana","description":"","potentialAction":[{"@type":"SearchAction","target":{"@type":"EntryPoint","urlTemplate":"https:\/\/www.intoscana.it\/it\/?s={search_term_string}"},"query-input":{"@type":"PropertyValueSpecification","valueRequired":true,"valueName":"search_term_string"}}],"inLanguage":"it-IT"},{"@type":"Person","@id":"https:\/\/www.intoscana.it\/it\/#\/schema\/person\/9223810753230f20bd670fdd322661f8","name":"Redazione","url":"https:\/\/www.intoscana.it\/it\/author\/redazione\/"}]}},"_links":{"self":[{"href":"https:\/\/www.intoscana.it\/it\/wp-json\/wp\/v2\/posts\/420012","targetHints":{"allow":["GET"]}}],"collection":[{"href":"https:\/\/www.intoscana.it\/it\/wp-json\/wp\/v2\/posts"}],"about":[{"href":"https:\/\/www.intoscana.it\/it\/wp-json\/wp\/v2\/types\/post"}],"author":[{"embeddable":true,"href":"https:\/\/www.intoscana.it\/it\/wp-json\/wp\/v2\/users\/525"}],"replies":[{"embeddable":true,"href":"https:\/\/www.intoscana.it\/it\/wp-json\/wp\/v2\/comments?post=420012"}],"version-history":[{"count":5,"href":"https:\/\/www.intoscana.it\/it\/wp-json\/wp\/v2\/posts\/420012\/revisions"}],"predecessor-version":[{"id":420361,"href":"https:\/\/www.intoscana.it\/it\/wp-json\/wp\/v2\/posts\/420012\/revisions\/420361"}],"wp:featuredmedia":[{"embeddable":true,"href":"https:\/\/www.intoscana.it\/it\/wp-json\/wp\/v2\/media\/420019"}],"wp:attachment":[{"href":"https:\/\/www.intoscana.it\/it\/wp-json\/wp\/v2\/media?parent=420012"}],"wp:term":[{"taxonomy":"category","embeddable":true,"href":"https:\/\/www.intoscana.it\/it\/wp-json\/wp\/v2\/categories?post=420012"},{"taxonomy":"post_tag","embeddable":true,"href":"https:\/\/www.intoscana.it\/it\/wp-json\/wp\/v2\/tags?post=420012"}],"curies":[{"name":"wp","href":"https:\/\/api.w.org\/{rel}","templated":true}]}}