{"id":420049,"date":"2026-03-09T14:39:13","date_gmt":"2026-03-09T13:39:13","guid":{"rendered":"https:\/\/www.intoscana.it\/it\/?p=420049"},"modified":"2026-03-09T14:44:54","modified_gmt":"2026-03-09T13:44:54","slug":"antiche-camelie-lucchesia-pieve-andrea-compito","status":"publish","type":"post","link":"https:\/\/www.intoscana.it\/it\/antiche-camelie-lucchesia-pieve-andrea-compito\/","title":{"rendered":"Tornano a sbocciare le Antiche Camelie della Lucchesia: primavera in fiore a Pieve e Sant&#8217;Andrea di Compito"},"content":{"rendered":"<p><strong>Visite guidate, rievocazioni storiche<\/strong>, musica, animazione per bambini,<strong> cerimonie del t\u00e8<\/strong> e una vasta o\ufb00erta culturale, botanica ed enogastronomica. \u00c8 ricchissimo il programma della 37esima edizione della<strong> &#8220;Mostra Antiche Camelie della Lucchesia&#8221;<\/strong> che si \u00e8 aperta lo scorso fine settimane a Pieve e Sant&#8217;Andrea di Compito, nel comune di Capannori, e continua per altri tre weekend, il 14-15, 21-22 e 28-29 marzo.<\/p>\n<h3>Il Camelieto: un giardino unico al mondo<\/h3>\n<p>La mostra \u00e8 uno degli eventi florovivaistici e culturali pi\u00f9 attrattivi d&#8217;Italia. Qua la primavera fiorisce in anticipo e il <strong>&#8220;Borgo delle camelie&#8221;<\/strong> si tinge di colori unici, dipingendo tappeti di petali lungo le vie e dentro le corti.<\/p>\n<p>Protagoniste della manifestazione sono le <mark>tremila piante presenti a Pieve e Sant&#8217;Andrea di Compito, che nel loro &#8220;Camellietum Compitese&#8221; contano pi\u00f9 di 1.700 esemplari con oltre 1.000 cultivar di\ufb00erenti.<\/mark> Il Camelieto \u00e8 uno dei giardini di camelie pi\u00f9 estesi e visitati d&#8217;Europa ed \u00e8 stato insignito dieci anni fa col titolo di &#8220;Gardens of excellence&#8221; dall&#8217;International Camellia Society.<\/p>\n<p><em>&#8220;Nel mondo esistono una sessantina di camelieti d&#8217;eccellenza. In Italia sono quattro, e due di questi sono in Lucchesia &#8211;<\/em> spiega il presidente del Centro Culturale Compitese, Francesco Passaglia &#8211; <em>siamo quindi orgogliosi di poter accogliere in questo<strong> giardino botanico unico nel suo genere<\/strong> visitatori di tutto il mondo. Alla base di tutto questo c&#8217;\u00e8 una comunit\u00e0 che offre accoglienza e una proposta culturale trasversale. Perch\u00e9 la bellezza \u00e8 nelle piante, certo, ma anche nelle relazioni, nei percorsi didattici e laboratoriali, nella musica, nel teatro e perfino nel cibo&#8221;.<\/em><\/p>\n<figure id=\"post-105791 media-105791\" class=\"align-none\">\n<p><figure style=\"width: 951px\" class=\"wp-caption alignnone\"><img loading=\"lazy\" decoding=\"async\" src=\"https:\/\/www.intoscana.it\/wp-content\/uploads\/13247146015_8d0ecc2bc7_o.jpg\" alt=\"\" width=\"951\" height=\"634\" \/><figcaption class=\"wp-caption-text\">Il Borgo delle Camelie<\/figcaption><\/figure><\/figure>\n<h3>Visite guidate, spettacoli per bambini e molto altro<\/h3>\n<p>Durante la Mostra delle Camelie si terranno pi\u00f9 di <strong>180 appuntamenti,<\/strong> perch\u00e9 la manifestazione non \u00e8 soltanto una mostra botanica, ma un vero e proprio festival diffuso che coinvolge l\u2019intero territorio.<\/p>\n<p>Sono in programma <strong>cerimonie del t\u00e8 (giapponese e cinese),<\/strong> trekking, musica, concerti bandistici e numerose <mark>visite guidate, non solo al Camelieto, con partenza ogni mezz&#8217;ora, e all&#8217;Antica Chiusa Borrini, prima piantagione italiana di t\u00e8. <\/mark>E ancora attivit\u00e0 didattiche e spettacoli dedicati <strong>ai bambini,<\/strong> laboratori di carta giapponese, serigrafia, fotografia e non solo, percorsi esperienziali, la canzone popolare con Gildo dei Fantardi, incontri culturali e botanici, mostre fotografiche e rievocazioni storiche medioevali.<\/p>\n<p>Saranno inoltre visitabili i<strong> giardini di Villa Orsi, Villa Borrini e Villa Torregrossa. <\/strong>Confermata anche quest&#8217;anno <strong>la collaborazione con Villa Reale di Marlia<\/strong>, che per il mese di marzo garantisce il biglietto ridotto a coloro che nei giorni infrasettimanali si presenteranno con il tagliando della &#8220;Mostra Antiche Camelie della Lucchesia&#8221;.<\/p>\n<p>Nei<a href=\"http:\/\/camelielucchesia.it\"> giorni della Mostra\u00a0<\/a> il costo del biglietto \u00e8 di 10 euro e offre il diritto al viaggio in navetta (un mezzo sar\u00e0 riservato al trasporto dei visitatori accompagnati dai propri cani). Il centro del paese sar\u00e0 infatti chiuso al traffico, ma \u00e8 possibile parcheggiare presso il &#8220;Frantoio sociale del Compitese&#8221; (via di Tiglio 609A, Pieve di Compito) dov&#8217;\u00e8 presente anche la biglietteria<\/p>\n","protected":false},"excerpt":{"rendered":"<p>Si \u00e8 aperta la 37esima edizione della Mostra che continua nei weekend del 14-15, 21-22 e 28-29 marzo con 180 eventi in programma tra visite guidate, cerimonie del t\u00e8 e sapori<\/p>\n","protected":false},"author":502,"featured_media":104848,"comment_status":"open","ping_status":"open","sticky":false,"template":"","format":"standard","meta":{"_acf_changed":false,"footnotes":""},"categories":[6],"tags":[4474,5416,5601],"class_list":["post-420049","post","type-post","status-publish","format-standard","has-post-thumbnail","hentry","category-viaggi","tag-eventi","tag-lucchesia","tag-primavera"],"acf":[],"yoast_head":"<!-- This site is optimized with the Yoast SEO Premium plugin v24.2 (Yoast SEO v25.6) - https:\/\/yoast.com\/wordpress\/plugins\/seo\/ -->\n<title>Tornano a sbocciare le Antiche Camelie della Lucchesia: primavera in fiore a Pieve e Sant&#039;Andrea di Compito - intoscana<\/title>\n<meta name=\"robots\" content=\"index, follow, max-snippet:-1, max-image-preview:large, max-video-preview:-1\" \/>\n<link rel=\"canonical\" href=\"https:\/\/www.intoscana.it\/it\/antiche-camelie-lucchesia-pieve-andrea-compito\/\" \/>\n<meta property=\"og:locale\" content=\"it_IT\" \/>\n<meta property=\"og:type\" content=\"article\" \/>\n<meta property=\"og:title\" content=\"Tornano a sbocciare le Antiche Camelie della Lucchesia: primavera in fiore a Pieve e Sant&#039;Andrea di Compito\" \/>\n<meta property=\"og:description\" content=\"Si \u00e8 aperta la 37esima edizione della Mostra che continua nei weekend del 14-15, 21-22 e 28-29 marzo con 180 eventi in programma tra visite guidate, cerimonie del t\u00e8 e sapori\" \/>\n<meta property=\"og:url\" content=\"https:\/\/www.intoscana.it\/it\/antiche-camelie-lucchesia-pieve-andrea-compito\/\" \/>\n<meta property=\"og:site_name\" content=\"intoscana\" \/>\n<meta property=\"article:publisher\" content=\"https:\/\/www.facebook.com\/intoscana.it\" \/>\n<meta property=\"article:published_time\" content=\"2026-03-09T13:39:13+00:00\" \/>\n<meta property=\"article:modified_time\" content=\"2026-03-09T13:44:54+00:00\" \/>\n<meta property=\"og:image\" content=\"https:\/\/www.intoscana.it\/wp-content\/uploads\/camelie-lucchesia-pieve-compito.jpg\" \/>\n\t<meta property=\"og:image:width\" content=\"2000\" \/>\n\t<meta property=\"og:image:height\" content=\"1334\" \/>\n\t<meta property=\"og:image:type\" content=\"image\/jpeg\" \/>\n<meta name=\"author\" content=\"Ilaria Giannini\" \/>\n<meta name=\"twitter:card\" content=\"summary_large_image\" \/>\n<meta name=\"twitter:creator\" content=\"@i.giannini@fst.it\" \/>\n<meta name=\"twitter:site\" content=\"@intoscana\" \/>\n<meta name=\"twitter:label1\" content=\"Written by\" \/>\n\t<meta name=\"twitter:data1\" content=\"Ilaria Giannini\" \/>\n\t<meta name=\"twitter:label2\" content=\"Est. reading time\" \/>\n\t<meta name=\"twitter:data2\" content=\"3 minuti\" \/>\n<script type=\"application\/ld+json\" class=\"yoast-schema-graph\">{\"@context\":\"https:\/\/schema.org\",\"@graph\":[{\"@type\":\"WebPage\",\"@id\":\"https:\/\/www.intoscana.it\/it\/antiche-camelie-lucchesia-pieve-andrea-compito\/\",\"url\":\"https:\/\/www.intoscana.it\/it\/antiche-camelie-lucchesia-pieve-andrea-compito\/\",\"name\":\"Tornano a sbocciare le Antiche Camelie della Lucchesia: primavera in fiore a Pieve e Sant'Andrea di Compito - intoscana\",\"isPartOf\":{\"@id\":\"https:\/\/www.intoscana.it\/it\/#website\"},\"primaryImageOfPage\":{\"@id\":\"https:\/\/www.intoscana.it\/it\/antiche-camelie-lucchesia-pieve-andrea-compito\/#primaryimage\"},\"image\":{\"@id\":\"https:\/\/www.intoscana.it\/it\/antiche-camelie-lucchesia-pieve-andrea-compito\/#primaryimage\"},\"thumbnailUrl\":\"https:\/\/www.intoscana.it\/wp-content\/uploads\/camelie-lucchesia-pieve-compito.jpg\",\"datePublished\":\"2026-03-09T13:39:13+00:00\",\"dateModified\":\"2026-03-09T13:44:54+00:00\",\"author\":{\"@id\":\"https:\/\/www.intoscana.it\/it\/#\/schema\/person\/de95e1ed2c1c8c30a6922bbba3a90185\"},\"breadcrumb\":{\"@id\":\"https:\/\/www.intoscana.it\/it\/antiche-camelie-lucchesia-pieve-andrea-compito\/#breadcrumb\"},\"inLanguage\":\"it-IT\",\"potentialAction\":[{\"@type\":\"ReadAction\",\"target\":[\"https:\/\/www.intoscana.it\/it\/antiche-camelie-lucchesia-pieve-andrea-compito\/\"]}]},{\"@type\":\"ImageObject\",\"inLanguage\":\"it-IT\",\"@id\":\"https:\/\/www.intoscana.it\/it\/antiche-camelie-lucchesia-pieve-andrea-compito\/#primaryimage\",\"url\":\"https:\/\/www.intoscana.it\/wp-content\/uploads\/camelie-lucchesia-pieve-compito.jpg\",\"contentUrl\":\"https:\/\/www.intoscana.it\/wp-content\/uploads\/camelie-lucchesia-pieve-compito.jpg\",\"width\":2000,\"height\":1334,\"caption\":\"Le camelie in fiore a Pieve di Compito\"},{\"@type\":\"BreadcrumbList\",\"@id\":\"https:\/\/www.intoscana.it\/it\/antiche-camelie-lucchesia-pieve-andrea-compito\/#breadcrumb\",\"itemListElement\":[{\"@type\":\"ListItem\",\"position\":1,\"name\":\"Home\",\"item\":\"https:\/\/www.intoscana.it\/it\/\"},{\"@type\":\"ListItem\",\"position\":2,\"name\":\"Tornano a sbocciare le Antiche Camelie della Lucchesia: primavera in fiore a Pieve e Sant&#8217;Andrea di Compito\"}]},{\"@type\":\"WebSite\",\"@id\":\"https:\/\/www.intoscana.it\/it\/#website\",\"url\":\"https:\/\/www.intoscana.it\/it\/\",\"name\":\"intoscana\",\"description\":\"\",\"potentialAction\":[{\"@type\":\"SearchAction\",\"target\":{\"@type\":\"EntryPoint\",\"urlTemplate\":\"https:\/\/www.intoscana.it\/it\/?s={search_term_string}\"},\"query-input\":{\"@type\":\"PropertyValueSpecification\",\"valueRequired\":true,\"valueName\":\"search_term_string\"}}],\"inLanguage\":\"it-IT\"},{\"@type\":\"Person\",\"@id\":\"https:\/\/www.intoscana.it\/it\/#\/schema\/person\/de95e1ed2c1c8c30a6922bbba3a90185\",\"name\":\"Ilaria Giannini\",\"sameAs\":[\"https:\/\/x.com\/i.giannini@fst.it\"],\"url\":\"https:\/\/www.intoscana.it\/it\/author\/ilaria-giannini\/\"}]}<\/script>\n<!-- \/ Yoast SEO Premium plugin. -->","yoast_head_json":{"title":"Tornano a sbocciare le Antiche Camelie della Lucchesia: primavera in fiore a Pieve e Sant'Andrea di Compito - intoscana","robots":{"index":"index","follow":"follow","max-snippet":"max-snippet:-1","max-image-preview":"max-image-preview:large","max-video-preview":"max-video-preview:-1"},"canonical":"https:\/\/www.intoscana.it\/it\/antiche-camelie-lucchesia-pieve-andrea-compito\/","og_locale":"it_IT","og_type":"article","og_title":"Tornano a sbocciare le Antiche Camelie della Lucchesia: primavera in fiore a Pieve e Sant'Andrea di Compito","og_description":"Si \u00e8 aperta la 37esima edizione della Mostra che continua nei weekend del 14-15, 21-22 e 28-29 marzo con 180 eventi in programma tra visite guidate, cerimonie del t\u00e8 e sapori","og_url":"https:\/\/www.intoscana.it\/it\/antiche-camelie-lucchesia-pieve-andrea-compito\/","og_site_name":"intoscana","article_publisher":"https:\/\/www.facebook.com\/intoscana.it","article_published_time":"2026-03-09T13:39:13+00:00","article_modified_time":"2026-03-09T13:44:54+00:00","og_image":[{"width":2000,"height":1334,"url":"https:\/\/www.intoscana.it\/wp-content\/uploads\/camelie-lucchesia-pieve-compito.jpg","type":"image\/jpeg"}],"author":"Ilaria Giannini","twitter_card":"summary_large_image","twitter_creator":"@i.giannini@fst.it","twitter_site":"@intoscana","twitter_misc":{"Written by":"Ilaria Giannini","Est. reading time":"3 minuti"},"schema":{"@context":"https:\/\/schema.org","@graph":[{"@type":"WebPage","@id":"https:\/\/www.intoscana.it\/it\/antiche-camelie-lucchesia-pieve-andrea-compito\/","url":"https:\/\/www.intoscana.it\/it\/antiche-camelie-lucchesia-pieve-andrea-compito\/","name":"Tornano a sbocciare le Antiche Camelie della Lucchesia: primavera in fiore a Pieve e Sant'Andrea di Compito - intoscana","isPartOf":{"@id":"https:\/\/www.intoscana.it\/it\/#website"},"primaryImageOfPage":{"@id":"https:\/\/www.intoscana.it\/it\/antiche-camelie-lucchesia-pieve-andrea-compito\/#primaryimage"},"image":{"@id":"https:\/\/www.intoscana.it\/it\/antiche-camelie-lucchesia-pieve-andrea-compito\/#primaryimage"},"thumbnailUrl":"https:\/\/www.intoscana.it\/wp-content\/uploads\/camelie-lucchesia-pieve-compito.jpg","datePublished":"2026-03-09T13:39:13+00:00","dateModified":"2026-03-09T13:44:54+00:00","author":{"@id":"https:\/\/www.intoscana.it\/it\/#\/schema\/person\/de95e1ed2c1c8c30a6922bbba3a90185"},"breadcrumb":{"@id":"https:\/\/www.intoscana.it\/it\/antiche-camelie-lucchesia-pieve-andrea-compito\/#breadcrumb"},"inLanguage":"it-IT","potentialAction":[{"@type":"ReadAction","target":["https:\/\/www.intoscana.it\/it\/antiche-camelie-lucchesia-pieve-andrea-compito\/"]}]},{"@type":"ImageObject","inLanguage":"it-IT","@id":"https:\/\/www.intoscana.it\/it\/antiche-camelie-lucchesia-pieve-andrea-compito\/#primaryimage","url":"https:\/\/www.intoscana.it\/wp-content\/uploads\/camelie-lucchesia-pieve-compito.jpg","contentUrl":"https:\/\/www.intoscana.it\/wp-content\/uploads\/camelie-lucchesia-pieve-compito.jpg","width":2000,"height":1334,"caption":"Le camelie in fiore a Pieve di Compito"},{"@type":"BreadcrumbList","@id":"https:\/\/www.intoscana.it\/it\/antiche-camelie-lucchesia-pieve-andrea-compito\/#breadcrumb","itemListElement":[{"@type":"ListItem","position":1,"name":"Home","item":"https:\/\/www.intoscana.it\/it\/"},{"@type":"ListItem","position":2,"name":"Tornano a sbocciare le Antiche Camelie della Lucchesia: primavera in fiore a Pieve e Sant&#8217;Andrea di Compito"}]},{"@type":"WebSite","@id":"https:\/\/www.intoscana.it\/it\/#website","url":"https:\/\/www.intoscana.it\/it\/","name":"intoscana","description":"","potentialAction":[{"@type":"SearchAction","target":{"@type":"EntryPoint","urlTemplate":"https:\/\/www.intoscana.it\/it\/?s={search_term_string}"},"query-input":{"@type":"PropertyValueSpecification","valueRequired":true,"valueName":"search_term_string"}}],"inLanguage":"it-IT"},{"@type":"Person","@id":"https:\/\/www.intoscana.it\/it\/#\/schema\/person\/de95e1ed2c1c8c30a6922bbba3a90185","name":"Ilaria Giannini","sameAs":["https:\/\/x.com\/i.giannini@fst.it"],"url":"https:\/\/www.intoscana.it\/it\/author\/ilaria-giannini\/"}]}},"_links":{"self":[{"href":"https:\/\/www.intoscana.it\/it\/wp-json\/wp\/v2\/posts\/420049","targetHints":{"allow":["GET"]}}],"collection":[{"href":"https:\/\/www.intoscana.it\/it\/wp-json\/wp\/v2\/posts"}],"about":[{"href":"https:\/\/www.intoscana.it\/it\/wp-json\/wp\/v2\/types\/post"}],"author":[{"embeddable":true,"href":"https:\/\/www.intoscana.it\/it\/wp-json\/wp\/v2\/users\/502"}],"replies":[{"embeddable":true,"href":"https:\/\/www.intoscana.it\/it\/wp-json\/wp\/v2\/comments?post=420049"}],"version-history":[{"count":5,"href":"https:\/\/www.intoscana.it\/it\/wp-json\/wp\/v2\/posts\/420049\/revisions"}],"predecessor-version":[{"id":420073,"href":"https:\/\/www.intoscana.it\/it\/wp-json\/wp\/v2\/posts\/420049\/revisions\/420073"}],"wp:featuredmedia":[{"embeddable":true,"href":"https:\/\/www.intoscana.it\/it\/wp-json\/wp\/v2\/media\/104848"}],"wp:attachment":[{"href":"https:\/\/www.intoscana.it\/it\/wp-json\/wp\/v2\/media?parent=420049"}],"wp:term":[{"taxonomy":"category","embeddable":true,"href":"https:\/\/www.intoscana.it\/it\/wp-json\/wp\/v2\/categories?post=420049"},{"taxonomy":"post_tag","embeddable":true,"href":"https:\/\/www.intoscana.it\/it\/wp-json\/wp\/v2\/tags?post=420049"}],"curies":[{"name":"wp","href":"https:\/\/api.w.org\/{rel}","templated":true}]}}