{"id":420098,"date":"2026-03-09T16:21:33","date_gmt":"2026-03-09T15:21:33","guid":{"rendered":"https:\/\/www.intoscana.it\/it\/?p=420098"},"modified":"2026-03-09T16:33:51","modified_gmt":"2026-03-09T15:33:51","slug":"digital-cup-2026","status":"publish","type":"post","link":"https:\/\/www.intoscana.it\/it\/digital-cup-2026\/","title":{"rendered":"Digital Cup 2026 a Coverciano: sport, innovazione e solidariet\u00e0 in campo"},"content":{"rendered":"<p>Sport, comunicazione digitale e solidariet\u00e0 tornano a incontrarsi a Firenze con la <strong>quinta edizione della Digital Cup<\/strong>, in programma mercoled\u00ec <strong>11 marzo dalle ore 14<\/strong> al Centro Tecnico Federale di Coverciano. L\u2019ingresso \u00e8 libero.<\/p>\n<p>L\u2019evento, ideato e promosso dalla<strong> Fondazione Italia Digitale<\/strong> insieme alla <strong>Nazionale Italiana Comunicazione Digitale<\/strong>, mette in dialogo il mondo dello sport con quello dell\u2019innovazione e dei social media, coinvolgendo comunicatori, giornalisti, creator digitali, istituzioni e protagonisti dello sport.<\/p>\n<p>Sul campo scenderanno tre squadre: la Nazionale Italiana Comunicazione Digitale, la <strong>Nazionale Italiana Gamers<\/strong> e la selezione di <strong>USSI Toscana<\/strong>, il gruppo regionale dell\u2019Unione Stampa Sportiva Italiana. A dirigere le partite sar\u00e0, come da tradizione, una <strong>terna arbitrale tutta al femminile<\/strong> composta da Eleonora Labate, Ginevra De Masi ed Emma Cavicchi.<\/p>\n<figure id=\"post-420100 media-420100\" class=\"align-none\"><img decoding=\"async\" src=\"https:\/\/www.intoscana.it\/wp-content\/uploads\/Card-Digital-Cup-2026-senza-sponsor-e-patrocini.png\" alt=\"\" \/><\/figure>\n<div class=\"titleimg\"><\/div>\n<p>La giornata inizier\u00e0 alle 14 con momenti di confronto e divulgazione sui temi del digitale, dello sport e dell\u2019innovazione. Durante il pomeriggio si alterneranno incontri, talk e partite, con la partecipazione di numerosi ospiti. Tra i nomi attesi figurano gli ex calciatori <strong>Francesco Flachi, Mark Iuliano<\/strong>, l\u2019ex commissario tecnico della Nazionale <strong>Cesare Prandelli<\/strong> e la bandiera viola <strong>Giancarlo Antognoni<\/strong>. Presenti anche le calciatrici <strong>Alice Parisi e Roc\u00edo Rodr\u00edguez<\/strong>, insieme a numerosi professionisti della comunicazione digitale, giornalisti e gamer provenienti da tutta Italia.<\/p>\n<p>Accanto alla dimensione sportiva e divulgativa, la Digital Cup mantiene una forte vocazione solidale. L\u2019edizione 2026 sostiene una raccolta fondi a favore di <strong>Save the Children<\/strong> per il progetto Punti Luce, una rete di spazi educativi attivi in diverse citt\u00e0 italiane. I centri nascono per contrastare la povert\u00e0 educativa e offrire a bambini e ragazzi opportunit\u00e0 gratuite di crescita, accesso alla cultura, allo sport e alle nuove tecnologie, aiutandoli a sviluppare talenti e nuove prospettive per il futuro.<\/p>\n<p>L\u2019iniziativa \u00e8 organizzata con il supporto dei partner Abaco e Trainline, del media partner digitalepopolare.it e dello sponsor tecnico Givova. L\u2019evento gode inoltre del patrocinio della <strong>FIGC<\/strong>, della <strong>Regione Toscana<\/strong>, della <strong>Citt\u00e0 Metropolitana di Firenze e del Comune di Firenze.<\/strong><\/p>\n<p>L\u2019appuntamento \u00e8 quindi a Coverciano per un pomeriggio che mette insieme calcio, innovazione e impegno sociale. Informazioni e aggiornamenti sono disponibili sui canali social della Nazionale Italiana Comunicazione Digitale e della Fondazione Italia Digitale.<\/p>\n","protected":false},"excerpt":{"rendered":"<p>L\u201911 marzo al Centro Tecnico Federale la quinta edizione dell\u2019evento che unisce comunicazione digitale, calcio e beneficenza con tanti ospiti del mondo dello sport e delle istituzioni<\/p>\n","protected":false},"author":525,"featured_media":420104,"comment_status":"open","ping_status":"open","sticky":false,"template":"","format":"standard","meta":{"_acf_changed":false,"footnotes":""},"categories":[494],"tags":[202,356,159],"class_list":["post-420098","post","type-post","status-publish","format-standard","has-post-thumbnail","hentry","category-attualita","tag-firenze","tag-solidarieta","tag-sport"],"acf":[],"yoast_head":"<!-- This site is optimized with the Yoast SEO Premium plugin v24.2 (Yoast SEO v25.6) - https:\/\/yoast.com\/wordpress\/plugins\/seo\/ -->\n<title>Digital Cup 2026 a Coverciano: sport, innovazione e solidariet\u00e0 in campo - intoscana<\/title>\n<meta name=\"robots\" content=\"index, follow, max-snippet:-1, max-image-preview:large, max-video-preview:-1\" \/>\n<link rel=\"canonical\" href=\"https:\/\/www.intoscana.it\/it\/digital-cup-2026\/\" \/>\n<meta property=\"og:locale\" content=\"it_IT\" \/>\n<meta property=\"og:type\" content=\"article\" \/>\n<meta property=\"og:title\" content=\"Digital Cup 2026 a Coverciano: sport, innovazione e solidariet\u00e0 in campo\" \/>\n<meta property=\"og:description\" content=\"L\u201911 marzo al Centro Tecnico Federale la quinta edizione dell\u2019evento che unisce comunicazione digitale, calcio e beneficenza con tanti ospiti del mondo dello sport e delle istituzioni\" \/>\n<meta property=\"og:url\" content=\"https:\/\/www.intoscana.it\/it\/digital-cup-2026\/\" \/>\n<meta property=\"og:site_name\" content=\"intoscana\" \/>\n<meta property=\"article:publisher\" content=\"https:\/\/www.facebook.com\/intoscana.it\" \/>\n<meta property=\"article:published_time\" content=\"2026-03-09T15:21:33+00:00\" \/>\n<meta property=\"article:modified_time\" content=\"2026-03-09T15:33:51+00:00\" \/>\n<meta property=\"og:image\" content=\"https:\/\/www.intoscana.it\/wp-content\/uploads\/digital-cup-fid.jpg\" \/>\n\t<meta property=\"og:image:width\" content=\"1080\" \/>\n\t<meta property=\"og:image:height\" content=\"720\" \/>\n\t<meta property=\"og:image:type\" content=\"image\/jpeg\" \/>\n<meta name=\"author\" content=\"Redazione\" \/>\n<meta name=\"twitter:card\" content=\"summary_large_image\" \/>\n<meta name=\"twitter:creator\" content=\"@intoscana\" \/>\n<meta name=\"twitter:site\" content=\"@intoscana\" \/>\n<meta name=\"twitter:label1\" content=\"Written by\" \/>\n\t<meta name=\"twitter:data1\" content=\"Redazione\" \/>\n\t<meta name=\"twitter:label2\" content=\"Est. reading time\" \/>\n\t<meta name=\"twitter:data2\" content=\"3 minuti\" \/>\n<script type=\"application\/ld+json\" class=\"yoast-schema-graph\">{\"@context\":\"https:\/\/schema.org\",\"@graph\":[{\"@type\":\"WebPage\",\"@id\":\"https:\/\/www.intoscana.it\/it\/digital-cup-2026\/\",\"url\":\"https:\/\/www.intoscana.it\/it\/digital-cup-2026\/\",\"name\":\"Digital Cup 2026 a Coverciano: sport, innovazione e solidariet\u00e0 in campo - intoscana\",\"isPartOf\":{\"@id\":\"https:\/\/www.intoscana.it\/it\/#website\"},\"primaryImageOfPage\":{\"@id\":\"https:\/\/www.intoscana.it\/it\/digital-cup-2026\/#primaryimage\"},\"image\":{\"@id\":\"https:\/\/www.intoscana.it\/it\/digital-cup-2026\/#primaryimage\"},\"thumbnailUrl\":\"https:\/\/www.intoscana.it\/wp-content\/uploads\/digital-cup-fid.jpg\",\"datePublished\":\"2026-03-09T15:21:33+00:00\",\"dateModified\":\"2026-03-09T15:33:51+00:00\",\"author\":{\"@id\":\"https:\/\/www.intoscana.it\/it\/#\/schema\/person\/9223810753230f20bd670fdd322661f8\"},\"breadcrumb\":{\"@id\":\"https:\/\/www.intoscana.it\/it\/digital-cup-2026\/#breadcrumb\"},\"inLanguage\":\"it-IT\",\"potentialAction\":[{\"@type\":\"ReadAction\",\"target\":[\"https:\/\/www.intoscana.it\/it\/digital-cup-2026\/\"]}]},{\"@type\":\"ImageObject\",\"inLanguage\":\"it-IT\",\"@id\":\"https:\/\/www.intoscana.it\/it\/digital-cup-2026\/#primaryimage\",\"url\":\"https:\/\/www.intoscana.it\/wp-content\/uploads\/digital-cup-fid.jpg\",\"contentUrl\":\"https:\/\/www.intoscana.it\/wp-content\/uploads\/digital-cup-fid.jpg\",\"width\":1080,\"height\":720},{\"@type\":\"BreadcrumbList\",\"@id\":\"https:\/\/www.intoscana.it\/it\/digital-cup-2026\/#breadcrumb\",\"itemListElement\":[{\"@type\":\"ListItem\",\"position\":1,\"name\":\"Home\",\"item\":\"https:\/\/www.intoscana.it\/it\/\"},{\"@type\":\"ListItem\",\"position\":2,\"name\":\"Digital Cup 2026 a Coverciano: sport, innovazione e solidariet\u00e0 in campo\"}]},{\"@type\":\"WebSite\",\"@id\":\"https:\/\/www.intoscana.it\/it\/#website\",\"url\":\"https:\/\/www.intoscana.it\/it\/\",\"name\":\"intoscana\",\"description\":\"\",\"potentialAction\":[{\"@type\":\"SearchAction\",\"target\":{\"@type\":\"EntryPoint\",\"urlTemplate\":\"https:\/\/www.intoscana.it\/it\/?s={search_term_string}\"},\"query-input\":{\"@type\":\"PropertyValueSpecification\",\"valueRequired\":true,\"valueName\":\"search_term_string\"}}],\"inLanguage\":\"it-IT\"},{\"@type\":\"Person\",\"@id\":\"https:\/\/www.intoscana.it\/it\/#\/schema\/person\/9223810753230f20bd670fdd322661f8\",\"name\":\"Redazione\",\"url\":\"https:\/\/www.intoscana.it\/it\/author\/redazione\/\"}]}<\/script>\n<!-- \/ Yoast SEO Premium plugin. -->","yoast_head_json":{"title":"Digital Cup 2026 a Coverciano: sport, innovazione e solidariet\u00e0 in campo - intoscana","robots":{"index":"index","follow":"follow","max-snippet":"max-snippet:-1","max-image-preview":"max-image-preview:large","max-video-preview":"max-video-preview:-1"},"canonical":"https:\/\/www.intoscana.it\/it\/digital-cup-2026\/","og_locale":"it_IT","og_type":"article","og_title":"Digital Cup 2026 a Coverciano: sport, innovazione e solidariet\u00e0 in campo","og_description":"L\u201911 marzo al Centro Tecnico Federale la quinta edizione dell\u2019evento che unisce comunicazione digitale, calcio e beneficenza con tanti ospiti del mondo dello sport e delle istituzioni","og_url":"https:\/\/www.intoscana.it\/it\/digital-cup-2026\/","og_site_name":"intoscana","article_publisher":"https:\/\/www.facebook.com\/intoscana.it","article_published_time":"2026-03-09T15:21:33+00:00","article_modified_time":"2026-03-09T15:33:51+00:00","og_image":[{"width":1080,"height":720,"url":"https:\/\/www.intoscana.it\/wp-content\/uploads\/digital-cup-fid.jpg","type":"image\/jpeg"}],"author":"Redazione","twitter_card":"summary_large_image","twitter_creator":"@intoscana","twitter_site":"@intoscana","twitter_misc":{"Written by":"Redazione","Est. reading time":"3 minuti"},"schema":{"@context":"https:\/\/schema.org","@graph":[{"@type":"WebPage","@id":"https:\/\/www.intoscana.it\/it\/digital-cup-2026\/","url":"https:\/\/www.intoscana.it\/it\/digital-cup-2026\/","name":"Digital Cup 2026 a Coverciano: sport, innovazione e solidariet\u00e0 in campo - intoscana","isPartOf":{"@id":"https:\/\/www.intoscana.it\/it\/#website"},"primaryImageOfPage":{"@id":"https:\/\/www.intoscana.it\/it\/digital-cup-2026\/#primaryimage"},"image":{"@id":"https:\/\/www.intoscana.it\/it\/digital-cup-2026\/#primaryimage"},"thumbnailUrl":"https:\/\/www.intoscana.it\/wp-content\/uploads\/digital-cup-fid.jpg","datePublished":"2026-03-09T15:21:33+00:00","dateModified":"2026-03-09T15:33:51+00:00","author":{"@id":"https:\/\/www.intoscana.it\/it\/#\/schema\/person\/9223810753230f20bd670fdd322661f8"},"breadcrumb":{"@id":"https:\/\/www.intoscana.it\/it\/digital-cup-2026\/#breadcrumb"},"inLanguage":"it-IT","potentialAction":[{"@type":"ReadAction","target":["https:\/\/www.intoscana.it\/it\/digital-cup-2026\/"]}]},{"@type":"ImageObject","inLanguage":"it-IT","@id":"https:\/\/www.intoscana.it\/it\/digital-cup-2026\/#primaryimage","url":"https:\/\/www.intoscana.it\/wp-content\/uploads\/digital-cup-fid.jpg","contentUrl":"https:\/\/www.intoscana.it\/wp-content\/uploads\/digital-cup-fid.jpg","width":1080,"height":720},{"@type":"BreadcrumbList","@id":"https:\/\/www.intoscana.it\/it\/digital-cup-2026\/#breadcrumb","itemListElement":[{"@type":"ListItem","position":1,"name":"Home","item":"https:\/\/www.intoscana.it\/it\/"},{"@type":"ListItem","position":2,"name":"Digital Cup 2026 a Coverciano: sport, innovazione e solidariet\u00e0 in campo"}]},{"@type":"WebSite","@id":"https:\/\/www.intoscana.it\/it\/#website","url":"https:\/\/www.intoscana.it\/it\/","name":"intoscana","description":"","potentialAction":[{"@type":"SearchAction","target":{"@type":"EntryPoint","urlTemplate":"https:\/\/www.intoscana.it\/it\/?s={search_term_string}"},"query-input":{"@type":"PropertyValueSpecification","valueRequired":true,"valueName":"search_term_string"}}],"inLanguage":"it-IT"},{"@type":"Person","@id":"https:\/\/www.intoscana.it\/it\/#\/schema\/person\/9223810753230f20bd670fdd322661f8","name":"Redazione","url":"https:\/\/www.intoscana.it\/it\/author\/redazione\/"}]}},"_links":{"self":[{"href":"https:\/\/www.intoscana.it\/it\/wp-json\/wp\/v2\/posts\/420098","targetHints":{"allow":["GET"]}}],"collection":[{"href":"https:\/\/www.intoscana.it\/it\/wp-json\/wp\/v2\/posts"}],"about":[{"href":"https:\/\/www.intoscana.it\/it\/wp-json\/wp\/v2\/types\/post"}],"author":[{"embeddable":true,"href":"https:\/\/www.intoscana.it\/it\/wp-json\/wp\/v2\/users\/525"}],"replies":[{"embeddable":true,"href":"https:\/\/www.intoscana.it\/it\/wp-json\/wp\/v2\/comments?post=420098"}],"version-history":[{"count":2,"href":"https:\/\/www.intoscana.it\/it\/wp-json\/wp\/v2\/posts\/420098\/revisions"}],"predecessor-version":[{"id":420118,"href":"https:\/\/www.intoscana.it\/it\/wp-json\/wp\/v2\/posts\/420098\/revisions\/420118"}],"wp:featuredmedia":[{"embeddable":true,"href":"https:\/\/www.intoscana.it\/it\/wp-json\/wp\/v2\/media\/420104"}],"wp:attachment":[{"href":"https:\/\/www.intoscana.it\/it\/wp-json\/wp\/v2\/media?parent=420098"}],"wp:term":[{"taxonomy":"category","embeddable":true,"href":"https:\/\/www.intoscana.it\/it\/wp-json\/wp\/v2\/categories?post=420098"},{"taxonomy":"post_tag","embeddable":true,"href":"https:\/\/www.intoscana.it\/it\/wp-json\/wp\/v2\/tags?post=420098"}],"curies":[{"name":"wp","href":"https:\/\/api.w.org\/{rel}","templated":true}]}}