{"id":420102,"date":"2026-03-10T09:31:23","date_gmt":"2026-03-10T08:31:23","guid":{"rendered":"https:\/\/www.intoscana.it\/it\/?p=420102"},"modified":"2026-03-10T11:38:38","modified_gmt":"2026-03-10T10:38:38","slug":"il-primo-amore-non-si-scorda-mai-fabio-mascagni-torna-ai-suoi-quindici-anni-con-lo-spettacolo-in-scena-a-firenze","status":"publish","type":"post","link":"https:\/\/www.intoscana.it\/it\/il-primo-amore-non-si-scorda-mai-fabio-mascagni-torna-ai-suoi-quindici-anni-con-lo-spettacolo-in-scena-a-firenze\/","title":{"rendered":"Il primo amore non si scorda mai: Fabio Mascagni torna ai suoi quindici anni con lo spettacolo in scena a Firenze"},"content":{"rendered":"<p><strong>Che fine ha fatto il nostro primo amore?<\/strong> Se lo chiede <strong>Fabio Mascagni<\/strong> nello spettacolo in scena a Firenze <strong>marted\u00ec 10, venerd\u00ec 13 e domenica 15 marzo,<\/strong> nuova produzione del <strong>collettivo Sotterraneo<\/strong>, su testo della drammaturga Premio Ubu <strong>Letizia Russo<\/strong>, nell\u2019ambito della 13\/ma edizione di <a href=\"https:\/\/www.intoscana.it\/it\/materia-prima-festival-2026-teatro-firenze\/\" target=\"_blank\" rel=\"noopener\"><strong>Materia Prima Festival<\/strong><\/a>.<\/p>\n<p>Un uomo torna nel suo paese natale, si siede a un bar e mentre si accinge a bere un caff\u00e8 vede passare un uomo che sembra non risconoscerlo o ignorarlo,<strong> \u00e8 il suo primo grande amore.<\/strong><\/p>\n<p>&#8220;Quello che vediamo in scena \u00e8 un dialogo interiore, &#8211; <strong>ci racconta Fabio Mascagni<\/strong> &#8211; la chiave di lettura che mi sembrava pi\u00f9 interessante era quella di <strong>riaprire un dialogo con quel quindicenne che ognuno di noi si porta dentro,<\/strong> perch\u00e9 quell&#8217;et\u00e0, la sofferenza che si prova, spesso ce la dimentichiamo. Mi sono chiesto che ne \u00e8 di tutto quel dolore che abbiamo creduto di provare da giovani.<strong> A un certo punto noi adulti mettiamo un velo su quel periodo di grandi intensit\u00e0, di grandi temperature emotive<\/strong> e questa cosa poi, in qualche modo, la asfaltiamo. Anche per questo riusciamo difficilmente a capire gli adolescenti e spesso ci troviamo a dire le frasi che dicevano a noi &#8216;<em>eh ma che vuoi che sia, vedrai da grande&#8217;.<\/em> Invece no,<strong> quella \u00e8 un&#8217;et\u00e0 complicatissima,<\/strong> forse una delle pi\u00f9 complicate della nostra vita e la cosa che mi interessava era quindi ritornare a quel quindicenne che sono stato io. Non \u00e8 un caso che nella locandina io abbia scelto di mettere una mia fototessera di quando avevo quindici anni.&#8221;<p><span class=\"citazione\">Mi sono chiesto che ne \u00e8 di tutto quel dolore che abbiamo creduto di provare da giovani. A un certo punto noi adulti mettiamo un velo su quel periodo di grandi intensit\u00e0, di grandi temperature emotive<\/span><\/p><\/p>\n<p><strong>Secondo te con l&#8217;et\u00e0 cambia anche il modo di innamorarsi? Perch\u00e9 a me sembra proprio uguale, quando ti arriva una botta veramente grossa \u00e8 uguale a sedici come a trenta, quaranta, cinquanta anni<\/strong><\/p>\n<p>Questo s\u00ec, sicuramente s\u00ec, per\u00f2 io penso che <strong>il primo amore abbia una cosa in pi\u00f9 cio\u00e8 che tu non sai che pu\u00f2 finire<\/strong>. Il primo ha un senso di eternit\u00e0. <strong>Romeo e Giulietta si sono ammazzati a quindici anni<\/strong>, hanno fatto una cosa cos\u00ec estrema proprio perch\u00e9 era il primo amore.<\/p>\n<p><strong>Quando ho letto la trama del tuo spettacolo ho pensato, oddio, ma io vorrei rivivere la mia prima storia d&#8217;amore? Perch\u00e9 spesso sono delle esperienze molto horror, no?\u00a0<\/strong><\/p>\n<p>Si, sono esperienze non voglio dire brutte per\u00f2 di sicuro un po&#8217; terrificanti. Dunque, s\u00ec, sono storie horror nel senso che <strong>rivestiamo di romanticismo una cosa che in realt\u00e0 ha tante sfaccettature<\/strong> e spesso lascia anche un grosso dolore. Sono anche <strong>momenti in cui siamo impacciati, maldestri.<\/strong><div class=\"focuson\"><a href=\"https:\/\/www.intoscana.it\/it\/materia-prima-festival-2026-teatro-firenze\/\"><img decoding=\"async\" class=\"lazy\" src=\"https:\/\/www.intoscana.it\/wp-content\/uploads\/Materia-Prima-Festival.jpeg\" style=\"\">\n                <div class=\"cat\">Materia Prima Festival<\/div>\n                <h4>Tutti gli spettacoli<\/h4><\/a>\n              <\/div><\/p>\n<p><strong>Ti faccio un&#8217;ultimissima domanda, pensi che si impari qualcosa dalle storie d&#8217;amore? Si cresce imparando qualcosa oppure no?<\/strong><\/p>\n<p><strong>Dio mio, spero di s\u00ec!<\/strong> C&#8217;\u00e8 chi dice che le persone che incontriamo nella nostra vita ci servono, uso un termine un po&#8217; forte, perch\u00e9 risuonano in noi,<strong>\u00a0per migliorare e per crescere<\/strong>. Quando trovi sempre lo stesso tipo di persona evidentemente c&#8217;\u00e8 un miglioramento che non stai facendo. Per\u00f2 s\u00ec,<strong> io penso che in generale sia un&#8217;occasione di crescita e che in qualche modo ci possa aiutare a cambiare. <\/strong>Certo, poi va fatto un lavoro su se stessi. In teoria pi\u00f9 si va avanti pi\u00f9 dovremmo avere storie pi\u00f9 belle e in un certo senso, migliori. Nella realt\u00e0 non funziona sempre cos\u00ec, ma nel mio caso specifico s\u00ec. Ho avuto delle relazioni, adesso si chiamano tossiche prima si chiamavano di merda e adesso invece facendo un po&#8217; di selezione, ammettendo anche delle colpe e degli errori che facevo, <strong>ho una relazione sicuramente pi\u00f9 appagante.<\/strong><\/p>\n<p>Appuntamento con <strong><em>&#8220;Primo amore&#8221;<\/em> <\/strong>al <strong>Bar delle Baracche Verdi (via delle Mimose 8, Firenze)<\/strong>, storico luogo di aggregazione del quartiere Isolotto, una scelta che conferma la vocazione del festival a portare il teatro fuori dagli spazi consueti, dentro al quotidiano di chi vive la citt\u00e0 ,<strong> marted\u00ec 10, venerd\u00ec 13 e domenica 15 marzo ore 21.00.<\/strong><\/p>\n<figure id=\"post-419852 media-419852\" class=\"align-none\"><img decoding=\"async\" src=\"https:\/\/www.intoscana.it\/wp-content\/uploads\/Primo-Amore.jpg\" alt=\"\" \/><\/figure>\n<div class=\"titleimg\">Fabio Mascagni<\/div>\n<p>&nbsp;<\/p>\n<p>&nbsp;<\/p>\n","protected":false},"excerpt":{"rendered":"<p>Marted\u00ec 10, venerd\u00ec 13 e domenica 15 marzo ore 21.00 al Bar delle Baracche Verdi, nel quartiere Isolotto di Firenze va in scena in prima nazionale &#8220;Primo amore&#8221; la nuova produzione della compagnia Sotterraneo all&#8217;interno del festival &#8220;Materia Prima&#8221;<\/p>\n","protected":false},"author":518,"featured_media":419853,"comment_status":"open","ping_status":"open","sticky":false,"template":"","format":"standard","meta":{"_acf_changed":false,"footnotes":""},"categories":[493],"tags":[4474,202,236],"class_list":["post-420102","post","type-post","status-publish","format-standard","has-post-thumbnail","hentry","category-cultura","tag-eventi","tag-firenze","tag-teatro"],"acf":[],"yoast_head":"<!-- This site is optimized with the Yoast SEO Premium plugin v24.2 (Yoast SEO v25.6) - https:\/\/yoast.com\/wordpress\/plugins\/seo\/ -->\n<title>Il primo amore non si scorda mai: Fabio Mascagni torna ai suoi quindici anni con lo spettacolo in scena a Firenze - intoscana<\/title>\n<meta name=\"description\" content=\"Marted\u00ec 10, venerd\u00ec 13 e domenica 15 marzo ore 21.00 al Bar delle Baracche Verdi, nel quartiere Isolotto di Firenze va in scena &quot;Primo amore&quot;\" \/>\n<meta name=\"robots\" content=\"index, follow, max-snippet:-1, max-image-preview:large, max-video-preview:-1\" \/>\n<link rel=\"canonical\" href=\"https:\/\/www.intoscana.it\/it\/il-primo-amore-non-si-scorda-mai-fabio-mascagni-torna-ai-suoi-quindici-anni-con-lo-spettacolo-in-scena-a-firenze\/\" \/>\n<meta property=\"og:locale\" content=\"it_IT\" \/>\n<meta property=\"og:type\" content=\"article\" \/>\n<meta property=\"og:title\" content=\"Il primo amore non si scorda mai: Fabio Mascagni torna ai suoi quindici anni con lo spettacolo in scena a Firenze\" \/>\n<meta property=\"og:description\" content=\"Marted\u00ec 10, venerd\u00ec 13 e domenica 15 marzo ore 21.00 al Bar delle Baracche Verdi, nel quartiere Isolotto di Firenze va in scena &quot;Primo amore&quot;\" \/>\n<meta property=\"og:url\" content=\"https:\/\/www.intoscana.it\/it\/il-primo-amore-non-si-scorda-mai-fabio-mascagni-torna-ai-suoi-quindici-anni-con-lo-spettacolo-in-scena-a-firenze\/\" \/>\n<meta property=\"og:site_name\" content=\"intoscana\" \/>\n<meta property=\"article:publisher\" content=\"https:\/\/www.facebook.com\/intoscana.it\" \/>\n<meta property=\"article:published_time\" content=\"2026-03-10T08:31:23+00:00\" \/>\n<meta property=\"article:modified_time\" content=\"2026-03-10T10:38:38+00:00\" \/>\n<meta property=\"og:image\" content=\"https:\/\/www.intoscana.it\/wp-content\/uploads\/Fabio-Mascagni.jpeg\" \/>\n\t<meta property=\"og:image:width\" content=\"1920\" \/>\n\t<meta property=\"og:image:height\" content=\"1280\" \/>\n\t<meta property=\"og:image:type\" content=\"image\/jpeg\" \/>\n<meta name=\"author\" content=\"Costanza Baldini\" \/>\n<meta name=\"twitter:card\" content=\"summary_large_image\" \/>\n<meta name=\"twitter:creator\" content=\"@intoscana\" \/>\n<meta name=\"twitter:site\" content=\"@intoscana\" \/>\n<meta name=\"twitter:label1\" content=\"Written by\" \/>\n\t<meta name=\"twitter:data1\" content=\"Costanza Baldini\" \/>\n\t<meta name=\"twitter:label2\" content=\"Est. reading time\" \/>\n\t<meta name=\"twitter:data2\" content=\"4 minuti\" \/>\n<script type=\"application\/ld+json\" class=\"yoast-schema-graph\">{\"@context\":\"https:\/\/schema.org\",\"@graph\":[{\"@type\":\"WebPage\",\"@id\":\"https:\/\/www.intoscana.it\/it\/il-primo-amore-non-si-scorda-mai-fabio-mascagni-torna-ai-suoi-quindici-anni-con-lo-spettacolo-in-scena-a-firenze\/\",\"url\":\"https:\/\/www.intoscana.it\/it\/il-primo-amore-non-si-scorda-mai-fabio-mascagni-torna-ai-suoi-quindici-anni-con-lo-spettacolo-in-scena-a-firenze\/\",\"name\":\"Il primo amore non si scorda mai: Fabio Mascagni torna ai suoi quindici anni con lo spettacolo in scena a Firenze - intoscana\",\"isPartOf\":{\"@id\":\"https:\/\/www.intoscana.it\/it\/#website\"},\"primaryImageOfPage\":{\"@id\":\"https:\/\/www.intoscana.it\/it\/il-primo-amore-non-si-scorda-mai-fabio-mascagni-torna-ai-suoi-quindici-anni-con-lo-spettacolo-in-scena-a-firenze\/#primaryimage\"},\"image\":{\"@id\":\"https:\/\/www.intoscana.it\/it\/il-primo-amore-non-si-scorda-mai-fabio-mascagni-torna-ai-suoi-quindici-anni-con-lo-spettacolo-in-scena-a-firenze\/#primaryimage\"},\"thumbnailUrl\":\"https:\/\/www.intoscana.it\/wp-content\/uploads\/Fabio-Mascagni.jpeg\",\"datePublished\":\"2026-03-10T08:31:23+00:00\",\"dateModified\":\"2026-03-10T10:38:38+00:00\",\"author\":{\"@id\":\"https:\/\/www.intoscana.it\/it\/#\/schema\/person\/d469f35f09739bdf00bf5dd3f0647a82\"},\"description\":\"Marted\u00ec 10, venerd\u00ec 13 e domenica 15 marzo ore 21.00 al Bar delle Baracche Verdi, nel quartiere Isolotto di Firenze va in scena \\\"Primo amore\\\"\",\"breadcrumb\":{\"@id\":\"https:\/\/www.intoscana.it\/it\/il-primo-amore-non-si-scorda-mai-fabio-mascagni-torna-ai-suoi-quindici-anni-con-lo-spettacolo-in-scena-a-firenze\/#breadcrumb\"},\"inLanguage\":\"it-IT\",\"potentialAction\":[{\"@type\":\"ReadAction\",\"target\":[\"https:\/\/www.intoscana.it\/it\/il-primo-amore-non-si-scorda-mai-fabio-mascagni-torna-ai-suoi-quindici-anni-con-lo-spettacolo-in-scena-a-firenze\/\"]}]},{\"@type\":\"ImageObject\",\"inLanguage\":\"it-IT\",\"@id\":\"https:\/\/www.intoscana.it\/it\/il-primo-amore-non-si-scorda-mai-fabio-mascagni-torna-ai-suoi-quindici-anni-con-lo-spettacolo-in-scena-a-firenze\/#primaryimage\",\"url\":\"https:\/\/www.intoscana.it\/wp-content\/uploads\/Fabio-Mascagni.jpeg\",\"contentUrl\":\"https:\/\/www.intoscana.it\/wp-content\/uploads\/Fabio-Mascagni.jpeg\",\"width\":1920,\"height\":1280,\"caption\":\"Fabio Mascagni\"},{\"@type\":\"BreadcrumbList\",\"@id\":\"https:\/\/www.intoscana.it\/it\/il-primo-amore-non-si-scorda-mai-fabio-mascagni-torna-ai-suoi-quindici-anni-con-lo-spettacolo-in-scena-a-firenze\/#breadcrumb\",\"itemListElement\":[{\"@type\":\"ListItem\",\"position\":1,\"name\":\"Home\",\"item\":\"https:\/\/www.intoscana.it\/it\/\"},{\"@type\":\"ListItem\",\"position\":2,\"name\":\"Il primo amore non si scorda mai: Fabio Mascagni torna ai suoi quindici anni con lo spettacolo in scena a Firenze\"}]},{\"@type\":\"WebSite\",\"@id\":\"https:\/\/www.intoscana.it\/it\/#website\",\"url\":\"https:\/\/www.intoscana.it\/it\/\",\"name\":\"intoscana\",\"description\":\"\",\"potentialAction\":[{\"@type\":\"SearchAction\",\"target\":{\"@type\":\"EntryPoint\",\"urlTemplate\":\"https:\/\/www.intoscana.it\/it\/?s={search_term_string}\"},\"query-input\":{\"@type\":\"PropertyValueSpecification\",\"valueRequired\":true,\"valueName\":\"search_term_string\"}}],\"inLanguage\":\"it-IT\"},{\"@type\":\"Person\",\"@id\":\"https:\/\/www.intoscana.it\/it\/#\/schema\/person\/d469f35f09739bdf00bf5dd3f0647a82\",\"name\":\"Costanza Baldini\",\"url\":\"https:\/\/www.intoscana.it\/it\/author\/costanza-baldini\/\"}]}<\/script>\n<!-- \/ Yoast SEO Premium plugin. -->","yoast_head_json":{"title":"Il primo amore non si scorda mai: Fabio Mascagni torna ai suoi quindici anni con lo spettacolo in scena a Firenze - intoscana","description":"Marted\u00ec 10, venerd\u00ec 13 e domenica 15 marzo ore 21.00 al Bar delle Baracche Verdi, nel quartiere Isolotto di Firenze va in scena \"Primo amore\"","robots":{"index":"index","follow":"follow","max-snippet":"max-snippet:-1","max-image-preview":"max-image-preview:large","max-video-preview":"max-video-preview:-1"},"canonical":"https:\/\/www.intoscana.it\/it\/il-primo-amore-non-si-scorda-mai-fabio-mascagni-torna-ai-suoi-quindici-anni-con-lo-spettacolo-in-scena-a-firenze\/","og_locale":"it_IT","og_type":"article","og_title":"Il primo amore non si scorda mai: Fabio Mascagni torna ai suoi quindici anni con lo spettacolo in scena a Firenze","og_description":"Marted\u00ec 10, venerd\u00ec 13 e domenica 15 marzo ore 21.00 al Bar delle Baracche Verdi, nel quartiere Isolotto di Firenze va in scena \"Primo amore\"","og_url":"https:\/\/www.intoscana.it\/it\/il-primo-amore-non-si-scorda-mai-fabio-mascagni-torna-ai-suoi-quindici-anni-con-lo-spettacolo-in-scena-a-firenze\/","og_site_name":"intoscana","article_publisher":"https:\/\/www.facebook.com\/intoscana.it","article_published_time":"2026-03-10T08:31:23+00:00","article_modified_time":"2026-03-10T10:38:38+00:00","og_image":[{"width":1920,"height":1280,"url":"https:\/\/www.intoscana.it\/wp-content\/uploads\/Fabio-Mascagni.jpeg","type":"image\/jpeg"}],"author":"Costanza Baldini","twitter_card":"summary_large_image","twitter_creator":"@intoscana","twitter_site":"@intoscana","twitter_misc":{"Written by":"Costanza Baldini","Est. reading time":"4 minuti"},"schema":{"@context":"https:\/\/schema.org","@graph":[{"@type":"WebPage","@id":"https:\/\/www.intoscana.it\/it\/il-primo-amore-non-si-scorda-mai-fabio-mascagni-torna-ai-suoi-quindici-anni-con-lo-spettacolo-in-scena-a-firenze\/","url":"https:\/\/www.intoscana.it\/it\/il-primo-amore-non-si-scorda-mai-fabio-mascagni-torna-ai-suoi-quindici-anni-con-lo-spettacolo-in-scena-a-firenze\/","name":"Il primo amore non si scorda mai: Fabio Mascagni torna ai suoi quindici anni con lo spettacolo in scena a Firenze - intoscana","isPartOf":{"@id":"https:\/\/www.intoscana.it\/it\/#website"},"primaryImageOfPage":{"@id":"https:\/\/www.intoscana.it\/it\/il-primo-amore-non-si-scorda-mai-fabio-mascagni-torna-ai-suoi-quindici-anni-con-lo-spettacolo-in-scena-a-firenze\/#primaryimage"},"image":{"@id":"https:\/\/www.intoscana.it\/it\/il-primo-amore-non-si-scorda-mai-fabio-mascagni-torna-ai-suoi-quindici-anni-con-lo-spettacolo-in-scena-a-firenze\/#primaryimage"},"thumbnailUrl":"https:\/\/www.intoscana.it\/wp-content\/uploads\/Fabio-Mascagni.jpeg","datePublished":"2026-03-10T08:31:23+00:00","dateModified":"2026-03-10T10:38:38+00:00","author":{"@id":"https:\/\/www.intoscana.it\/it\/#\/schema\/person\/d469f35f09739bdf00bf5dd3f0647a82"},"description":"Marted\u00ec 10, venerd\u00ec 13 e domenica 15 marzo ore 21.00 al Bar delle Baracche Verdi, nel quartiere Isolotto di Firenze va in scena \"Primo amore\"","breadcrumb":{"@id":"https:\/\/www.intoscana.it\/it\/il-primo-amore-non-si-scorda-mai-fabio-mascagni-torna-ai-suoi-quindici-anni-con-lo-spettacolo-in-scena-a-firenze\/#breadcrumb"},"inLanguage":"it-IT","potentialAction":[{"@type":"ReadAction","target":["https:\/\/www.intoscana.it\/it\/il-primo-amore-non-si-scorda-mai-fabio-mascagni-torna-ai-suoi-quindici-anni-con-lo-spettacolo-in-scena-a-firenze\/"]}]},{"@type":"ImageObject","inLanguage":"it-IT","@id":"https:\/\/www.intoscana.it\/it\/il-primo-amore-non-si-scorda-mai-fabio-mascagni-torna-ai-suoi-quindici-anni-con-lo-spettacolo-in-scena-a-firenze\/#primaryimage","url":"https:\/\/www.intoscana.it\/wp-content\/uploads\/Fabio-Mascagni.jpeg","contentUrl":"https:\/\/www.intoscana.it\/wp-content\/uploads\/Fabio-Mascagni.jpeg","width":1920,"height":1280,"caption":"Fabio Mascagni"},{"@type":"BreadcrumbList","@id":"https:\/\/www.intoscana.it\/it\/il-primo-amore-non-si-scorda-mai-fabio-mascagni-torna-ai-suoi-quindici-anni-con-lo-spettacolo-in-scena-a-firenze\/#breadcrumb","itemListElement":[{"@type":"ListItem","position":1,"name":"Home","item":"https:\/\/www.intoscana.it\/it\/"},{"@type":"ListItem","position":2,"name":"Il primo amore non si scorda mai: Fabio Mascagni torna ai suoi quindici anni con lo spettacolo in scena a Firenze"}]},{"@type":"WebSite","@id":"https:\/\/www.intoscana.it\/it\/#website","url":"https:\/\/www.intoscana.it\/it\/","name":"intoscana","description":"","potentialAction":[{"@type":"SearchAction","target":{"@type":"EntryPoint","urlTemplate":"https:\/\/www.intoscana.it\/it\/?s={search_term_string}"},"query-input":{"@type":"PropertyValueSpecification","valueRequired":true,"valueName":"search_term_string"}}],"inLanguage":"it-IT"},{"@type":"Person","@id":"https:\/\/www.intoscana.it\/it\/#\/schema\/person\/d469f35f09739bdf00bf5dd3f0647a82","name":"Costanza Baldini","url":"https:\/\/www.intoscana.it\/it\/author\/costanza-baldini\/"}]}},"_links":{"self":[{"href":"https:\/\/www.intoscana.it\/it\/wp-json\/wp\/v2\/posts\/420102","targetHints":{"allow":["GET"]}}],"collection":[{"href":"https:\/\/www.intoscana.it\/it\/wp-json\/wp\/v2\/posts"}],"about":[{"href":"https:\/\/www.intoscana.it\/it\/wp-json\/wp\/v2\/types\/post"}],"author":[{"embeddable":true,"href":"https:\/\/www.intoscana.it\/it\/wp-json\/wp\/v2\/users\/518"}],"replies":[{"embeddable":true,"href":"https:\/\/www.intoscana.it\/it\/wp-json\/wp\/v2\/comments?post=420102"}],"version-history":[{"count":5,"href":"https:\/\/www.intoscana.it\/it\/wp-json\/wp\/v2\/posts\/420102\/revisions"}],"predecessor-version":[{"id":420204,"href":"https:\/\/www.intoscana.it\/it\/wp-json\/wp\/v2\/posts\/420102\/revisions\/420204"}],"wp:featuredmedia":[{"embeddable":true,"href":"https:\/\/www.intoscana.it\/it\/wp-json\/wp\/v2\/media\/419853"}],"wp:attachment":[{"href":"https:\/\/www.intoscana.it\/it\/wp-json\/wp\/v2\/media?parent=420102"}],"wp:term":[{"taxonomy":"category","embeddable":true,"href":"https:\/\/www.intoscana.it\/it\/wp-json\/wp\/v2\/categories?post=420102"},{"taxonomy":"post_tag","embeddable":true,"href":"https:\/\/www.intoscana.it\/it\/wp-json\/wp\/v2\/tags?post=420102"}],"curies":[{"name":"wp","href":"https:\/\/api.w.org\/{rel}","templated":true}]}}