{"id":420223,"date":"2026-03-10T13:11:35","date_gmt":"2026-03-10T12:11:35","guid":{"rendered":"https:\/\/www.intoscana.it\/it\/?p=420223"},"modified":"2026-03-10T13:11:35","modified_gmt":"2026-03-10T12:11:35","slug":"a-ponsacco-apre-la-casa-di-comunita","status":"publish","type":"post","link":"https:\/\/www.intoscana.it\/it\/a-ponsacco-apre-la-casa-di-comunita\/","title":{"rendered":"A Ponsacco apre la casa di comunit\u00e0: un nuovo presidio sanitario che rafforza la medicina territoriale"},"content":{"rendered":"<p>Pi\u00f9 servizi e soprattutto pi\u00f9 attenzione al benessere e alla qualit\u00e0 della vita dei cittadini. \u00c8 questo l\u2019obiettivo della nuova <strong>casa di comunit\u00e0<\/strong> inaugurata a <strong>Ponsacco<\/strong>, in via Caduti di Nassiriya, a pochi metri dallo storico distretto sanitario. Lo spazio \u00e8 pensato per rafforzare la medicina di prossimit\u00e0, dove i pazienti potranno trovare <strong>servizi integrati<\/strong> e assistenza, con il supporto delle nuove <strong>tecnologie<\/strong>.<\/p>\n<p>Al taglio del nastro erano presenti, tra gli altri, il presidente della Regione Toscana <strong>Eugenio Giani<\/strong>,\u00a0la direttrice dell&#8217;Asl Toscana Nord Ovest <strong>Maria Letizia Casani <\/strong>e \u00a0il sindaco di Ponsacco <strong><b>Gabriele Gasperini<\/b><\/strong>.<\/p>\n<p><iframe loading=\"lazy\" style=\"border: none; overflow: hidden;\" src=\"https:\/\/www.facebook.com\/plugins\/video.php?href=https%3A%2F%2Fwww.facebook.com%2Freel%2F1207269974728712%2F&amp;width=800&amp;show_text=false&amp;appId=658724847632282&amp;height=1305\" width=\"800\" height=\"1305\" frameborder=\"0\" scrolling=\"no\" allowfullscreen=\"allowfullscreen\"><\/iframe><\/p>\n<p style=\"font-weight: 400;\">Le case di comunit\u00e0, assieme alle centrali operative territoriali e agli ospedali di comunit\u00e0, sono il fulcro della nuova assistenza sanitaria sul territorio.\u00a0\u201cUna rivoluzione \u2013 ha commentato il presidente Giani \u2013 pensata per avvicinare cure e servizi nei luoghi dove le persone abitano, in modo diffuso: <mark>un\u2019evoluzione delle case delle salute, che sono state il modello di partenza anche per la riforma nazionale<\/mark>\u201d.<\/p>\n<p>La casa di comunit\u00e0 di Ponsacco \u2013 una struttura cosiddetta \u2018<strong>spoke<\/strong>\u2019, ovvero il raggio di una ruota collegata ad una casa di comunit\u00e0 di riferimento \u2013 \u00e8 la prima ad essere inaugurata in provincia di Pisa. Sar\u00e0 aperta sei giorni su sette, per dodici ore al giorno. \u201c<mark>Con i fondi Pnrr ne inaugureremo almeno settanta in tutta la Toscana<\/mark>&#8221; spiega Giani. Un\u2019altra ottantina saranno realizzate con finanziamenti di altro tipo..<\/p>\n<p>\u201cLa casa di comunit\u00e0 diventa il luogo dove si riuniscono anzitutto gli ambulatori dei medici di famiglia \u2013 sottolinea Giani -. Se non trovo il mio ci sar\u00e0 sempre qualcuno, associato, che lo sostituisce\u201d. Cinque giorni a settimana per dodici ore al giorno. Nelle case di comunit\u00e0 c\u2019\u00e8 anche il medico di continuit\u00e0 assistenziale, quello che un tempo si chiamava guardia medica. C\u2019\u00e8 il <strong>Pua, il punto unico di accesso<\/strong> che non \u00e8 solo una sigla ma uno sportello a cui i cittadini possono rivolgersi per qualsiasi esigenza sanitaria o sociale. Ci sono ambulatori per <strong>esami diagnostici<\/strong> di primo livello e servizi di telemedicina, in modo da avere un referto immediato su un\u2019analisi o un consulto anche se il medico o l\u2019esperto non \u00e8 fisicamente presente ma collegato da remoto. \u201cLa casa di comunit\u00e0 crea sinergie e consente di modellare servizi e attrezzature sulle esigenze specifiche del territorio\u201d.<\/p>\n<p>Tutto questo sar\u00e0 presente anche nella casa di comunit\u00e0 di Ponsacco, la cui inaugurazione ha permesso pure di riunire in un unico luogo ambulatori ed uffici prima sparsi sul territorio. \u201c<mark>Nel momento in cui realizziamo questa rete di case di comunit\u00e0 \u2013 ha concluso Giani \u2013 per la presenza dei medici di famiglia in strutture pubbliche sar\u00e0 anche pi\u00f9 facile investire in diagnostica ed attrezzature tecnologicamente avanzate<\/mark>\u201d.<\/p>\n<figure id=\"post-420211 media-420211\" class=\"align-none\"><img decoding=\"async\" src=\"https:\/\/www.intoscana.it\/wp-content\/uploads\/casa-comunita-ponsacco-scaled.jpg\" alt=\"\" \/><\/figure>\n<div class=\"titleimg\">Inaugurata a Ponsacco la nuova casa di comunit\u00e0. Giani: \u201cUn presidio fondamentale per i cittadini\u201d &#8211; \u00a9 Marta Mancini<\/div>\n<p>\u201cSono molto soddisfatta &#8211; ha evidenziato la direttrice Casani &#8211; della giornata di oggi perch\u00e9 presentiamo alla comunit\u00e0, insieme al Comune di Ponsacco e alla Regione Toscana, una struttura terminata che si aggiunge alle molte sedi distrettuali che abbiamo presentato o stiamo per presentare in Azienda e anche, in maniera specifica, in questo ambito territoriale.<\/p>\n<p><mark>Questa casa della comunit\u00e0 sar\u00e0 aperta 6 giorni su 7, per 12 ore al giorno, mettendo a disposizione dei cittadini equipe multiprofessionali costituite da medici di medicina generale, pediatri di libera scelta e specialisti ambulatoriali, infermieri di famiglia e di comunit\u00e0. Tra i servizi sono previsti anche il Punto unico di accesso (Pua), i servizi ambulatoriali per le patologie ad alta prevalenza, il sistema integrato di prenotazione collegato al Cup aziendale<\/mark>.<\/p>\n<p>La nuova struttura permette un importante arricchimento degli spazi destinati ai servizi sanitari con possibilit\u00e0 di ulteriore apertura alle famiglie e al territorio mediante la telemedicina, l\u2019assistenza domiciliare, l\u2019integrazione con i servizi socio-sanitari gi\u00e0 esistenti e alle attivit\u00e0 partecipative di associazioni e cittadini per una migliore adesione e rispondenza ai bisogni dell\u2019utenza che insiste su questo territorio.<\/p>\n<p>Oltre alla Casa di Comunit\u00e0 di Ponsacco, in questa Zona sono in corso i lavori finanziati dal Pnrr o da fondi dell\u2019edilizia sanitaria pubblica (ex articolo 20 Legge 67\/88) o da fondi regionali e aziendali per la ristrutturazione o costruzione di altri presidi sanitari per un totale di <strong>62 milioni e mezzo di euro<\/strong>\u201d.<\/p>\n<figure id=\"post-420216 media-420216\" class=\"align-none\"><img decoding=\"async\" src=\"https:\/\/www.intoscana.it\/wp-content\/uploads\/ambulatori-casa-comunita-ponsacco-scaled.jpg\" alt=\"\" \/><\/figure>\n<div class=\"titleimg\">La nuova Casa di Comunit\u00e0 di Ponsacco &#8211; \u00a9 Marta Mancini<\/div>\n<p>\u201cL\u2019apertura della casa di comunit\u00e0 di Ponsacco \u2013 ha fatto eco il sindaco Gasperini &#8211; rappresenta un passaggio significativo per i cittadini e per tutto il territorio della Valdera. Si tratta di un presidio sanitario atteso da tempo, che rafforza la medicina di prossimit\u00e0 e porta i servizi pi\u00f9 vicino alle persone.<\/p>\n<p><mark>Strutture come questa sono fondamentali per migliorare l\u2019accesso alla sanit\u00e0 territoriale, garantire una presa in carico pi\u00f9 efficace dei pazienti e favorire l\u2019integrazione tra servizi sanitari e sociali. La casa di comunit\u00e0 nasce proprio con questo obiettivo: offrire ai cittadini un punto di riferimento stabile per la salute e la prevenzione<\/mark>&#8220;.<\/p>\n<h3>La nuova casa di comunit\u00e0<\/h3>\n<p>La nuova casa di comunit\u00e0 sorge in via caduti di Nassiriya, accanto al vecchio distretto sanitario dismesso che si trovava in via Rospicciano. Un cantiere dalla lunga gestazione, che grazie ai<strong> fondi Pnrr<\/strong> ha visto la sua conclusione: tre piani, in origine destinati ad ospitare una Rsa,<strong> 4 milioni di investimento<\/strong>, <strong>2800 metri quadri<\/strong> di superficie totale.<\/p>\n<p>Gli ambulatori dei medici di famiglia e degli specialisti sorgono al piano terra, assieme alla continuit\u00e0 assistenziale,i pediatri di libera scelta, il Cup e gli uffici amministrativi, il centro prelievi, il servizio sociale e il consultorio. Il dipartimento di prevenzione della zona distretto Valdera occupa invece il secondo e terzo piano, assieme alla medicina del lavoro, la medicina dello sport, l\u2019igiene pubblica, la sanit\u00e0 veterinaria e la medicina legale. Non mancano l\u2019infermiere di famiglia, presente o o reperibile per dodici ore al giorno per sei giorni la settimana, i servizi ambulatoriali per le patologie ad alta prevalenza e il sistema integrato di prenotazione collegato al Cup aziendale.<\/p>\n<p>A Ponsacco, oltre alla possibilit\u00e0 di sottoporsi ad ecografie o monitorare l\u2019attivit\u00e0 elettrica del cuore con un holter, c\u2019\u00e8 anche un macchinario che consente di fare esami di laboratorio con risultati immediati, refertabili in caso di necessit\u00e0 e grazie alla stanza di <strong>telemedicina<\/strong> da esperti di ospedali o altre strutture.<\/p>\n<p>\u201cLe case di comunit\u00e0 \u2013 ha concluso il presidente Giani \u2013 sono l\u2019investimento pi\u00f9 rilevante nei <strong>453 milioni di fondi Pnrr<\/strong> che abbiamo ricevuto per la sanit\u00e0: vi abbiamo infatti investito due terzi\u201d.<\/p>\n","protected":false},"excerpt":{"rendered":"<p>All&#8217;inaugurazione, che si \u00e8 tenuta presso l&#8217;edificio in via Caduti di Nassiriya, erano presenti il presidente della Regione Toscana Eugenio Giani e la direttrice dell&#8217;Asl Toscana Nord Ovest Maria Letizia Casani<\/p>\n","protected":false},"author":525,"featured_media":420215,"comment_status":"open","ping_status":"open","sticky":false,"template":"","format":"standard","meta":{"_acf_changed":false,"footnotes":""},"categories":[18],"tags":[158,151,349],"class_list":["post-420223","post","type-post","status-publish","format-standard","has-post-thumbnail","hentry","category-salute","tag-eugenio-giani","tag-regione-toscana","tag-sanita"],"acf":[],"yoast_head":"<!-- This site is optimized with the Yoast SEO Premium plugin v24.2 (Yoast SEO v25.6) - https:\/\/yoast.com\/wordpress\/plugins\/seo\/ -->\n<title>A Ponsacco apre la casa di comunit\u00e0: un nuovo presidio sanitario che rafforza la medicina territoriale - intoscana<\/title>\n<meta name=\"description\" content=\"A Ponsacco \u00e8 stata inaugurata la nuova casa di comunit\u00e0: un nuovo presidio sanitario che rafforza la medicina territoriale.\" \/>\n<meta name=\"robots\" content=\"index, follow, max-snippet:-1, max-image-preview:large, max-video-preview:-1\" \/>\n<link rel=\"canonical\" href=\"https:\/\/www.intoscana.it\/it\/a-ponsacco-apre-la-casa-di-comunita\/\" \/>\n<meta property=\"og:locale\" content=\"it_IT\" \/>\n<meta property=\"og:type\" content=\"article\" \/>\n<meta property=\"og:title\" content=\"A Ponsacco apre la casa di comunit\u00e0: un nuovo presidio sanitario che rafforza la medicina territoriale\" \/>\n<meta property=\"og:description\" content=\"A Ponsacco \u00e8 stata inaugurata la nuova casa di comunit\u00e0: un nuovo presidio sanitario che rafforza la medicina territoriale.\" \/>\n<meta property=\"og:url\" content=\"https:\/\/www.intoscana.it\/it\/a-ponsacco-apre-la-casa-di-comunita\/\" \/>\n<meta property=\"og:site_name\" content=\"intoscana\" \/>\n<meta property=\"article:publisher\" content=\"https:\/\/www.facebook.com\/intoscana.it\" \/>\n<meta property=\"article:published_time\" content=\"2026-03-10T12:11:35+00:00\" \/>\n<meta property=\"og:image\" content=\"https:\/\/www.intoscana.it\/wp-content\/uploads\/insegna-casa-comunita-ponsacco-scaled.jpg\" \/>\n\t<meta property=\"og:image:width\" content=\"2048\" \/>\n\t<meta property=\"og:image:height\" content=\"1536\" \/>\n\t<meta property=\"og:image:type\" content=\"image\/jpeg\" \/>\n<meta name=\"author\" content=\"Redazione\" \/>\n<meta name=\"twitter:card\" content=\"summary_large_image\" \/>\n<meta name=\"twitter:creator\" content=\"@intoscana\" \/>\n<meta name=\"twitter:site\" content=\"@intoscana\" \/>\n<meta name=\"twitter:label1\" content=\"Written by\" \/>\n\t<meta name=\"twitter:data1\" content=\"Redazione\" \/>\n\t<meta name=\"twitter:label2\" content=\"Est. reading time\" \/>\n\t<meta name=\"twitter:data2\" content=\"7 minuti\" \/>\n<script type=\"application\/ld+json\" class=\"yoast-schema-graph\">{\"@context\":\"https:\/\/schema.org\",\"@graph\":[{\"@type\":\"WebPage\",\"@id\":\"https:\/\/www.intoscana.it\/it\/a-ponsacco-apre-la-casa-di-comunita\/\",\"url\":\"https:\/\/www.intoscana.it\/it\/a-ponsacco-apre-la-casa-di-comunita\/\",\"name\":\"A Ponsacco apre la casa di comunit\u00e0: un nuovo presidio sanitario che rafforza la medicina territoriale - intoscana\",\"isPartOf\":{\"@id\":\"https:\/\/www.intoscana.it\/it\/#website\"},\"primaryImageOfPage\":{\"@id\":\"https:\/\/www.intoscana.it\/it\/a-ponsacco-apre-la-casa-di-comunita\/#primaryimage\"},\"image\":{\"@id\":\"https:\/\/www.intoscana.it\/it\/a-ponsacco-apre-la-casa-di-comunita\/#primaryimage\"},\"thumbnailUrl\":\"https:\/\/www.intoscana.it\/wp-content\/uploads\/insegna-casa-comunita-ponsacco-scaled.jpg\",\"datePublished\":\"2026-03-10T12:11:35+00:00\",\"author\":{\"@id\":\"https:\/\/www.intoscana.it\/it\/#\/schema\/person\/9223810753230f20bd670fdd322661f8\"},\"description\":\"A Ponsacco \u00e8 stata inaugurata la nuova casa di comunit\u00e0: un nuovo presidio sanitario che rafforza la medicina territoriale.\",\"breadcrumb\":{\"@id\":\"https:\/\/www.intoscana.it\/it\/a-ponsacco-apre-la-casa-di-comunita\/#breadcrumb\"},\"inLanguage\":\"it-IT\",\"potentialAction\":[{\"@type\":\"ReadAction\",\"target\":[\"https:\/\/www.intoscana.it\/it\/a-ponsacco-apre-la-casa-di-comunita\/\"]}]},{\"@type\":\"ImageObject\",\"inLanguage\":\"it-IT\",\"@id\":\"https:\/\/www.intoscana.it\/it\/a-ponsacco-apre-la-casa-di-comunita\/#primaryimage\",\"url\":\"https:\/\/www.intoscana.it\/wp-content\/uploads\/insegna-casa-comunita-ponsacco-scaled.jpg\",\"contentUrl\":\"https:\/\/www.intoscana.it\/wp-content\/uploads\/insegna-casa-comunita-ponsacco-scaled.jpg\",\"width\":2048,\"height\":1536,\"caption\":\"La nuova Casa di Comunit\u00e0 di Ponsacco\"},{\"@type\":\"BreadcrumbList\",\"@id\":\"https:\/\/www.intoscana.it\/it\/a-ponsacco-apre-la-casa-di-comunita\/#breadcrumb\",\"itemListElement\":[{\"@type\":\"ListItem\",\"position\":1,\"name\":\"Home\",\"item\":\"https:\/\/www.intoscana.it\/it\/\"},{\"@type\":\"ListItem\",\"position\":2,\"name\":\"A Ponsacco apre la casa di comunit\u00e0: un nuovo presidio sanitario che rafforza la medicina territoriale\"}]},{\"@type\":\"WebSite\",\"@id\":\"https:\/\/www.intoscana.it\/it\/#website\",\"url\":\"https:\/\/www.intoscana.it\/it\/\",\"name\":\"intoscana\",\"description\":\"\",\"potentialAction\":[{\"@type\":\"SearchAction\",\"target\":{\"@type\":\"EntryPoint\",\"urlTemplate\":\"https:\/\/www.intoscana.it\/it\/?s={search_term_string}\"},\"query-input\":{\"@type\":\"PropertyValueSpecification\",\"valueRequired\":true,\"valueName\":\"search_term_string\"}}],\"inLanguage\":\"it-IT\"},{\"@type\":\"Person\",\"@id\":\"https:\/\/www.intoscana.it\/it\/#\/schema\/person\/9223810753230f20bd670fdd322661f8\",\"name\":\"Redazione\",\"url\":\"https:\/\/www.intoscana.it\/it\/author\/redazione\/\"}]}<\/script>\n<!-- \/ Yoast SEO Premium plugin. -->","yoast_head_json":{"title":"A Ponsacco apre la casa di comunit\u00e0: un nuovo presidio sanitario che rafforza la medicina territoriale - intoscana","description":"A Ponsacco \u00e8 stata inaugurata la nuova casa di comunit\u00e0: un nuovo presidio sanitario che rafforza la medicina territoriale.","robots":{"index":"index","follow":"follow","max-snippet":"max-snippet:-1","max-image-preview":"max-image-preview:large","max-video-preview":"max-video-preview:-1"},"canonical":"https:\/\/www.intoscana.it\/it\/a-ponsacco-apre-la-casa-di-comunita\/","og_locale":"it_IT","og_type":"article","og_title":"A Ponsacco apre la casa di comunit\u00e0: un nuovo presidio sanitario che rafforza la medicina territoriale","og_description":"A Ponsacco \u00e8 stata inaugurata la nuova casa di comunit\u00e0: un nuovo presidio sanitario che rafforza la medicina territoriale.","og_url":"https:\/\/www.intoscana.it\/it\/a-ponsacco-apre-la-casa-di-comunita\/","og_site_name":"intoscana","article_publisher":"https:\/\/www.facebook.com\/intoscana.it","article_published_time":"2026-03-10T12:11:35+00:00","og_image":[{"width":2048,"height":1536,"url":"https:\/\/www.intoscana.it\/wp-content\/uploads\/insegna-casa-comunita-ponsacco-scaled.jpg","type":"image\/jpeg"}],"author":"Redazione","twitter_card":"summary_large_image","twitter_creator":"@intoscana","twitter_site":"@intoscana","twitter_misc":{"Written by":"Redazione","Est. reading time":"7 minuti"},"schema":{"@context":"https:\/\/schema.org","@graph":[{"@type":"WebPage","@id":"https:\/\/www.intoscana.it\/it\/a-ponsacco-apre-la-casa-di-comunita\/","url":"https:\/\/www.intoscana.it\/it\/a-ponsacco-apre-la-casa-di-comunita\/","name":"A Ponsacco apre la casa di comunit\u00e0: un nuovo presidio sanitario che rafforza la medicina territoriale - intoscana","isPartOf":{"@id":"https:\/\/www.intoscana.it\/it\/#website"},"primaryImageOfPage":{"@id":"https:\/\/www.intoscana.it\/it\/a-ponsacco-apre-la-casa-di-comunita\/#primaryimage"},"image":{"@id":"https:\/\/www.intoscana.it\/it\/a-ponsacco-apre-la-casa-di-comunita\/#primaryimage"},"thumbnailUrl":"https:\/\/www.intoscana.it\/wp-content\/uploads\/insegna-casa-comunita-ponsacco-scaled.jpg","datePublished":"2026-03-10T12:11:35+00:00","author":{"@id":"https:\/\/www.intoscana.it\/it\/#\/schema\/person\/9223810753230f20bd670fdd322661f8"},"description":"A Ponsacco \u00e8 stata inaugurata la nuova casa di comunit\u00e0: un nuovo presidio sanitario che rafforza la medicina territoriale.","breadcrumb":{"@id":"https:\/\/www.intoscana.it\/it\/a-ponsacco-apre-la-casa-di-comunita\/#breadcrumb"},"inLanguage":"it-IT","potentialAction":[{"@type":"ReadAction","target":["https:\/\/www.intoscana.it\/it\/a-ponsacco-apre-la-casa-di-comunita\/"]}]},{"@type":"ImageObject","inLanguage":"it-IT","@id":"https:\/\/www.intoscana.it\/it\/a-ponsacco-apre-la-casa-di-comunita\/#primaryimage","url":"https:\/\/www.intoscana.it\/wp-content\/uploads\/insegna-casa-comunita-ponsacco-scaled.jpg","contentUrl":"https:\/\/www.intoscana.it\/wp-content\/uploads\/insegna-casa-comunita-ponsacco-scaled.jpg","width":2048,"height":1536,"caption":"La nuova Casa di Comunit\u00e0 di Ponsacco"},{"@type":"BreadcrumbList","@id":"https:\/\/www.intoscana.it\/it\/a-ponsacco-apre-la-casa-di-comunita\/#breadcrumb","itemListElement":[{"@type":"ListItem","position":1,"name":"Home","item":"https:\/\/www.intoscana.it\/it\/"},{"@type":"ListItem","position":2,"name":"A Ponsacco apre la casa di comunit\u00e0: un nuovo presidio sanitario che rafforza la medicina territoriale"}]},{"@type":"WebSite","@id":"https:\/\/www.intoscana.it\/it\/#website","url":"https:\/\/www.intoscana.it\/it\/","name":"intoscana","description":"","potentialAction":[{"@type":"SearchAction","target":{"@type":"EntryPoint","urlTemplate":"https:\/\/www.intoscana.it\/it\/?s={search_term_string}"},"query-input":{"@type":"PropertyValueSpecification","valueRequired":true,"valueName":"search_term_string"}}],"inLanguage":"it-IT"},{"@type":"Person","@id":"https:\/\/www.intoscana.it\/it\/#\/schema\/person\/9223810753230f20bd670fdd322661f8","name":"Redazione","url":"https:\/\/www.intoscana.it\/it\/author\/redazione\/"}]}},"_links":{"self":[{"href":"https:\/\/www.intoscana.it\/it\/wp-json\/wp\/v2\/posts\/420223","targetHints":{"allow":["GET"]}}],"collection":[{"href":"https:\/\/www.intoscana.it\/it\/wp-json\/wp\/v2\/posts"}],"about":[{"href":"https:\/\/www.intoscana.it\/it\/wp-json\/wp\/v2\/types\/post"}],"author":[{"embeddable":true,"href":"https:\/\/www.intoscana.it\/it\/wp-json\/wp\/v2\/users\/525"}],"replies":[{"embeddable":true,"href":"https:\/\/www.intoscana.it\/it\/wp-json\/wp\/v2\/comments?post=420223"}],"version-history":[{"count":5,"href":"https:\/\/www.intoscana.it\/it\/wp-json\/wp\/v2\/posts\/420223\/revisions"}],"predecessor-version":[{"id":420242,"href":"https:\/\/www.intoscana.it\/it\/wp-json\/wp\/v2\/posts\/420223\/revisions\/420242"}],"wp:featuredmedia":[{"embeddable":true,"href":"https:\/\/www.intoscana.it\/it\/wp-json\/wp\/v2\/media\/420215"}],"wp:attachment":[{"href":"https:\/\/www.intoscana.it\/it\/wp-json\/wp\/v2\/media?parent=420223"}],"wp:term":[{"taxonomy":"category","embeddable":true,"href":"https:\/\/www.intoscana.it\/it\/wp-json\/wp\/v2\/categories?post=420223"},{"taxonomy":"post_tag","embeddable":true,"href":"https:\/\/www.intoscana.it\/it\/wp-json\/wp\/v2\/tags?post=420223"}],"curies":[{"name":"wp","href":"https:\/\/api.w.org\/{rel}","templated":true}]}}