{"id":420256,"date":"2026-03-10T15:13:25","date_gmt":"2026-03-10T14:13:25","guid":{"rendered":"https:\/\/www.intoscana.it\/it\/?p=420256"},"modified":"2026-03-11T16:10:05","modified_gmt":"2026-03-11T15:10:05","slug":"firenze-abbraccia-mattarella-il-capo-dello-stato-riceve-la-laurea-honoris-causa","status":"publish","type":"post","link":"https:\/\/www.intoscana.it\/it\/firenze-abbraccia-mattarella-il-capo-dello-stato-riceve-la-laurea-honoris-causa\/","title":{"rendered":"Firenze abbraccia Mattarella: il Capo dello Stato riceve la laurea honoris causa"},"content":{"rendered":"<p>Applausi e saluti, i fiorentini riservano sempre la stessa accalorata accoglienza al <strong>presidente della Repubblica Sergio Mattarella<\/strong> oggi in citt\u00e0 per ricevere\u00a0 la laurea magistrale honoris causa in \u201cPolitica, Istituzioni e Mercato\u201d dall&#8217;Universit\u00e0 di Firenze.<\/p>\n<p>Una cerimonia ufficiale al teatro del Maggio,\u00a0 nell\u2019ambito delle celebrazioni dei 150 anni della Scuola di Scienze politiche <strong>\u201cCesare Alfieri\u201d<\/strong>, e poi la visita all&#8217;Istituto storico della Resistenza. L&#8217;arrivo e il ritorno, come di consueto,\u00a0 in treno, alla Stazione Santa Maria Novella.<\/p>\n<h3>La cerimonia per la laurea honoris causa<\/h3>\n<p>Un applauso lunghissimo ha salutato l&#8217;ingresso del Capo della Stato al Teatro del Maggio, accolto dalla Rettrice <strong>Alessandra Petrucci<\/strong>, dal presidente della Regione <strong>Eugenio Giani<\/strong> e dalla sindaca di Firenze <strong>Sara Funaro<\/strong>.<\/p>\n<figure id=\"post-420258 media-420258\" class=\"align-none\"><img decoding=\"async\" src=\"https:\/\/www.intoscana.it\/wp-content\/uploads\/99640-scaled.jpg\" alt=\"\" \/><\/figure>\n<div class=\"titleimg\">Firenze \u2013 Il Presidente della Repubblica Sergio Mattarella con Eugenio Giani, Presidente della Regione Toscana e Sara Funaro, Sindaco della Citt\u00e0 metropolitana di Firenze, alla cerimonia di conferimento della Laurea magistrale Honoris Causa in \u201cPolitica, Istituzioni e Mercato\u201d al Presidente della Repubblica, in occasione dei 150 anni della Scuola di Scienze politiche \u201cCesare Alfieri\u201d, oggi 10 marzo 2026. (Foto di Paolo Giandotti \u2013 Ufficio Stampa per la Stampa e la Comunicazione della Presidenza della Repubblica)<\/div>\n<p>Cerimonia solenne, salutata con la ritualit\u00e0 che l&#8217;evento richiede. come ha ricordato lo stesso presidente,\u00a0 <mark>&#8220;Negli anni Ottanta, una serie di fortunate circostanze port\u00f2 alla Cesare Alfieri esponenti di rilievo dell&#8217;economia pubblica&#8221;. Come Fausto Vicarelli, Ezio Tarantelli, Giovanni Bechelloni, Milly Buonanno e &#8220;un giovane Mario Draghi, che ebbe a Firenze la sua prima cattedra&#8221;.<\/mark><\/p>\n<p>Con stocco e mantella, Mattarella ha poi tenuto una accorata <strong>lectio doctoralis<\/strong>. Prima, la rettrice Petrucci ha rivolto il ringraziamento al presidente: <mark>&#8220;A nome di tutta la comunit\u00e0 accademica, le siamo grati per rappresentarci nel mondo con la sua saggezza, il suo equilibrio, la sua preparazione e il suo esempio&#8221;.<\/mark><\/p>\n<h3><em>Mattarella: &#8220;C&#8217;\u00e8 la pretesa di agire al di fuori delle regole di Stati e organismi sovranazionali&#8221;<\/em><\/h3>\n<p>Nesl suo discorso, il presidente <strong>Sergio Mattarella<\/strong>, ha toccato diversi argomenti, dalla necessit\u00e0 del senso di comunit\u00e0 alla geopolitica. \u00abI protagonisti degli scenari globali &#8211; ha detto &#8211; con grande e crescente influenza sulla vita quotidiana di singoli e comunit\u00e0, sono soggetti tecnologici e finanziari. Sovente vi si fondono i due aspetti. Non si tratta di fenomeni completamente nuovi. Nuova \u00e8 la pretesa di abbattere gli impegni assunti dopo la seconda guerra mondiale per dare ordine ai rapporti internazionali su base di parit\u00e0 tra gli Stati. <mark>La pretesa, infatti, \u00e8 di agire al di fuori delle regole di Stati e di organismi sovranazionali, erodendo la sovranit\u00e0 dei primi e il crescente ruolo positivo dei secondi&#8221;.<\/mark><\/p>\n<p>Sottolinea anche\u00a0 &#8220;l&#8217;esigenza di rimettere al centro la persona, i valori umani e universali, il <strong>senso di comunit\u00e0<\/strong> che accresce il valore delle relazioni tra le persone, del rispetto e del reciproco riconoscimento di dignit\u00e0 e diritti. Occorre, come hanno fatto tanti di coloro che hanno operato in questa Scuola, dedicarsi allo studio con passione, nei diversi ambiti della conoscenza affinch\u00e9 <mark>i nuovi confini del sapere possano essere esplorati e coltivati per realizzare il benessere collettivo che muove dalla centralit\u00e0 della persona,<\/mark> di ciascuna persona, dei suoi diritti e dei suoi doveri. Occorre farlo come incitava Francesco Protonotari, primo direttore della Nuova Antologia, altra creazione della Firenze capitale, come spiriti indipendenti e coraggiosi&#8221;.<\/p>\n<p>Un riferimento anche ai media e ai cambianenti che ormai travolgono la societ\u00e0. &#8220;I <strong>social<\/strong> hanno modificato il modo di comunicare, cambiando relazioni sociali e modo di operare anche nella vita politica. <strong>L&#8217;intelligenza artificiale<\/strong> sta modificando forme e modalit\u00e0 di lavoro e innumerevoli e ancora indefiniti aspetti della vita nel mondo&#8221;. &#8220;Un contributo fondamentale a una convivenza pi\u00f9 giusta e pi\u00f9 libera deve vedere protagonista il mondo della cultura e istituzioni come la Cesare Alfieri. La tecnologia e la scienza sembrano avere oggi bisogno soprattutto di un nuovo e vigoroso apporto di carattere umanistico. Di una nuova ricomposizione dell&#8217;unicit\u00e0 del sapere, sempre pi\u00f9 avvertita e concretamente sviluppata da discipline che un tempo apparivano estranee le une alle altre&#8221;.<\/p>\n<h3><em>La visita all&#8217;Istituto storico della Resistenza<\/em><\/h3>\n<p>Mattarella, dopo la cerimonia di laurea, si \u00e8 anche recato all&#8217;<strong>Istituto storico toscano della Resistenza e dell&#8217;et\u00e0 contemporanea<\/strong>. Ad accogliere il capo dello Stato il presidente <strong>Vannini Chiti<\/strong>.\u00a0 <mark>All&#8217;uscita e all&#8217;ingresso tante persone ad applaudirlo e dalla folla qualcuno ha urlato: &#8220;Baluardo della nostra democrazia&#8221;.<\/mark><\/p>\n<p style=\"font-weight: 400;\">Al presidente \u00e8 stato mostrato il <strong>vassoio di Ventotene<\/strong>, dipinto da Ernesto Rossi nel 1940, simbolo della vita dei confinati, dove si riconoscono Sandro Pertini, Altiero Spinelli e Umberto Terracini.<\/p>\n<figure id=\"post-420281 media-420281\" class=\"align-none\"><img decoding=\"async\" src=\"https:\/\/www.intoscana.it\/wp-content\/uploads\/99659-scaled.jpg\" alt=\"\" \/><\/figure>\n<div class=\"titleimg\">Firenze \u2013 Il Presidente della Repubblica Sergio Mattarella nel corso della visita all\u2019Istituto Storico Toscano della Resistenza e dell\u2019Et\u00e0 Contemporanea, oggi 10 marzo 2026. (Foto di Paolo Giandotti \u2013 Ufficio Stampa per la Stampa e la Comunicazione della Presidenza della Repubblica)<\/div>\n<p style=\"font-weight: 400;\">Al Presidente sono stati poi\u00a0 donati i tre recenti volumi, curati dal professor Pier Luigi Ballini, dedicati a <em>La Resistenza in Toscana &#8211; I verbali del Comitato Toscano di Liberazione Nazionale (ottobre 1943 &#8211; giugno 1945),\u00a0<\/em>pubblicati dalle Edizioni del Consiglio regionale.<\/p>\n<p>&nbsp;<\/p>\n","protected":false},"excerpt":{"rendered":"<p>Calorosa accoglienza per il presidente che ha visitato anche l&#8217;Istituto storico della Resistenza. Nel suo discorso, il richiamo al senso di comunit\u00e0 e l&#8217;avvertimento: &#8220;C&#8217;\u00e8 la pretesa di agire al di fuori delle regole di Stati e organismi sovranazionali&#8221;<\/p>\n","protected":false},"author":545,"featured_media":420262,"comment_status":"open","ping_status":"open","sticky":false,"template":"","format":"standard","meta":{"_acf_changed":false,"footnotes":""},"categories":[494],"tags":[4581,353],"class_list":["post-420256","post","type-post","status-publish","format-standard","has-post-thumbnail","hentry","category-attualita","tag-sergio-mattarella","tag-universita-di-firenze"],"acf":[],"yoast_head":"<!-- This site is optimized with the Yoast SEO Premium plugin v24.2 (Yoast SEO v25.6) - https:\/\/yoast.com\/wordpress\/plugins\/seo\/ -->\n<title>Firenze abbraccia Mattarella: il Capo dello Stato riceve la laurea honoris causa - intoscana<\/title>\n<meta name=\"description\" content=\"Calorosa accoglienza per il presidente che ha visitato anche l&#039;Istituto storico della Resistenza. Nel suo discorso, il richiamo al senso di comunit\u00e0 e l&#039;avvertimento: &quot;C&#039;\u00e8 la pretesa di agire al di fuori delle regole di Stati e organismi sovranazionali&quot;\" \/>\n<meta name=\"robots\" content=\"index, follow, max-snippet:-1, max-image-preview:large, max-video-preview:-1\" \/>\n<link rel=\"canonical\" href=\"https:\/\/www.intoscana.it\/it\/firenze-abbraccia-mattarella-il-capo-dello-stato-riceve-la-laurea-honoris-causa\/\" \/>\n<meta property=\"og:locale\" content=\"it_IT\" \/>\n<meta property=\"og:type\" content=\"article\" \/>\n<meta property=\"og:title\" content=\"Firenze abbraccia Mattarella: il Capo dello Stato riceve la laurea honoris causa\" \/>\n<meta property=\"og:description\" content=\"Calorosa accoglienza per il presidente che ha visitato anche l&#039;Istituto storico della Resistenza. Nel suo discorso, il richiamo al senso di comunit\u00e0 e l&#039;avvertimento: &quot;C&#039;\u00e8 la pretesa di agire al di fuori delle regole di Stati e organismi sovranazionali&quot;\" \/>\n<meta property=\"og:url\" content=\"https:\/\/www.intoscana.it\/it\/firenze-abbraccia-mattarella-il-capo-dello-stato-riceve-la-laurea-honoris-causa\/\" \/>\n<meta property=\"og:site_name\" content=\"intoscana\" \/>\n<meta property=\"article:publisher\" content=\"https:\/\/www.facebook.com\/intoscana.it\" \/>\n<meta property=\"article:published_time\" content=\"2026-03-10T14:13:25+00:00\" \/>\n<meta property=\"article:modified_time\" content=\"2026-03-11T15:10:05+00:00\" \/>\n<meta property=\"og:image\" content=\"https:\/\/www.intoscana.it\/wp-content\/uploads\/99645-scaled.jpg\" \/>\n\t<meta property=\"og:image:width\" content=\"2048\" \/>\n\t<meta property=\"og:image:height\" content=\"1376\" \/>\n\t<meta property=\"og:image:type\" content=\"image\/jpeg\" \/>\n<meta name=\"author\" content=\"Clara D&#039;Acunto\" \/>\n<meta name=\"twitter:card\" content=\"summary_large_image\" \/>\n<meta name=\"twitter:creator\" content=\"@intoscana\" \/>\n<meta name=\"twitter:site\" content=\"@intoscana\" \/>\n<meta name=\"twitter:label1\" content=\"Written by\" \/>\n\t<meta name=\"twitter:data1\" content=\"Clara D&#039;Acunto\" \/>\n\t<meta name=\"twitter:label2\" content=\"Est. reading time\" \/>\n\t<meta name=\"twitter:data2\" content=\"5 minuti\" \/>\n<script type=\"application\/ld+json\" class=\"yoast-schema-graph\">{\"@context\":\"https:\/\/schema.org\",\"@graph\":[{\"@type\":\"WebPage\",\"@id\":\"https:\/\/www.intoscana.it\/it\/firenze-abbraccia-mattarella-il-capo-dello-stato-riceve-la-laurea-honoris-causa\/\",\"url\":\"https:\/\/www.intoscana.it\/it\/firenze-abbraccia-mattarella-il-capo-dello-stato-riceve-la-laurea-honoris-causa\/\",\"name\":\"Firenze abbraccia Mattarella: il Capo dello Stato riceve la laurea honoris causa - intoscana\",\"isPartOf\":{\"@id\":\"https:\/\/www.intoscana.it\/it\/#website\"},\"primaryImageOfPage\":{\"@id\":\"https:\/\/www.intoscana.it\/it\/firenze-abbraccia-mattarella-il-capo-dello-stato-riceve-la-laurea-honoris-causa\/#primaryimage\"},\"image\":{\"@id\":\"https:\/\/www.intoscana.it\/it\/firenze-abbraccia-mattarella-il-capo-dello-stato-riceve-la-laurea-honoris-causa\/#primaryimage\"},\"thumbnailUrl\":\"https:\/\/www.intoscana.it\/wp-content\/uploads\/99645-scaled.jpg\",\"datePublished\":\"2026-03-10T14:13:25+00:00\",\"dateModified\":\"2026-03-11T15:10:05+00:00\",\"author\":{\"@id\":\"https:\/\/www.intoscana.it\/it\/#\/schema\/person\/137419af9ef5d385bde52864a841e6ce\"},\"description\":\"Calorosa accoglienza per il presidente che ha visitato anche l'Istituto storico della Resistenza. Nel suo discorso, il richiamo al senso di comunit\u00e0 e l'avvertimento: \\\"C'\u00e8 la pretesa di agire al di fuori delle regole di Stati e organismi sovranazionali\\\"\",\"breadcrumb\":{\"@id\":\"https:\/\/www.intoscana.it\/it\/firenze-abbraccia-mattarella-il-capo-dello-stato-riceve-la-laurea-honoris-causa\/#breadcrumb\"},\"inLanguage\":\"it-IT\",\"potentialAction\":[{\"@type\":\"ReadAction\",\"target\":[\"https:\/\/www.intoscana.it\/it\/firenze-abbraccia-mattarella-il-capo-dello-stato-riceve-la-laurea-honoris-causa\/\"]}]},{\"@type\":\"ImageObject\",\"inLanguage\":\"it-IT\",\"@id\":\"https:\/\/www.intoscana.it\/it\/firenze-abbraccia-mattarella-il-capo-dello-stato-riceve-la-laurea-honoris-causa\/#primaryimage\",\"url\":\"https:\/\/www.intoscana.it\/wp-content\/uploads\/99645-scaled.jpg\",\"contentUrl\":\"https:\/\/www.intoscana.it\/wp-content\/uploads\/99645-scaled.jpg\",\"width\":2048,\"height\":1376,\"caption\":\"Firenze - Il Presidente della Repubblica Sergio Mattarella alla cerimonia di conferimento della Laurea magistrale Honoris Causa in \u201cPolitica, Istituzioni e Mercato\u201d al Presidente della Repubblica, in occasione dei 150 anni della Scuola di Scienze politiche \u201cCesare Alfieri\u201d, oggi 10 marzo 2026. (Foto di Paolo Giandotti - Ufficio Stampa per la Stampa e la Comunicazione della Presidenza della Repubblica)\"},{\"@type\":\"BreadcrumbList\",\"@id\":\"https:\/\/www.intoscana.it\/it\/firenze-abbraccia-mattarella-il-capo-dello-stato-riceve-la-laurea-honoris-causa\/#breadcrumb\",\"itemListElement\":[{\"@type\":\"ListItem\",\"position\":1,\"name\":\"Home\",\"item\":\"https:\/\/www.intoscana.it\/it\/\"},{\"@type\":\"ListItem\",\"position\":2,\"name\":\"Firenze abbraccia Mattarella: il Capo dello Stato riceve la laurea honoris causa\"}]},{\"@type\":\"WebSite\",\"@id\":\"https:\/\/www.intoscana.it\/it\/#website\",\"url\":\"https:\/\/www.intoscana.it\/it\/\",\"name\":\"intoscana\",\"description\":\"\",\"potentialAction\":[{\"@type\":\"SearchAction\",\"target\":{\"@type\":\"EntryPoint\",\"urlTemplate\":\"https:\/\/www.intoscana.it\/it\/?s={search_term_string}\"},\"query-input\":{\"@type\":\"PropertyValueSpecification\",\"valueRequired\":true,\"valueName\":\"search_term_string\"}}],\"inLanguage\":\"it-IT\"},{\"@type\":\"Person\",\"@id\":\"https:\/\/www.intoscana.it\/it\/#\/schema\/person\/137419af9ef5d385bde52864a841e6ce\",\"name\":\"Clara D'Acunto\",\"url\":\"https:\/\/www.intoscana.it\/it\/author\/clara-d_acunto\/\"}]}<\/script>\n<!-- \/ Yoast SEO Premium plugin. -->","yoast_head_json":{"title":"Firenze abbraccia Mattarella: il Capo dello Stato riceve la laurea honoris causa - intoscana","description":"Calorosa accoglienza per il presidente che ha visitato anche l'Istituto storico della Resistenza. Nel suo discorso, il richiamo al senso di comunit\u00e0 e l'avvertimento: \"C'\u00e8 la pretesa di agire al di fuori delle regole di Stati e organismi sovranazionali\"","robots":{"index":"index","follow":"follow","max-snippet":"max-snippet:-1","max-image-preview":"max-image-preview:large","max-video-preview":"max-video-preview:-1"},"canonical":"https:\/\/www.intoscana.it\/it\/firenze-abbraccia-mattarella-il-capo-dello-stato-riceve-la-laurea-honoris-causa\/","og_locale":"it_IT","og_type":"article","og_title":"Firenze abbraccia Mattarella: il Capo dello Stato riceve la laurea honoris causa","og_description":"Calorosa accoglienza per il presidente che ha visitato anche l'Istituto storico della Resistenza. Nel suo discorso, il richiamo al senso di comunit\u00e0 e l'avvertimento: \"C'\u00e8 la pretesa di agire al di fuori delle regole di Stati e organismi sovranazionali\"","og_url":"https:\/\/www.intoscana.it\/it\/firenze-abbraccia-mattarella-il-capo-dello-stato-riceve-la-laurea-honoris-causa\/","og_site_name":"intoscana","article_publisher":"https:\/\/www.facebook.com\/intoscana.it","article_published_time":"2026-03-10T14:13:25+00:00","article_modified_time":"2026-03-11T15:10:05+00:00","og_image":[{"width":2048,"height":1376,"url":"https:\/\/www.intoscana.it\/wp-content\/uploads\/99645-scaled.jpg","type":"image\/jpeg"}],"author":"Clara D'Acunto","twitter_card":"summary_large_image","twitter_creator":"@intoscana","twitter_site":"@intoscana","twitter_misc":{"Written by":"Clara D'Acunto","Est. reading time":"5 minuti"},"schema":{"@context":"https:\/\/schema.org","@graph":[{"@type":"WebPage","@id":"https:\/\/www.intoscana.it\/it\/firenze-abbraccia-mattarella-il-capo-dello-stato-riceve-la-laurea-honoris-causa\/","url":"https:\/\/www.intoscana.it\/it\/firenze-abbraccia-mattarella-il-capo-dello-stato-riceve-la-laurea-honoris-causa\/","name":"Firenze abbraccia Mattarella: il Capo dello Stato riceve la laurea honoris causa - intoscana","isPartOf":{"@id":"https:\/\/www.intoscana.it\/it\/#website"},"primaryImageOfPage":{"@id":"https:\/\/www.intoscana.it\/it\/firenze-abbraccia-mattarella-il-capo-dello-stato-riceve-la-laurea-honoris-causa\/#primaryimage"},"image":{"@id":"https:\/\/www.intoscana.it\/it\/firenze-abbraccia-mattarella-il-capo-dello-stato-riceve-la-laurea-honoris-causa\/#primaryimage"},"thumbnailUrl":"https:\/\/www.intoscana.it\/wp-content\/uploads\/99645-scaled.jpg","datePublished":"2026-03-10T14:13:25+00:00","dateModified":"2026-03-11T15:10:05+00:00","author":{"@id":"https:\/\/www.intoscana.it\/it\/#\/schema\/person\/137419af9ef5d385bde52864a841e6ce"},"description":"Calorosa accoglienza per il presidente che ha visitato anche l'Istituto storico della Resistenza. Nel suo discorso, il richiamo al senso di comunit\u00e0 e l'avvertimento: \"C'\u00e8 la pretesa di agire al di fuori delle regole di Stati e organismi sovranazionali\"","breadcrumb":{"@id":"https:\/\/www.intoscana.it\/it\/firenze-abbraccia-mattarella-il-capo-dello-stato-riceve-la-laurea-honoris-causa\/#breadcrumb"},"inLanguage":"it-IT","potentialAction":[{"@type":"ReadAction","target":["https:\/\/www.intoscana.it\/it\/firenze-abbraccia-mattarella-il-capo-dello-stato-riceve-la-laurea-honoris-causa\/"]}]},{"@type":"ImageObject","inLanguage":"it-IT","@id":"https:\/\/www.intoscana.it\/it\/firenze-abbraccia-mattarella-il-capo-dello-stato-riceve-la-laurea-honoris-causa\/#primaryimage","url":"https:\/\/www.intoscana.it\/wp-content\/uploads\/99645-scaled.jpg","contentUrl":"https:\/\/www.intoscana.it\/wp-content\/uploads\/99645-scaled.jpg","width":2048,"height":1376,"caption":"Firenze - Il Presidente della Repubblica Sergio Mattarella alla cerimonia di conferimento della Laurea magistrale Honoris Causa in \u201cPolitica, Istituzioni e Mercato\u201d al Presidente della Repubblica, in occasione dei 150 anni della Scuola di Scienze politiche \u201cCesare Alfieri\u201d, oggi 10 marzo 2026. (Foto di Paolo Giandotti - Ufficio Stampa per la Stampa e la Comunicazione della Presidenza della Repubblica)"},{"@type":"BreadcrumbList","@id":"https:\/\/www.intoscana.it\/it\/firenze-abbraccia-mattarella-il-capo-dello-stato-riceve-la-laurea-honoris-causa\/#breadcrumb","itemListElement":[{"@type":"ListItem","position":1,"name":"Home","item":"https:\/\/www.intoscana.it\/it\/"},{"@type":"ListItem","position":2,"name":"Firenze abbraccia Mattarella: il Capo dello Stato riceve la laurea honoris causa"}]},{"@type":"WebSite","@id":"https:\/\/www.intoscana.it\/it\/#website","url":"https:\/\/www.intoscana.it\/it\/","name":"intoscana","description":"","potentialAction":[{"@type":"SearchAction","target":{"@type":"EntryPoint","urlTemplate":"https:\/\/www.intoscana.it\/it\/?s={search_term_string}"},"query-input":{"@type":"PropertyValueSpecification","valueRequired":true,"valueName":"search_term_string"}}],"inLanguage":"it-IT"},{"@type":"Person","@id":"https:\/\/www.intoscana.it\/it\/#\/schema\/person\/137419af9ef5d385bde52864a841e6ce","name":"Clara D'Acunto","url":"https:\/\/www.intoscana.it\/it\/author\/clara-d_acunto\/"}]}},"_links":{"self":[{"href":"https:\/\/www.intoscana.it\/it\/wp-json\/wp\/v2\/posts\/420256","targetHints":{"allow":["GET"]}}],"collection":[{"href":"https:\/\/www.intoscana.it\/it\/wp-json\/wp\/v2\/posts"}],"about":[{"href":"https:\/\/www.intoscana.it\/it\/wp-json\/wp\/v2\/types\/post"}],"author":[{"embeddable":true,"href":"https:\/\/www.intoscana.it\/it\/wp-json\/wp\/v2\/users\/545"}],"replies":[{"embeddable":true,"href":"https:\/\/www.intoscana.it\/it\/wp-json\/wp\/v2\/comments?post=420256"}],"version-history":[{"count":5,"href":"https:\/\/www.intoscana.it\/it\/wp-json\/wp\/v2\/posts\/420256\/revisions"}],"predecessor-version":[{"id":420481,"href":"https:\/\/www.intoscana.it\/it\/wp-json\/wp\/v2\/posts\/420256\/revisions\/420481"}],"wp:featuredmedia":[{"embeddable":true,"href":"https:\/\/www.intoscana.it\/it\/wp-json\/wp\/v2\/media\/420262"}],"wp:attachment":[{"href":"https:\/\/www.intoscana.it\/it\/wp-json\/wp\/v2\/media?parent=420256"}],"wp:term":[{"taxonomy":"category","embeddable":true,"href":"https:\/\/www.intoscana.it\/it\/wp-json\/wp\/v2\/categories?post=420256"},{"taxonomy":"post_tag","embeddable":true,"href":"https:\/\/www.intoscana.it\/it\/wp-json\/wp\/v2\/tags?post=420256"}],"curies":[{"name":"wp","href":"https:\/\/api.w.org\/{rel}","templated":true}]}}