{"id":420353,"date":"2026-03-11T11:54:39","date_gmt":"2026-03-11T10:54:39","guid":{"rendered":"https:\/\/www.intoscana.it\/it\/?p=420353"},"modified":"2026-03-11T12:54:04","modified_gmt":"2026-03-11T11:54:04","slug":"estate-2026-ryanair-rafforza-pisa-58-rotte-e-due-nuove-destinazioni-tra-europa-e-marocco","status":"publish","type":"post","link":"https:\/\/www.intoscana.it\/it\/estate-2026-ryanair-rafforza-pisa-58-rotte-e-due-nuove-destinazioni-tra-europa-e-marocco\/","title":{"rendered":"Estate 2026, Ryanair rafforza Pisa: 58 rotte e due nuove destinazioni tra Europa e Marocco"},"content":{"rendered":"<p>Nuove rotte, pi\u00f9 frequenze e un traffico in crescita. Ryanair presenta l\u2019operativo per l\u2019estate 2026 dall\u2019aeroporto di <strong>Aeroporto Galileo Galilei di Pisa<\/strong>, confermando il ruolo strategico dello scalo come porta di accesso internazionale alla Toscana. Il piano prevede <strong>58 rotte complessive<\/strong>, con due nuove destinazioni estive \u2013 <strong>Bratislava e Rabat<\/strong> \u2013 e un rafforzamento delle frequenze su diversi collegamenti gi\u00e0 esistenti.<\/p>\n<p>La compagnia irlandese punta a raggiungere circa <strong>4,5 milioni di passeggeri all\u2019anno<\/strong> grazie a oltre 630 voli settimanali. L\u2019operativo sar\u00e0 sostenuto principalmente da nove aeromobili basati a Pisa, un investimento stimato in circa 900 milioni di dollari che, secondo l\u2019azienda, contribuir\u00e0 a supportare oltre<strong> 3.600 posti di lavoro<\/strong> nella regione, tra occupazione diretta e indotto legato al traffico aereo e al turismo.<\/p>\n<p>Accanto alle due nuove rotte, la programmazione estiva prevede un aumento delle frequenze su alcune delle destinazioni pi\u00f9 richieste dai passeggeri. Tra queste figurano Bruxelles, Copenaghen, Edimburgo, Manchester, Palma di Maiorca e Tirana, insieme ai collegamenti con Skiathos in Grecia e con alcune mete del Mediterraneo come Malta e Marrakech. Rafforzato anche il collegamento domestico con Trapani, porta d\u2019accesso alla Sicilia occidentale.<\/p>\n<p>Ryanair opera da Pisa <strong>da quasi trent\u2019anni<\/strong>. In questo periodo la compagnia ha trasportato quasi 59 milioni di passeggeri da e per lo scalo toscano, consolidando progressivamente la propria presenza nel territorio. L\u2019obiettivo dichiarato \u00e8 continuare a crescere sia in Toscana sia nel resto d\u2019Italia, ampliando la rete di collegamenti e favorendo l\u2019arrivo di nuovi flussi turistici durante tutto l\u2019anno.<\/p>\n<p>Per Toscana Aeroporti: <i>\u201cLa presentazione della stagione estiva di Ryanair per il 2026 conferma il ruolo strategico dell\u2019aeroporto Galileo Galilei come <strong>porta di accesso internazionale alla Toscana<\/strong>. Il network di 58 rotte e l\u2019introduzione dei nuovi collegamenti per Bratislava e Rabat rafforzano ulteriormente la connettivit\u00e0 dello scalo, sostenendo la crescita dei flussi turistici e, pi\u00f9 in generale, la mobilit\u00e0 dei passeggeri. La collaborazione con Ryanair, partner storico di Toscana Aeroporti, continua a rappresentare un elemento chiave per lo sviluppo del traffico aereo e per la competitivit\u00e0 del territorio.\u201d<\/i><\/p>\n<p>&nbsp;<\/p>\n","protected":false},"excerpt":{"rendered":"<p>La compagnia low cost annuncia l\u2019operativo estivo dallo scalo toscano: collegamenti anche per Bratislava e Rabat, 4,5 milioni di passeggeri previsti e nove aerei basati all\u2019aeroporto Galileo Galilei<\/p>\n","protected":false},"author":525,"featured_media":174344,"comment_status":"open","ping_status":"open","sticky":false,"template":"","format":"standard","meta":{"_acf_changed":false,"footnotes":""},"categories":[494],"tags":[5969,235,1577],"class_list":["post-420353","post","type-post","status-publish","format-standard","has-post-thumbnail","hentry","category-attualita","tag-aeroporto-di-pisa","tag-estate","tag-muoversi-in-toscana"],"acf":[],"yoast_head":"<!-- This site is optimized with the Yoast SEO Premium plugin v24.2 (Yoast SEO v25.6) - https:\/\/yoast.com\/wordpress\/plugins\/seo\/ -->\n<title>Estate 2026, Ryanair rafforza Pisa: 58 rotte e due nuove destinazioni tra Europa e Marocco - intoscana<\/title>\n<meta name=\"robots\" content=\"index, follow, max-snippet:-1, max-image-preview:large, max-video-preview:-1\" \/>\n<link rel=\"canonical\" href=\"https:\/\/www.intoscana.it\/it\/estate-2026-ryanair-rafforza-pisa-58-rotte-e-due-nuove-destinazioni-tra-europa-e-marocco\/\" \/>\n<meta property=\"og:locale\" content=\"it_IT\" \/>\n<meta property=\"og:type\" content=\"article\" \/>\n<meta property=\"og:title\" content=\"Estate 2026, Ryanair rafforza Pisa: 58 rotte e due nuove destinazioni tra Europa e Marocco\" \/>\n<meta property=\"og:description\" content=\"La compagnia low cost annuncia l\u2019operativo estivo dallo scalo toscano: collegamenti anche per Bratislava e Rabat, 4,5 milioni di passeggeri previsti e nove aerei basati all\u2019aeroporto Galileo Galilei\" \/>\n<meta property=\"og:url\" content=\"https:\/\/www.intoscana.it\/it\/estate-2026-ryanair-rafforza-pisa-58-rotte-e-due-nuove-destinazioni-tra-europa-e-marocco\/\" \/>\n<meta property=\"og:site_name\" content=\"intoscana\" \/>\n<meta property=\"article:publisher\" content=\"https:\/\/www.facebook.com\/intoscana.it\" \/>\n<meta property=\"article:published_time\" content=\"2026-03-11T10:54:39+00:00\" \/>\n<meta property=\"article:modified_time\" content=\"2026-03-11T11:54:04+00:00\" \/>\n<meta property=\"og:image\" content=\"https:\/\/www.intoscana.it\/wp-content\/uploads\/pisa_ryanair-scaled.jpg\" \/>\n\t<meta property=\"og:image:width\" content=\"2048\" \/>\n\t<meta property=\"og:image:height\" content=\"1360\" \/>\n\t<meta property=\"og:image:type\" content=\"image\/jpeg\" \/>\n<meta name=\"author\" content=\"Redazione\" \/>\n<meta name=\"twitter:card\" content=\"summary_large_image\" \/>\n<meta name=\"twitter:creator\" content=\"@intoscana\" \/>\n<meta name=\"twitter:site\" content=\"@intoscana\" \/>\n<meta name=\"twitter:label1\" content=\"Written by\" \/>\n\t<meta name=\"twitter:data1\" content=\"Redazione\" \/>\n\t<meta name=\"twitter:label2\" content=\"Est. reading time\" \/>\n\t<meta name=\"twitter:data2\" content=\"2 minuti\" \/>\n<script type=\"application\/ld+json\" class=\"yoast-schema-graph\">{\"@context\":\"https:\/\/schema.org\",\"@graph\":[{\"@type\":\"WebPage\",\"@id\":\"https:\/\/www.intoscana.it\/it\/estate-2026-ryanair-rafforza-pisa-58-rotte-e-due-nuove-destinazioni-tra-europa-e-marocco\/\",\"url\":\"https:\/\/www.intoscana.it\/it\/estate-2026-ryanair-rafforza-pisa-58-rotte-e-due-nuove-destinazioni-tra-europa-e-marocco\/\",\"name\":\"Estate 2026, Ryanair rafforza Pisa: 58 rotte e due nuove destinazioni tra Europa e Marocco - intoscana\",\"isPartOf\":{\"@id\":\"https:\/\/www.intoscana.it\/it\/#website\"},\"primaryImageOfPage\":{\"@id\":\"https:\/\/www.intoscana.it\/it\/estate-2026-ryanair-rafforza-pisa-58-rotte-e-due-nuove-destinazioni-tra-europa-e-marocco\/#primaryimage\"},\"image\":{\"@id\":\"https:\/\/www.intoscana.it\/it\/estate-2026-ryanair-rafforza-pisa-58-rotte-e-due-nuove-destinazioni-tra-europa-e-marocco\/#primaryimage\"},\"thumbnailUrl\":\"https:\/\/www.intoscana.it\/wp-content\/uploads\/pisa_ryanair-scaled.jpg\",\"datePublished\":\"2026-03-11T10:54:39+00:00\",\"dateModified\":\"2026-03-11T11:54:04+00:00\",\"author\":{\"@id\":\"https:\/\/www.intoscana.it\/it\/#\/schema\/person\/9223810753230f20bd670fdd322661f8\"},\"breadcrumb\":{\"@id\":\"https:\/\/www.intoscana.it\/it\/estate-2026-ryanair-rafforza-pisa-58-rotte-e-due-nuove-destinazioni-tra-europa-e-marocco\/#breadcrumb\"},\"inLanguage\":\"it-IT\",\"potentialAction\":[{\"@type\":\"ReadAction\",\"target\":[\"https:\/\/www.intoscana.it\/it\/estate-2026-ryanair-rafforza-pisa-58-rotte-e-due-nuove-destinazioni-tra-europa-e-marocco\/\"]}]},{\"@type\":\"ImageObject\",\"inLanguage\":\"it-IT\",\"@id\":\"https:\/\/www.intoscana.it\/it\/estate-2026-ryanair-rafforza-pisa-58-rotte-e-due-nuove-destinazioni-tra-europa-e-marocco\/#primaryimage\",\"url\":\"https:\/\/www.intoscana.it\/wp-content\/uploads\/pisa_ryanair-scaled.jpg\",\"contentUrl\":\"https:\/\/www.intoscana.it\/wp-content\/uploads\/pisa_ryanair-scaled.jpg\",\"width\":2048,\"height\":1360},{\"@type\":\"BreadcrumbList\",\"@id\":\"https:\/\/www.intoscana.it\/it\/estate-2026-ryanair-rafforza-pisa-58-rotte-e-due-nuove-destinazioni-tra-europa-e-marocco\/#breadcrumb\",\"itemListElement\":[{\"@type\":\"ListItem\",\"position\":1,\"name\":\"Home\",\"item\":\"https:\/\/www.intoscana.it\/it\/\"},{\"@type\":\"ListItem\",\"position\":2,\"name\":\"Estate 2026, Ryanair rafforza Pisa: 58 rotte e due nuove destinazioni tra Europa e Marocco\"}]},{\"@type\":\"WebSite\",\"@id\":\"https:\/\/www.intoscana.it\/it\/#website\",\"url\":\"https:\/\/www.intoscana.it\/it\/\",\"name\":\"intoscana\",\"description\":\"\",\"potentialAction\":[{\"@type\":\"SearchAction\",\"target\":{\"@type\":\"EntryPoint\",\"urlTemplate\":\"https:\/\/www.intoscana.it\/it\/?s={search_term_string}\"},\"query-input\":{\"@type\":\"PropertyValueSpecification\",\"valueRequired\":true,\"valueName\":\"search_term_string\"}}],\"inLanguage\":\"it-IT\"},{\"@type\":\"Person\",\"@id\":\"https:\/\/www.intoscana.it\/it\/#\/schema\/person\/9223810753230f20bd670fdd322661f8\",\"name\":\"Redazione\",\"url\":\"https:\/\/www.intoscana.it\/it\/author\/redazione\/\"}]}<\/script>\n<!-- \/ Yoast SEO Premium plugin. -->","yoast_head_json":{"title":"Estate 2026, Ryanair rafforza Pisa: 58 rotte e due nuove destinazioni tra Europa e Marocco - intoscana","robots":{"index":"index","follow":"follow","max-snippet":"max-snippet:-1","max-image-preview":"max-image-preview:large","max-video-preview":"max-video-preview:-1"},"canonical":"https:\/\/www.intoscana.it\/it\/estate-2026-ryanair-rafforza-pisa-58-rotte-e-due-nuove-destinazioni-tra-europa-e-marocco\/","og_locale":"it_IT","og_type":"article","og_title":"Estate 2026, Ryanair rafforza Pisa: 58 rotte e due nuove destinazioni tra Europa e Marocco","og_description":"La compagnia low cost annuncia l\u2019operativo estivo dallo scalo toscano: collegamenti anche per Bratislava e Rabat, 4,5 milioni di passeggeri previsti e nove aerei basati all\u2019aeroporto Galileo Galilei","og_url":"https:\/\/www.intoscana.it\/it\/estate-2026-ryanair-rafforza-pisa-58-rotte-e-due-nuove-destinazioni-tra-europa-e-marocco\/","og_site_name":"intoscana","article_publisher":"https:\/\/www.facebook.com\/intoscana.it","article_published_time":"2026-03-11T10:54:39+00:00","article_modified_time":"2026-03-11T11:54:04+00:00","og_image":[{"width":2048,"height":1360,"url":"https:\/\/www.intoscana.it\/wp-content\/uploads\/pisa_ryanair-scaled.jpg","type":"image\/jpeg"}],"author":"Redazione","twitter_card":"summary_large_image","twitter_creator":"@intoscana","twitter_site":"@intoscana","twitter_misc":{"Written by":"Redazione","Est. reading time":"2 minuti"},"schema":{"@context":"https:\/\/schema.org","@graph":[{"@type":"WebPage","@id":"https:\/\/www.intoscana.it\/it\/estate-2026-ryanair-rafforza-pisa-58-rotte-e-due-nuove-destinazioni-tra-europa-e-marocco\/","url":"https:\/\/www.intoscana.it\/it\/estate-2026-ryanair-rafforza-pisa-58-rotte-e-due-nuove-destinazioni-tra-europa-e-marocco\/","name":"Estate 2026, Ryanair rafforza Pisa: 58 rotte e due nuove destinazioni tra Europa e Marocco - intoscana","isPartOf":{"@id":"https:\/\/www.intoscana.it\/it\/#website"},"primaryImageOfPage":{"@id":"https:\/\/www.intoscana.it\/it\/estate-2026-ryanair-rafforza-pisa-58-rotte-e-due-nuove-destinazioni-tra-europa-e-marocco\/#primaryimage"},"image":{"@id":"https:\/\/www.intoscana.it\/it\/estate-2026-ryanair-rafforza-pisa-58-rotte-e-due-nuove-destinazioni-tra-europa-e-marocco\/#primaryimage"},"thumbnailUrl":"https:\/\/www.intoscana.it\/wp-content\/uploads\/pisa_ryanair-scaled.jpg","datePublished":"2026-03-11T10:54:39+00:00","dateModified":"2026-03-11T11:54:04+00:00","author":{"@id":"https:\/\/www.intoscana.it\/it\/#\/schema\/person\/9223810753230f20bd670fdd322661f8"},"breadcrumb":{"@id":"https:\/\/www.intoscana.it\/it\/estate-2026-ryanair-rafforza-pisa-58-rotte-e-due-nuove-destinazioni-tra-europa-e-marocco\/#breadcrumb"},"inLanguage":"it-IT","potentialAction":[{"@type":"ReadAction","target":["https:\/\/www.intoscana.it\/it\/estate-2026-ryanair-rafforza-pisa-58-rotte-e-due-nuove-destinazioni-tra-europa-e-marocco\/"]}]},{"@type":"ImageObject","inLanguage":"it-IT","@id":"https:\/\/www.intoscana.it\/it\/estate-2026-ryanair-rafforza-pisa-58-rotte-e-due-nuove-destinazioni-tra-europa-e-marocco\/#primaryimage","url":"https:\/\/www.intoscana.it\/wp-content\/uploads\/pisa_ryanair-scaled.jpg","contentUrl":"https:\/\/www.intoscana.it\/wp-content\/uploads\/pisa_ryanair-scaled.jpg","width":2048,"height":1360},{"@type":"BreadcrumbList","@id":"https:\/\/www.intoscana.it\/it\/estate-2026-ryanair-rafforza-pisa-58-rotte-e-due-nuove-destinazioni-tra-europa-e-marocco\/#breadcrumb","itemListElement":[{"@type":"ListItem","position":1,"name":"Home","item":"https:\/\/www.intoscana.it\/it\/"},{"@type":"ListItem","position":2,"name":"Estate 2026, Ryanair rafforza Pisa: 58 rotte e due nuove destinazioni tra Europa e Marocco"}]},{"@type":"WebSite","@id":"https:\/\/www.intoscana.it\/it\/#website","url":"https:\/\/www.intoscana.it\/it\/","name":"intoscana","description":"","potentialAction":[{"@type":"SearchAction","target":{"@type":"EntryPoint","urlTemplate":"https:\/\/www.intoscana.it\/it\/?s={search_term_string}"},"query-input":{"@type":"PropertyValueSpecification","valueRequired":true,"valueName":"search_term_string"}}],"inLanguage":"it-IT"},{"@type":"Person","@id":"https:\/\/www.intoscana.it\/it\/#\/schema\/person\/9223810753230f20bd670fdd322661f8","name":"Redazione","url":"https:\/\/www.intoscana.it\/it\/author\/redazione\/"}]}},"_links":{"self":[{"href":"https:\/\/www.intoscana.it\/it\/wp-json\/wp\/v2\/posts\/420353","targetHints":{"allow":["GET"]}}],"collection":[{"href":"https:\/\/www.intoscana.it\/it\/wp-json\/wp\/v2\/posts"}],"about":[{"href":"https:\/\/www.intoscana.it\/it\/wp-json\/wp\/v2\/types\/post"}],"author":[{"embeddable":true,"href":"https:\/\/www.intoscana.it\/it\/wp-json\/wp\/v2\/users\/525"}],"replies":[{"embeddable":true,"href":"https:\/\/www.intoscana.it\/it\/wp-json\/wp\/v2\/comments?post=420353"}],"version-history":[{"count":2,"href":"https:\/\/www.intoscana.it\/it\/wp-json\/wp\/v2\/posts\/420353\/revisions"}],"predecessor-version":[{"id":420360,"href":"https:\/\/www.intoscana.it\/it\/wp-json\/wp\/v2\/posts\/420353\/revisions\/420360"}],"wp:featuredmedia":[{"embeddable":true,"href":"https:\/\/www.intoscana.it\/it\/wp-json\/wp\/v2\/media\/174344"}],"wp:attachment":[{"href":"https:\/\/www.intoscana.it\/it\/wp-json\/wp\/v2\/media?parent=420353"}],"wp:term":[{"taxonomy":"category","embeddable":true,"href":"https:\/\/www.intoscana.it\/it\/wp-json\/wp\/v2\/categories?post=420353"},{"taxonomy":"post_tag","embeddable":true,"href":"https:\/\/www.intoscana.it\/it\/wp-json\/wp\/v2\/tags?post=420353"}],"curies":[{"name":"wp","href":"https:\/\/api.w.org\/{rel}","templated":true}]}}