{"id":420374,"date":"2026-03-11T14:56:53","date_gmt":"2026-03-11T13:56:53","guid":{"rendered":"https:\/\/www.intoscana.it\/it\/?p=420374"},"modified":"2026-03-11T15:42:42","modified_gmt":"2026-03-11T14:42:42","slug":"la-rivista-nuova-antologia-taglia-il-traguardo-dei-160-anni-manetti-voci-di-donne-nella-storia","status":"publish","type":"post","link":"https:\/\/www.intoscana.it\/it\/la-rivista-nuova-antologia-taglia-il-traguardo-dei-160-anni-manetti-voci-di-donne-nella-storia\/","title":{"rendered":"La rivista Nuova Antologia taglia il traguardo dei 160 anni, Manetti: &#8220;Voci di donne nella storia\u201d"},"content":{"rendered":"<p><strong>La rivista Nuova Antologia nata a Firenze nel 1866<\/strong> come ideale continuazione dell&#8217;\u00abAntologia\u00bb del Vieusseux, <strong>celebra nel 2026 i suoi 160 anni di vita.<\/strong><\/p>\n<p>Si tratta di una pubblicazione che <strong>ha raccontato un secolo e mezzo di storia italiana<\/strong>, con l\u2019ambizione di offrire ai suoi lettori spunti di approfondimento e riflessione su ogni aspetto della vita sociale e civile<strong>, dando voce alle nuove protagoniste della vita sociale: le donne<\/strong>. Un intento che segue passo dopo passo le vicende italiane e guida Nuova Antologia ancora oggi.<\/p>\n<p><em>\u201cIl primo numero della rivista, 160 anni fa, fu aperto con l&#8217;articolo di una donna \u2013 <\/em><strong>ha dichiarato l\u2019assessora alla Cultura della Regione Cristina Manetti <\/strong><em>&#8211; e gi\u00e0 questa era una cosa straordinaria, dato che le donne che scrivevano e si occupavano anche di tematiche femminili come l\u2019emancipazione e ruolo della donna nella societ\u00e0 allora non erano cos\u00ec comuni. Quindi si pu\u00f2 riflettere oggi su quanto sia ancora di attualit\u00e0 questo tema e quanto ancora oggi tutti noi dobbiamo combattere per proseguire questo percorso di affermazione dei diritti delle donne. <\/em><em>\u00c8 un percorso di consapevolezza ed emancipazione che la Regione porta avanti da quattro anni con il progetto La Toscana delle donne, nato per proseguire questo cammino verso la parit\u00e0 di genere che certamente non si \u00e8 ancora concluso\u201d.<\/em><\/p>\n<p><em>\u201cNuova Antologia \u00e8 nata \u2013<\/em><strong> spiega il professor Cosimo Ceccuti presidente della Fondazione Spadolini Nuova Antologia &#8211;<\/strong><em> con l&#8217;obiettivo di affrontare in modo pacato, nel libero confronto delle idee, i pi\u00f9 gravi problemi di unificazione del Paese. Fra questi l&#8217;emancipazione della donna, affrontata fin dal primo numero da una illustre patriota quale fu Cristina di Belgioioso. Non fu un caso isolato. In un epoca in cui una scrittrice che mettesse la propria firma su un periodico era considerata poco seria, perch\u00e9 tendeva a mettersi in mostra, furono decine nella sola seconda met\u00e0 dell&#8217;800 le donne scrittrici che collaborarono a testa alta a Nuova Antologia, un nome per tutte, Grazia Deledda, donna, futuro Premio Nobel, isolana scontrosa della remota Sardegna, presente nelle pagine della rivista fin dal 1898.&#8221;<\/em><\/p>\n<p>Le pagine di<strong> Nuova Antologia<\/strong> sono state un <strong>punto di riferimento della classe dirigente e della politica italiana,<\/strong> offrendo come scriveva il <strong>barone Bettino Ricasoli:<\/strong> &#8220;un confronto delle idee, un confronto pacifico, un confronto sereno fra gli intellettuali, fra le persone delle varie regioni d&#8217;Italia che possano affrontare i problemi di questo Stato che deve risolverli tutti: da quello del debito pubblico alla debolezza internazionale che lo affligge&#8221;<\/p>\n<p>&nbsp;<\/p>\n","protected":false},"excerpt":{"rendered":"<p>Nuova Antologia \u00e8 stata e continua ad essere uno strumento di approfondimento e dibattito, una rivista che si confronta con l&#8217;attualit\u00e0 ma resta fedele alla sua ispirazione originale<\/p>\n","protected":false},"author":525,"featured_media":420376,"comment_status":"open","ping_status":"open","sticky":false,"template":"","format":"standard","meta":{"_acf_changed":false,"footnotes":""},"categories":[494],"tags":[6652,151],"class_list":["post-420374","post","type-post","status-publish","format-standard","has-post-thumbnail","hentry","category-attualita","tag-cristina-manetti","tag-regione-toscana"],"acf":[],"yoast_head":"<!-- This site is optimized with the Yoast SEO Premium plugin v24.2 (Yoast SEO v25.6) - https:\/\/yoast.com\/wordpress\/plugins\/seo\/ -->\n<title>La rivista Nuova Antologia taglia il traguardo dei 160 anni, Manetti: &quot;Voci di donne nella storia\u201d - intoscana<\/title>\n<meta name=\"description\" content=\"La rivista Nuova Antologia nata a Firenze nel 1866 celebra nel 2026 i suoi primi 160 anni di vita come strumento di approfondimento\" \/>\n<meta name=\"robots\" content=\"index, follow, max-snippet:-1, max-image-preview:large, max-video-preview:-1\" \/>\n<link rel=\"canonical\" href=\"https:\/\/www.intoscana.it\/it\/la-rivista-nuova-antologia-taglia-il-traguardo-dei-160-anni-manetti-voci-di-donne-nella-storia\/\" \/>\n<meta property=\"og:locale\" content=\"it_IT\" \/>\n<meta property=\"og:type\" content=\"article\" \/>\n<meta property=\"og:title\" content=\"La rivista Nuova Antologia taglia il traguardo dei 160 anni, Manetti: &quot;Voci di donne nella storia\u201d\" \/>\n<meta property=\"og:description\" content=\"La rivista Nuova Antologia nata a Firenze nel 1866 celebra nel 2026 i suoi primi 160 anni di vita come strumento di approfondimento\" \/>\n<meta property=\"og:url\" content=\"https:\/\/www.intoscana.it\/it\/la-rivista-nuova-antologia-taglia-il-traguardo-dei-160-anni-manetti-voci-di-donne-nella-storia\/\" \/>\n<meta property=\"og:site_name\" content=\"intoscana\" \/>\n<meta property=\"article:publisher\" content=\"https:\/\/www.facebook.com\/intoscana.it\" \/>\n<meta property=\"article:published_time\" content=\"2026-03-11T13:56:53+00:00\" \/>\n<meta property=\"article:modified_time\" content=\"2026-03-11T14:42:42+00:00\" \/>\n<meta property=\"og:image\" content=\"https:\/\/www.intoscana.it\/wp-content\/uploads\/Foto_Nuova_Antologia-scaled.jpeg\" \/>\n\t<meta property=\"og:image:width\" content=\"2048\" \/>\n\t<meta property=\"og:image:height\" content=\"1536\" \/>\n\t<meta property=\"og:image:type\" content=\"image\/jpeg\" \/>\n<meta name=\"author\" content=\"Redazione\" \/>\n<meta name=\"twitter:card\" content=\"summary_large_image\" \/>\n<meta name=\"twitter:creator\" content=\"@intoscana\" \/>\n<meta name=\"twitter:site\" content=\"@intoscana\" \/>\n<meta name=\"twitter:label1\" content=\"Written by\" \/>\n\t<meta name=\"twitter:data1\" content=\"Redazione\" \/>\n\t<meta name=\"twitter:label2\" content=\"Est. reading time\" \/>\n\t<meta name=\"twitter:data2\" content=\"3 minuti\" \/>\n<script type=\"application\/ld+json\" class=\"yoast-schema-graph\">{\"@context\":\"https:\/\/schema.org\",\"@graph\":[{\"@type\":\"WebPage\",\"@id\":\"https:\/\/www.intoscana.it\/it\/la-rivista-nuova-antologia-taglia-il-traguardo-dei-160-anni-manetti-voci-di-donne-nella-storia\/\",\"url\":\"https:\/\/www.intoscana.it\/it\/la-rivista-nuova-antologia-taglia-il-traguardo-dei-160-anni-manetti-voci-di-donne-nella-storia\/\",\"name\":\"La rivista Nuova Antologia taglia il traguardo dei 160 anni, Manetti: \\\"Voci di donne nella storia\u201d - intoscana\",\"isPartOf\":{\"@id\":\"https:\/\/www.intoscana.it\/it\/#website\"},\"primaryImageOfPage\":{\"@id\":\"https:\/\/www.intoscana.it\/it\/la-rivista-nuova-antologia-taglia-il-traguardo-dei-160-anni-manetti-voci-di-donne-nella-storia\/#primaryimage\"},\"image\":{\"@id\":\"https:\/\/www.intoscana.it\/it\/la-rivista-nuova-antologia-taglia-il-traguardo-dei-160-anni-manetti-voci-di-donne-nella-storia\/#primaryimage\"},\"thumbnailUrl\":\"https:\/\/www.intoscana.it\/wp-content\/uploads\/Foto_Nuova_Antologia-scaled.jpeg\",\"datePublished\":\"2026-03-11T13:56:53+00:00\",\"dateModified\":\"2026-03-11T14:42:42+00:00\",\"author\":{\"@id\":\"https:\/\/www.intoscana.it\/it\/#\/schema\/person\/9223810753230f20bd670fdd322661f8\"},\"description\":\"La rivista Nuova Antologia nata a Firenze nel 1866 celebra nel 2026 i suoi primi 160 anni di vita come strumento di approfondimento\",\"breadcrumb\":{\"@id\":\"https:\/\/www.intoscana.it\/it\/la-rivista-nuova-antologia-taglia-il-traguardo-dei-160-anni-manetti-voci-di-donne-nella-storia\/#breadcrumb\"},\"inLanguage\":\"it-IT\",\"potentialAction\":[{\"@type\":\"ReadAction\",\"target\":[\"https:\/\/www.intoscana.it\/it\/la-rivista-nuova-antologia-taglia-il-traguardo-dei-160-anni-manetti-voci-di-donne-nella-storia\/\"]}]},{\"@type\":\"ImageObject\",\"inLanguage\":\"it-IT\",\"@id\":\"https:\/\/www.intoscana.it\/it\/la-rivista-nuova-antologia-taglia-il-traguardo-dei-160-anni-manetti-voci-di-donne-nella-storia\/#primaryimage\",\"url\":\"https:\/\/www.intoscana.it\/wp-content\/uploads\/Foto_Nuova_Antologia-scaled.jpeg\",\"contentUrl\":\"https:\/\/www.intoscana.it\/wp-content\/uploads\/Foto_Nuova_Antologia-scaled.jpeg\",\"width\":2048,\"height\":1536},{\"@type\":\"BreadcrumbList\",\"@id\":\"https:\/\/www.intoscana.it\/it\/la-rivista-nuova-antologia-taglia-il-traguardo-dei-160-anni-manetti-voci-di-donne-nella-storia\/#breadcrumb\",\"itemListElement\":[{\"@type\":\"ListItem\",\"position\":1,\"name\":\"Home\",\"item\":\"https:\/\/www.intoscana.it\/it\/\"},{\"@type\":\"ListItem\",\"position\":2,\"name\":\"La rivista Nuova Antologia taglia il traguardo dei 160 anni, Manetti: &#8220;Voci di donne nella storia\u201d\"}]},{\"@type\":\"WebSite\",\"@id\":\"https:\/\/www.intoscana.it\/it\/#website\",\"url\":\"https:\/\/www.intoscana.it\/it\/\",\"name\":\"intoscana\",\"description\":\"\",\"potentialAction\":[{\"@type\":\"SearchAction\",\"target\":{\"@type\":\"EntryPoint\",\"urlTemplate\":\"https:\/\/www.intoscana.it\/it\/?s={search_term_string}\"},\"query-input\":{\"@type\":\"PropertyValueSpecification\",\"valueRequired\":true,\"valueName\":\"search_term_string\"}}],\"inLanguage\":\"it-IT\"},{\"@type\":\"Person\",\"@id\":\"https:\/\/www.intoscana.it\/it\/#\/schema\/person\/9223810753230f20bd670fdd322661f8\",\"name\":\"Redazione\",\"url\":\"https:\/\/www.intoscana.it\/it\/author\/redazione\/\"}]}<\/script>\n<!-- \/ Yoast SEO Premium plugin. -->","yoast_head_json":{"title":"La rivista Nuova Antologia taglia il traguardo dei 160 anni, Manetti: \"Voci di donne nella storia\u201d - intoscana","description":"La rivista Nuova Antologia nata a Firenze nel 1866 celebra nel 2026 i suoi primi 160 anni di vita come strumento di approfondimento","robots":{"index":"index","follow":"follow","max-snippet":"max-snippet:-1","max-image-preview":"max-image-preview:large","max-video-preview":"max-video-preview:-1"},"canonical":"https:\/\/www.intoscana.it\/it\/la-rivista-nuova-antologia-taglia-il-traguardo-dei-160-anni-manetti-voci-di-donne-nella-storia\/","og_locale":"it_IT","og_type":"article","og_title":"La rivista Nuova Antologia taglia il traguardo dei 160 anni, Manetti: \"Voci di donne nella storia\u201d","og_description":"La rivista Nuova Antologia nata a Firenze nel 1866 celebra nel 2026 i suoi primi 160 anni di vita come strumento di approfondimento","og_url":"https:\/\/www.intoscana.it\/it\/la-rivista-nuova-antologia-taglia-il-traguardo-dei-160-anni-manetti-voci-di-donne-nella-storia\/","og_site_name":"intoscana","article_publisher":"https:\/\/www.facebook.com\/intoscana.it","article_published_time":"2026-03-11T13:56:53+00:00","article_modified_time":"2026-03-11T14:42:42+00:00","og_image":[{"width":2048,"height":1536,"url":"https:\/\/www.intoscana.it\/wp-content\/uploads\/Foto_Nuova_Antologia-scaled.jpeg","type":"image\/jpeg"}],"author":"Redazione","twitter_card":"summary_large_image","twitter_creator":"@intoscana","twitter_site":"@intoscana","twitter_misc":{"Written by":"Redazione","Est. reading time":"3 minuti"},"schema":{"@context":"https:\/\/schema.org","@graph":[{"@type":"WebPage","@id":"https:\/\/www.intoscana.it\/it\/la-rivista-nuova-antologia-taglia-il-traguardo-dei-160-anni-manetti-voci-di-donne-nella-storia\/","url":"https:\/\/www.intoscana.it\/it\/la-rivista-nuova-antologia-taglia-il-traguardo-dei-160-anni-manetti-voci-di-donne-nella-storia\/","name":"La rivista Nuova Antologia taglia il traguardo dei 160 anni, Manetti: \"Voci di donne nella storia\u201d - intoscana","isPartOf":{"@id":"https:\/\/www.intoscana.it\/it\/#website"},"primaryImageOfPage":{"@id":"https:\/\/www.intoscana.it\/it\/la-rivista-nuova-antologia-taglia-il-traguardo-dei-160-anni-manetti-voci-di-donne-nella-storia\/#primaryimage"},"image":{"@id":"https:\/\/www.intoscana.it\/it\/la-rivista-nuova-antologia-taglia-il-traguardo-dei-160-anni-manetti-voci-di-donne-nella-storia\/#primaryimage"},"thumbnailUrl":"https:\/\/www.intoscana.it\/wp-content\/uploads\/Foto_Nuova_Antologia-scaled.jpeg","datePublished":"2026-03-11T13:56:53+00:00","dateModified":"2026-03-11T14:42:42+00:00","author":{"@id":"https:\/\/www.intoscana.it\/it\/#\/schema\/person\/9223810753230f20bd670fdd322661f8"},"description":"La rivista Nuova Antologia nata a Firenze nel 1866 celebra nel 2026 i suoi primi 160 anni di vita come strumento di approfondimento","breadcrumb":{"@id":"https:\/\/www.intoscana.it\/it\/la-rivista-nuova-antologia-taglia-il-traguardo-dei-160-anni-manetti-voci-di-donne-nella-storia\/#breadcrumb"},"inLanguage":"it-IT","potentialAction":[{"@type":"ReadAction","target":["https:\/\/www.intoscana.it\/it\/la-rivista-nuova-antologia-taglia-il-traguardo-dei-160-anni-manetti-voci-di-donne-nella-storia\/"]}]},{"@type":"ImageObject","inLanguage":"it-IT","@id":"https:\/\/www.intoscana.it\/it\/la-rivista-nuova-antologia-taglia-il-traguardo-dei-160-anni-manetti-voci-di-donne-nella-storia\/#primaryimage","url":"https:\/\/www.intoscana.it\/wp-content\/uploads\/Foto_Nuova_Antologia-scaled.jpeg","contentUrl":"https:\/\/www.intoscana.it\/wp-content\/uploads\/Foto_Nuova_Antologia-scaled.jpeg","width":2048,"height":1536},{"@type":"BreadcrumbList","@id":"https:\/\/www.intoscana.it\/it\/la-rivista-nuova-antologia-taglia-il-traguardo-dei-160-anni-manetti-voci-di-donne-nella-storia\/#breadcrumb","itemListElement":[{"@type":"ListItem","position":1,"name":"Home","item":"https:\/\/www.intoscana.it\/it\/"},{"@type":"ListItem","position":2,"name":"La rivista Nuova Antologia taglia il traguardo dei 160 anni, Manetti: &#8220;Voci di donne nella storia\u201d"}]},{"@type":"WebSite","@id":"https:\/\/www.intoscana.it\/it\/#website","url":"https:\/\/www.intoscana.it\/it\/","name":"intoscana","description":"","potentialAction":[{"@type":"SearchAction","target":{"@type":"EntryPoint","urlTemplate":"https:\/\/www.intoscana.it\/it\/?s={search_term_string}"},"query-input":{"@type":"PropertyValueSpecification","valueRequired":true,"valueName":"search_term_string"}}],"inLanguage":"it-IT"},{"@type":"Person","@id":"https:\/\/www.intoscana.it\/it\/#\/schema\/person\/9223810753230f20bd670fdd322661f8","name":"Redazione","url":"https:\/\/www.intoscana.it\/it\/author\/redazione\/"}]}},"_links":{"self":[{"href":"https:\/\/www.intoscana.it\/it\/wp-json\/wp\/v2\/posts\/420374","targetHints":{"allow":["GET"]}}],"collection":[{"href":"https:\/\/www.intoscana.it\/it\/wp-json\/wp\/v2\/posts"}],"about":[{"href":"https:\/\/www.intoscana.it\/it\/wp-json\/wp\/v2\/types\/post"}],"author":[{"embeddable":true,"href":"https:\/\/www.intoscana.it\/it\/wp-json\/wp\/v2\/users\/525"}],"replies":[{"embeddable":true,"href":"https:\/\/www.intoscana.it\/it\/wp-json\/wp\/v2\/comments?post=420374"}],"version-history":[{"count":4,"href":"https:\/\/www.intoscana.it\/it\/wp-json\/wp\/v2\/posts\/420374\/revisions"}],"predecessor-version":[{"id":420447,"href":"https:\/\/www.intoscana.it\/it\/wp-json\/wp\/v2\/posts\/420374\/revisions\/420447"}],"wp:featuredmedia":[{"embeddable":true,"href":"https:\/\/www.intoscana.it\/it\/wp-json\/wp\/v2\/media\/420376"}],"wp:attachment":[{"href":"https:\/\/www.intoscana.it\/it\/wp-json\/wp\/v2\/media?parent=420374"}],"wp:term":[{"taxonomy":"category","embeddable":true,"href":"https:\/\/www.intoscana.it\/it\/wp-json\/wp\/v2\/categories?post=420374"},{"taxonomy":"post_tag","embeddable":true,"href":"https:\/\/www.intoscana.it\/it\/wp-json\/wp\/v2\/tags?post=420374"}],"curies":[{"name":"wp","href":"https:\/\/api.w.org\/{rel}","templated":true}]}}