{"id":420378,"date":"2026-03-11T14:45:38","date_gmt":"2026-03-11T13:45:38","guid":{"rendered":"https:\/\/www.intoscana.it\/it\/?p=420378"},"modified":"2026-03-11T14:45:38","modified_gmt":"2026-03-11T13:45:38","slug":"da-michelangelo-verso-il-futuro-carrara-e-la-capitale-toscana-per-larte-contemporanea-2026","status":"publish","type":"post","link":"https:\/\/www.intoscana.it\/it\/da-michelangelo-verso-il-futuro-carrara-e-la-capitale-toscana-per-larte-contemporanea-2026\/","title":{"rendered":"Da Michelangelo verso il futuro: Carrara \u00e8 la capitale toscana per l&#8217;arte contemporanea 2026"},"content":{"rendered":"<p><strong>Carrara sar\u00e0 nel 2026 la capitale toscana dell\u2019arte contemporanea<\/strong>, il riconoscimento voluto dalla<strong> Regione Toscana<\/strong> ha lo scopo di promuovere e sostenere la filiera dell&#8217;arte contemporanea, riqualificare spazi culturali, rafforzare la rete regionale e creare nuove opportunit\u00e0 di sviluppo e attrattivit\u00e0.<\/p>\n<p>Da secoli artisti da tutto il mondo vengono qui attirati dal <strong>bianco marmo pregiato con cui realizzano opere immortal<\/strong>i.<\/p>\n<p>Oggi, tra l\u2019<strong>Accademia, le botteghe storiche e i laboratori artigianali,<\/strong> quel sapere antico continua a vivere, reinventandosi in chiave contemporanea e dando forma a un dialogo continuo <strong>tra tradizione e innovazione.<\/strong><\/p>\n<p>La citt\u00e0 apuana, gi\u00e0 riconosciuta come <strong>Citt\u00e0 Creativa Unesco per l\u2019arte e l\u2019artigianato dal 2017<\/strong>, \u00e8 stata selezionata tra le cinque finaliste dal <strong>Ministero della Cultura<\/strong> grazie al dossier <strong><em>\u201cCarrara: da 2mila anni contemporanea\u201d<\/em><\/strong>, un progetto realizzato con il coinvolgimento di numerose realt\u00e0 del territorio, pubbliche e private, il supporto tecnico della <strong>Fondazione Fitzcarraldo di Torino<\/strong> e un board curatoriale composto da<strong> Cinzia Compalati, Maura Crudeli, Pasquale Direse, Federico Giannini ed Emanuele Guidi.<\/strong><\/p>\n<p><em>\u201cCarrara \u2013<\/em><strong> spiega il presidente della Regione Toscana Eugenio Giani \u2013<\/strong><em> \u00e8 stata l\u2019unica citt\u00e0 toscana a entrare nella rosa delle cinque finaliste a livello nazionale. Non essendo stata poi la prescelta, abbiamo ritenuto giusto riconoscerle il ruolo di Capitale dell\u2019arte contemporanea per la Toscana. Con la sindaca Serena Arrighi concorderemo una serie di iniziative di grande qualit\u00e0 che possano valorizzare questo risultato. Carrara ha un\u2019Accademia di Belle Arti di prestigio internazionale, \u00e8 famosa nel mondo per il marmo e negli ultimi anni si \u00e8 distinta per la vivacit\u00e0 e l\u2019originalit\u00e0 delle sue iniziative culturali\u201d.<\/em><\/p>\n<p><em>\u201cCarrara rappresenta pienamente lo spirito dell\u2019arte contemporanea \u2013<\/em><strong> ha proseguito l&#8217;assessora alla cultura Cristina Manetti<\/strong><em> \u2013 perch\u00e9 \u00e8 un luogo dove molti artisti arrivano per cercare materiali e trovare ispirazione. Questa designazione sar\u00e0 l\u2019occasione per valorizzare ancora di pi\u00f9 questa vocazione e costruire un calendario ricco di iniziative capace di raccontare la contemporaneit\u00e0 dell\u2019arte e della cultura e promuovere il territorio\u201d.<\/em><\/p>\n<p>Il programma di <strong>Carrara capitale dell\u2019arte contemporanea 2026<\/strong> si sviluppa su cinque aree tematiche:<\/p>\n<p>1-<strong>Da 2mila anni contemporanea<\/strong> che valorizza la lunga storia di Carrara come luogo di residenze artistiche, dall\u2019Impero romano a oggi.<br \/>\n2-<strong>Cave di talenti: <\/strong>eventi dedicati alla trasmissione dei saperi tra diverse generazioni di artisti, artigiani e imprenditori.<br \/>\n3-<strong>Cantiere culturale contemporaneo<\/strong> traverso cui viene dato un ruolo chiave agli artisti nella co-progettazione della citt\u00e0, dei suoi arredi e degli spazi pubblici.<br \/>\n4-<strong>Innesti, intersezioni e ibridazioni<\/strong>: una riflessione sui rapporti tra paesaggio, industria, lavoro ed educazione.<br \/>\n5-<strong>Da 2mila anni libera<\/strong> : un omaggio alla storia di Carrara come citt\u00e0 di dissenso, critica e lotta per i diritti umani e civili.<\/p>\n<p><em>&#8220;Grazie al presidente Eugenio Giani, all&#8217;assessora alla Cultura Cristina Manetti, a tutta la Regione Toscana e, non ultimo, a Giacomo Bugliani che come consigliere regionale present\u00f2 la mozione per l&#8217;istituzione di questo importante riconoscimento &#8211;<\/em><strong> dice la sindaca di Carrara Serena Arrighi &#8211; <\/strong><em>Per Carrara \u00e8 motivo di orgoglio essere insignita di questo titolo ed \u00e8 per me noi uno sprone a continuare nel percorso di crescita attraverso la cultura che abbiamo iniziato ormai da anni. La candidatura a capitale italiana dell&#8217;arte contemporanea 2026 \u00e8 stato un momento di svolta perch\u00e9 ci ha dato modo di riflettere e mettere a sistema un progetto complessivo un percorso di rigenerazione urbana e rilancio della citt\u00e0 attraverso la cultura. Diverse delle azioni che avevamo previsto hanno gi\u00e0 visto la luce e ora questo riconoscimento che arriva da Firenze \u00e8 sicuramente un ulteriore stimolo a continuare su questa strada&#8221;.<\/em><\/p>\n<figure id=\"post-388935 media-388935\" class=\"align-none\"><img decoding=\"async\" src=\"https:\/\/www.intoscana.it\/wp-content\/uploads\/La-scultura-Anna-G.-di-Alessi-designer-Alessandro-Mendini-a-White-Carrara-foto-Giuseppe-DAleo.jpg\" alt=\"\" \/><\/figure>\n<div class=\"titleimg\">La scultura Anna G. di Alessi (designer Alessandro Mendini) a White Carrara \u2013 foto Giuseppe D\u2019Aleo<\/div>\n","protected":false},"excerpt":{"rendered":"<p>La citt\u00e0 apuana, gi\u00e0 riconosciuta come Citt\u00e0 Creativa Unesco per l\u2019arte e l\u2019artigianato dal 2017, \u00e8 stata selezionata tra le cinque finaliste dal Ministero della Cultura grazie al dossier \u201cCarrara: da 2mila anni contemporanea\u201d<\/p>\n","protected":false},"author":518,"featured_media":178897,"comment_status":"open","ping_status":"open","sticky":false,"template":"","format":"standard","meta":{"_acf_changed":false,"footnotes":""},"categories":[493],"tags":[227,268,151],"class_list":["post-420378","post","type-post","status-publish","format-standard","has-post-thumbnail","hentry","category-cultura","tag-arte-contemporanea","tag-carrara","tag-regione-toscana"],"acf":[],"yoast_head":"<!-- This site is optimized with the Yoast SEO Premium plugin v24.2 (Yoast SEO v25.6) - https:\/\/yoast.com\/wordpress\/plugins\/seo\/ -->\n<title>Da Michelangelo verso il futuro: Carrara \u00e8 la capitale toscana per l&#039;arte contemporanea 2026 - intoscana<\/title>\n<meta name=\"description\" content=\"La citt\u00e0 apuana \u00e8 stata selezionata tra le cinque finaliste dal Ministero della Cultura con il dossier Carrara: da 2mila anni contemporanea\" \/>\n<meta name=\"robots\" content=\"index, follow, max-snippet:-1, max-image-preview:large, max-video-preview:-1\" \/>\n<link rel=\"canonical\" href=\"https:\/\/www.intoscana.it\/it\/da-michelangelo-verso-il-futuro-carrara-e-la-capitale-toscana-per-larte-contemporanea-2026\/\" \/>\n<meta property=\"og:locale\" content=\"it_IT\" \/>\n<meta property=\"og:type\" content=\"article\" \/>\n<meta property=\"og:title\" content=\"Da Michelangelo verso il futuro: Carrara \u00e8 la capitale toscana per l&#039;arte contemporanea 2026\" \/>\n<meta property=\"og:description\" content=\"La citt\u00e0 apuana \u00e8 stata selezionata tra le cinque finaliste dal Ministero della Cultura con il dossier Carrara: da 2mila anni contemporanea\" \/>\n<meta property=\"og:url\" content=\"https:\/\/www.intoscana.it\/it\/da-michelangelo-verso-il-futuro-carrara-e-la-capitale-toscana-per-larte-contemporanea-2026\/\" \/>\n<meta property=\"og:site_name\" content=\"intoscana\" \/>\n<meta property=\"article:publisher\" content=\"https:\/\/www.facebook.com\/intoscana.it\" \/>\n<meta property=\"article:published_time\" content=\"2026-03-11T13:45:38+00:00\" \/>\n<meta property=\"og:image\" content=\"https:\/\/www.intoscana.it\/wp-content\/uploads\/Eduardo-Kobra-il-murale-realizzato-in-una-cava-di-marmo-della-Alpi-Apuane-ph.-Matteo-Dunchi.jpg\" \/>\n\t<meta property=\"og:image:width\" content=\"1300\" \/>\n\t<meta property=\"og:image:height\" content=\"867\" \/>\n\t<meta property=\"og:image:type\" content=\"image\/jpeg\" \/>\n<meta name=\"author\" content=\"Costanza Baldini\" \/>\n<meta name=\"twitter:card\" content=\"summary_large_image\" \/>\n<meta name=\"twitter:creator\" content=\"@intoscana\" \/>\n<meta name=\"twitter:site\" content=\"@intoscana\" \/>\n<meta name=\"twitter:label1\" content=\"Written by\" \/>\n\t<meta name=\"twitter:data1\" content=\"Costanza Baldini\" \/>\n\t<meta name=\"twitter:label2\" content=\"Est. reading time\" \/>\n\t<meta name=\"twitter:data2\" content=\"4 minuti\" \/>\n<script type=\"application\/ld+json\" class=\"yoast-schema-graph\">{\"@context\":\"https:\/\/schema.org\",\"@graph\":[{\"@type\":\"WebPage\",\"@id\":\"https:\/\/www.intoscana.it\/it\/da-michelangelo-verso-il-futuro-carrara-e-la-capitale-toscana-per-larte-contemporanea-2026\/\",\"url\":\"https:\/\/www.intoscana.it\/it\/da-michelangelo-verso-il-futuro-carrara-e-la-capitale-toscana-per-larte-contemporanea-2026\/\",\"name\":\"Da Michelangelo verso il futuro: Carrara \u00e8 la capitale toscana per l'arte contemporanea 2026 - intoscana\",\"isPartOf\":{\"@id\":\"https:\/\/www.intoscana.it\/it\/#website\"},\"primaryImageOfPage\":{\"@id\":\"https:\/\/www.intoscana.it\/it\/da-michelangelo-verso-il-futuro-carrara-e-la-capitale-toscana-per-larte-contemporanea-2026\/#primaryimage\"},\"image\":{\"@id\":\"https:\/\/www.intoscana.it\/it\/da-michelangelo-verso-il-futuro-carrara-e-la-capitale-toscana-per-larte-contemporanea-2026\/#primaryimage\"},\"thumbnailUrl\":\"https:\/\/www.intoscana.it\/wp-content\/uploads\/Eduardo-Kobra-il-murale-realizzato-in-una-cava-di-marmo-della-Alpi-Apuane-ph.-Matteo-Dunchi.jpg\",\"datePublished\":\"2026-03-11T13:45:38+00:00\",\"author\":{\"@id\":\"https:\/\/www.intoscana.it\/it\/#\/schema\/person\/d469f35f09739bdf00bf5dd3f0647a82\"},\"description\":\"La citt\u00e0 apuana \u00e8 stata selezionata tra le cinque finaliste dal Ministero della Cultura con il dossier Carrara: da 2mila anni contemporanea\",\"breadcrumb\":{\"@id\":\"https:\/\/www.intoscana.it\/it\/da-michelangelo-verso-il-futuro-carrara-e-la-capitale-toscana-per-larte-contemporanea-2026\/#breadcrumb\"},\"inLanguage\":\"it-IT\",\"potentialAction\":[{\"@type\":\"ReadAction\",\"target\":[\"https:\/\/www.intoscana.it\/it\/da-michelangelo-verso-il-futuro-carrara-e-la-capitale-toscana-per-larte-contemporanea-2026\/\"]}]},{\"@type\":\"ImageObject\",\"inLanguage\":\"it-IT\",\"@id\":\"https:\/\/www.intoscana.it\/it\/da-michelangelo-verso-il-futuro-carrara-e-la-capitale-toscana-per-larte-contemporanea-2026\/#primaryimage\",\"url\":\"https:\/\/www.intoscana.it\/wp-content\/uploads\/Eduardo-Kobra-il-murale-realizzato-in-una-cava-di-marmo-della-Alpi-Apuane-ph.-Matteo-Dunchi.jpg\",\"contentUrl\":\"https:\/\/www.intoscana.it\/wp-content\/uploads\/Eduardo-Kobra-il-murale-realizzato-in-una-cava-di-marmo-della-Alpi-Apuane-ph.-Matteo-Dunchi.jpg\",\"width\":1300,\"height\":867,\"caption\":\"Il David di Eduardo Kobra a Carrara\"},{\"@type\":\"BreadcrumbList\",\"@id\":\"https:\/\/www.intoscana.it\/it\/da-michelangelo-verso-il-futuro-carrara-e-la-capitale-toscana-per-larte-contemporanea-2026\/#breadcrumb\",\"itemListElement\":[{\"@type\":\"ListItem\",\"position\":1,\"name\":\"Home\",\"item\":\"https:\/\/www.intoscana.it\/it\/\"},{\"@type\":\"ListItem\",\"position\":2,\"name\":\"Da Michelangelo verso il futuro: Carrara \u00e8 la capitale toscana per l&#8217;arte contemporanea 2026\"}]},{\"@type\":\"WebSite\",\"@id\":\"https:\/\/www.intoscana.it\/it\/#website\",\"url\":\"https:\/\/www.intoscana.it\/it\/\",\"name\":\"intoscana\",\"description\":\"\",\"potentialAction\":[{\"@type\":\"SearchAction\",\"target\":{\"@type\":\"EntryPoint\",\"urlTemplate\":\"https:\/\/www.intoscana.it\/it\/?s={search_term_string}\"},\"query-input\":{\"@type\":\"PropertyValueSpecification\",\"valueRequired\":true,\"valueName\":\"search_term_string\"}}],\"inLanguage\":\"it-IT\"},{\"@type\":\"Person\",\"@id\":\"https:\/\/www.intoscana.it\/it\/#\/schema\/person\/d469f35f09739bdf00bf5dd3f0647a82\",\"name\":\"Costanza Baldini\",\"url\":\"https:\/\/www.intoscana.it\/it\/author\/costanza-baldini\/\"}]}<\/script>\n<!-- \/ Yoast SEO Premium plugin. -->","yoast_head_json":{"title":"Da Michelangelo verso il futuro: Carrara \u00e8 la capitale toscana per l'arte contemporanea 2026 - intoscana","description":"La citt\u00e0 apuana \u00e8 stata selezionata tra le cinque finaliste dal Ministero della Cultura con il dossier Carrara: da 2mila anni contemporanea","robots":{"index":"index","follow":"follow","max-snippet":"max-snippet:-1","max-image-preview":"max-image-preview:large","max-video-preview":"max-video-preview:-1"},"canonical":"https:\/\/www.intoscana.it\/it\/da-michelangelo-verso-il-futuro-carrara-e-la-capitale-toscana-per-larte-contemporanea-2026\/","og_locale":"it_IT","og_type":"article","og_title":"Da Michelangelo verso il futuro: Carrara \u00e8 la capitale toscana per l'arte contemporanea 2026","og_description":"La citt\u00e0 apuana \u00e8 stata selezionata tra le cinque finaliste dal Ministero della Cultura con il dossier Carrara: da 2mila anni contemporanea","og_url":"https:\/\/www.intoscana.it\/it\/da-michelangelo-verso-il-futuro-carrara-e-la-capitale-toscana-per-larte-contemporanea-2026\/","og_site_name":"intoscana","article_publisher":"https:\/\/www.facebook.com\/intoscana.it","article_published_time":"2026-03-11T13:45:38+00:00","og_image":[{"width":1300,"height":867,"url":"https:\/\/www.intoscana.it\/wp-content\/uploads\/Eduardo-Kobra-il-murale-realizzato-in-una-cava-di-marmo-della-Alpi-Apuane-ph.-Matteo-Dunchi.jpg","type":"image\/jpeg"}],"author":"Costanza Baldini","twitter_card":"summary_large_image","twitter_creator":"@intoscana","twitter_site":"@intoscana","twitter_misc":{"Written by":"Costanza Baldini","Est. reading time":"4 minuti"},"schema":{"@context":"https:\/\/schema.org","@graph":[{"@type":"WebPage","@id":"https:\/\/www.intoscana.it\/it\/da-michelangelo-verso-il-futuro-carrara-e-la-capitale-toscana-per-larte-contemporanea-2026\/","url":"https:\/\/www.intoscana.it\/it\/da-michelangelo-verso-il-futuro-carrara-e-la-capitale-toscana-per-larte-contemporanea-2026\/","name":"Da Michelangelo verso il futuro: Carrara \u00e8 la capitale toscana per l'arte contemporanea 2026 - intoscana","isPartOf":{"@id":"https:\/\/www.intoscana.it\/it\/#website"},"primaryImageOfPage":{"@id":"https:\/\/www.intoscana.it\/it\/da-michelangelo-verso-il-futuro-carrara-e-la-capitale-toscana-per-larte-contemporanea-2026\/#primaryimage"},"image":{"@id":"https:\/\/www.intoscana.it\/it\/da-michelangelo-verso-il-futuro-carrara-e-la-capitale-toscana-per-larte-contemporanea-2026\/#primaryimage"},"thumbnailUrl":"https:\/\/www.intoscana.it\/wp-content\/uploads\/Eduardo-Kobra-il-murale-realizzato-in-una-cava-di-marmo-della-Alpi-Apuane-ph.-Matteo-Dunchi.jpg","datePublished":"2026-03-11T13:45:38+00:00","author":{"@id":"https:\/\/www.intoscana.it\/it\/#\/schema\/person\/d469f35f09739bdf00bf5dd3f0647a82"},"description":"La citt\u00e0 apuana \u00e8 stata selezionata tra le cinque finaliste dal Ministero della Cultura con il dossier Carrara: da 2mila anni contemporanea","breadcrumb":{"@id":"https:\/\/www.intoscana.it\/it\/da-michelangelo-verso-il-futuro-carrara-e-la-capitale-toscana-per-larte-contemporanea-2026\/#breadcrumb"},"inLanguage":"it-IT","potentialAction":[{"@type":"ReadAction","target":["https:\/\/www.intoscana.it\/it\/da-michelangelo-verso-il-futuro-carrara-e-la-capitale-toscana-per-larte-contemporanea-2026\/"]}]},{"@type":"ImageObject","inLanguage":"it-IT","@id":"https:\/\/www.intoscana.it\/it\/da-michelangelo-verso-il-futuro-carrara-e-la-capitale-toscana-per-larte-contemporanea-2026\/#primaryimage","url":"https:\/\/www.intoscana.it\/wp-content\/uploads\/Eduardo-Kobra-il-murale-realizzato-in-una-cava-di-marmo-della-Alpi-Apuane-ph.-Matteo-Dunchi.jpg","contentUrl":"https:\/\/www.intoscana.it\/wp-content\/uploads\/Eduardo-Kobra-il-murale-realizzato-in-una-cava-di-marmo-della-Alpi-Apuane-ph.-Matteo-Dunchi.jpg","width":1300,"height":867,"caption":"Il David di Eduardo Kobra a Carrara"},{"@type":"BreadcrumbList","@id":"https:\/\/www.intoscana.it\/it\/da-michelangelo-verso-il-futuro-carrara-e-la-capitale-toscana-per-larte-contemporanea-2026\/#breadcrumb","itemListElement":[{"@type":"ListItem","position":1,"name":"Home","item":"https:\/\/www.intoscana.it\/it\/"},{"@type":"ListItem","position":2,"name":"Da Michelangelo verso il futuro: Carrara \u00e8 la capitale toscana per l&#8217;arte contemporanea 2026"}]},{"@type":"WebSite","@id":"https:\/\/www.intoscana.it\/it\/#website","url":"https:\/\/www.intoscana.it\/it\/","name":"intoscana","description":"","potentialAction":[{"@type":"SearchAction","target":{"@type":"EntryPoint","urlTemplate":"https:\/\/www.intoscana.it\/it\/?s={search_term_string}"},"query-input":{"@type":"PropertyValueSpecification","valueRequired":true,"valueName":"search_term_string"}}],"inLanguage":"it-IT"},{"@type":"Person","@id":"https:\/\/www.intoscana.it\/it\/#\/schema\/person\/d469f35f09739bdf00bf5dd3f0647a82","name":"Costanza Baldini","url":"https:\/\/www.intoscana.it\/it\/author\/costanza-baldini\/"}]}},"_links":{"self":[{"href":"https:\/\/www.intoscana.it\/it\/wp-json\/wp\/v2\/posts\/420378","targetHints":{"allow":["GET"]}}],"collection":[{"href":"https:\/\/www.intoscana.it\/it\/wp-json\/wp\/v2\/posts"}],"about":[{"href":"https:\/\/www.intoscana.it\/it\/wp-json\/wp\/v2\/types\/post"}],"author":[{"embeddable":true,"href":"https:\/\/www.intoscana.it\/it\/wp-json\/wp\/v2\/users\/518"}],"replies":[{"embeddable":true,"href":"https:\/\/www.intoscana.it\/it\/wp-json\/wp\/v2\/comments?post=420378"}],"version-history":[{"count":5,"href":"https:\/\/www.intoscana.it\/it\/wp-json\/wp\/v2\/posts\/420378\/revisions"}],"predecessor-version":[{"id":420402,"href":"https:\/\/www.intoscana.it\/it\/wp-json\/wp\/v2\/posts\/420378\/revisions\/420402"}],"wp:featuredmedia":[{"embeddable":true,"href":"https:\/\/www.intoscana.it\/it\/wp-json\/wp\/v2\/media\/178897"}],"wp:attachment":[{"href":"https:\/\/www.intoscana.it\/it\/wp-json\/wp\/v2\/media?parent=420378"}],"wp:term":[{"taxonomy":"category","embeddable":true,"href":"https:\/\/www.intoscana.it\/it\/wp-json\/wp\/v2\/categories?post=420378"},{"taxonomy":"post_tag","embeddable":true,"href":"https:\/\/www.intoscana.it\/it\/wp-json\/wp\/v2\/tags?post=420378"}],"curies":[{"name":"wp","href":"https:\/\/api.w.org\/{rel}","templated":true}]}}