{"id":420448,"date":"2026-03-11T16:06:49","date_gmt":"2026-03-11T15:06:49","guid":{"rendered":"https:\/\/www.intoscana.it\/it\/?p=420448"},"modified":"2026-03-11T16:12:23","modified_gmt":"2026-03-11T15:12:23","slug":"peccioli-jazz-festival-2026","status":"publish","type":"post","link":"https:\/\/www.intoscana.it\/it\/peccioli-jazz-festival-2026\/","title":{"rendered":"Peccioli e New Orleans unite nel segno della musica: a luglio un nuovo festival Jazz"},"content":{"rendered":"<p><strong><em>&#8220;Jazz Peccioli The New Orleans Experience&#8221;<\/em> <\/strong>\u00e8 questo il titolo di un nuovo festival che<strong> la prossima estate <\/strong>unir\u00e0 il piccolo Comune toscano con la<strong> patria del jazz: New Orleans.\u00a0<\/strong><\/p>\n<p><strong>Dal 6 all&#8217;11 luglio Peccioli si riempir\u00e0 di musica e suoni<\/strong> e aprir\u00e0 un ponte simbolico e culturale con la citt\u00e0 americana. Non una semplice rassegna musicale, ma un\u2019esperienza immersiva capace di portare nel cuore della Toscana la musica, la tradizione e la magia della <strong>citt\u00e0 dove il jazz \u00e8 nato.<\/strong><\/p>\n<p><strong>Strade, piazze e teatri ospiteranno concerti, parate e performance diffuse<\/strong> che ricreeranno l<strong>\u2019atmosfera vibrante della Louisiana,<\/strong> tra brass band, radici afroamericane e innovazione contemporanea.<\/p>\n<h3>Il gemellaggio tra Peccioli e New Orleans<\/h3>\n<p>L&#8217;iniziativa nasce dal<strong> gemellaggio ufficiale tra il Comune di Peccioli e la citt\u00e0 di New Orleans<\/strong>, siglato il<strong> 26 settembre 2025 dal sindaco di Peccioli e dalla sindaca LaToya Cantrell. <\/strong><\/p>\n<p><strong>Un patto istituzionale<\/strong> che ha sancito l\u2019avvio di <strong>una cooperazione stabile in ambito culturale, educativo e turistico<\/strong>, trasformando il dialogo tra le due comunit\u00e0 in un progetto concreto di scambio internazionale. Jazz Peccioli rappresenta la prima grande iniziativa che d\u00e0 piena attuazione a quell\u2019accordo, costruendo<strong> un ponte duraturo tra Toscana e Stati Uniti.<\/strong><\/p>\n<p><em>\u201cJazz Peccioli- <\/em><strong>ha detto il presidente della Regione Toscana Eugenio Giani<\/strong><em>&#8211; rappresenta un esempio straordinario di come la cultura possa diventare strumento di dialogo internazionale e di valorizzazione dei territori. Il gemellaggio tra Peccioli e New Orleans apre una connessione simbolica tra due luoghi molto diversi ma uniti dalla forza della musica e della creativit\u00e0. Per la Toscana \u00e8 motivo di grande soddisfazione sostenere un progetto che porta nel cuore di un borgo una tradizione musicale che ha fatto la storia del Novecento e che allo stesso tempo offre opportunit\u00e0 ai giovani e nuove prospettive di attrazione culturale e turistica.\u201d<\/em><\/p>\n<p><strong>Il sindaco Macelloni ha commentato<\/strong>: <em>&#8220;Grazie al presidente Giani e alla Regione Toscana per aver ospitato la presentazione di questa iniziativa. Per noi molto importante perch\u00e9 \u00e8 il primo caso in Italia di un festival Jazz all&#8217;interno di un borgo. Un rapporto con New Orleans che prosegue anche con i giovani pecciolesi. Abbiamo aperto un bando, per i giovani residenti tra i 18 e i 25 anni, e porteremo almeno 80 di loro proprio a New Orleans a settembre per vivere un&#8217;esperienza culturale importante. Un percorso aperto anche con la citt\u00e0 di New Orleans che riguarder\u00e0 il nostro territorio. Con il Jazz Festival vogliamo aggiungere al percorso di 11Lune a Peccioli un elemento di novit\u00e0 musicale e culturale importante per tutto il territorio e la Regione Toscana&#8221;.<\/em><\/p>\n<figure id=\"post-420459 media-420459\" class=\"align-none\"><img decoding=\"async\" src=\"https:\/\/www.intoscana.it\/wp-content\/uploads\/aaca54_6ac5275080f740b1a72540e3278ae8a4mv2.webp.jpeg\" alt=\"\" \/><\/figure>\n<div class=\"titleimg\">Andromeda Turre<\/div>\n<h3>Il programma del festival<\/h3>\n<p>Co-fondato dal <strong>vincitore del Grammy Award Adonis Rose<\/strong> insieme all\u2019amministrazione comunale, il festival vedr\u00e0 protagonista lo stesso Rose con la <strong>New Orleans Jazz Orchestra,<\/strong> affiancato da artisti di rilievo internazionale come<strong> Andromeda Turre, Sean Ardoin, Sabine McCalla, Phillip Manuel.<\/strong><\/p>\n<p><strong>Le parate quotidiane della LSU Brass Band<\/strong> animeranno il centro storico con l\u2019energia inconfondibile della tradizione second line, guidate da un <strong>Baby Doll Grand Marshal<\/strong> in omaggio alla storica tradizione carnevalesca afroamericana ultracentenaria.<\/p>\n<p>Il programma artistico includer\u00e0 inoltre <strong>Alexey Marti, il Jesse McBride Trio e Amina Scott,<\/strong> espressione delle<strong> influenze afro-caraibiche<\/strong>, della trasmissione intergenerazionale del sapere musicale e delle nuove traiettorie del jazz contemporaneo.<\/p>\n<p>Accanto ai concerti, sono previsti <strong>workshop educativi rivolti agli studenti del territorio<\/strong>, dedicati alla storia e all\u2019evoluzione della musica di New Orleans, con momenti di confronto diretto con gli artisti.<\/p>\n<p><em>\u201cQuesto festival \u2013 <\/em><strong>ha detto l\u2019assessora alla cultura Cristina Manetti-<\/strong><em> racconta molto bene la capacit\u00e0 dei borghi toscani di innovare e di dialogare con il mondo. Portare l\u2019anima di New Orleans a Peccioli significa creare un\u2019esperienza culturale originale, capace di unire musica, formazione e scambio internazionale. La Regione Toscana sostiene con convinzione iniziative come questa perch\u00e9 dimostrano che anche nei piccoli centri possono nascere progetti di grande respiro, in grado di arricchire l\u2019offerta culturale e di costruire ponti tra comunit\u00e0 e generazioni.\u201d<\/em><\/p>\n<figure id=\"post-420460 media-420460\" class=\"align-none\"><img decoding=\"async\" src=\"https:\/\/www.intoscana.it\/wp-content\/uploads\/aaca54_6a48115d50b64487a7f5be8f6afae86bmv2.jpeg\" alt=\"\" \/><\/figure>\n<div class=\"titleimg\">LSU Brass Band<\/div>\n<p>&nbsp;<\/p>\n","protected":false},"excerpt":{"rendered":"<p>Dal 6 all&#8217;11 luglio strade, piazze e teatri del borgo toscano ospiteranno concerti, parate e performance diffuse che ricreeranno l\u2019atmosfera vibrante della Louisiana, tra brass band, radici afroamericane e innovazione contemporanea<\/p>\n","protected":false},"author":525,"featured_media":420457,"comment_status":"open","ping_status":"open","sticky":false,"template":"","format":"standard","meta":{"_acf_changed":false,"footnotes":""},"categories":[14],"tags":[216,6652,235,158,228,5279,151],"class_list":["post-420448","post","type-post","status-publish","format-standard","has-post-thumbnail","hentry","category-musica","tag-concerti","tag-cristina-manetti","tag-estate","tag-eugenio-giani","tag-festival","tag-peccioli","tag-regione-toscana"],"acf":[],"yoast_head":"<!-- This site is optimized with the Yoast SEO Premium plugin v24.2 (Yoast SEO v25.6) - https:\/\/yoast.com\/wordpress\/plugins\/seo\/ -->\n<title>Peccioli e New Orleans unite nel segno della musica: a luglio un nuovo festival Jazz - intoscana<\/title>\n<meta name=\"description\" content=\"Dal 6 all&#039;11 luglio strade, piazze e teatri del borgo toscano ospiteranno concerti, parate e performance diffuse\" \/>\n<meta name=\"robots\" content=\"index, follow, max-snippet:-1, max-image-preview:large, max-video-preview:-1\" \/>\n<link rel=\"canonical\" href=\"https:\/\/www.intoscana.it\/it\/peccioli-jazz-festival-2026\/\" \/>\n<meta property=\"og:locale\" content=\"it_IT\" \/>\n<meta property=\"og:type\" content=\"article\" \/>\n<meta property=\"og:title\" content=\"Peccioli e New Orleans unite nel segno della musica: a luglio un nuovo festival Jazz\" \/>\n<meta property=\"og:description\" content=\"Dal 6 all&#039;11 luglio strade, piazze e teatri del borgo toscano ospiteranno concerti, parate e performance diffuse\" \/>\n<meta property=\"og:url\" content=\"https:\/\/www.intoscana.it\/it\/peccioli-jazz-festival-2026\/\" \/>\n<meta property=\"og:site_name\" content=\"intoscana\" \/>\n<meta property=\"article:publisher\" content=\"https:\/\/www.facebook.com\/intoscana.it\" \/>\n<meta property=\"article:published_time\" content=\"2026-03-11T15:06:49+00:00\" \/>\n<meta property=\"article:modified_time\" content=\"2026-03-11T15:12:23+00:00\" \/>\n<meta property=\"og:image\" content=\"https:\/\/www.intoscana.it\/wp-content\/uploads\/aaca54_647c8a1ee4fc41a28b2196b172389531mv2-e1773240787759.jpg\" \/>\n\t<meta property=\"og:image:width\" content=\"500\" \/>\n\t<meta property=\"og:image:height\" content=\"374\" \/>\n\t<meta property=\"og:image:type\" content=\"image\/jpeg\" \/>\n<meta name=\"author\" content=\"Redazione\" \/>\n<meta name=\"twitter:card\" content=\"summary_large_image\" \/>\n<meta name=\"twitter:creator\" content=\"@intoscana\" \/>\n<meta name=\"twitter:site\" content=\"@intoscana\" \/>\n<meta name=\"twitter:label1\" content=\"Written by\" \/>\n\t<meta name=\"twitter:data1\" content=\"Redazione\" \/>\n\t<meta name=\"twitter:label2\" content=\"Est. reading time\" \/>\n\t<meta name=\"twitter:data2\" content=\"5 minuti\" \/>\n<script type=\"application\/ld+json\" class=\"yoast-schema-graph\">{\"@context\":\"https:\/\/schema.org\",\"@graph\":[{\"@type\":\"WebPage\",\"@id\":\"https:\/\/www.intoscana.it\/it\/peccioli-jazz-festival-2026\/\",\"url\":\"https:\/\/www.intoscana.it\/it\/peccioli-jazz-festival-2026\/\",\"name\":\"Peccioli e New Orleans unite nel segno della musica: a luglio un nuovo festival Jazz - intoscana\",\"isPartOf\":{\"@id\":\"https:\/\/www.intoscana.it\/it\/#website\"},\"primaryImageOfPage\":{\"@id\":\"https:\/\/www.intoscana.it\/it\/peccioli-jazz-festival-2026\/#primaryimage\"},\"image\":{\"@id\":\"https:\/\/www.intoscana.it\/it\/peccioli-jazz-festival-2026\/#primaryimage\"},\"thumbnailUrl\":\"https:\/\/www.intoscana.it\/wp-content\/uploads\/aaca54_647c8a1ee4fc41a28b2196b172389531mv2-e1773240787759.jpg\",\"datePublished\":\"2026-03-11T15:06:49+00:00\",\"dateModified\":\"2026-03-11T15:12:23+00:00\",\"author\":{\"@id\":\"https:\/\/www.intoscana.it\/it\/#\/schema\/person\/9223810753230f20bd670fdd322661f8\"},\"description\":\"Dal 6 all'11 luglio strade, piazze e teatri del borgo toscano ospiteranno concerti, parate e performance diffuse\",\"breadcrumb\":{\"@id\":\"https:\/\/www.intoscana.it\/it\/peccioli-jazz-festival-2026\/#breadcrumb\"},\"inLanguage\":\"it-IT\",\"potentialAction\":[{\"@type\":\"ReadAction\",\"target\":[\"https:\/\/www.intoscana.it\/it\/peccioli-jazz-festival-2026\/\"]}]},{\"@type\":\"ImageObject\",\"inLanguage\":\"it-IT\",\"@id\":\"https:\/\/www.intoscana.it\/it\/peccioli-jazz-festival-2026\/#primaryimage\",\"url\":\"https:\/\/www.intoscana.it\/wp-content\/uploads\/aaca54_647c8a1ee4fc41a28b2196b172389531mv2-e1773240787759.jpg\",\"contentUrl\":\"https:\/\/www.intoscana.it\/wp-content\/uploads\/aaca54_647c8a1ee4fc41a28b2196b172389531mv2-e1773240787759.jpg\",\"width\":500,\"height\":374,\"caption\":\"Amina Scott\"},{\"@type\":\"BreadcrumbList\",\"@id\":\"https:\/\/www.intoscana.it\/it\/peccioli-jazz-festival-2026\/#breadcrumb\",\"itemListElement\":[{\"@type\":\"ListItem\",\"position\":1,\"name\":\"Home\",\"item\":\"https:\/\/www.intoscana.it\/it\/\"},{\"@type\":\"ListItem\",\"position\":2,\"name\":\"Peccioli e New Orleans unite nel segno della musica: a luglio un nuovo festival Jazz\"}]},{\"@type\":\"WebSite\",\"@id\":\"https:\/\/www.intoscana.it\/it\/#website\",\"url\":\"https:\/\/www.intoscana.it\/it\/\",\"name\":\"intoscana\",\"description\":\"\",\"potentialAction\":[{\"@type\":\"SearchAction\",\"target\":{\"@type\":\"EntryPoint\",\"urlTemplate\":\"https:\/\/www.intoscana.it\/it\/?s={search_term_string}\"},\"query-input\":{\"@type\":\"PropertyValueSpecification\",\"valueRequired\":true,\"valueName\":\"search_term_string\"}}],\"inLanguage\":\"it-IT\"},{\"@type\":\"Person\",\"@id\":\"https:\/\/www.intoscana.it\/it\/#\/schema\/person\/9223810753230f20bd670fdd322661f8\",\"name\":\"Redazione\",\"url\":\"https:\/\/www.intoscana.it\/it\/author\/redazione\/\"}]}<\/script>\n<!-- \/ Yoast SEO Premium plugin. -->","yoast_head_json":{"title":"Peccioli e New Orleans unite nel segno della musica: a luglio un nuovo festival Jazz - intoscana","description":"Dal 6 all'11 luglio strade, piazze e teatri del borgo toscano ospiteranno concerti, parate e performance diffuse","robots":{"index":"index","follow":"follow","max-snippet":"max-snippet:-1","max-image-preview":"max-image-preview:large","max-video-preview":"max-video-preview:-1"},"canonical":"https:\/\/www.intoscana.it\/it\/peccioli-jazz-festival-2026\/","og_locale":"it_IT","og_type":"article","og_title":"Peccioli e New Orleans unite nel segno della musica: a luglio un nuovo festival Jazz","og_description":"Dal 6 all'11 luglio strade, piazze e teatri del borgo toscano ospiteranno concerti, parate e performance diffuse","og_url":"https:\/\/www.intoscana.it\/it\/peccioli-jazz-festival-2026\/","og_site_name":"intoscana","article_publisher":"https:\/\/www.facebook.com\/intoscana.it","article_published_time":"2026-03-11T15:06:49+00:00","article_modified_time":"2026-03-11T15:12:23+00:00","og_image":[{"width":500,"height":374,"url":"https:\/\/www.intoscana.it\/wp-content\/uploads\/aaca54_647c8a1ee4fc41a28b2196b172389531mv2-e1773240787759.jpg","type":"image\/jpeg"}],"author":"Redazione","twitter_card":"summary_large_image","twitter_creator":"@intoscana","twitter_site":"@intoscana","twitter_misc":{"Written by":"Redazione","Est. reading time":"5 minuti"},"schema":{"@context":"https:\/\/schema.org","@graph":[{"@type":"WebPage","@id":"https:\/\/www.intoscana.it\/it\/peccioli-jazz-festival-2026\/","url":"https:\/\/www.intoscana.it\/it\/peccioli-jazz-festival-2026\/","name":"Peccioli e New Orleans unite nel segno della musica: a luglio un nuovo festival Jazz - intoscana","isPartOf":{"@id":"https:\/\/www.intoscana.it\/it\/#website"},"primaryImageOfPage":{"@id":"https:\/\/www.intoscana.it\/it\/peccioli-jazz-festival-2026\/#primaryimage"},"image":{"@id":"https:\/\/www.intoscana.it\/it\/peccioli-jazz-festival-2026\/#primaryimage"},"thumbnailUrl":"https:\/\/www.intoscana.it\/wp-content\/uploads\/aaca54_647c8a1ee4fc41a28b2196b172389531mv2-e1773240787759.jpg","datePublished":"2026-03-11T15:06:49+00:00","dateModified":"2026-03-11T15:12:23+00:00","author":{"@id":"https:\/\/www.intoscana.it\/it\/#\/schema\/person\/9223810753230f20bd670fdd322661f8"},"description":"Dal 6 all'11 luglio strade, piazze e teatri del borgo toscano ospiteranno concerti, parate e performance diffuse","breadcrumb":{"@id":"https:\/\/www.intoscana.it\/it\/peccioli-jazz-festival-2026\/#breadcrumb"},"inLanguage":"it-IT","potentialAction":[{"@type":"ReadAction","target":["https:\/\/www.intoscana.it\/it\/peccioli-jazz-festival-2026\/"]}]},{"@type":"ImageObject","inLanguage":"it-IT","@id":"https:\/\/www.intoscana.it\/it\/peccioli-jazz-festival-2026\/#primaryimage","url":"https:\/\/www.intoscana.it\/wp-content\/uploads\/aaca54_647c8a1ee4fc41a28b2196b172389531mv2-e1773240787759.jpg","contentUrl":"https:\/\/www.intoscana.it\/wp-content\/uploads\/aaca54_647c8a1ee4fc41a28b2196b172389531mv2-e1773240787759.jpg","width":500,"height":374,"caption":"Amina Scott"},{"@type":"BreadcrumbList","@id":"https:\/\/www.intoscana.it\/it\/peccioli-jazz-festival-2026\/#breadcrumb","itemListElement":[{"@type":"ListItem","position":1,"name":"Home","item":"https:\/\/www.intoscana.it\/it\/"},{"@type":"ListItem","position":2,"name":"Peccioli e New Orleans unite nel segno della musica: a luglio un nuovo festival Jazz"}]},{"@type":"WebSite","@id":"https:\/\/www.intoscana.it\/it\/#website","url":"https:\/\/www.intoscana.it\/it\/","name":"intoscana","description":"","potentialAction":[{"@type":"SearchAction","target":{"@type":"EntryPoint","urlTemplate":"https:\/\/www.intoscana.it\/it\/?s={search_term_string}"},"query-input":{"@type":"PropertyValueSpecification","valueRequired":true,"valueName":"search_term_string"}}],"inLanguage":"it-IT"},{"@type":"Person","@id":"https:\/\/www.intoscana.it\/it\/#\/schema\/person\/9223810753230f20bd670fdd322661f8","name":"Redazione","url":"https:\/\/www.intoscana.it\/it\/author\/redazione\/"}]}},"_links":{"self":[{"href":"https:\/\/www.intoscana.it\/it\/wp-json\/wp\/v2\/posts\/420448","targetHints":{"allow":["GET"]}}],"collection":[{"href":"https:\/\/www.intoscana.it\/it\/wp-json\/wp\/v2\/posts"}],"about":[{"href":"https:\/\/www.intoscana.it\/it\/wp-json\/wp\/v2\/types\/post"}],"author":[{"embeddable":true,"href":"https:\/\/www.intoscana.it\/it\/wp-json\/wp\/v2\/users\/525"}],"replies":[{"embeddable":true,"href":"https:\/\/www.intoscana.it\/it\/wp-json\/wp\/v2\/comments?post=420448"}],"version-history":[{"count":5,"href":"https:\/\/www.intoscana.it\/it\/wp-json\/wp\/v2\/posts\/420448\/revisions"}],"predecessor-version":[{"id":420483,"href":"https:\/\/www.intoscana.it\/it\/wp-json\/wp\/v2\/posts\/420448\/revisions\/420483"}],"wp:featuredmedia":[{"embeddable":true,"href":"https:\/\/www.intoscana.it\/it\/wp-json\/wp\/v2\/media\/420457"}],"wp:attachment":[{"href":"https:\/\/www.intoscana.it\/it\/wp-json\/wp\/v2\/media?parent=420448"}],"wp:term":[{"taxonomy":"category","embeddable":true,"href":"https:\/\/www.intoscana.it\/it\/wp-json\/wp\/v2\/categories?post=420448"},{"taxonomy":"post_tag","embeddable":true,"href":"https:\/\/www.intoscana.it\/it\/wp-json\/wp\/v2\/tags?post=420448"}],"curies":[{"name":"wp","href":"https:\/\/api.w.org\/{rel}","templated":true}]}}