{"id":420484,"date":"2026-03-11T16:29:04","date_gmt":"2026-03-11T15:29:04","guid":{"rendered":"https:\/\/www.intoscana.it\/it\/?p=420484"},"modified":"2026-03-11T16:29:04","modified_gmt":"2026-03-11T15:29:04","slug":"atlante-delle-guerre-meta-della-popolazione-mondiale-coinvolta-diop-verso-gli-stati-generali-della-toscana-per-la-pace","status":"publish","type":"post","link":"https:\/\/www.intoscana.it\/it\/atlante-delle-guerre-meta-della-popolazione-mondiale-coinvolta-diop-verso-gli-stati-generali-della-toscana-per-la-pace\/","title":{"rendered":"Atlante delle guerre: met\u00e0 della popolazione mondiale coinvolta. Diop: &#8220;Verso gli Stati generali della Toscana per la pace\u201d"},"content":{"rendered":"<p>Un pianeta assediato dalla violenza delle armi tra <strong>32 guerre attive e 22 aree di crisi.<\/strong> Met\u00e0 della popolazione mondiale coinvolta in un conflitto o minacciata da tensioni armate. \u00c8 la cruda realt\u00e0 dei fatti restituita dalla 14esima edizione <strong>dell\u2019Atlante delle guerre e dei conflitti del mondo.<\/strong><\/p>\n<p>Il volume, ideato e curato dai giornalisti dell\u2019Associazione 46\u00b0 Parallelo ETS, \u00e8 stato presentato questa mattina a Palazzo Strozzi Sacrati. La presentazione \u2013 avvenuta mentre \u00e8 in corso l\u2019offensiva di Usa e Israele contro l\u2019Iran &#8211; \u00e8 stata l\u2019occasione di un <strong>confronto sui temi della pace<\/strong> a cui hanno partecipato, tra gli altri, il direttore dell\u2019Atlante Raffaele Crocco, il portavoce di Amnesty International Riccardo Noury e la vicepresidente Mia Diop, che assieme al presidente Giani firma il testo di saluti in apertura della pubblicazione.<\/p>\n<h3>Un percorso collettivo per la pace in Toscana<\/h3>\n<p><em>\u201cNei prossimi mesi inizier\u00e0 <\/em><mark><em>un percorso aperto e partecipativo, gli stati generali della pace, che porteremo nei territori toscani &#8211; <\/em><\/mark>ha annunciato <strong>la vicepresidente Diop<\/strong> <em>&#8211; siamo convinti che la pace si debba costruire con la comunit\u00e0, la cultura e la consapevolezza e anche con politiche pubbliche che la sostengano\u201d.<\/em><\/p>\n<p><em>\u201cSar\u00e0 un percorso collegiale e collettivo &#8211; <\/em>ha aggiunto Diop &#8211;<em> che far\u00e0 lavorare in sinergia le <strong>istituzioni in stretto rapporto con le scuole, le universit\u00e0 e la societ\u00e0 civile,<\/strong> perch\u00e9 crediamo che per costruire una cultura di pace si debba partire dal basso. <\/em><em>La guerra ha ripreso centralit\u00e0 ma <\/em>e<em>siste un&#8217;altra realt\u00e0 a quella della guerra, ovvero quella che stiamo manifestando anche qui stamattina, tante persone che nella pace credono, che la vogliano e anche silenziosamente ogni giorno lottano per questo. <strong>La Regione Toscana ha una storia di diritti, di pace, di cooperazione internazionale<\/strong> e quello che vogliamo fare noi oggi e in generale in questo mandato, \u00e8 dare continuit\u00e0 a questa tradizione\u201d.<\/em><\/p>\n<h3>La nuova edizione dell&#8217;Atlante<\/h3>\n<p>La nuova edizione dell\u2019Atlante \u2013 272 pagine, con grandi foto \u2013 ha una veste grafica rinnovata, ma per raccontare la guerra punto di vista e stile restano identici agli anni passati. Ogni conflitto \u00e8 analizzato mettendo al centro le vittime. La formula \u00e8 quella che sin dal 2009, anno della prima edizione, ha caratterizzato l\u2019Atlante: <strong>grandi reportages, analisi delle cause delle guerre e, soprattutto, le schede conflitto, che inquadrano storia e attualit\u00e0<\/strong> delle guerre in corso nel Mondo, incluse le pi\u00f9 recenti, come la crisi in Venezuela e quella che sta interessando l\u2019intero scacchiere mediorientale. L\u2019Atlante infatti non racconta le guerre con lo sguardo della geopolitica, ma ne spiega le ragioni, le cause immediate e quelle occulte e le loro conseguenze anche nel futuro.<\/p>\n<p><em><strong>\u201cOggi le guerre, che coinvolgono miliardi di persone in 54 paesi,<\/strong> non colpiscono pi\u00f9 solo gli eserciti, anzi paradossalmente si \u00e8 quasi pi\u00f9 sicuri se si ha una divisa addosso, colpiscono i civili e quindi \u00e8 una situazione davvero difficile da controllare<\/em> &#8211; ha detto<strong> il direttore responsabile dell\u2019associazione 46\u00b0 Parallelo Ets Raffaele Crocco<\/strong> &#8211; <em>\u00e8 difficile capire se stiamo vivendo una terza guerra mondiale, certamente \u00e8 una ridefinizione completa degli equilibri per come li conoscevamo ed \u00e8 complesso immaginare dove andremo a finire. Il diritto internazionale ormai \u00e8 morto, \u00e8 stato ucciso in Ucraina, a Gaza, oggi nella guerra fra Iran e Israele. Ormai sta vincendo la legge del pi\u00f9 forte ed \u00e8 questa che dobbiamo fermare\u201d.<\/em><\/p>\n","protected":false},"excerpt":{"rendered":"<p>Presentato in Regione il volume dedicato ai conflitti: oggi sono 32 quelli attivi e 22 le aree di crisi. La vicepresidente della Toscana annuncia il percorso collettivo e partecipato per la pace<\/p>\n","protected":false},"author":525,"featured_media":420486,"comment_status":"open","ping_status":"open","sticky":false,"template":"","format":"standard","meta":{"_acf_changed":false,"footnotes":""},"categories":[494],"tags":[6913,4370,151],"class_list":["post-420484","post","type-post","status-publish","format-standard","has-post-thumbnail","hentry","category-attualita","tag-mia-bintou-diop","tag-pace","tag-regione-toscana"],"acf":[],"yoast_head":"<!-- This site is optimized with the Yoast SEO Premium plugin v24.2 (Yoast SEO v25.6) - https:\/\/yoast.com\/wordpress\/plugins\/seo\/ -->\n<title>Atlante delle guerre: met\u00e0 della popolazione mondiale coinvolta. Diop: &quot;Verso gli Stati generali della Toscana per la pace\u201d - intoscana<\/title>\n<meta name=\"robots\" content=\"index, follow, max-snippet:-1, max-image-preview:large, max-video-preview:-1\" \/>\n<link rel=\"canonical\" href=\"https:\/\/www.intoscana.it\/it\/atlante-delle-guerre-meta-della-popolazione-mondiale-coinvolta-diop-verso-gli-stati-generali-della-toscana-per-la-pace\/\" \/>\n<meta property=\"og:locale\" content=\"it_IT\" \/>\n<meta property=\"og:type\" content=\"article\" \/>\n<meta property=\"og:title\" content=\"Atlante delle guerre: met\u00e0 della popolazione mondiale coinvolta. Diop: &quot;Verso gli Stati generali della Toscana per la pace\u201d\" \/>\n<meta property=\"og:description\" content=\"Presentato in Regione il volume dedicato ai conflitti: oggi sono 32 quelli attivi e 22 le aree di crisi. La vicepresidente della Toscana annuncia il percorso collettivo e partecipato per la pace\" \/>\n<meta property=\"og:url\" content=\"https:\/\/www.intoscana.it\/it\/atlante-delle-guerre-meta-della-popolazione-mondiale-coinvolta-diop-verso-gli-stati-generali-della-toscana-per-la-pace\/\" \/>\n<meta property=\"og:site_name\" content=\"intoscana\" \/>\n<meta property=\"article:publisher\" content=\"https:\/\/www.facebook.com\/intoscana.it\" \/>\n<meta property=\"article:published_time\" content=\"2026-03-11T15:29:04+00:00\" \/>\n<meta property=\"og:image\" content=\"https:\/\/www.intoscana.it\/wp-content\/uploads\/Diop-e-Crocco-atlante-guerre-pezzo-scheda.jpg\" \/>\n\t<meta property=\"og:image:width\" content=\"1029\" \/>\n\t<meta property=\"og:image:height\" content=\"890\" \/>\n\t<meta property=\"og:image:type\" content=\"image\/jpeg\" \/>\n<meta name=\"author\" content=\"Redazione\" \/>\n<meta name=\"twitter:card\" content=\"summary_large_image\" \/>\n<meta name=\"twitter:creator\" content=\"@intoscana\" \/>\n<meta name=\"twitter:site\" content=\"@intoscana\" \/>\n<meta name=\"twitter:label1\" content=\"Written by\" \/>\n\t<meta name=\"twitter:data1\" content=\"Redazione\" \/>\n\t<meta name=\"twitter:label2\" content=\"Est. reading time\" \/>\n\t<meta name=\"twitter:data2\" content=\"4 minuti\" \/>\n<script type=\"application\/ld+json\" class=\"yoast-schema-graph\">{\"@context\":\"https:\/\/schema.org\",\"@graph\":[{\"@type\":\"WebPage\",\"@id\":\"https:\/\/www.intoscana.it\/it\/atlante-delle-guerre-meta-della-popolazione-mondiale-coinvolta-diop-verso-gli-stati-generali-della-toscana-per-la-pace\/\",\"url\":\"https:\/\/www.intoscana.it\/it\/atlante-delle-guerre-meta-della-popolazione-mondiale-coinvolta-diop-verso-gli-stati-generali-della-toscana-per-la-pace\/\",\"name\":\"Atlante delle guerre: met\u00e0 della popolazione mondiale coinvolta. Diop: \\\"Verso gli Stati generali della Toscana per la pace\u201d - intoscana\",\"isPartOf\":{\"@id\":\"https:\/\/www.intoscana.it\/it\/#website\"},\"primaryImageOfPage\":{\"@id\":\"https:\/\/www.intoscana.it\/it\/atlante-delle-guerre-meta-della-popolazione-mondiale-coinvolta-diop-verso-gli-stati-generali-della-toscana-per-la-pace\/#primaryimage\"},\"image\":{\"@id\":\"https:\/\/www.intoscana.it\/it\/atlante-delle-guerre-meta-della-popolazione-mondiale-coinvolta-diop-verso-gli-stati-generali-della-toscana-per-la-pace\/#primaryimage\"},\"thumbnailUrl\":\"https:\/\/www.intoscana.it\/wp-content\/uploads\/Diop-e-Crocco-atlante-guerre-pezzo-scheda.jpg\",\"datePublished\":\"2026-03-11T15:29:04+00:00\",\"author\":{\"@id\":\"https:\/\/www.intoscana.it\/it\/#\/schema\/person\/9223810753230f20bd670fdd322661f8\"},\"breadcrumb\":{\"@id\":\"https:\/\/www.intoscana.it\/it\/atlante-delle-guerre-meta-della-popolazione-mondiale-coinvolta-diop-verso-gli-stati-generali-della-toscana-per-la-pace\/#breadcrumb\"},\"inLanguage\":\"it-IT\",\"potentialAction\":[{\"@type\":\"ReadAction\",\"target\":[\"https:\/\/www.intoscana.it\/it\/atlante-delle-guerre-meta-della-popolazione-mondiale-coinvolta-diop-verso-gli-stati-generali-della-toscana-per-la-pace\/\"]}]},{\"@type\":\"ImageObject\",\"inLanguage\":\"it-IT\",\"@id\":\"https:\/\/www.intoscana.it\/it\/atlante-delle-guerre-meta-della-popolazione-mondiale-coinvolta-diop-verso-gli-stati-generali-della-toscana-per-la-pace\/#primaryimage\",\"url\":\"https:\/\/www.intoscana.it\/wp-content\/uploads\/Diop-e-Crocco-atlante-guerre-pezzo-scheda.jpg\",\"contentUrl\":\"https:\/\/www.intoscana.it\/wp-content\/uploads\/Diop-e-Crocco-atlante-guerre-pezzo-scheda.jpg\",\"width\":1029,\"height\":890},{\"@type\":\"BreadcrumbList\",\"@id\":\"https:\/\/www.intoscana.it\/it\/atlante-delle-guerre-meta-della-popolazione-mondiale-coinvolta-diop-verso-gli-stati-generali-della-toscana-per-la-pace\/#breadcrumb\",\"itemListElement\":[{\"@type\":\"ListItem\",\"position\":1,\"name\":\"Home\",\"item\":\"https:\/\/www.intoscana.it\/it\/\"},{\"@type\":\"ListItem\",\"position\":2,\"name\":\"Atlante delle guerre: met\u00e0 della popolazione mondiale coinvolta. Diop: &#8220;Verso gli Stati generali della Toscana per la pace\u201d\"}]},{\"@type\":\"WebSite\",\"@id\":\"https:\/\/www.intoscana.it\/it\/#website\",\"url\":\"https:\/\/www.intoscana.it\/it\/\",\"name\":\"intoscana\",\"description\":\"\",\"potentialAction\":[{\"@type\":\"SearchAction\",\"target\":{\"@type\":\"EntryPoint\",\"urlTemplate\":\"https:\/\/www.intoscana.it\/it\/?s={search_term_string}\"},\"query-input\":{\"@type\":\"PropertyValueSpecification\",\"valueRequired\":true,\"valueName\":\"search_term_string\"}}],\"inLanguage\":\"it-IT\"},{\"@type\":\"Person\",\"@id\":\"https:\/\/www.intoscana.it\/it\/#\/schema\/person\/9223810753230f20bd670fdd322661f8\",\"name\":\"Redazione\",\"url\":\"https:\/\/www.intoscana.it\/it\/author\/redazione\/\"}]}<\/script>\n<!-- \/ Yoast SEO Premium plugin. -->","yoast_head_json":{"title":"Atlante delle guerre: met\u00e0 della popolazione mondiale coinvolta. Diop: \"Verso gli Stati generali della Toscana per la pace\u201d - intoscana","robots":{"index":"index","follow":"follow","max-snippet":"max-snippet:-1","max-image-preview":"max-image-preview:large","max-video-preview":"max-video-preview:-1"},"canonical":"https:\/\/www.intoscana.it\/it\/atlante-delle-guerre-meta-della-popolazione-mondiale-coinvolta-diop-verso-gli-stati-generali-della-toscana-per-la-pace\/","og_locale":"it_IT","og_type":"article","og_title":"Atlante delle guerre: met\u00e0 della popolazione mondiale coinvolta. Diop: \"Verso gli Stati generali della Toscana per la pace\u201d","og_description":"Presentato in Regione il volume dedicato ai conflitti: oggi sono 32 quelli attivi e 22 le aree di crisi. La vicepresidente della Toscana annuncia il percorso collettivo e partecipato per la pace","og_url":"https:\/\/www.intoscana.it\/it\/atlante-delle-guerre-meta-della-popolazione-mondiale-coinvolta-diop-verso-gli-stati-generali-della-toscana-per-la-pace\/","og_site_name":"intoscana","article_publisher":"https:\/\/www.facebook.com\/intoscana.it","article_published_time":"2026-03-11T15:29:04+00:00","og_image":[{"width":1029,"height":890,"url":"https:\/\/www.intoscana.it\/wp-content\/uploads\/Diop-e-Crocco-atlante-guerre-pezzo-scheda.jpg","type":"image\/jpeg"}],"author":"Redazione","twitter_card":"summary_large_image","twitter_creator":"@intoscana","twitter_site":"@intoscana","twitter_misc":{"Written by":"Redazione","Est. reading time":"4 minuti"},"schema":{"@context":"https:\/\/schema.org","@graph":[{"@type":"WebPage","@id":"https:\/\/www.intoscana.it\/it\/atlante-delle-guerre-meta-della-popolazione-mondiale-coinvolta-diop-verso-gli-stati-generali-della-toscana-per-la-pace\/","url":"https:\/\/www.intoscana.it\/it\/atlante-delle-guerre-meta-della-popolazione-mondiale-coinvolta-diop-verso-gli-stati-generali-della-toscana-per-la-pace\/","name":"Atlante delle guerre: met\u00e0 della popolazione mondiale coinvolta. Diop: \"Verso gli Stati generali della Toscana per la pace\u201d - intoscana","isPartOf":{"@id":"https:\/\/www.intoscana.it\/it\/#website"},"primaryImageOfPage":{"@id":"https:\/\/www.intoscana.it\/it\/atlante-delle-guerre-meta-della-popolazione-mondiale-coinvolta-diop-verso-gli-stati-generali-della-toscana-per-la-pace\/#primaryimage"},"image":{"@id":"https:\/\/www.intoscana.it\/it\/atlante-delle-guerre-meta-della-popolazione-mondiale-coinvolta-diop-verso-gli-stati-generali-della-toscana-per-la-pace\/#primaryimage"},"thumbnailUrl":"https:\/\/www.intoscana.it\/wp-content\/uploads\/Diop-e-Crocco-atlante-guerre-pezzo-scheda.jpg","datePublished":"2026-03-11T15:29:04+00:00","author":{"@id":"https:\/\/www.intoscana.it\/it\/#\/schema\/person\/9223810753230f20bd670fdd322661f8"},"breadcrumb":{"@id":"https:\/\/www.intoscana.it\/it\/atlante-delle-guerre-meta-della-popolazione-mondiale-coinvolta-diop-verso-gli-stati-generali-della-toscana-per-la-pace\/#breadcrumb"},"inLanguage":"it-IT","potentialAction":[{"@type":"ReadAction","target":["https:\/\/www.intoscana.it\/it\/atlante-delle-guerre-meta-della-popolazione-mondiale-coinvolta-diop-verso-gli-stati-generali-della-toscana-per-la-pace\/"]}]},{"@type":"ImageObject","inLanguage":"it-IT","@id":"https:\/\/www.intoscana.it\/it\/atlante-delle-guerre-meta-della-popolazione-mondiale-coinvolta-diop-verso-gli-stati-generali-della-toscana-per-la-pace\/#primaryimage","url":"https:\/\/www.intoscana.it\/wp-content\/uploads\/Diop-e-Crocco-atlante-guerre-pezzo-scheda.jpg","contentUrl":"https:\/\/www.intoscana.it\/wp-content\/uploads\/Diop-e-Crocco-atlante-guerre-pezzo-scheda.jpg","width":1029,"height":890},{"@type":"BreadcrumbList","@id":"https:\/\/www.intoscana.it\/it\/atlante-delle-guerre-meta-della-popolazione-mondiale-coinvolta-diop-verso-gli-stati-generali-della-toscana-per-la-pace\/#breadcrumb","itemListElement":[{"@type":"ListItem","position":1,"name":"Home","item":"https:\/\/www.intoscana.it\/it\/"},{"@type":"ListItem","position":2,"name":"Atlante delle guerre: met\u00e0 della popolazione mondiale coinvolta. Diop: &#8220;Verso gli Stati generali della Toscana per la pace\u201d"}]},{"@type":"WebSite","@id":"https:\/\/www.intoscana.it\/it\/#website","url":"https:\/\/www.intoscana.it\/it\/","name":"intoscana","description":"","potentialAction":[{"@type":"SearchAction","target":{"@type":"EntryPoint","urlTemplate":"https:\/\/www.intoscana.it\/it\/?s={search_term_string}"},"query-input":{"@type":"PropertyValueSpecification","valueRequired":true,"valueName":"search_term_string"}}],"inLanguage":"it-IT"},{"@type":"Person","@id":"https:\/\/www.intoscana.it\/it\/#\/schema\/person\/9223810753230f20bd670fdd322661f8","name":"Redazione","url":"https:\/\/www.intoscana.it\/it\/author\/redazione\/"}]}},"_links":{"self":[{"href":"https:\/\/www.intoscana.it\/it\/wp-json\/wp\/v2\/posts\/420484","targetHints":{"allow":["GET"]}}],"collection":[{"href":"https:\/\/www.intoscana.it\/it\/wp-json\/wp\/v2\/posts"}],"about":[{"href":"https:\/\/www.intoscana.it\/it\/wp-json\/wp\/v2\/types\/post"}],"author":[{"embeddable":true,"href":"https:\/\/www.intoscana.it\/it\/wp-json\/wp\/v2\/users\/525"}],"replies":[{"embeddable":true,"href":"https:\/\/www.intoscana.it\/it\/wp-json\/wp\/v2\/comments?post=420484"}],"version-history":[{"count":5,"href":"https:\/\/www.intoscana.it\/it\/wp-json\/wp\/v2\/posts\/420484\/revisions"}],"predecessor-version":[{"id":420491,"href":"https:\/\/www.intoscana.it\/it\/wp-json\/wp\/v2\/posts\/420484\/revisions\/420491"}],"wp:featuredmedia":[{"embeddable":true,"href":"https:\/\/www.intoscana.it\/it\/wp-json\/wp\/v2\/media\/420486"}],"wp:attachment":[{"href":"https:\/\/www.intoscana.it\/it\/wp-json\/wp\/v2\/media?parent=420484"}],"wp:term":[{"taxonomy":"category","embeddable":true,"href":"https:\/\/www.intoscana.it\/it\/wp-json\/wp\/v2\/categories?post=420484"},{"taxonomy":"post_tag","embeddable":true,"href":"https:\/\/www.intoscana.it\/it\/wp-json\/wp\/v2\/tags?post=420484"}],"curies":[{"name":"wp","href":"https:\/\/api.w.org\/{rel}","templated":true}]}}