{"id":420521,"date":"2026-03-12T11:06:24","date_gmt":"2026-03-12T10:06:24","guid":{"rendered":"https:\/\/www.intoscana.it\/it\/?p=420521"},"modified":"2026-03-12T12:59:23","modified_gmt":"2026-03-12T11:59:23","slug":"atletica-quattro-toscani-ai-mondiali-indoor-di-torun-ceccarelli-diaz-iapichino-e-fabbri-tra-i-convocati","status":"publish","type":"post","link":"https:\/\/www.intoscana.it\/it\/atletica-quattro-toscani-ai-mondiali-indoor-di-torun-ceccarelli-diaz-iapichino-e-fabbri-tra-i-convocati\/","title":{"rendered":"Atletica, quattro toscani ai Mondiali indoor di Torun: Ceccarelli, Diaz, Iapichino e Fabbri tra i convocati"},"content":{"rendered":"<p>La Toscana avr\u00e0 quattro protagonisti ai prossimi<strong> Campionati Mondiali indoor di atletica leggera<\/strong> in programma a <strong>Torun<\/strong>, in Polonia, dal <strong>20 al 22 marzo.<\/strong> Il direttore tecnico della Nazionale, Antonio La Torre, ha ufficializzato una squadra composta da 26 azzurri, equamente divisi tra uomini e donne (13 e 13), un numero record che eguaglia quello della storica edizione di Campionati Mondiali indoor di Parigi 1997.<\/p>\n<p>Tra i convocati spicca una significativa presenza toscana: lo sprinter Samuele Ceccarelli nei 60 metri, il triplista Andy Diaz Hernandez, il pesista Leonardo Fabbri e la lunghista Larissa Iapichino.<\/p>\n<h3>Ceccarelli nei 60 metri<\/h3>\n<p>Nei 60 metri torna in Nazionale <strong>Samuele Ceccarelli<\/strong>, velocista cresciuto in Toscana e oggi portacolori delle Fiamme Oro. Per lui la convocazione rappresenta un nuovo capitolo internazionale dopo la crescita delle ultime stagioni nello sprint breve, specialit\u00e0 sempre pi\u00f9 competitiva a livello mondiale.<\/p>\n<h3>Diaz difende il titolo mondiale<\/h3>\n<p>Grande attenzione nel salto triplo per <strong>Andy Diaz Hernandez<\/strong>, atleta della Libertas Unicusano Livorno e delle Fiamme Gialle, che arriva a Torun da campione del mondo indoor in carica dopo il trionfo dello scorso anno a Nanchino. Il triplista \u00e8 ormai una delle certezze della Nazionale e punta a confermarsi tra i protagonisti della specialit\u00e0.<\/p>\n<h3>Fabbri leader stagionale nel peso<\/h3>\n<p>Nel getto del peso sar\u00e0 invece al via <strong>Leonardo Fabbri<\/strong>, bronzo mondiale e attuale leader stagionale con 22,50 metri. Il pesista fiorentino dell\u2019Aeronautica Militare si presenta alla rassegna iridata tra i principali candidati al podio, dopo una stagione indoor iniziata con misure di altissimo livello.<\/p>\n<h3>Iapichino nel lungo<\/h3>\n<p>Tra le donne riflettori su <strong>Larissa Iapichino,<\/strong> atleta dell\u2019Atletica Firenze Marathon e delle Fiamme Oro, fresca campionessa europea indoor nel salto in lungo. Per la lunghista fiorentina l\u2019obiettivo \u00e8 confermare il grande momento di forma anche sul palcoscenico mondiale.<\/p>\n<h3>Una squadra azzurra ricca di medagliati<\/h3>\n<p>La spedizione italiana si presenta a Torun con diversi protagonisti delle grandi competizioni recenti. Tra i nomi di punta figurano il campione del mondo del lungo Mattia Furlani, l\u2019argento olimpico dei 10.000 metri Nadia Battocletti, la vicecampionessa mondiale dei 60 metri Zaynab Dosso e l\u2019ostacolista Lorenzo Simonelli, argento mondiale due anni fa.<\/p>\n<p>Tra le novit\u00e0 della squadra anche la giovanissima velocista Kelly Doualla, alla prima convocazione in Nazionale assoluta: garegger\u00e0 nei 60 metri e, con i suoi 16 anni, diventer\u00e0 la pi\u00f9 giovane italiana di sempre a partecipare a un Mondiale indoor.<\/p>\n<p>&nbsp;<\/p>\n","protected":false},"excerpt":{"rendered":"<p>Sono 26 gli atleti convocati dal direttore tecnico Antonio La Torre per la rassegna iridata in Polonia (20-22 marzo). Tra i protagonisti anche quattro rappresentanti della Toscana<\/p>\n","protected":false},"author":507,"featured_media":399416,"comment_status":"open","ping_status":"open","sticky":false,"template":"","format":"standard","meta":{"_acf_changed":false,"footnotes":""},"categories":[494],"tags":[4907,4906,6647,159],"class_list":["post-420521","post","type-post","status-publish","format-standard","has-post-thumbnail","hentry","category-attualita","tag-atletica","tag-larissa-iapichino","tag-leonardo-fabbri","tag-sport"],"acf":[],"yoast_head":"<!-- This site is optimized with the Yoast SEO Premium plugin v24.2 (Yoast SEO v25.6) - https:\/\/yoast.com\/wordpress\/plugins\/seo\/ -->\n<title>Atletica, quattro toscani ai Mondiali indoor di Torun: Ceccarelli, Diaz, Iapichino e Fabbri tra i convocati - intoscana<\/title>\n<meta name=\"robots\" content=\"index, follow, max-snippet:-1, max-image-preview:large, max-video-preview:-1\" \/>\n<link rel=\"canonical\" href=\"https:\/\/www.intoscana.it\/it\/atletica-quattro-toscani-ai-mondiali-indoor-di-torun-ceccarelli-diaz-iapichino-e-fabbri-tra-i-convocati\/\" \/>\n<meta property=\"og:locale\" content=\"it_IT\" \/>\n<meta property=\"og:type\" content=\"article\" \/>\n<meta property=\"og:title\" content=\"Atletica, quattro toscani ai Mondiali indoor di Torun: Ceccarelli, Diaz, Iapichino e Fabbri tra i convocati\" \/>\n<meta property=\"og:description\" content=\"Sono 26 gli atleti convocati dal direttore tecnico Antonio La Torre per la rassegna iridata in Polonia (20-22 marzo). Tra i protagonisti anche quattro rappresentanti della Toscana\" \/>\n<meta property=\"og:url\" content=\"https:\/\/www.intoscana.it\/it\/atletica-quattro-toscani-ai-mondiali-indoor-di-torun-ceccarelli-diaz-iapichino-e-fabbri-tra-i-convocati\/\" \/>\n<meta property=\"og:site_name\" content=\"intoscana\" \/>\n<meta property=\"article:publisher\" content=\"https:\/\/www.facebook.com\/intoscana.it\" \/>\n<meta property=\"article:published_time\" content=\"2026-03-12T10:06:24+00:00\" \/>\n<meta property=\"article:modified_time\" content=\"2026-03-12T11:59:23+00:00\" \/>\n<meta property=\"og:image\" content=\"https:\/\/www.intoscana.it\/wp-content\/uploads\/fabbri-mondiali-tokyo-1.jpg\" \/>\n\t<meta property=\"og:image:width\" content=\"2000\" \/>\n\t<meta property=\"og:image:height\" content=\"1333\" \/>\n\t<meta property=\"og:image:type\" content=\"image\/jpeg\" \/>\n<meta name=\"author\" content=\"Chiara Bianchini\" \/>\n<meta name=\"twitter:card\" content=\"summary_large_image\" \/>\n<meta name=\"twitter:creator\" content=\"@intoscana\" \/>\n<meta name=\"twitter:site\" content=\"@intoscana\" \/>\n<meta name=\"twitter:label1\" content=\"Written by\" \/>\n\t<meta name=\"twitter:data1\" content=\"Chiara Bianchini\" \/>\n\t<meta name=\"twitter:label2\" content=\"Est. reading time\" \/>\n\t<meta name=\"twitter:data2\" content=\"3 minuti\" \/>\n<script type=\"application\/ld+json\" class=\"yoast-schema-graph\">{\"@context\":\"https:\/\/schema.org\",\"@graph\":[{\"@type\":\"WebPage\",\"@id\":\"https:\/\/www.intoscana.it\/it\/atletica-quattro-toscani-ai-mondiali-indoor-di-torun-ceccarelli-diaz-iapichino-e-fabbri-tra-i-convocati\/\",\"url\":\"https:\/\/www.intoscana.it\/it\/atletica-quattro-toscani-ai-mondiali-indoor-di-torun-ceccarelli-diaz-iapichino-e-fabbri-tra-i-convocati\/\",\"name\":\"Atletica, quattro toscani ai Mondiali indoor di Torun: Ceccarelli, Diaz, Iapichino e Fabbri tra i convocati - intoscana\",\"isPartOf\":{\"@id\":\"https:\/\/www.intoscana.it\/it\/#website\"},\"primaryImageOfPage\":{\"@id\":\"https:\/\/www.intoscana.it\/it\/atletica-quattro-toscani-ai-mondiali-indoor-di-torun-ceccarelli-diaz-iapichino-e-fabbri-tra-i-convocati\/#primaryimage\"},\"image\":{\"@id\":\"https:\/\/www.intoscana.it\/it\/atletica-quattro-toscani-ai-mondiali-indoor-di-torun-ceccarelli-diaz-iapichino-e-fabbri-tra-i-convocati\/#primaryimage\"},\"thumbnailUrl\":\"https:\/\/www.intoscana.it\/wp-content\/uploads\/fabbri-mondiali-tokyo-1.jpg\",\"datePublished\":\"2026-03-12T10:06:24+00:00\",\"dateModified\":\"2026-03-12T11:59:23+00:00\",\"author\":{\"@id\":\"https:\/\/www.intoscana.it\/it\/#\/schema\/person\/010af92117f50561886339ad5b873a41\"},\"breadcrumb\":{\"@id\":\"https:\/\/www.intoscana.it\/it\/atletica-quattro-toscani-ai-mondiali-indoor-di-torun-ceccarelli-diaz-iapichino-e-fabbri-tra-i-convocati\/#breadcrumb\"},\"inLanguage\":\"it-IT\",\"potentialAction\":[{\"@type\":\"ReadAction\",\"target\":[\"https:\/\/www.intoscana.it\/it\/atletica-quattro-toscani-ai-mondiali-indoor-di-torun-ceccarelli-diaz-iapichino-e-fabbri-tra-i-convocati\/\"]}]},{\"@type\":\"ImageObject\",\"inLanguage\":\"it-IT\",\"@id\":\"https:\/\/www.intoscana.it\/it\/atletica-quattro-toscani-ai-mondiali-indoor-di-torun-ceccarelli-diaz-iapichino-e-fabbri-tra-i-convocati\/#primaryimage\",\"url\":\"https:\/\/www.intoscana.it\/wp-content\/uploads\/fabbri-mondiali-tokyo-1.jpg\",\"contentUrl\":\"https:\/\/www.intoscana.it\/wp-content\/uploads\/fabbri-mondiali-tokyo-1.jpg\",\"width\":2000,\"height\":1333,\"caption\":\"2025 World Athletics Championships, 13-21 September, Tokyo (JAP) | Photo: Sportmedia\"},{\"@type\":\"BreadcrumbList\",\"@id\":\"https:\/\/www.intoscana.it\/it\/atletica-quattro-toscani-ai-mondiali-indoor-di-torun-ceccarelli-diaz-iapichino-e-fabbri-tra-i-convocati\/#breadcrumb\",\"itemListElement\":[{\"@type\":\"ListItem\",\"position\":1,\"name\":\"Home\",\"item\":\"https:\/\/www.intoscana.it\/it\/\"},{\"@type\":\"ListItem\",\"position\":2,\"name\":\"Atletica, quattro toscani ai Mondiali indoor di Torun: Ceccarelli, Diaz, Iapichino e Fabbri tra i convocati\"}]},{\"@type\":\"WebSite\",\"@id\":\"https:\/\/www.intoscana.it\/it\/#website\",\"url\":\"https:\/\/www.intoscana.it\/it\/\",\"name\":\"intoscana\",\"description\":\"\",\"potentialAction\":[{\"@type\":\"SearchAction\",\"target\":{\"@type\":\"EntryPoint\",\"urlTemplate\":\"https:\/\/www.intoscana.it\/it\/?s={search_term_string}\"},\"query-input\":{\"@type\":\"PropertyValueSpecification\",\"valueRequired\":true,\"valueName\":\"search_term_string\"}}],\"inLanguage\":\"it-IT\"},{\"@type\":\"Person\",\"@id\":\"https:\/\/www.intoscana.it\/it\/#\/schema\/person\/010af92117f50561886339ad5b873a41\",\"name\":\"Chiara Bianchini\",\"sameAs\":[\"c.bianchini@fst.it\"],\"url\":\"https:\/\/www.intoscana.it\/it\/author\/chiara-bianchini\/\"}]}<\/script>\n<!-- \/ Yoast SEO Premium plugin. -->","yoast_head_json":{"title":"Atletica, quattro toscani ai Mondiali indoor di Torun: Ceccarelli, Diaz, Iapichino e Fabbri tra i convocati - intoscana","robots":{"index":"index","follow":"follow","max-snippet":"max-snippet:-1","max-image-preview":"max-image-preview:large","max-video-preview":"max-video-preview:-1"},"canonical":"https:\/\/www.intoscana.it\/it\/atletica-quattro-toscani-ai-mondiali-indoor-di-torun-ceccarelli-diaz-iapichino-e-fabbri-tra-i-convocati\/","og_locale":"it_IT","og_type":"article","og_title":"Atletica, quattro toscani ai Mondiali indoor di Torun: Ceccarelli, Diaz, Iapichino e Fabbri tra i convocati","og_description":"Sono 26 gli atleti convocati dal direttore tecnico Antonio La Torre per la rassegna iridata in Polonia (20-22 marzo). Tra i protagonisti anche quattro rappresentanti della Toscana","og_url":"https:\/\/www.intoscana.it\/it\/atletica-quattro-toscani-ai-mondiali-indoor-di-torun-ceccarelli-diaz-iapichino-e-fabbri-tra-i-convocati\/","og_site_name":"intoscana","article_publisher":"https:\/\/www.facebook.com\/intoscana.it","article_published_time":"2026-03-12T10:06:24+00:00","article_modified_time":"2026-03-12T11:59:23+00:00","og_image":[{"width":2000,"height":1333,"url":"https:\/\/www.intoscana.it\/wp-content\/uploads\/fabbri-mondiali-tokyo-1.jpg","type":"image\/jpeg"}],"author":"Chiara Bianchini","twitter_card":"summary_large_image","twitter_creator":"@intoscana","twitter_site":"@intoscana","twitter_misc":{"Written by":"Chiara Bianchini","Est. reading time":"3 minuti"},"schema":{"@context":"https:\/\/schema.org","@graph":[{"@type":"WebPage","@id":"https:\/\/www.intoscana.it\/it\/atletica-quattro-toscani-ai-mondiali-indoor-di-torun-ceccarelli-diaz-iapichino-e-fabbri-tra-i-convocati\/","url":"https:\/\/www.intoscana.it\/it\/atletica-quattro-toscani-ai-mondiali-indoor-di-torun-ceccarelli-diaz-iapichino-e-fabbri-tra-i-convocati\/","name":"Atletica, quattro toscani ai Mondiali indoor di Torun: Ceccarelli, Diaz, Iapichino e Fabbri tra i convocati - intoscana","isPartOf":{"@id":"https:\/\/www.intoscana.it\/it\/#website"},"primaryImageOfPage":{"@id":"https:\/\/www.intoscana.it\/it\/atletica-quattro-toscani-ai-mondiali-indoor-di-torun-ceccarelli-diaz-iapichino-e-fabbri-tra-i-convocati\/#primaryimage"},"image":{"@id":"https:\/\/www.intoscana.it\/it\/atletica-quattro-toscani-ai-mondiali-indoor-di-torun-ceccarelli-diaz-iapichino-e-fabbri-tra-i-convocati\/#primaryimage"},"thumbnailUrl":"https:\/\/www.intoscana.it\/wp-content\/uploads\/fabbri-mondiali-tokyo-1.jpg","datePublished":"2026-03-12T10:06:24+00:00","dateModified":"2026-03-12T11:59:23+00:00","author":{"@id":"https:\/\/www.intoscana.it\/it\/#\/schema\/person\/010af92117f50561886339ad5b873a41"},"breadcrumb":{"@id":"https:\/\/www.intoscana.it\/it\/atletica-quattro-toscani-ai-mondiali-indoor-di-torun-ceccarelli-diaz-iapichino-e-fabbri-tra-i-convocati\/#breadcrumb"},"inLanguage":"it-IT","potentialAction":[{"@type":"ReadAction","target":["https:\/\/www.intoscana.it\/it\/atletica-quattro-toscani-ai-mondiali-indoor-di-torun-ceccarelli-diaz-iapichino-e-fabbri-tra-i-convocati\/"]}]},{"@type":"ImageObject","inLanguage":"it-IT","@id":"https:\/\/www.intoscana.it\/it\/atletica-quattro-toscani-ai-mondiali-indoor-di-torun-ceccarelli-diaz-iapichino-e-fabbri-tra-i-convocati\/#primaryimage","url":"https:\/\/www.intoscana.it\/wp-content\/uploads\/fabbri-mondiali-tokyo-1.jpg","contentUrl":"https:\/\/www.intoscana.it\/wp-content\/uploads\/fabbri-mondiali-tokyo-1.jpg","width":2000,"height":1333,"caption":"2025 World Athletics Championships, 13-21 September, Tokyo (JAP) | Photo: Sportmedia"},{"@type":"BreadcrumbList","@id":"https:\/\/www.intoscana.it\/it\/atletica-quattro-toscani-ai-mondiali-indoor-di-torun-ceccarelli-diaz-iapichino-e-fabbri-tra-i-convocati\/#breadcrumb","itemListElement":[{"@type":"ListItem","position":1,"name":"Home","item":"https:\/\/www.intoscana.it\/it\/"},{"@type":"ListItem","position":2,"name":"Atletica, quattro toscani ai Mondiali indoor di Torun: Ceccarelli, Diaz, Iapichino e Fabbri tra i convocati"}]},{"@type":"WebSite","@id":"https:\/\/www.intoscana.it\/it\/#website","url":"https:\/\/www.intoscana.it\/it\/","name":"intoscana","description":"","potentialAction":[{"@type":"SearchAction","target":{"@type":"EntryPoint","urlTemplate":"https:\/\/www.intoscana.it\/it\/?s={search_term_string}"},"query-input":{"@type":"PropertyValueSpecification","valueRequired":true,"valueName":"search_term_string"}}],"inLanguage":"it-IT"},{"@type":"Person","@id":"https:\/\/www.intoscana.it\/it\/#\/schema\/person\/010af92117f50561886339ad5b873a41","name":"Chiara Bianchini","sameAs":["c.bianchini@fst.it"],"url":"https:\/\/www.intoscana.it\/it\/author\/chiara-bianchini\/"}]}},"_links":{"self":[{"href":"https:\/\/www.intoscana.it\/it\/wp-json\/wp\/v2\/posts\/420521","targetHints":{"allow":["GET"]}}],"collection":[{"href":"https:\/\/www.intoscana.it\/it\/wp-json\/wp\/v2\/posts"}],"about":[{"href":"https:\/\/www.intoscana.it\/it\/wp-json\/wp\/v2\/types\/post"}],"author":[{"embeddable":true,"href":"https:\/\/www.intoscana.it\/it\/wp-json\/wp\/v2\/users\/507"}],"replies":[{"embeddable":true,"href":"https:\/\/www.intoscana.it\/it\/wp-json\/wp\/v2\/comments?post=420521"}],"version-history":[{"count":3,"href":"https:\/\/www.intoscana.it\/it\/wp-json\/wp\/v2\/posts\/420521\/revisions"}],"predecessor-version":[{"id":420529,"href":"https:\/\/www.intoscana.it\/it\/wp-json\/wp\/v2\/posts\/420521\/revisions\/420529"}],"wp:featuredmedia":[{"embeddable":true,"href":"https:\/\/www.intoscana.it\/it\/wp-json\/wp\/v2\/media\/399416"}],"wp:attachment":[{"href":"https:\/\/www.intoscana.it\/it\/wp-json\/wp\/v2\/media?parent=420521"}],"wp:term":[{"taxonomy":"category","embeddable":true,"href":"https:\/\/www.intoscana.it\/it\/wp-json\/wp\/v2\/categories?post=420521"},{"taxonomy":"post_tag","embeddable":true,"href":"https:\/\/www.intoscana.it\/it\/wp-json\/wp\/v2\/tags?post=420521"}],"curies":[{"name":"wp","href":"https:\/\/api.w.org\/{rel}","templated":true}]}}