{"id":420526,"date":"2026-03-12T12:44:23","date_gmt":"2026-03-12T11:44:23","guid":{"rendered":"https:\/\/www.intoscana.it\/it\/?p=420526"},"modified":"2026-03-12T14:37:55","modified_gmt":"2026-03-12T13:37:55","slug":"malattie-rene-torregalli","status":"publish","type":"post","link":"https:\/\/www.intoscana.it\/it\/malattie-rene-torregalli\/","title":{"rendered":"Malattie renali, l&#8217;eccellenza dell&#8217;ospedale Torregalli di Firenze. E Giani annuncia: &#8220;Dalla Regione 40 mln per il nuovo pronto soccorso&#8221;"},"content":{"rendered":"<p>&#8220;A Torregalli c&#8217;\u00e8 una particolare attenzione alla nefrologia, i professionisti esprimono un&#8217;eccellenza e offrono un servizio che \u00e8 un punto di orgoglio per la Asl Toscana centro e per tutta la Toscana&#8221;. Cos\u00ec il presidente della Regione, <strong>Eugenio Giani,<\/strong> intervenendo all&#8217;evento <strong>Amici del rene,<\/strong> all&#8217;ospedale di San Giovanni di Dio in occasione della <strong>Giornata mondiale del rene.<\/strong><\/p>\n<p>Proprio 10 anni fa nella struttura di <strong>Torregalli<\/strong>, veniva utilizzata la tecnica angiografica con Co2 per la prima volta: &#8220;Occasioni come queste &#8211; ha poi aggiunto &#8211; servono davvero a far capire il livello che la nefrologia sta raggiungendo sia sotto l&#8217;aspetto qualitativo, sia sotto l&#8217;aspetto quantitativo nella nostra Asl&#8221;.<\/p>\n<p>San Giovanni di Dio \u00e8 un \u201c<strong>ospedale amico del rene<\/strong>\u201d, che negli ultimi anni ha fatto da avanguardia su alcuni percorsi e che, nella tecnica angiografica con anidride carbonica come mezzo di contrasto, ha definito una vera e propria nuova frontiera della medicina: il primo uso \u00e8 stato nel 2014 e nel 2025 sono stati trattati duemila casi. <mark>Grazie a questa tecnica 38 pazienti con gravi ostruzioni delle arterie renali hanno evitato il rischio di nefropatie da mezzo di contrasto <\/mark>.<\/p>\n<p><mark>In tutta la Toscana vivono tra le 300 e le 330 mila persone che sono afflitte da una malattia cronica ai reni <\/mark>. I dati sono stati forniti dal\u2019Ordine dei medici di Firenze. \u00a0Si tratta di una quota significativa della popolazione: in circa mille e duecento hanno ricevuto un trapianto e 350 sono attualmente in lista di attesa. \u00a0In Italia la malattia renale cronica coinvolge 5-6 milioni di persone. Ogni anno circa 10mila pazienti iniziano la dialisi e tra i 25mila e i 27mila vivono grazie ad un trapianto di rene.<\/p>\n<p>Importante, \u00e8 stato ripetuto anche stamani, \u00e8 continuare ad investire nella <strong>donazione di organ<\/strong>i, nella ricerca e nel rafforzamento dei percorsi di cura. \u00a0Una diagnosi precoce permette di avere i migliori risultati e tutte le nefrologie della Asl Toscana Centro condividono il percorso di biopsia renale, che ha come riferimento la nefrologia dell\u2019ospedale Santa Maria Annunziata a Bagno a Ripoli.<\/p>\n<p>Molti pazienti con insufficienza renale cronica presentano in contemporanea altre malattie, come diabete e scompenso cardiaco, con percorsi di presa in carico multidisciplinari.<\/p>\n<p>Giani ha anche fatto il punto sul nuovo pronto soccorso di Torregalli: &#8220;Sul nuovo ospedale &#8211; ha detto &#8211; metteremo pi\u00f9 di <strong>40 milioni<\/strong> che non sono del fondo sanitario n\u00e9 del Pnrr n\u00e9 dei fondi strutturali, sono <strong>risorse proprie della Regione Toscana<\/strong>, a testimonianza di quanto ci crediamo e lo vogliamo. A giugno ci sar\u00e0 l&#8217;aggiudicazione della gara per quello che si preannuncia l&#8217;intervento pi\u00f9 rilevante nella Asl Toscana centro&#8221; a parte &#8220;il nuovo ospedale a Borgo San Lorenzo&#8221;.<\/p>\n<p>Tra l&#8217;altro proprio oggi si celebra anche la <strong>Giornata Nazionale di Educazione e Prevenzione contro la violenza verso gli operatori sanitari<\/strong> <strong>e socio-sanitari<\/strong>. I dati presentati dal ministero dell&#8217;Interno descrivono una situazione preoccupante: <mark>nel corso del 2025 sono raddoppiate le denunce e gli arresti per il reato di lesioni personali gravi o gravissime cagionate a personale esercente della professione sanitaria o sociosanitaria <\/mark>. Erano, in media, 416 nel triennio 2022-2024 mentre lo scorso anno si \u00e8 raggiunta la cifra di 1.096.<\/p>\n<p>&#8220;Questa giornata &#8211; ha detto Giani affidando il pensiero ad un post sulla propria pagina Facebook &#8211; ricorda a tutti l\u2019importanza di proteggere coloro che ci proteggono. Dobbiamo garantire un ambiente sicuro e rispettoso per tutti coloro che lavorano per la nostra salute condannando violenza e mancanza di rispetto!&#8221;<\/p>\n","protected":false},"excerpt":{"rendered":"<p>L&#8217;annuncio in occasione dell&#8217;evento &#8220;Amici del rene&#8221; che si \u00e8 tenuto \u00a0all&#8217;ospedale di San Giovanni di Dio in occasione della Giornata mondiale del rene. Sempre oggi si celebra anche la Giornata Nazionale di Educazione e Prevenzione contro la violenza verso gli operatori sanitari<\/p>\n","protected":false},"author":503,"featured_media":420527,"comment_status":"open","ping_status":"open","sticky":false,"template":"","format":"standard","meta":{"_acf_changed":false,"footnotes":""},"categories":[18],"tags":[381,5213,349,4968],"class_list":["post-420526","post","type-post","status-publish","format-standard","has-post-thumbnail","hentry","category-salute","tag-medicina","tag-operatori-sanitari","tag-sanita","tag-torregalli"],"acf":[],"yoast_head":"<!-- This site is optimized with the Yoast SEO Premium plugin v24.2 (Yoast SEO v25.6) - https:\/\/yoast.com\/wordpress\/plugins\/seo\/ -->\n<title>Malattie renali, l&#039;eccellenza dell&#039;ospedale Torregalli di Firenze. E Giani annuncia: &quot;Dalla Regione 40 mln per il nuovo pronto soccorso&quot; - intoscana<\/title>\n<meta name=\"description\" content=\"L&#039;annuncio in occasione dell&#039;evento &quot;Amici del rene&quot; che si \u00e8 tenuto in occasione della Giornata mondiale del rene\" \/>\n<meta name=\"robots\" content=\"index, follow, max-snippet:-1, max-image-preview:large, max-video-preview:-1\" \/>\n<link rel=\"canonical\" href=\"https:\/\/www.intoscana.it\/it\/malattie-rene-torregalli\/\" \/>\n<meta property=\"og:locale\" content=\"it_IT\" \/>\n<meta property=\"og:type\" content=\"article\" \/>\n<meta property=\"og:title\" content=\"Malattie renali, l&#039;eccellenza dell&#039;ospedale Torregalli di Firenze. E Giani annuncia: &quot;Dalla Regione 40 mln per il nuovo pronto soccorso&quot;\" \/>\n<meta property=\"og:description\" content=\"L&#039;annuncio in occasione dell&#039;evento &quot;Amici del rene&quot; che si \u00e8 tenuto in occasione della Giornata mondiale del rene\" \/>\n<meta property=\"og:url\" content=\"https:\/\/www.intoscana.it\/it\/malattie-rene-torregalli\/\" \/>\n<meta property=\"og:site_name\" content=\"intoscana\" \/>\n<meta property=\"article:publisher\" content=\"https:\/\/www.facebook.com\/intoscana.it\" \/>\n<meta property=\"article:published_time\" content=\"2026-03-12T11:44:23+00:00\" \/>\n<meta property=\"article:modified_time\" content=\"2026-03-12T13:37:55+00:00\" \/>\n<meta property=\"og:image\" content=\"https:\/\/www.intoscana.it\/wp-content\/uploads\/Giornata-prevenziopne-contro-la-violenza-sui-sanitari-e1773315511140.jpg\" \/>\n\t<meta property=\"og:image:width\" content=\"1440\" \/>\n\t<meta property=\"og:image:height\" content=\"1350\" \/>\n\t<meta property=\"og:image:type\" content=\"image\/jpeg\" \/>\n<meta name=\"author\" content=\"Giulia Rafanelli\" \/>\n<meta name=\"twitter:card\" content=\"summary_large_image\" \/>\n<meta name=\"twitter:creator\" content=\"@intoscana\" \/>\n<meta name=\"twitter:site\" content=\"@intoscana\" \/>\n<meta name=\"twitter:label1\" content=\"Written by\" \/>\n\t<meta name=\"twitter:data1\" content=\"Giulia Rafanelli\" \/>\n\t<meta name=\"twitter:label2\" content=\"Est. reading time\" \/>\n\t<meta name=\"twitter:data2\" content=\"4 minuti\" \/>\n<script type=\"application\/ld+json\" class=\"yoast-schema-graph\">{\"@context\":\"https:\/\/schema.org\",\"@graph\":[{\"@type\":\"WebPage\",\"@id\":\"https:\/\/www.intoscana.it\/it\/malattie-rene-torregalli\/\",\"url\":\"https:\/\/www.intoscana.it\/it\/malattie-rene-torregalli\/\",\"name\":\"Malattie renali, l'eccellenza dell'ospedale Torregalli di Firenze. E Giani annuncia: \\\"Dalla Regione 40 mln per il nuovo pronto soccorso\\\" - intoscana\",\"isPartOf\":{\"@id\":\"https:\/\/www.intoscana.it\/it\/#website\"},\"primaryImageOfPage\":{\"@id\":\"https:\/\/www.intoscana.it\/it\/malattie-rene-torregalli\/#primaryimage\"},\"image\":{\"@id\":\"https:\/\/www.intoscana.it\/it\/malattie-rene-torregalli\/#primaryimage\"},\"thumbnailUrl\":\"https:\/\/www.intoscana.it\/wp-content\/uploads\/Giornata-prevenziopne-contro-la-violenza-sui-sanitari-e1773315511140.jpg\",\"datePublished\":\"2026-03-12T11:44:23+00:00\",\"dateModified\":\"2026-03-12T13:37:55+00:00\",\"author\":{\"@id\":\"https:\/\/www.intoscana.it\/it\/#\/schema\/person\/333569b367b301e30262defcea56c939\"},\"description\":\"L'annuncio in occasione dell'evento \\\"Amici del rene\\\" che si \u00e8 tenuto in occasione della Giornata mondiale del rene\",\"breadcrumb\":{\"@id\":\"https:\/\/www.intoscana.it\/it\/malattie-rene-torregalli\/#breadcrumb\"},\"inLanguage\":\"it-IT\",\"potentialAction\":[{\"@type\":\"ReadAction\",\"target\":[\"https:\/\/www.intoscana.it\/it\/malattie-rene-torregalli\/\"]}]},{\"@type\":\"ImageObject\",\"inLanguage\":\"it-IT\",\"@id\":\"https:\/\/www.intoscana.it\/it\/malattie-rene-torregalli\/#primaryimage\",\"url\":\"https:\/\/www.intoscana.it\/wp-content\/uploads\/Giornata-prevenziopne-contro-la-violenza-sui-sanitari-e1773315511140.jpg\",\"contentUrl\":\"https:\/\/www.intoscana.it\/wp-content\/uploads\/Giornata-prevenziopne-contro-la-violenza-sui-sanitari-e1773315511140.jpg\",\"width\":1440,\"height\":1350},{\"@type\":\"BreadcrumbList\",\"@id\":\"https:\/\/www.intoscana.it\/it\/malattie-rene-torregalli\/#breadcrumb\",\"itemListElement\":[{\"@type\":\"ListItem\",\"position\":1,\"name\":\"Home\",\"item\":\"https:\/\/www.intoscana.it\/it\/\"},{\"@type\":\"ListItem\",\"position\":2,\"name\":\"Malattie renali, l&#8217;eccellenza dell&#8217;ospedale Torregalli di Firenze. E Giani annuncia: &#8220;Dalla Regione 40 mln per il nuovo pronto soccorso&#8221;\"}]},{\"@type\":\"WebSite\",\"@id\":\"https:\/\/www.intoscana.it\/it\/#website\",\"url\":\"https:\/\/www.intoscana.it\/it\/\",\"name\":\"intoscana\",\"description\":\"\",\"potentialAction\":[{\"@type\":\"SearchAction\",\"target\":{\"@type\":\"EntryPoint\",\"urlTemplate\":\"https:\/\/www.intoscana.it\/it\/?s={search_term_string}\"},\"query-input\":{\"@type\":\"PropertyValueSpecification\",\"valueRequired\":true,\"valueName\":\"search_term_string\"}}],\"inLanguage\":\"it-IT\"},{\"@type\":\"Person\",\"@id\":\"https:\/\/www.intoscana.it\/it\/#\/schema\/person\/333569b367b301e30262defcea56c939\",\"name\":\"Giulia Rafanelli\",\"url\":\"https:\/\/www.intoscana.it\/it\/author\/giulia-rafanelli\/\"}]}<\/script>\n<!-- \/ Yoast SEO Premium plugin. -->","yoast_head_json":{"title":"Malattie renali, l'eccellenza dell'ospedale Torregalli di Firenze. E Giani annuncia: \"Dalla Regione 40 mln per il nuovo pronto soccorso\" - intoscana","description":"L'annuncio in occasione dell'evento \"Amici del rene\" che si \u00e8 tenuto in occasione della Giornata mondiale del rene","robots":{"index":"index","follow":"follow","max-snippet":"max-snippet:-1","max-image-preview":"max-image-preview:large","max-video-preview":"max-video-preview:-1"},"canonical":"https:\/\/www.intoscana.it\/it\/malattie-rene-torregalli\/","og_locale":"it_IT","og_type":"article","og_title":"Malattie renali, l'eccellenza dell'ospedale Torregalli di Firenze. E Giani annuncia: \"Dalla Regione 40 mln per il nuovo pronto soccorso\"","og_description":"L'annuncio in occasione dell'evento \"Amici del rene\" che si \u00e8 tenuto in occasione della Giornata mondiale del rene","og_url":"https:\/\/www.intoscana.it\/it\/malattie-rene-torregalli\/","og_site_name":"intoscana","article_publisher":"https:\/\/www.facebook.com\/intoscana.it","article_published_time":"2026-03-12T11:44:23+00:00","article_modified_time":"2026-03-12T13:37:55+00:00","og_image":[{"width":1440,"height":1350,"url":"https:\/\/www.intoscana.it\/wp-content\/uploads\/Giornata-prevenziopne-contro-la-violenza-sui-sanitari-e1773315511140.jpg","type":"image\/jpeg"}],"author":"Giulia Rafanelli","twitter_card":"summary_large_image","twitter_creator":"@intoscana","twitter_site":"@intoscana","twitter_misc":{"Written by":"Giulia Rafanelli","Est. reading time":"4 minuti"},"schema":{"@context":"https:\/\/schema.org","@graph":[{"@type":"WebPage","@id":"https:\/\/www.intoscana.it\/it\/malattie-rene-torregalli\/","url":"https:\/\/www.intoscana.it\/it\/malattie-rene-torregalli\/","name":"Malattie renali, l'eccellenza dell'ospedale Torregalli di Firenze. E Giani annuncia: \"Dalla Regione 40 mln per il nuovo pronto soccorso\" - intoscana","isPartOf":{"@id":"https:\/\/www.intoscana.it\/it\/#website"},"primaryImageOfPage":{"@id":"https:\/\/www.intoscana.it\/it\/malattie-rene-torregalli\/#primaryimage"},"image":{"@id":"https:\/\/www.intoscana.it\/it\/malattie-rene-torregalli\/#primaryimage"},"thumbnailUrl":"https:\/\/www.intoscana.it\/wp-content\/uploads\/Giornata-prevenziopne-contro-la-violenza-sui-sanitari-e1773315511140.jpg","datePublished":"2026-03-12T11:44:23+00:00","dateModified":"2026-03-12T13:37:55+00:00","author":{"@id":"https:\/\/www.intoscana.it\/it\/#\/schema\/person\/333569b367b301e30262defcea56c939"},"description":"L'annuncio in occasione dell'evento \"Amici del rene\" che si \u00e8 tenuto in occasione della Giornata mondiale del rene","breadcrumb":{"@id":"https:\/\/www.intoscana.it\/it\/malattie-rene-torregalli\/#breadcrumb"},"inLanguage":"it-IT","potentialAction":[{"@type":"ReadAction","target":["https:\/\/www.intoscana.it\/it\/malattie-rene-torregalli\/"]}]},{"@type":"ImageObject","inLanguage":"it-IT","@id":"https:\/\/www.intoscana.it\/it\/malattie-rene-torregalli\/#primaryimage","url":"https:\/\/www.intoscana.it\/wp-content\/uploads\/Giornata-prevenziopne-contro-la-violenza-sui-sanitari-e1773315511140.jpg","contentUrl":"https:\/\/www.intoscana.it\/wp-content\/uploads\/Giornata-prevenziopne-contro-la-violenza-sui-sanitari-e1773315511140.jpg","width":1440,"height":1350},{"@type":"BreadcrumbList","@id":"https:\/\/www.intoscana.it\/it\/malattie-rene-torregalli\/#breadcrumb","itemListElement":[{"@type":"ListItem","position":1,"name":"Home","item":"https:\/\/www.intoscana.it\/it\/"},{"@type":"ListItem","position":2,"name":"Malattie renali, l&#8217;eccellenza dell&#8217;ospedale Torregalli di Firenze. E Giani annuncia: &#8220;Dalla Regione 40 mln per il nuovo pronto soccorso&#8221;"}]},{"@type":"WebSite","@id":"https:\/\/www.intoscana.it\/it\/#website","url":"https:\/\/www.intoscana.it\/it\/","name":"intoscana","description":"","potentialAction":[{"@type":"SearchAction","target":{"@type":"EntryPoint","urlTemplate":"https:\/\/www.intoscana.it\/it\/?s={search_term_string}"},"query-input":{"@type":"PropertyValueSpecification","valueRequired":true,"valueName":"search_term_string"}}],"inLanguage":"it-IT"},{"@type":"Person","@id":"https:\/\/www.intoscana.it\/it\/#\/schema\/person\/333569b367b301e30262defcea56c939","name":"Giulia Rafanelli","url":"https:\/\/www.intoscana.it\/it\/author\/giulia-rafanelli\/"}]}},"_links":{"self":[{"href":"https:\/\/www.intoscana.it\/it\/wp-json\/wp\/v2\/posts\/420526","targetHints":{"allow":["GET"]}}],"collection":[{"href":"https:\/\/www.intoscana.it\/it\/wp-json\/wp\/v2\/posts"}],"about":[{"href":"https:\/\/www.intoscana.it\/it\/wp-json\/wp\/v2\/types\/post"}],"author":[{"embeddable":true,"href":"https:\/\/www.intoscana.it\/it\/wp-json\/wp\/v2\/users\/503"}],"replies":[{"embeddable":true,"href":"https:\/\/www.intoscana.it\/it\/wp-json\/wp\/v2\/comments?post=420526"}],"version-history":[{"count":2,"href":"https:\/\/www.intoscana.it\/it\/wp-json\/wp\/v2\/posts\/420526\/revisions"}],"predecessor-version":[{"id":420537,"href":"https:\/\/www.intoscana.it\/it\/wp-json\/wp\/v2\/posts\/420526\/revisions\/420537"}],"wp:featuredmedia":[{"embeddable":true,"href":"https:\/\/www.intoscana.it\/it\/wp-json\/wp\/v2\/media\/420527"}],"wp:attachment":[{"href":"https:\/\/www.intoscana.it\/it\/wp-json\/wp\/v2\/media?parent=420526"}],"wp:term":[{"taxonomy":"category","embeddable":true,"href":"https:\/\/www.intoscana.it\/it\/wp-json\/wp\/v2\/categories?post=420526"},{"taxonomy":"post_tag","embeddable":true,"href":"https:\/\/www.intoscana.it\/it\/wp-json\/wp\/v2\/tags?post=420526"}],"curies":[{"name":"wp","href":"https:\/\/api.w.org\/{rel}","templated":true}]}}