{"id":420533,"date":"2026-03-12T14:24:01","date_gmt":"2026-03-12T13:24:01","guid":{"rendered":"https:\/\/www.intoscana.it\/it\/?p=420533"},"modified":"2026-03-12T14:24:36","modified_gmt":"2026-03-12T13:24:36","slug":"didacta-metodo-rondine","status":"publish","type":"post","link":"https:\/\/www.intoscana.it\/it\/didacta-metodo-rondine\/","title":{"rendered":"A Didacta la scuola \u00e8 un laboratorio di pace: il metodo Rondine per trasformare i conflitti"},"content":{"rendered":"<p>Didacta Italia 2026, in corso alla Fortezza da Basso ha ospitato l\u2019incontro\u00a0<strong>\u201cGenerare habitat di pace. Abitare il conflitto con le relazioni\u201d,<\/strong> promosso da\u00a0<strong>Rondine Cittadella della Pace<\/strong>\u00a0con il sostegno della\u00a0<strong>Regione Toscana<\/strong>, per approfondire il valore educativo della trasformazione dei conflitti dentro e fuori la scuola.<\/p>\n<p>Sviluppo sostenibile, gestione dei conflitti e coesione sociale. Questi i temi al centro dell\u2019incontro.<\/p>\n<p>\u201cUn luogo che rischiava lo spopolamento \u2013 spiega la vicepresidente della Regione Toscana\u00a0<strong>Mia Diop\u00a0<\/strong>\u2013 \u00e8 diventato negli anni una vera cittadella dedicata alla pace. Un progetto che la Regione Toscana sostiene anche attraverso le risorse del Fondo Sociale Europeo + 2021\u20132027 e che dimostra concretamente come giovani provenienti da Paesi segnati dai conflitti possano incontrarsi, studiare e vivere insieme, trasformando la distanza e la diffidenza in dialogo e responsabilit\u00e0. <mark>In un momento storico in cui la guerra torna a colpire intere generazioni, esperienze come questa ci ricordano che un\u2019altra strada \u00e8 possibile <\/mark>\u201d.<\/p>\n<p>\u201cNei prossimi mesi \u2013 continua Diop \u2013 <mark>avvieremo anche il percorso degli Stati Generali della Pace, che abbiamo scelto di costruire come uno spazio aperto e partecipato. Crediamo che la pace debba nascere dal confronto, dalle relazioni, dalla cultura e dall\u2019impegno delle comunit\u00e0 <\/mark>. Sar\u00e0 un lavoro diffuso su tutto il territorio toscano, insieme alle istituzioni, alle associazioni, alle scuole, alle universit\u00e0 e soprattutto alle giovani e ai giovani\u201d.<\/p>\n<p>L\u2019appuntamento ha riunito rappresentanti istituzionali, mondo educativo, studenti e studentesse, offrendo una riflessione condivisa su un tema sempre pi\u00f9 centrale nel presente: costruire comunit\u00e0 scolastiche capaci non di rimuovere il conflitto, ma di attraversarlo senza distruggere la relazione. <mark>\u201cL\u2019esperienza di Rondine rappresenta oggi uno dei modelli pi\u00f9 autorevoli e concreti di educazione alla pace <\/mark>. Il suo insegnamento \u00e8 profondo: il conflitto, se attraversato con strumenti adeguati, pu\u00f2 trasformarsi da frattura in occasione di crescita, riconoscimento e bene comune. \u00c8 un metodo che parla ai contesti internazionali come alle scuole, alle comunit\u00e0 e alle relazioni quotidiane, offrendo una prospettiva educativa capace di incidere davvero nel presente\u201d, ha ribadito <strong>Paola Butali,<\/strong> vicepresidente di Rondine Cittadella della Pace, ricordando la centralit\u00e0 del Metodo Rondine.<\/p>\n<p>Al centro dell\u2019incontro, coordinato da\u00a0Elena Calistri, Autorit\u00e0 di gestione FSE Regione Toscana, i primi risultati del progetto\u00a0\u201cEducazione alla Pace e alla Trasformazione dei Conflitti\u201d, sostenuto dal PR FSE+ 2021-2027 della Regione Toscana, avviato nelle scuole toscane per promuovere cittadinanza globale, partecipazione attiva e strumenti concreti per la gestione delle tensioni nei contesti educativi. Un percorso che ha mostrato come la pace, per essere credibile, debba uscire dal linguaggio delle dichiarazioni di principio e diventare pratica quotidiana, esercizio di ascolto, responsabilit\u00e0 e riconoscimento dell\u2019altro.<\/p>\n<p>L\u2019incontro ha guardato anche al futuro con il focus su\u00a0YouTopic Fest 2026, che si svolger\u00e0 dal\u00a04 al 7 giugno, il Festival internazionale sul conflitto promosso da Rondine, e sulla prossima Marcia per la Pace che apre il Festival, momenti che intrecciano educazione, cittadinanza e protagonismo giovanile.<\/p>\n<p>&nbsp;<\/p>\n","protected":false},"excerpt":{"rendered":"<p data-start=\"986\" data-end=\"1203\">Alla Fortezza da Basso istituzioni, docenti e studenti a confronto su relazioni, cittadinanza globale e gestione dei conflitti nelle scuole toscane grazie al progetto sostenuto dalla Regione Toscana<\/p>\n","protected":false},"author":525,"featured_media":420535,"comment_status":"open","ping_status":"open","sticky":false,"template":"","format":"standard","meta":{"_acf_changed":false,"footnotes":""},"categories":[493],"tags":[5672,4370,6433,212],"class_list":["post-420533","post","type-post","status-publish","format-standard","has-post-thumbnail","hentry","category-cultura","tag-didacta","tag-pace","tag-rondine-cittadella-della-pace","tag-scuola"],"acf":[],"yoast_head":"<!-- This site is optimized with the Yoast SEO Premium plugin v24.2 (Yoast SEO v25.6) - https:\/\/yoast.com\/wordpress\/plugins\/seo\/ -->\n<title>A Didacta la scuola \u00e8 un laboratorio di pace: il metodo Rondine per trasformare i conflitti - intoscana<\/title>\n<meta name=\"description\" content=\"Didacta Italia 2026 ospita l\u2019incontro di Rondine Cittadella della Pace sull\u2019educazione alla trasformazione dei conflitti nelle scuole\" \/>\n<meta name=\"robots\" content=\"index, follow, max-snippet:-1, max-image-preview:large, max-video-preview:-1\" \/>\n<link rel=\"canonical\" href=\"https:\/\/www.intoscana.it\/it\/didacta-metodo-rondine\/\" \/>\n<meta property=\"og:locale\" content=\"it_IT\" \/>\n<meta property=\"og:type\" content=\"article\" \/>\n<meta property=\"og:title\" content=\"A Didacta la scuola \u00e8 un laboratorio di pace: il metodo Rondine per trasformare i conflitti\" \/>\n<meta property=\"og:description\" content=\"Didacta Italia 2026 ospita l\u2019incontro di Rondine Cittadella della Pace sull\u2019educazione alla trasformazione dei conflitti nelle scuole\" \/>\n<meta property=\"og:url\" content=\"https:\/\/www.intoscana.it\/it\/didacta-metodo-rondine\/\" \/>\n<meta property=\"og:site_name\" content=\"intoscana\" \/>\n<meta property=\"article:publisher\" content=\"https:\/\/www.facebook.com\/intoscana.it\" \/>\n<meta property=\"article:published_time\" content=\"2026-03-12T13:24:01+00:00\" \/>\n<meta property=\"article:modified_time\" content=\"2026-03-12T13:24:36+00:00\" \/>\n<meta property=\"og:image\" content=\"https:\/\/www.intoscana.it\/wp-content\/uploads\/La-vicepresidente-Mia-Diop-allincontro-promosso-da-Rondine-Cittadella-della-Pace.jpg\" \/>\n\t<meta property=\"og:image:width\" content=\"1920\" \/>\n\t<meta property=\"og:image:height\" content=\"1440\" \/>\n\t<meta property=\"og:image:type\" content=\"image\/jpeg\" \/>\n<meta name=\"author\" content=\"Redazione\" \/>\n<meta name=\"twitter:card\" content=\"summary_large_image\" \/>\n<meta name=\"twitter:creator\" content=\"@intoscana\" \/>\n<meta name=\"twitter:site\" content=\"@intoscana\" \/>\n<meta name=\"twitter:label1\" content=\"Written by\" \/>\n\t<meta name=\"twitter:data1\" content=\"Redazione\" \/>\n\t<meta name=\"twitter:label2\" content=\"Est. reading time\" \/>\n\t<meta name=\"twitter:data2\" content=\"3 minuti\" \/>\n<script type=\"application\/ld+json\" class=\"yoast-schema-graph\">{\"@context\":\"https:\/\/schema.org\",\"@graph\":[{\"@type\":\"WebPage\",\"@id\":\"https:\/\/www.intoscana.it\/it\/didacta-metodo-rondine\/\",\"url\":\"https:\/\/www.intoscana.it\/it\/didacta-metodo-rondine\/\",\"name\":\"A Didacta la scuola \u00e8 un laboratorio di pace: il metodo Rondine per trasformare i conflitti - intoscana\",\"isPartOf\":{\"@id\":\"https:\/\/www.intoscana.it\/it\/#website\"},\"primaryImageOfPage\":{\"@id\":\"https:\/\/www.intoscana.it\/it\/didacta-metodo-rondine\/#primaryimage\"},\"image\":{\"@id\":\"https:\/\/www.intoscana.it\/it\/didacta-metodo-rondine\/#primaryimage\"},\"thumbnailUrl\":\"https:\/\/www.intoscana.it\/wp-content\/uploads\/La-vicepresidente-Mia-Diop-allincontro-promosso-da-Rondine-Cittadella-della-Pace.jpg\",\"datePublished\":\"2026-03-12T13:24:01+00:00\",\"dateModified\":\"2026-03-12T13:24:36+00:00\",\"author\":{\"@id\":\"https:\/\/www.intoscana.it\/it\/#\/schema\/person\/9223810753230f20bd670fdd322661f8\"},\"description\":\"Didacta Italia 2026 ospita l\u2019incontro di Rondine Cittadella della Pace sull\u2019educazione alla trasformazione dei conflitti nelle scuole\",\"breadcrumb\":{\"@id\":\"https:\/\/www.intoscana.it\/it\/didacta-metodo-rondine\/#breadcrumb\"},\"inLanguage\":\"it-IT\",\"potentialAction\":[{\"@type\":\"ReadAction\",\"target\":[\"https:\/\/www.intoscana.it\/it\/didacta-metodo-rondine\/\"]}]},{\"@type\":\"ImageObject\",\"inLanguage\":\"it-IT\",\"@id\":\"https:\/\/www.intoscana.it\/it\/didacta-metodo-rondine\/#primaryimage\",\"url\":\"https:\/\/www.intoscana.it\/wp-content\/uploads\/La-vicepresidente-Mia-Diop-allincontro-promosso-da-Rondine-Cittadella-della-Pace.jpg\",\"contentUrl\":\"https:\/\/www.intoscana.it\/wp-content\/uploads\/La-vicepresidente-Mia-Diop-allincontro-promosso-da-Rondine-Cittadella-della-Pace.jpg\",\"width\":1920,\"height\":1440},{\"@type\":\"BreadcrumbList\",\"@id\":\"https:\/\/www.intoscana.it\/it\/didacta-metodo-rondine\/#breadcrumb\",\"itemListElement\":[{\"@type\":\"ListItem\",\"position\":1,\"name\":\"Home\",\"item\":\"https:\/\/www.intoscana.it\/it\/\"},{\"@type\":\"ListItem\",\"position\":2,\"name\":\"A Didacta la scuola \u00e8 un laboratorio di pace: il metodo Rondine per trasformare i conflitti\"}]},{\"@type\":\"WebSite\",\"@id\":\"https:\/\/www.intoscana.it\/it\/#website\",\"url\":\"https:\/\/www.intoscana.it\/it\/\",\"name\":\"intoscana\",\"description\":\"\",\"potentialAction\":[{\"@type\":\"SearchAction\",\"target\":{\"@type\":\"EntryPoint\",\"urlTemplate\":\"https:\/\/www.intoscana.it\/it\/?s={search_term_string}\"},\"query-input\":{\"@type\":\"PropertyValueSpecification\",\"valueRequired\":true,\"valueName\":\"search_term_string\"}}],\"inLanguage\":\"it-IT\"},{\"@type\":\"Person\",\"@id\":\"https:\/\/www.intoscana.it\/it\/#\/schema\/person\/9223810753230f20bd670fdd322661f8\",\"name\":\"Redazione\",\"url\":\"https:\/\/www.intoscana.it\/it\/author\/redazione\/\"}]}<\/script>\n<!-- \/ Yoast SEO Premium plugin. -->","yoast_head_json":{"title":"A Didacta la scuola \u00e8 un laboratorio di pace: il metodo Rondine per trasformare i conflitti - intoscana","description":"Didacta Italia 2026 ospita l\u2019incontro di Rondine Cittadella della Pace sull\u2019educazione alla trasformazione dei conflitti nelle scuole","robots":{"index":"index","follow":"follow","max-snippet":"max-snippet:-1","max-image-preview":"max-image-preview:large","max-video-preview":"max-video-preview:-1"},"canonical":"https:\/\/www.intoscana.it\/it\/didacta-metodo-rondine\/","og_locale":"it_IT","og_type":"article","og_title":"A Didacta la scuola \u00e8 un laboratorio di pace: il metodo Rondine per trasformare i conflitti","og_description":"Didacta Italia 2026 ospita l\u2019incontro di Rondine Cittadella della Pace sull\u2019educazione alla trasformazione dei conflitti nelle scuole","og_url":"https:\/\/www.intoscana.it\/it\/didacta-metodo-rondine\/","og_site_name":"intoscana","article_publisher":"https:\/\/www.facebook.com\/intoscana.it","article_published_time":"2026-03-12T13:24:01+00:00","article_modified_time":"2026-03-12T13:24:36+00:00","og_image":[{"width":1920,"height":1440,"url":"https:\/\/www.intoscana.it\/wp-content\/uploads\/La-vicepresidente-Mia-Diop-allincontro-promosso-da-Rondine-Cittadella-della-Pace.jpg","type":"image\/jpeg"}],"author":"Redazione","twitter_card":"summary_large_image","twitter_creator":"@intoscana","twitter_site":"@intoscana","twitter_misc":{"Written by":"Redazione","Est. reading time":"3 minuti"},"schema":{"@context":"https:\/\/schema.org","@graph":[{"@type":"WebPage","@id":"https:\/\/www.intoscana.it\/it\/didacta-metodo-rondine\/","url":"https:\/\/www.intoscana.it\/it\/didacta-metodo-rondine\/","name":"A Didacta la scuola \u00e8 un laboratorio di pace: il metodo Rondine per trasformare i conflitti - intoscana","isPartOf":{"@id":"https:\/\/www.intoscana.it\/it\/#website"},"primaryImageOfPage":{"@id":"https:\/\/www.intoscana.it\/it\/didacta-metodo-rondine\/#primaryimage"},"image":{"@id":"https:\/\/www.intoscana.it\/it\/didacta-metodo-rondine\/#primaryimage"},"thumbnailUrl":"https:\/\/www.intoscana.it\/wp-content\/uploads\/La-vicepresidente-Mia-Diop-allincontro-promosso-da-Rondine-Cittadella-della-Pace.jpg","datePublished":"2026-03-12T13:24:01+00:00","dateModified":"2026-03-12T13:24:36+00:00","author":{"@id":"https:\/\/www.intoscana.it\/it\/#\/schema\/person\/9223810753230f20bd670fdd322661f8"},"description":"Didacta Italia 2026 ospita l\u2019incontro di Rondine Cittadella della Pace sull\u2019educazione alla trasformazione dei conflitti nelle scuole","breadcrumb":{"@id":"https:\/\/www.intoscana.it\/it\/didacta-metodo-rondine\/#breadcrumb"},"inLanguage":"it-IT","potentialAction":[{"@type":"ReadAction","target":["https:\/\/www.intoscana.it\/it\/didacta-metodo-rondine\/"]}]},{"@type":"ImageObject","inLanguage":"it-IT","@id":"https:\/\/www.intoscana.it\/it\/didacta-metodo-rondine\/#primaryimage","url":"https:\/\/www.intoscana.it\/wp-content\/uploads\/La-vicepresidente-Mia-Diop-allincontro-promosso-da-Rondine-Cittadella-della-Pace.jpg","contentUrl":"https:\/\/www.intoscana.it\/wp-content\/uploads\/La-vicepresidente-Mia-Diop-allincontro-promosso-da-Rondine-Cittadella-della-Pace.jpg","width":1920,"height":1440},{"@type":"BreadcrumbList","@id":"https:\/\/www.intoscana.it\/it\/didacta-metodo-rondine\/#breadcrumb","itemListElement":[{"@type":"ListItem","position":1,"name":"Home","item":"https:\/\/www.intoscana.it\/it\/"},{"@type":"ListItem","position":2,"name":"A Didacta la scuola \u00e8 un laboratorio di pace: il metodo Rondine per trasformare i conflitti"}]},{"@type":"WebSite","@id":"https:\/\/www.intoscana.it\/it\/#website","url":"https:\/\/www.intoscana.it\/it\/","name":"intoscana","description":"","potentialAction":[{"@type":"SearchAction","target":{"@type":"EntryPoint","urlTemplate":"https:\/\/www.intoscana.it\/it\/?s={search_term_string}"},"query-input":{"@type":"PropertyValueSpecification","valueRequired":true,"valueName":"search_term_string"}}],"inLanguage":"it-IT"},{"@type":"Person","@id":"https:\/\/www.intoscana.it\/it\/#\/schema\/person\/9223810753230f20bd670fdd322661f8","name":"Redazione","url":"https:\/\/www.intoscana.it\/it\/author\/redazione\/"}]}},"_links":{"self":[{"href":"https:\/\/www.intoscana.it\/it\/wp-json\/wp\/v2\/posts\/420533","targetHints":{"allow":["GET"]}}],"collection":[{"href":"https:\/\/www.intoscana.it\/it\/wp-json\/wp\/v2\/posts"}],"about":[{"href":"https:\/\/www.intoscana.it\/it\/wp-json\/wp\/v2\/types\/post"}],"author":[{"embeddable":true,"href":"https:\/\/www.intoscana.it\/it\/wp-json\/wp\/v2\/users\/525"}],"replies":[{"embeddable":true,"href":"https:\/\/www.intoscana.it\/it\/wp-json\/wp\/v2\/comments?post=420533"}],"version-history":[{"count":1,"href":"https:\/\/www.intoscana.it\/it\/wp-json\/wp\/v2\/posts\/420533\/revisions"}],"predecessor-version":[{"id":420536,"href":"https:\/\/www.intoscana.it\/it\/wp-json\/wp\/v2\/posts\/420533\/revisions\/420536"}],"wp:featuredmedia":[{"embeddable":true,"href":"https:\/\/www.intoscana.it\/it\/wp-json\/wp\/v2\/media\/420535"}],"wp:attachment":[{"href":"https:\/\/www.intoscana.it\/it\/wp-json\/wp\/v2\/media?parent=420533"}],"wp:term":[{"taxonomy":"category","embeddable":true,"href":"https:\/\/www.intoscana.it\/it\/wp-json\/wp\/v2\/categories?post=420533"},{"taxonomy":"post_tag","embeddable":true,"href":"https:\/\/www.intoscana.it\/it\/wp-json\/wp\/v2\/tags?post=420533"}],"curies":[{"name":"wp","href":"https:\/\/api.w.org\/{rel}","templated":true}]}}