{"id":420538,"date":"2026-03-12T15:40:16","date_gmt":"2026-03-12T14:40:16","guid":{"rendered":"https:\/\/www.intoscana.it\/it\/?p=420538"},"modified":"2026-03-12T15:40:41","modified_gmt":"2026-03-12T14:40:41","slug":"impianto-riciclo-pannelli-fotovoltaici","status":"publish","type":"post","link":"https:\/\/www.intoscana.it\/it\/impianto-riciclo-pannelli-fotovoltaici\/","title":{"rendered":"A Rapolano Terme il primo impianto toscano per il riciclo dei pannelli fotovoltaici"},"content":{"rendered":"<p>Dare nuova vita ai materiali estratti dai pannelli fotovoltaici a fine ciclo. \u00c8 questo l\u2019obiettivo dell\u2019impianto di <strong>Semia Green<\/strong>, societ\u00e0 del Gruppo Iren partecipata da Sienambiente, presentato questa mattina nell\u2019area industriale del Comune di <strong>Rapolano Terme<\/strong> (Siena).<\/p>\n<p>Realizzato con un investimento di 4,5 milioni di euro e dotato di soluzioni tecnologiche avanzate, l\u2019impianto consente di recuperare fino al 95% dei materiali che compongono i moduli fotovoltaici. <mark>Alluminio, vetro, silicio e rame potranno cos\u00ec essere avviati alle industrie del riciclo per la produzione di nuovi beni <\/mark>.<\/p>\n<p>Si tratta del primo impianto di questo tipo in Toscana, autorizzato al recupero di 9.000 tonnellate l\u2019anno di pannelli fotovoltaici a fine vita, che in assenza di strutture dedicate finirebbero in discarica. Numeri che collocano il sito di Rapolano tra i pi\u00f9 avanzati a livello nazionale e lo rendono un tassello importante della filiera regionale dell\u2019economia circolare legata alle energie rinnovabili: <mark>un esempio di come la transizione energetica possa coniugare innovazione tecnologica, tutela ambientale e sviluppo socio-economico, offrendo un modello replicabile anche in altre aree <\/mark>.<\/p>\n<p>\u201cQuesto impianto rappresenta un orgoglio per tutta la Toscana \u2013 ha dichiarato il presidente della Regione Toscana <strong>Eugenio Giani<\/strong> in visita allo stabilimento\u2013. Non \u00e8 solo un\u2019infrastruttura moderna, ma la dimostrazione concreta di come lo sviluppo industriale possa e debba procedere insieme alla sostenibilit\u00e0 ambientale. Sapere come dismettere i pannelli fotovoltaici \u00e8 importante quanto installarli\u201d.<\/p>\n<p>Secondo il presidente di Sienambiente <strong>Tiziano Scarpelli,<\/strong> l\u2019impianto rappresenta anche un impulso alla crescita del riciclo.<br \/>\n\u201cL\u2019impianto mette insieme una soluzione per la gestione dei pannelli fotovoltaici a fine vita e la creazione di nuovi posti di lavoro \u2013 ha dichiarato \u2013. Lo sviluppo sostenibile e le positive ricadute occupazionali, dirette e indirette, sono i due pilastri che hanno ispirato questo progetto di grande valore ambientale, in linea con i principi dell\u2019economia circolare. Siamo molto soddisfatti di presentarlo alle istituzioni e alle aziende come un valore aggiunto per il territorio\u201d.<\/p>\n<p>Il settore del riciclo del fotovoltaico \u00e8 destinato a crescere rapidamente nei prossimi anni. <mark>Entro il 2050 in Italia si stima che oltre 2,1 milioni di tonnellate di pannelli fotovoltaici arriveranno a fine vita, rendendo questo comparto uno dei pi\u00f9 promettenti sia per quantit\u00e0 di materiale trattato sia per impatto industriale <\/mark><\/p>\n<p>I trattamenti attraverso cui i moduli vengono lavorati sono di natura meccanica e prevedono lo smontaggio del telaio in alluminio, la devetratura e la separazione di silicio, rame e materiali plastici. Dopo la realizzazione nel 2025 della prima sezione di lavorazione, <strong>nel 2026 entrer\u00e0 in funzione la seconda linea<\/strong>. A regime lo stabilimento impiegher\u00e0 <strong>15 addetti<\/strong>, tra operai, responsabili e personale amministrativo.<\/p>\n<p>\u201cGrazie a questo progetto materiali preziosi, invece di diventare rifiuti, vengono recuperati e reimmessi nei cicli produttivi \u2013 ha concluso Giani \u2013. Voglio rivolgere le mie congratulazioni a Semia Green, al Gruppo Iren e a Sienambiente per il lavoro svolto. Non \u00e8 un caso che questa realt\u00e0 abbia gi\u00e0 ricevuto importanti riconoscimenti a livello nazionale. La Toscana compie oggi un passo avanti decisivo: non solo promuoviamo l\u2019energia pulita con il fotovoltaico, ma ci attrezziamo anche per gestirne in modo virtuoso l\u2019intero ciclo di vita\u201d.<\/p>\n","protected":false},"excerpt":{"rendered":"<p data-start=\"258\" data-end=\"472\">Investimento da 4,5 milioni per l\u2019impianto di Semia Green del Gruppo Iren: recuperer\u00e0 fino al 95% dei materiali dei moduli a fine vita, trasformando un rifiuto in risorsa per l\u2019economia circolare<\/p>\n","protected":false},"author":525,"featured_media":420541,"comment_status":"open","ping_status":"open","sticky":false,"template":"","format":"standard","meta":{"_acf_changed":false,"footnotes":""},"categories":[475],"tags":[177,211,404,5760,4638],"class_list":["post-420538","post","type-post","status-publish","format-standard","has-post-thumbnail","hentry","category-innovazione","tag-ambiente","tag-economia","tag-fotovoltaico","tag-riciclare","tag-riciclo"],"acf":[],"yoast_head":"<!-- This site is optimized with the Yoast SEO Premium plugin v24.2 (Yoast SEO v25.6) - https:\/\/yoast.com\/wordpress\/plugins\/seo\/ -->\n<title>A Rapolano Terme il primo impianto toscano per il riciclo dei pannelli fotovoltaici - intoscana<\/title>\n<meta name=\"description\" content=\"Inaugurato l\u2019impianto Semia Green per il riciclo dei pannelli fotovoltaici a fine vita: fino a 9.000 tonnellate l\u2019anno recuperate\" \/>\n<meta name=\"robots\" content=\"index, follow, max-snippet:-1, max-image-preview:large, max-video-preview:-1\" \/>\n<link rel=\"canonical\" href=\"https:\/\/www.intoscana.it\/it\/impianto-riciclo-pannelli-fotovoltaici\/\" \/>\n<meta property=\"og:locale\" content=\"it_IT\" \/>\n<meta property=\"og:type\" content=\"article\" \/>\n<meta property=\"og:title\" content=\"A Rapolano Terme il primo impianto toscano per il riciclo dei pannelli fotovoltaici\" \/>\n<meta property=\"og:description\" content=\"Inaugurato l\u2019impianto Semia Green per il riciclo dei pannelli fotovoltaici a fine vita: fino a 9.000 tonnellate l\u2019anno recuperate\" \/>\n<meta property=\"og:url\" content=\"https:\/\/www.intoscana.it\/it\/impianto-riciclo-pannelli-fotovoltaici\/\" \/>\n<meta property=\"og:site_name\" content=\"intoscana\" \/>\n<meta property=\"article:publisher\" content=\"https:\/\/www.facebook.com\/intoscana.it\" \/>\n<meta property=\"article:published_time\" content=\"2026-03-12T14:40:16+00:00\" \/>\n<meta property=\"article:modified_time\" content=\"2026-03-12T14:40:41+00:00\" \/>\n<meta property=\"og:image\" content=\"https:\/\/www.intoscana.it\/wp-content\/uploads\/Il-presidente-Giani-durante-la-presentazione-dellimpianto.jpeg\" \/>\n\t<meta property=\"og:image:width\" content=\"2000\" \/>\n\t<meta property=\"og:image:height\" content=\"1125\" \/>\n\t<meta property=\"og:image:type\" content=\"image\/jpeg\" \/>\n<meta name=\"author\" content=\"Redazione\" \/>\n<meta name=\"twitter:card\" content=\"summary_large_image\" \/>\n<meta name=\"twitter:creator\" content=\"@intoscana\" \/>\n<meta name=\"twitter:site\" content=\"@intoscana\" \/>\n<meta name=\"twitter:label1\" content=\"Written by\" \/>\n\t<meta name=\"twitter:data1\" content=\"Redazione\" \/>\n\t<meta name=\"twitter:label2\" content=\"Est. reading time\" \/>\n\t<meta name=\"twitter:data2\" content=\"3 minuti\" \/>\n<script type=\"application\/ld+json\" class=\"yoast-schema-graph\">{\"@context\":\"https:\/\/schema.org\",\"@graph\":[{\"@type\":\"WebPage\",\"@id\":\"https:\/\/www.intoscana.it\/it\/impianto-riciclo-pannelli-fotovoltaici\/\",\"url\":\"https:\/\/www.intoscana.it\/it\/impianto-riciclo-pannelli-fotovoltaici\/\",\"name\":\"A Rapolano Terme il primo impianto toscano per il riciclo dei pannelli fotovoltaici - intoscana\",\"isPartOf\":{\"@id\":\"https:\/\/www.intoscana.it\/it\/#website\"},\"primaryImageOfPage\":{\"@id\":\"https:\/\/www.intoscana.it\/it\/impianto-riciclo-pannelli-fotovoltaici\/#primaryimage\"},\"image\":{\"@id\":\"https:\/\/www.intoscana.it\/it\/impianto-riciclo-pannelli-fotovoltaici\/#primaryimage\"},\"thumbnailUrl\":\"https:\/\/www.intoscana.it\/wp-content\/uploads\/Il-presidente-Giani-durante-la-presentazione-dellimpianto.jpeg\",\"datePublished\":\"2026-03-12T14:40:16+00:00\",\"dateModified\":\"2026-03-12T14:40:41+00:00\",\"author\":{\"@id\":\"https:\/\/www.intoscana.it\/it\/#\/schema\/person\/9223810753230f20bd670fdd322661f8\"},\"description\":\"Inaugurato l\u2019impianto Semia Green per il riciclo dei pannelli fotovoltaici a fine vita: fino a 9.000 tonnellate l\u2019anno recuperate\",\"breadcrumb\":{\"@id\":\"https:\/\/www.intoscana.it\/it\/impianto-riciclo-pannelli-fotovoltaici\/#breadcrumb\"},\"inLanguage\":\"it-IT\",\"potentialAction\":[{\"@type\":\"ReadAction\",\"target\":[\"https:\/\/www.intoscana.it\/it\/impianto-riciclo-pannelli-fotovoltaici\/\"]}]},{\"@type\":\"ImageObject\",\"inLanguage\":\"it-IT\",\"@id\":\"https:\/\/www.intoscana.it\/it\/impianto-riciclo-pannelli-fotovoltaici\/#primaryimage\",\"url\":\"https:\/\/www.intoscana.it\/wp-content\/uploads\/Il-presidente-Giani-durante-la-presentazione-dellimpianto.jpeg\",\"contentUrl\":\"https:\/\/www.intoscana.it\/wp-content\/uploads\/Il-presidente-Giani-durante-la-presentazione-dellimpianto.jpeg\",\"width\":2000,\"height\":1125},{\"@type\":\"BreadcrumbList\",\"@id\":\"https:\/\/www.intoscana.it\/it\/impianto-riciclo-pannelli-fotovoltaici\/#breadcrumb\",\"itemListElement\":[{\"@type\":\"ListItem\",\"position\":1,\"name\":\"Home\",\"item\":\"https:\/\/www.intoscana.it\/it\/\"},{\"@type\":\"ListItem\",\"position\":2,\"name\":\"A Rapolano Terme il primo impianto toscano per il riciclo dei pannelli fotovoltaici\"}]},{\"@type\":\"WebSite\",\"@id\":\"https:\/\/www.intoscana.it\/it\/#website\",\"url\":\"https:\/\/www.intoscana.it\/it\/\",\"name\":\"intoscana\",\"description\":\"\",\"potentialAction\":[{\"@type\":\"SearchAction\",\"target\":{\"@type\":\"EntryPoint\",\"urlTemplate\":\"https:\/\/www.intoscana.it\/it\/?s={search_term_string}\"},\"query-input\":{\"@type\":\"PropertyValueSpecification\",\"valueRequired\":true,\"valueName\":\"search_term_string\"}}],\"inLanguage\":\"it-IT\"},{\"@type\":\"Person\",\"@id\":\"https:\/\/www.intoscana.it\/it\/#\/schema\/person\/9223810753230f20bd670fdd322661f8\",\"name\":\"Redazione\",\"url\":\"https:\/\/www.intoscana.it\/it\/author\/redazione\/\"}]}<\/script>\n<!-- \/ Yoast SEO Premium plugin. -->","yoast_head_json":{"title":"A Rapolano Terme il primo impianto toscano per il riciclo dei pannelli fotovoltaici - intoscana","description":"Inaugurato l\u2019impianto Semia Green per il riciclo dei pannelli fotovoltaici a fine vita: fino a 9.000 tonnellate l\u2019anno recuperate","robots":{"index":"index","follow":"follow","max-snippet":"max-snippet:-1","max-image-preview":"max-image-preview:large","max-video-preview":"max-video-preview:-1"},"canonical":"https:\/\/www.intoscana.it\/it\/impianto-riciclo-pannelli-fotovoltaici\/","og_locale":"it_IT","og_type":"article","og_title":"A Rapolano Terme il primo impianto toscano per il riciclo dei pannelli fotovoltaici","og_description":"Inaugurato l\u2019impianto Semia Green per il riciclo dei pannelli fotovoltaici a fine vita: fino a 9.000 tonnellate l\u2019anno recuperate","og_url":"https:\/\/www.intoscana.it\/it\/impianto-riciclo-pannelli-fotovoltaici\/","og_site_name":"intoscana","article_publisher":"https:\/\/www.facebook.com\/intoscana.it","article_published_time":"2026-03-12T14:40:16+00:00","article_modified_time":"2026-03-12T14:40:41+00:00","og_image":[{"width":2000,"height":1125,"url":"https:\/\/www.intoscana.it\/wp-content\/uploads\/Il-presidente-Giani-durante-la-presentazione-dellimpianto.jpeg","type":"image\/jpeg"}],"author":"Redazione","twitter_card":"summary_large_image","twitter_creator":"@intoscana","twitter_site":"@intoscana","twitter_misc":{"Written by":"Redazione","Est. reading time":"3 minuti"},"schema":{"@context":"https:\/\/schema.org","@graph":[{"@type":"WebPage","@id":"https:\/\/www.intoscana.it\/it\/impianto-riciclo-pannelli-fotovoltaici\/","url":"https:\/\/www.intoscana.it\/it\/impianto-riciclo-pannelli-fotovoltaici\/","name":"A Rapolano Terme il primo impianto toscano per il riciclo dei pannelli fotovoltaici - intoscana","isPartOf":{"@id":"https:\/\/www.intoscana.it\/it\/#website"},"primaryImageOfPage":{"@id":"https:\/\/www.intoscana.it\/it\/impianto-riciclo-pannelli-fotovoltaici\/#primaryimage"},"image":{"@id":"https:\/\/www.intoscana.it\/it\/impianto-riciclo-pannelli-fotovoltaici\/#primaryimage"},"thumbnailUrl":"https:\/\/www.intoscana.it\/wp-content\/uploads\/Il-presidente-Giani-durante-la-presentazione-dellimpianto.jpeg","datePublished":"2026-03-12T14:40:16+00:00","dateModified":"2026-03-12T14:40:41+00:00","author":{"@id":"https:\/\/www.intoscana.it\/it\/#\/schema\/person\/9223810753230f20bd670fdd322661f8"},"description":"Inaugurato l\u2019impianto Semia Green per il riciclo dei pannelli fotovoltaici a fine vita: fino a 9.000 tonnellate l\u2019anno recuperate","breadcrumb":{"@id":"https:\/\/www.intoscana.it\/it\/impianto-riciclo-pannelli-fotovoltaici\/#breadcrumb"},"inLanguage":"it-IT","potentialAction":[{"@type":"ReadAction","target":["https:\/\/www.intoscana.it\/it\/impianto-riciclo-pannelli-fotovoltaici\/"]}]},{"@type":"ImageObject","inLanguage":"it-IT","@id":"https:\/\/www.intoscana.it\/it\/impianto-riciclo-pannelli-fotovoltaici\/#primaryimage","url":"https:\/\/www.intoscana.it\/wp-content\/uploads\/Il-presidente-Giani-durante-la-presentazione-dellimpianto.jpeg","contentUrl":"https:\/\/www.intoscana.it\/wp-content\/uploads\/Il-presidente-Giani-durante-la-presentazione-dellimpianto.jpeg","width":2000,"height":1125},{"@type":"BreadcrumbList","@id":"https:\/\/www.intoscana.it\/it\/impianto-riciclo-pannelli-fotovoltaici\/#breadcrumb","itemListElement":[{"@type":"ListItem","position":1,"name":"Home","item":"https:\/\/www.intoscana.it\/it\/"},{"@type":"ListItem","position":2,"name":"A Rapolano Terme il primo impianto toscano per il riciclo dei pannelli fotovoltaici"}]},{"@type":"WebSite","@id":"https:\/\/www.intoscana.it\/it\/#website","url":"https:\/\/www.intoscana.it\/it\/","name":"intoscana","description":"","potentialAction":[{"@type":"SearchAction","target":{"@type":"EntryPoint","urlTemplate":"https:\/\/www.intoscana.it\/it\/?s={search_term_string}"},"query-input":{"@type":"PropertyValueSpecification","valueRequired":true,"valueName":"search_term_string"}}],"inLanguage":"it-IT"},{"@type":"Person","@id":"https:\/\/www.intoscana.it\/it\/#\/schema\/person\/9223810753230f20bd670fdd322661f8","name":"Redazione","url":"https:\/\/www.intoscana.it\/it\/author\/redazione\/"}]}},"_links":{"self":[{"href":"https:\/\/www.intoscana.it\/it\/wp-json\/wp\/v2\/posts\/420538","targetHints":{"allow":["GET"]}}],"collection":[{"href":"https:\/\/www.intoscana.it\/it\/wp-json\/wp\/v2\/posts"}],"about":[{"href":"https:\/\/www.intoscana.it\/it\/wp-json\/wp\/v2\/types\/post"}],"author":[{"embeddable":true,"href":"https:\/\/www.intoscana.it\/it\/wp-json\/wp\/v2\/users\/525"}],"replies":[{"embeddable":true,"href":"https:\/\/www.intoscana.it\/it\/wp-json\/wp\/v2\/comments?post=420538"}],"version-history":[{"count":1,"href":"https:\/\/www.intoscana.it\/it\/wp-json\/wp\/v2\/posts\/420538\/revisions"}],"predecessor-version":[{"id":420542,"href":"https:\/\/www.intoscana.it\/it\/wp-json\/wp\/v2\/posts\/420538\/revisions\/420542"}],"wp:featuredmedia":[{"embeddable":true,"href":"https:\/\/www.intoscana.it\/it\/wp-json\/wp\/v2\/media\/420541"}],"wp:attachment":[{"href":"https:\/\/www.intoscana.it\/it\/wp-json\/wp\/v2\/media?parent=420538"}],"wp:term":[{"taxonomy":"category","embeddable":true,"href":"https:\/\/www.intoscana.it\/it\/wp-json\/wp\/v2\/categories?post=420538"},{"taxonomy":"post_tag","embeddable":true,"href":"https:\/\/www.intoscana.it\/it\/wp-json\/wp\/v2\/tags?post=420538"}],"curies":[{"name":"wp","href":"https:\/\/api.w.org\/{rel}","templated":true}]}}