{"id":420543,"date":"2026-03-12T16:08:04","date_gmt":"2026-03-12T15:08:04","guid":{"rendered":"https:\/\/www.intoscana.it\/it\/?p=420543"},"modified":"2026-03-12T16:09:16","modified_gmt":"2026-03-12T15:09:16","slug":"ugo-tartaruga-recuperata-isola-elba","status":"publish","type":"post","link":"https:\/\/www.intoscana.it\/it\/ugo-tartaruga-recuperata-isola-elba\/","title":{"rendered":"Dita incrociate per Ugo, la tartaruga recuperata nelle acque dell&#8217;isola d&#8217;Elba: &#8220;Situazione critica ma proveremo a salvarla&#8221;"},"content":{"rendered":"<p>L\u2019hanno chiamata Ugo. \u00c8 il nome che tre amici hanno deciso di dare a una giovane tartaruga marina della specie <strong>Caretta caretta<\/strong> recuperata in condizioni critiche nelle acque dell\u2019Isola d\u2019Elba e arrivata nella serata di domenica 8 marzo al CRTM tartAmare. Ugo si muoveva sotto il pelo dell\u2019acqua, impigliato in un enorme groviglio di cime. <mark>A notarla e salvarla, sono stati Lorenzo Morroni, biologo marino presso ISPRA a Livorno, Daniele Bacciottini e Roberto Poggioli, che si trovavano in gommone per una battuta di pesca in apnea, nel tratto di mare che si trova tra Cavoli e Seccheto <\/mark>.<\/p>\n<p>&#8220;Nel ripartire per tornare in porto &#8211; raccontano con una nota dall&#8217;associazione <strong>TartAmare<\/strong> &#8211; i tre ragazzi hanno notato una matassa di cime a pelo d\u2019acqua, con sotto qualcosa che si muoveva, Morroni si \u00e8 tuffato in acqua per controllare pi\u00f9 da vicino e si \u00e8 reso subito conto che si trattava di una tartaruga marina impigliata nei fili. Afferrata la matassa e issata sul gommone hanno recuperato la tartaruga e \u00a0contattato immediatamente il numero 1530 della Guardia Costiera per chiedere istruzioni. \u00c8 partita, cos\u00ec, la procedura di segnalazione agli enti competenti e la tartaruga, che hanno affettuosamente battezzato \u201cUgo\u201d, \u00e8 stata trasportata via mare fino al porto di Follonica, dove \u00e8 stata presa in carico dallo staff scientifico di TartAmare&#8221;.<\/p>\n<p>TartAmare \u00e8 l&#8217;associazione no profit che sulla costa grossetana si occupa della riabilitazione delle tartarughe marine in via di estinzione. Nella loro sede \u00e8 presente anche un Centro di Recupero dove le tartarughe ferite vengono curate con l&#8217;obiettivo di rimetterle sane e salve in mare. La speranza \u00e8 che anche Ugo possa tornare ad abbracciare il mare il prima possibile anche se le sue condizioni, purtroppo, sono critiche: la tartaruga, infatti, \u00e8 arrivata la Centro di Recupero con <strong>due giri di corda stretti attorno alla pinna posteriore sinistra<\/strong>, irrimediabilmente compromessa. Non solo una <strong>lenza<\/strong> fuoriusciva dalla bocca e la guancia sinistra presentava una profonda ferita. L\u2019animale era anche estremamente <strong>denutrito<\/strong> e ricoperto di <strong>alghe<\/strong> e di parassiti del genere Lepas, tutti segnali che la sua mobilit\u00e0 era ridotta da molto tempo.<\/p>\n<p>&#8220;La visita veterinaria e gli accertamenti diagnostici &#8211; spiegano dall&#8217;associazione &#8211; hanno confermato un quadro complessivo estremamente critico, con la presenza di un amo incastrato nell\u2019esofago della tartaruga e uno stato di infezione molto avanzato, dovuto alle condizioni della pinna posteriore&#8221;. Ugo sar\u00e0 sottoposto ad intervento. Per operare Ugo, il Centro ha chiesto aiuto ad un chirurgo di Bari, considerato una vera istituzione per quanto riguarda il recupero delle tartarughe marine, il professor <strong>Antonio Di Bello,<\/strong> professore associato di Chirurgia Veterinaria presso il Dipartimento di Medicina Veterinaria dell&#8217;Universit\u00e0 degli Studi \u201cAldo Moro\u201d di Bari: &#8220;Il professore si \u00e8 generosamente reso disponibile a partecipare all\u2019intervento, permettendoci di garantire al nostro Ugo la migliore chance che avevamo a disposizione per tentare di salvarlo&#8221;.<\/p>\n<p>Non sarebbe la prima volta che l&#8217;equipe del Centro di TartAmare, con la propria prontezza, riesce in miracoli, <a href=\"https:\/\/www.intoscana.it\/it\/tartamare-tartarughe-marine\/\">nell&#8217;intervista che ci ha rilasciato\u00a0 Luana<\/a>, una dei fondatori, ci ha raccontato alcune esperienze che fanno ben sperare, anche se come ammettono dal Centro &#8220;la possibilit\u00e0 che\u00a0 non sopravviva all\u2019intervento \u00e8 concreta, ma <mark> \u00e8 necessario tentare il possibile per aiutarla <\/mark>&#8220;<\/p>\n","protected":false},"excerpt":{"rendered":"<p data-start=\"834\" data-end=\"1019\">Recuperata in mare da tre amici tra Cavoli e Seccheto e trasportata al centro TartAmare di Follonica. Le condizioni sono critiche, \u00e8 necessario un intervento chirurgico: in arrivo anche un luminare dal Dipartimento di Medicina Veterinaria dell&#8217;Universit\u00e0 degli Studi \u201cAldo Moro\u201d di Bari<\/p>\n","protected":false},"author":503,"featured_media":420544,"comment_status":"open","ping_status":"open","sticky":false,"template":"","format":"standard","meta":{"_acf_changed":false,"footnotes":""},"categories":[4],"tags":[177,5041,6925,6759],"class_list":["post-420543","post","type-post","status-publish","format-standard","has-post-thumbnail","hentry","category-storie","tag-ambiente","tag-biodiversita","tag-tartamare","tag-tartarughe-marine"],"acf":[],"yoast_head":"<!-- This site is optimized with the Yoast SEO Premium plugin v24.2 (Yoast SEO v25.6) - https:\/\/yoast.com\/wordpress\/plugins\/seo\/ -->\n<title>Dita incrociate per Ugo, la tartaruga recuperata nelle acque dell&#039;isola d&#039;Elba: &quot;Situazione critica ma proveremo a salvarla&quot; - intoscana<\/title>\n<meta name=\"description\" content=\"Una tartaruga Caretta caretta \u00e8 stata salvata dopo essere rimasta intrappolata in un groviglio di cime. Ora \u00e8 in cura al centro tartAmare.\" \/>\n<meta name=\"robots\" content=\"index, follow, max-snippet:-1, max-image-preview:large, max-video-preview:-1\" \/>\n<link rel=\"canonical\" href=\"https:\/\/www.intoscana.it\/it\/ugo-tartaruga-recuperata-isola-elba\/\" \/>\n<meta property=\"og:locale\" content=\"it_IT\" \/>\n<meta property=\"og:type\" content=\"article\" \/>\n<meta property=\"og:title\" content=\"Dita incrociate per Ugo, la tartaruga recuperata nelle acque dell&#039;isola d&#039;Elba: &quot;Situazione critica ma proveremo a salvarla&quot;\" \/>\n<meta property=\"og:description\" content=\"Una tartaruga Caretta caretta \u00e8 stata salvata dopo essere rimasta intrappolata in un groviglio di cime. Ora \u00e8 in cura al centro tartAmare.\" \/>\n<meta property=\"og:url\" content=\"https:\/\/www.intoscana.it\/it\/ugo-tartaruga-recuperata-isola-elba\/\" \/>\n<meta property=\"og:site_name\" content=\"intoscana\" \/>\n<meta property=\"article:publisher\" content=\"https:\/\/www.facebook.com\/intoscana.it\" \/>\n<meta property=\"article:published_time\" content=\"2026-03-12T15:08:04+00:00\" \/>\n<meta property=\"article:modified_time\" content=\"2026-03-12T15:09:16+00:00\" \/>\n<meta property=\"og:image\" content=\"https:\/\/www.intoscana.it\/wp-content\/uploads\/La-tartaruga-Ugo.jpeg\" \/>\n\t<meta property=\"og:image:width\" content=\"1600\" \/>\n\t<meta property=\"og:image:height\" content=\"1200\" \/>\n\t<meta property=\"og:image:type\" content=\"image\/jpeg\" \/>\n<meta name=\"author\" content=\"Giulia Rafanelli\" \/>\n<meta name=\"twitter:card\" content=\"summary_large_image\" \/>\n<meta name=\"twitter:creator\" content=\"@intoscana\" \/>\n<meta name=\"twitter:site\" content=\"@intoscana\" \/>\n<meta name=\"twitter:label1\" content=\"Written by\" \/>\n\t<meta name=\"twitter:data1\" content=\"Giulia Rafanelli\" \/>\n\t<meta name=\"twitter:label2\" content=\"Est. reading time\" \/>\n\t<meta name=\"twitter:data2\" content=\"4 minuti\" \/>\n<script type=\"application\/ld+json\" class=\"yoast-schema-graph\">{\"@context\":\"https:\/\/schema.org\",\"@graph\":[{\"@type\":\"WebPage\",\"@id\":\"https:\/\/www.intoscana.it\/it\/ugo-tartaruga-recuperata-isola-elba\/\",\"url\":\"https:\/\/www.intoscana.it\/it\/ugo-tartaruga-recuperata-isola-elba\/\",\"name\":\"Dita incrociate per Ugo, la tartaruga recuperata nelle acque dell'isola d'Elba: \\\"Situazione critica ma proveremo a salvarla\\\" - intoscana\",\"isPartOf\":{\"@id\":\"https:\/\/www.intoscana.it\/it\/#website\"},\"primaryImageOfPage\":{\"@id\":\"https:\/\/www.intoscana.it\/it\/ugo-tartaruga-recuperata-isola-elba\/#primaryimage\"},\"image\":{\"@id\":\"https:\/\/www.intoscana.it\/it\/ugo-tartaruga-recuperata-isola-elba\/#primaryimage\"},\"thumbnailUrl\":\"https:\/\/www.intoscana.it\/wp-content\/uploads\/La-tartaruga-Ugo.jpeg\",\"datePublished\":\"2026-03-12T15:08:04+00:00\",\"dateModified\":\"2026-03-12T15:09:16+00:00\",\"author\":{\"@id\":\"https:\/\/www.intoscana.it\/it\/#\/schema\/person\/333569b367b301e30262defcea56c939\"},\"description\":\"Una tartaruga Caretta caretta \u00e8 stata salvata dopo essere rimasta intrappolata in un groviglio di cime. Ora \u00e8 in cura al centro tartAmare.\",\"breadcrumb\":{\"@id\":\"https:\/\/www.intoscana.it\/it\/ugo-tartaruga-recuperata-isola-elba\/#breadcrumb\"},\"inLanguage\":\"it-IT\",\"potentialAction\":[{\"@type\":\"ReadAction\",\"target\":[\"https:\/\/www.intoscana.it\/it\/ugo-tartaruga-recuperata-isola-elba\/\"]}]},{\"@type\":\"ImageObject\",\"inLanguage\":\"it-IT\",\"@id\":\"https:\/\/www.intoscana.it\/it\/ugo-tartaruga-recuperata-isola-elba\/#primaryimage\",\"url\":\"https:\/\/www.intoscana.it\/wp-content\/uploads\/La-tartaruga-Ugo.jpeg\",\"contentUrl\":\"https:\/\/www.intoscana.it\/wp-content\/uploads\/La-tartaruga-Ugo.jpeg\",\"width\":1600,\"height\":1200,\"caption\":\"La tartaruga Ugo\"},{\"@type\":\"BreadcrumbList\",\"@id\":\"https:\/\/www.intoscana.it\/it\/ugo-tartaruga-recuperata-isola-elba\/#breadcrumb\",\"itemListElement\":[{\"@type\":\"ListItem\",\"position\":1,\"name\":\"Home\",\"item\":\"https:\/\/www.intoscana.it\/it\/\"},{\"@type\":\"ListItem\",\"position\":2,\"name\":\"Dita incrociate per Ugo, la tartaruga recuperata nelle acque dell&#8217;isola d&#8217;Elba: &#8220;Situazione critica ma proveremo a salvarla&#8221;\"}]},{\"@type\":\"WebSite\",\"@id\":\"https:\/\/www.intoscana.it\/it\/#website\",\"url\":\"https:\/\/www.intoscana.it\/it\/\",\"name\":\"intoscana\",\"description\":\"\",\"potentialAction\":[{\"@type\":\"SearchAction\",\"target\":{\"@type\":\"EntryPoint\",\"urlTemplate\":\"https:\/\/www.intoscana.it\/it\/?s={search_term_string}\"},\"query-input\":{\"@type\":\"PropertyValueSpecification\",\"valueRequired\":true,\"valueName\":\"search_term_string\"}}],\"inLanguage\":\"it-IT\"},{\"@type\":\"Person\",\"@id\":\"https:\/\/www.intoscana.it\/it\/#\/schema\/person\/333569b367b301e30262defcea56c939\",\"name\":\"Giulia Rafanelli\",\"url\":\"https:\/\/www.intoscana.it\/it\/author\/giulia-rafanelli\/\"}]}<\/script>\n<!-- \/ Yoast SEO Premium plugin. -->","yoast_head_json":{"title":"Dita incrociate per Ugo, la tartaruga recuperata nelle acque dell'isola d'Elba: \"Situazione critica ma proveremo a salvarla\" - intoscana","description":"Una tartaruga Caretta caretta \u00e8 stata salvata dopo essere rimasta intrappolata in un groviglio di cime. Ora \u00e8 in cura al centro tartAmare.","robots":{"index":"index","follow":"follow","max-snippet":"max-snippet:-1","max-image-preview":"max-image-preview:large","max-video-preview":"max-video-preview:-1"},"canonical":"https:\/\/www.intoscana.it\/it\/ugo-tartaruga-recuperata-isola-elba\/","og_locale":"it_IT","og_type":"article","og_title":"Dita incrociate per Ugo, la tartaruga recuperata nelle acque dell'isola d'Elba: \"Situazione critica ma proveremo a salvarla\"","og_description":"Una tartaruga Caretta caretta \u00e8 stata salvata dopo essere rimasta intrappolata in un groviglio di cime. Ora \u00e8 in cura al centro tartAmare.","og_url":"https:\/\/www.intoscana.it\/it\/ugo-tartaruga-recuperata-isola-elba\/","og_site_name":"intoscana","article_publisher":"https:\/\/www.facebook.com\/intoscana.it","article_published_time":"2026-03-12T15:08:04+00:00","article_modified_time":"2026-03-12T15:09:16+00:00","og_image":[{"width":1600,"height":1200,"url":"https:\/\/www.intoscana.it\/wp-content\/uploads\/La-tartaruga-Ugo.jpeg","type":"image\/jpeg"}],"author":"Giulia Rafanelli","twitter_card":"summary_large_image","twitter_creator":"@intoscana","twitter_site":"@intoscana","twitter_misc":{"Written by":"Giulia Rafanelli","Est. reading time":"4 minuti"},"schema":{"@context":"https:\/\/schema.org","@graph":[{"@type":"WebPage","@id":"https:\/\/www.intoscana.it\/it\/ugo-tartaruga-recuperata-isola-elba\/","url":"https:\/\/www.intoscana.it\/it\/ugo-tartaruga-recuperata-isola-elba\/","name":"Dita incrociate per Ugo, la tartaruga recuperata nelle acque dell'isola d'Elba: \"Situazione critica ma proveremo a salvarla\" - intoscana","isPartOf":{"@id":"https:\/\/www.intoscana.it\/it\/#website"},"primaryImageOfPage":{"@id":"https:\/\/www.intoscana.it\/it\/ugo-tartaruga-recuperata-isola-elba\/#primaryimage"},"image":{"@id":"https:\/\/www.intoscana.it\/it\/ugo-tartaruga-recuperata-isola-elba\/#primaryimage"},"thumbnailUrl":"https:\/\/www.intoscana.it\/wp-content\/uploads\/La-tartaruga-Ugo.jpeg","datePublished":"2026-03-12T15:08:04+00:00","dateModified":"2026-03-12T15:09:16+00:00","author":{"@id":"https:\/\/www.intoscana.it\/it\/#\/schema\/person\/333569b367b301e30262defcea56c939"},"description":"Una tartaruga Caretta caretta \u00e8 stata salvata dopo essere rimasta intrappolata in un groviglio di cime. Ora \u00e8 in cura al centro tartAmare.","breadcrumb":{"@id":"https:\/\/www.intoscana.it\/it\/ugo-tartaruga-recuperata-isola-elba\/#breadcrumb"},"inLanguage":"it-IT","potentialAction":[{"@type":"ReadAction","target":["https:\/\/www.intoscana.it\/it\/ugo-tartaruga-recuperata-isola-elba\/"]}]},{"@type":"ImageObject","inLanguage":"it-IT","@id":"https:\/\/www.intoscana.it\/it\/ugo-tartaruga-recuperata-isola-elba\/#primaryimage","url":"https:\/\/www.intoscana.it\/wp-content\/uploads\/La-tartaruga-Ugo.jpeg","contentUrl":"https:\/\/www.intoscana.it\/wp-content\/uploads\/La-tartaruga-Ugo.jpeg","width":1600,"height":1200,"caption":"La tartaruga Ugo"},{"@type":"BreadcrumbList","@id":"https:\/\/www.intoscana.it\/it\/ugo-tartaruga-recuperata-isola-elba\/#breadcrumb","itemListElement":[{"@type":"ListItem","position":1,"name":"Home","item":"https:\/\/www.intoscana.it\/it\/"},{"@type":"ListItem","position":2,"name":"Dita incrociate per Ugo, la tartaruga recuperata nelle acque dell&#8217;isola d&#8217;Elba: &#8220;Situazione critica ma proveremo a salvarla&#8221;"}]},{"@type":"WebSite","@id":"https:\/\/www.intoscana.it\/it\/#website","url":"https:\/\/www.intoscana.it\/it\/","name":"intoscana","description":"","potentialAction":[{"@type":"SearchAction","target":{"@type":"EntryPoint","urlTemplate":"https:\/\/www.intoscana.it\/it\/?s={search_term_string}"},"query-input":{"@type":"PropertyValueSpecification","valueRequired":true,"valueName":"search_term_string"}}],"inLanguage":"it-IT"},{"@type":"Person","@id":"https:\/\/www.intoscana.it\/it\/#\/schema\/person\/333569b367b301e30262defcea56c939","name":"Giulia Rafanelli","url":"https:\/\/www.intoscana.it\/it\/author\/giulia-rafanelli\/"}]}},"_links":{"self":[{"href":"https:\/\/www.intoscana.it\/it\/wp-json\/wp\/v2\/posts\/420543","targetHints":{"allow":["GET"]}}],"collection":[{"href":"https:\/\/www.intoscana.it\/it\/wp-json\/wp\/v2\/posts"}],"about":[{"href":"https:\/\/www.intoscana.it\/it\/wp-json\/wp\/v2\/types\/post"}],"author":[{"embeddable":true,"href":"https:\/\/www.intoscana.it\/it\/wp-json\/wp\/v2\/users\/503"}],"replies":[{"embeddable":true,"href":"https:\/\/www.intoscana.it\/it\/wp-json\/wp\/v2\/comments?post=420543"}],"version-history":[{"count":2,"href":"https:\/\/www.intoscana.it\/it\/wp-json\/wp\/v2\/posts\/420543\/revisions"}],"predecessor-version":[{"id":420546,"href":"https:\/\/www.intoscana.it\/it\/wp-json\/wp\/v2\/posts\/420543\/revisions\/420546"}],"wp:featuredmedia":[{"embeddable":true,"href":"https:\/\/www.intoscana.it\/it\/wp-json\/wp\/v2\/media\/420544"}],"wp:attachment":[{"href":"https:\/\/www.intoscana.it\/it\/wp-json\/wp\/v2\/media?parent=420543"}],"wp:term":[{"taxonomy":"category","embeddable":true,"href":"https:\/\/www.intoscana.it\/it\/wp-json\/wp\/v2\/categories?post=420543"},{"taxonomy":"post_tag","embeddable":true,"href":"https:\/\/www.intoscana.it\/it\/wp-json\/wp\/v2\/tags?post=420543"}],"curies":[{"name":"wp","href":"https:\/\/api.w.org\/{rel}","templated":true}]}}