{"id":420558,"date":"2026-03-13T09:32:43","date_gmt":"2026-03-13T08:32:43","guid":{"rendered":"https:\/\/www.intoscana.it\/it\/?p=420558"},"modified":"2026-03-13T16:18:13","modified_gmt":"2026-03-13T15:18:13","slug":"linea-lucca-aulla-nuovi-lavori-e-disagi-per-i-pendolari-confronto-tra-regione-sindaci-e-ferrovie","status":"publish","type":"post","link":"https:\/\/www.intoscana.it\/it\/linea-lucca-aulla-nuovi-lavori-e-disagi-per-i-pendolari-confronto-tra-regione-sindaci-e-ferrovie\/","title":{"rendered":"Linea Lucca\u2013Aulla, nuovi lavori e disagi per i pendolari: confronto tra Regione, sindaci e Ferrovie"},"content":{"rendered":"<p>La linea ferroviaria <strong>Lucca\u2013Aulla<\/strong> torna al centro del confronto tra istituzioni, gestori della rete e rappresentanti dei pendolari. L\u2019assessore regionale ai trasporti Filippo Boni ha convocato un tavolo istituzionale con amministrazioni locali, consiglieri regionali, Rete Ferroviaria Italiana e Trenitalia <strong>per fare il punto sulle criticit\u00e0 della linea<\/strong> e sugli interventi infrastrutturali previsti nei prossimi mesi.<\/p>\n<p>Al centro della riunione le esigenze segnalate da enti locali e utenti, soprattutto in vista dei lavori programmati da RFI su diversi tratti della ferrovia, interventi ritenuti necessari per garantire sicurezza ed efficienza a una linea caratterizzata da opere infrastrutturali molto datate.<\/p>\n<p>\u201c<em>\u00c8 stato un momento importante<\/em> \u2013 ha spiegato l\u2019assessore Boni \u2013 <em>che ha permesso di fare il punto su una situazione nella quale si scontrano esigenze valide ma contrastanti. La Regione Toscana metter\u00e0 tutto l\u2019impegno possibile per trovare una sintesi tra le esigenze tecniche di Rfi e le criticit\u00e0 evidenziate dai sindaci<\/em>\u201d.<\/p>\n<figure id=\"post-420565 media-420565\" class=\"align-none\"><img decoding=\"async\" src=\"https:\/\/www.intoscana.it\/wp-content\/uploads\/Boni_ok.jpg\" alt=\"\" \/><\/figure>\n<div class=\"titleimg\"><\/div>\n<h3>Stop ai treni nel weekend del 28 e 29 marzo<\/h3>\n<p>Il primo intervento \u00e8 previsto nel fine settimana del <strong>28 e 29 marzo<\/strong>, quando la circolazione ferroviaria tra Lucca e Aulla Lunigiana sar\u00e0 sospesa per 55 ore. I lavori riguarderanno la tratta tra Diecimo-Pescaglia e San Pietro a Vico, dove saranno consolidati due ponti ferroviari.<\/p>\n<p>Nello stesso periodo, tra le stazioni di Ponte a Moriano e San Pietro a Vico, verranno svolte attivit\u00e0 per la realizzazione del nuovo cavalcaferrovia di Acquacalda e interventi di manutenzione ad alcuni tombini della linea.<\/p>\n<p>Nei cantieri saranno impegnati oltre 30 tra tecnici e operai di RFI e delle ditte appaltatrici, con un investimento complessivo di circa un milione di euro. La circolazione dei treni riprender\u00e0 regolarmente il 30 marzo, ma nel weekend interessato dai lavori saranno modificati gli orari di 41 treni.<\/p>\n<h3>Bus sostitutivi e tempi di viaggio pi\u00f9 lunghi<\/h3>\n<p>Per garantire la continuit\u00e0 del servizio, Trenitalia ha previsto <strong>corse con bus sostitutivi<\/strong>. I tempi di percorrenza potranno per\u00f2 aumentare anche in relazione al traffico stradale e i posti disponibili potrebbero essere inferiori rispetto al normale servizio ferroviario. Sui bus non sar\u00e0 possibile trasportare biciclette n\u00e9 animali di grossa taglia, ad eccezione dei cani guida.<\/p>\n<p>I canali di acquisto e informazione di Trenitalia sono gi\u00e0 stati aggiornati con il programma dei bus sostitutivi.<\/p>\n<h3>Le criticit\u00e0 segnalate dai sindaci<\/h3>\n<p>Durante il tavolo istituzionale i sindaci dei territori attraversati dalla linea hanno espresso apprezzamento per gli investimenti previsti, ma hanno anche evidenziato alcune criticit\u00e0 ricorrenti. Tra queste lo scarso preavviso con cui vengono comunicate le interruzioni della linea e la <strong>programmazione dei cantieri<\/strong>.<\/p>\n<p>Particolare preoccupazione riguarda inoltre la concentrazione dei lavori nel periodo estivo, quando la Garfagnana e la Lunigiana registrano il maggior afflusso turistico.<\/p>\n<p>I primi cittadini hanno inoltre ricordato i disagi legati al traffico dei camion del marmo che, nei mesi di chiusura della ferrovia, si riversa sulla viabilit\u00e0 ordinaria. Una situazione che, oltre a creare problemi di traffico e sicurezza, comporta anche rischi per la salute a causa della dispersione di polveri.<\/p>\n<p>Tra le richieste avanzate al gestore della rete figurano la riduzione dei tempi di interruzione della linea, la possibilit\u00e0 di prevedere \u201cfinestre\u201d di servizio ferroviario anche durante i cantieri estivi e l\u2019eventuale organizzazione dei lavori anche in orario notturno per accorciare i tempi.<\/p>\n<h3>Altri cantieri previsti in estate<\/h3>\n<p>Oltre agli interventi di marzo, RFI ha annunciato altri due importanti lavori nei <strong>mesi estivi<\/strong>: il consolidamento di gallerie e opere civili tra Aulla e Castelnuovo Garfagnana e il rinnovo dei binari nella tratta tra Fornaci di Barga e San Pietro a Vico.<\/p>\n<p>\u201c<em>Gli incontri come questo saranno periodici<\/em> \u2013 ha concluso Boni \u2013 <em>proprio per dare continuit\u00e0 al confronto e costruire insieme soluzioni condivise<\/em>\u201d. Un secondo tavolo istituzionale \u00e8 gi\u00e0 previsto entro la prima met\u00e0 di maggio.<\/p>\n","protected":false},"excerpt":{"rendered":"<p>Nel weekend del 28 e 29 marzo stop alla circolazione per 55 ore tra Lucca e Aulla Lunigiana per lavori sui ponti e al cavalcaferrovia di Acquacalda. L\u2019assessore ai trasporti Filippo Boni: \u201cPrioritaria la riduzione dei disagi\u201d<\/p>\n","protected":false},"author":525,"featured_media":320028,"comment_status":"open","ping_status":"open","sticky":false,"template":"","format":"standard","meta":{"_acf_changed":false,"footnotes":""},"categories":[494],"tags":[6903,1577,183],"class_list":["post-420558","post","type-post","status-publish","format-standard","has-post-thumbnail","hentry","category-attualita","tag-filippo-boni","tag-muoversi-in-toscana","tag-treni"],"acf":[],"yoast_head":"<!-- This site is optimized with the Yoast SEO Premium plugin v24.2 (Yoast SEO v25.6) - https:\/\/yoast.com\/wordpress\/plugins\/seo\/ -->\n<title>Linea Lucca\u2013Aulla, nuovi lavori e disagi per i pendolari: confronto tra Regione, sindaci e Ferrovie - intoscana<\/title>\n<meta name=\"robots\" content=\"index, follow, max-snippet:-1, max-image-preview:large, max-video-preview:-1\" \/>\n<link rel=\"canonical\" href=\"https:\/\/www.intoscana.it\/it\/linea-lucca-aulla-nuovi-lavori-e-disagi-per-i-pendolari-confronto-tra-regione-sindaci-e-ferrovie\/\" \/>\n<meta property=\"og:locale\" content=\"it_IT\" \/>\n<meta property=\"og:type\" content=\"article\" \/>\n<meta property=\"og:title\" content=\"Linea Lucca\u2013Aulla, nuovi lavori e disagi per i pendolari: confronto tra Regione, sindaci e Ferrovie\" \/>\n<meta property=\"og:description\" content=\"Nel weekend del 28 e 29 marzo stop alla circolazione per 55 ore tra Lucca e Aulla Lunigiana per lavori sui ponti e al cavalcaferrovia di Acquacalda. L\u2019assessore ai trasporti Filippo Boni: \u201cPrioritaria la riduzione dei disagi\u201d\" \/>\n<meta property=\"og:url\" content=\"https:\/\/www.intoscana.it\/it\/linea-lucca-aulla-nuovi-lavori-e-disagi-per-i-pendolari-confronto-tra-regione-sindaci-e-ferrovie\/\" \/>\n<meta property=\"og:site_name\" content=\"intoscana\" \/>\n<meta property=\"article:publisher\" content=\"https:\/\/www.facebook.com\/intoscana.it\" \/>\n<meta property=\"article:published_time\" content=\"2026-03-13T08:32:43+00:00\" \/>\n<meta property=\"article:modified_time\" content=\"2026-03-13T15:18:13+00:00\" \/>\n<meta property=\"og:image\" content=\"https:\/\/www.intoscana.it\/wp-content\/uploads\/treno-pop-dimensioni-grandi.jpeg\" \/>\n\t<meta property=\"og:image:width\" content=\"1280\" \/>\n\t<meta property=\"og:image:height\" content=\"853\" \/>\n\t<meta property=\"og:image:type\" content=\"image\/jpeg\" \/>\n<meta name=\"author\" content=\"Redazione\" \/>\n<meta name=\"twitter:card\" content=\"summary_large_image\" \/>\n<meta name=\"twitter:creator\" content=\"@intoscana\" \/>\n<meta name=\"twitter:site\" content=\"@intoscana\" \/>\n<meta name=\"twitter:label1\" content=\"Written by\" \/>\n\t<meta name=\"twitter:data1\" content=\"Redazione\" \/>\n\t<meta name=\"twitter:label2\" content=\"Est. reading time\" \/>\n\t<meta name=\"twitter:data2\" content=\"4 minuti\" \/>\n<script type=\"application\/ld+json\" class=\"yoast-schema-graph\">{\"@context\":\"https:\/\/schema.org\",\"@graph\":[{\"@type\":\"WebPage\",\"@id\":\"https:\/\/www.intoscana.it\/it\/linea-lucca-aulla-nuovi-lavori-e-disagi-per-i-pendolari-confronto-tra-regione-sindaci-e-ferrovie\/\",\"url\":\"https:\/\/www.intoscana.it\/it\/linea-lucca-aulla-nuovi-lavori-e-disagi-per-i-pendolari-confronto-tra-regione-sindaci-e-ferrovie\/\",\"name\":\"Linea Lucca\u2013Aulla, nuovi lavori e disagi per i pendolari: confronto tra Regione, sindaci e Ferrovie - intoscana\",\"isPartOf\":{\"@id\":\"https:\/\/www.intoscana.it\/it\/#website\"},\"primaryImageOfPage\":{\"@id\":\"https:\/\/www.intoscana.it\/it\/linea-lucca-aulla-nuovi-lavori-e-disagi-per-i-pendolari-confronto-tra-regione-sindaci-e-ferrovie\/#primaryimage\"},\"image\":{\"@id\":\"https:\/\/www.intoscana.it\/it\/linea-lucca-aulla-nuovi-lavori-e-disagi-per-i-pendolari-confronto-tra-regione-sindaci-e-ferrovie\/#primaryimage\"},\"thumbnailUrl\":\"https:\/\/www.intoscana.it\/wp-content\/uploads\/treno-pop-dimensioni-grandi.jpeg\",\"datePublished\":\"2026-03-13T08:32:43+00:00\",\"dateModified\":\"2026-03-13T15:18:13+00:00\",\"author\":{\"@id\":\"https:\/\/www.intoscana.it\/it\/#\/schema\/person\/9223810753230f20bd670fdd322661f8\"},\"breadcrumb\":{\"@id\":\"https:\/\/www.intoscana.it\/it\/linea-lucca-aulla-nuovi-lavori-e-disagi-per-i-pendolari-confronto-tra-regione-sindaci-e-ferrovie\/#breadcrumb\"},\"inLanguage\":\"it-IT\",\"potentialAction\":[{\"@type\":\"ReadAction\",\"target\":[\"https:\/\/www.intoscana.it\/it\/linea-lucca-aulla-nuovi-lavori-e-disagi-per-i-pendolari-confronto-tra-regione-sindaci-e-ferrovie\/\"]}]},{\"@type\":\"ImageObject\",\"inLanguage\":\"it-IT\",\"@id\":\"https:\/\/www.intoscana.it\/it\/linea-lucca-aulla-nuovi-lavori-e-disagi-per-i-pendolari-confronto-tra-regione-sindaci-e-ferrovie\/#primaryimage\",\"url\":\"https:\/\/www.intoscana.it\/wp-content\/uploads\/treno-pop-dimensioni-grandi.jpeg\",\"contentUrl\":\"https:\/\/www.intoscana.it\/wp-content\/uploads\/treno-pop-dimensioni-grandi.jpeg\",\"width\":1280,\"height\":853,\"caption\":\"Foto LaPresse - Massimo Paolone 21\/12\/23 Montecatini Terme (Italia) Stazione di Montecatini Terme Monsummano - Progetto di riqualificazione di RFI Photo LaPresse - Massimo Paolone 21 December 2023, Montecatini Terme (Italy) Montecatini Terme Monsummano station - RFI redevelopment project\"},{\"@type\":\"BreadcrumbList\",\"@id\":\"https:\/\/www.intoscana.it\/it\/linea-lucca-aulla-nuovi-lavori-e-disagi-per-i-pendolari-confronto-tra-regione-sindaci-e-ferrovie\/#breadcrumb\",\"itemListElement\":[{\"@type\":\"ListItem\",\"position\":1,\"name\":\"Home\",\"item\":\"https:\/\/www.intoscana.it\/it\/\"},{\"@type\":\"ListItem\",\"position\":2,\"name\":\"Linea Lucca\u2013Aulla, nuovi lavori e disagi per i pendolari: confronto tra Regione, sindaci e Ferrovie\"}]},{\"@type\":\"WebSite\",\"@id\":\"https:\/\/www.intoscana.it\/it\/#website\",\"url\":\"https:\/\/www.intoscana.it\/it\/\",\"name\":\"intoscana\",\"description\":\"\",\"potentialAction\":[{\"@type\":\"SearchAction\",\"target\":{\"@type\":\"EntryPoint\",\"urlTemplate\":\"https:\/\/www.intoscana.it\/it\/?s={search_term_string}\"},\"query-input\":{\"@type\":\"PropertyValueSpecification\",\"valueRequired\":true,\"valueName\":\"search_term_string\"}}],\"inLanguage\":\"it-IT\"},{\"@type\":\"Person\",\"@id\":\"https:\/\/www.intoscana.it\/it\/#\/schema\/person\/9223810753230f20bd670fdd322661f8\",\"name\":\"Redazione\",\"url\":\"https:\/\/www.intoscana.it\/it\/author\/redazione\/\"}]}<\/script>\n<!-- \/ Yoast SEO Premium plugin. -->","yoast_head_json":{"title":"Linea Lucca\u2013Aulla, nuovi lavori e disagi per i pendolari: confronto tra Regione, sindaci e Ferrovie - intoscana","robots":{"index":"index","follow":"follow","max-snippet":"max-snippet:-1","max-image-preview":"max-image-preview:large","max-video-preview":"max-video-preview:-1"},"canonical":"https:\/\/www.intoscana.it\/it\/linea-lucca-aulla-nuovi-lavori-e-disagi-per-i-pendolari-confronto-tra-regione-sindaci-e-ferrovie\/","og_locale":"it_IT","og_type":"article","og_title":"Linea Lucca\u2013Aulla, nuovi lavori e disagi per i pendolari: confronto tra Regione, sindaci e Ferrovie","og_description":"Nel weekend del 28 e 29 marzo stop alla circolazione per 55 ore tra Lucca e Aulla Lunigiana per lavori sui ponti e al cavalcaferrovia di Acquacalda. L\u2019assessore ai trasporti Filippo Boni: \u201cPrioritaria la riduzione dei disagi\u201d","og_url":"https:\/\/www.intoscana.it\/it\/linea-lucca-aulla-nuovi-lavori-e-disagi-per-i-pendolari-confronto-tra-regione-sindaci-e-ferrovie\/","og_site_name":"intoscana","article_publisher":"https:\/\/www.facebook.com\/intoscana.it","article_published_time":"2026-03-13T08:32:43+00:00","article_modified_time":"2026-03-13T15:18:13+00:00","og_image":[{"width":1280,"height":853,"url":"https:\/\/www.intoscana.it\/wp-content\/uploads\/treno-pop-dimensioni-grandi.jpeg","type":"image\/jpeg"}],"author":"Redazione","twitter_card":"summary_large_image","twitter_creator":"@intoscana","twitter_site":"@intoscana","twitter_misc":{"Written by":"Redazione","Est. reading time":"4 minuti"},"schema":{"@context":"https:\/\/schema.org","@graph":[{"@type":"WebPage","@id":"https:\/\/www.intoscana.it\/it\/linea-lucca-aulla-nuovi-lavori-e-disagi-per-i-pendolari-confronto-tra-regione-sindaci-e-ferrovie\/","url":"https:\/\/www.intoscana.it\/it\/linea-lucca-aulla-nuovi-lavori-e-disagi-per-i-pendolari-confronto-tra-regione-sindaci-e-ferrovie\/","name":"Linea Lucca\u2013Aulla, nuovi lavori e disagi per i pendolari: confronto tra Regione, sindaci e Ferrovie - intoscana","isPartOf":{"@id":"https:\/\/www.intoscana.it\/it\/#website"},"primaryImageOfPage":{"@id":"https:\/\/www.intoscana.it\/it\/linea-lucca-aulla-nuovi-lavori-e-disagi-per-i-pendolari-confronto-tra-regione-sindaci-e-ferrovie\/#primaryimage"},"image":{"@id":"https:\/\/www.intoscana.it\/it\/linea-lucca-aulla-nuovi-lavori-e-disagi-per-i-pendolari-confronto-tra-regione-sindaci-e-ferrovie\/#primaryimage"},"thumbnailUrl":"https:\/\/www.intoscana.it\/wp-content\/uploads\/treno-pop-dimensioni-grandi.jpeg","datePublished":"2026-03-13T08:32:43+00:00","dateModified":"2026-03-13T15:18:13+00:00","author":{"@id":"https:\/\/www.intoscana.it\/it\/#\/schema\/person\/9223810753230f20bd670fdd322661f8"},"breadcrumb":{"@id":"https:\/\/www.intoscana.it\/it\/linea-lucca-aulla-nuovi-lavori-e-disagi-per-i-pendolari-confronto-tra-regione-sindaci-e-ferrovie\/#breadcrumb"},"inLanguage":"it-IT","potentialAction":[{"@type":"ReadAction","target":["https:\/\/www.intoscana.it\/it\/linea-lucca-aulla-nuovi-lavori-e-disagi-per-i-pendolari-confronto-tra-regione-sindaci-e-ferrovie\/"]}]},{"@type":"ImageObject","inLanguage":"it-IT","@id":"https:\/\/www.intoscana.it\/it\/linea-lucca-aulla-nuovi-lavori-e-disagi-per-i-pendolari-confronto-tra-regione-sindaci-e-ferrovie\/#primaryimage","url":"https:\/\/www.intoscana.it\/wp-content\/uploads\/treno-pop-dimensioni-grandi.jpeg","contentUrl":"https:\/\/www.intoscana.it\/wp-content\/uploads\/treno-pop-dimensioni-grandi.jpeg","width":1280,"height":853,"caption":"Foto LaPresse - Massimo Paolone 21\/12\/23 Montecatini Terme (Italia) Stazione di Montecatini Terme Monsummano - Progetto di riqualificazione di RFI Photo LaPresse - Massimo Paolone 21 December 2023, Montecatini Terme (Italy) Montecatini Terme Monsummano station - RFI redevelopment project"},{"@type":"BreadcrumbList","@id":"https:\/\/www.intoscana.it\/it\/linea-lucca-aulla-nuovi-lavori-e-disagi-per-i-pendolari-confronto-tra-regione-sindaci-e-ferrovie\/#breadcrumb","itemListElement":[{"@type":"ListItem","position":1,"name":"Home","item":"https:\/\/www.intoscana.it\/it\/"},{"@type":"ListItem","position":2,"name":"Linea Lucca\u2013Aulla, nuovi lavori e disagi per i pendolari: confronto tra Regione, sindaci e Ferrovie"}]},{"@type":"WebSite","@id":"https:\/\/www.intoscana.it\/it\/#website","url":"https:\/\/www.intoscana.it\/it\/","name":"intoscana","description":"","potentialAction":[{"@type":"SearchAction","target":{"@type":"EntryPoint","urlTemplate":"https:\/\/www.intoscana.it\/it\/?s={search_term_string}"},"query-input":{"@type":"PropertyValueSpecification","valueRequired":true,"valueName":"search_term_string"}}],"inLanguage":"it-IT"},{"@type":"Person","@id":"https:\/\/www.intoscana.it\/it\/#\/schema\/person\/9223810753230f20bd670fdd322661f8","name":"Redazione","url":"https:\/\/www.intoscana.it\/it\/author\/redazione\/"}]}},"_links":{"self":[{"href":"https:\/\/www.intoscana.it\/it\/wp-json\/wp\/v2\/posts\/420558","targetHints":{"allow":["GET"]}}],"collection":[{"href":"https:\/\/www.intoscana.it\/it\/wp-json\/wp\/v2\/posts"}],"about":[{"href":"https:\/\/www.intoscana.it\/it\/wp-json\/wp\/v2\/types\/post"}],"author":[{"embeddable":true,"href":"https:\/\/www.intoscana.it\/it\/wp-json\/wp\/v2\/users\/525"}],"replies":[{"embeddable":true,"href":"https:\/\/www.intoscana.it\/it\/wp-json\/wp\/v2\/comments?post=420558"}],"version-history":[{"count":2,"href":"https:\/\/www.intoscana.it\/it\/wp-json\/wp\/v2\/posts\/420558\/revisions"}],"predecessor-version":[{"id":420628,"href":"https:\/\/www.intoscana.it\/it\/wp-json\/wp\/v2\/posts\/420558\/revisions\/420628"}],"wp:featuredmedia":[{"embeddable":true,"href":"https:\/\/www.intoscana.it\/it\/wp-json\/wp\/v2\/media\/320028"}],"wp:attachment":[{"href":"https:\/\/www.intoscana.it\/it\/wp-json\/wp\/v2\/media?parent=420558"}],"wp:term":[{"taxonomy":"category","embeddable":true,"href":"https:\/\/www.intoscana.it\/it\/wp-json\/wp\/v2\/categories?post=420558"},{"taxonomy":"post_tag","embeddable":true,"href":"https:\/\/www.intoscana.it\/it\/wp-json\/wp\/v2\/tags?post=420558"}],"curies":[{"name":"wp","href":"https:\/\/api.w.org\/{rel}","templated":true}]}}