{"id":420562,"date":"2026-03-13T09:40:38","date_gmt":"2026-03-13T08:40:38","guid":{"rendered":"https:\/\/www.intoscana.it\/it\/?p=420562"},"modified":"2026-03-13T09:41:20","modified_gmt":"2026-03-13T08:41:20","slug":"ospedali-il-san-jacopo-di-pistoia-raddoppia-i-posti-in-terapia-intensiva","status":"publish","type":"post","link":"https:\/\/www.intoscana.it\/it\/ospedali-il-san-jacopo-di-pistoia-raddoppia-i-posti-in-terapia-intensiva\/","title":{"rendered":"Ospedali: il San Jacopo di Pistoia raddoppia i posti in terapia intensiva"},"content":{"rendered":"<p>Una <strong>nuova terapia intensiva con posti letto<\/strong> pi\u00f9 che raddoppiati rispetto al passato e le pi\u00f9 moderne tecnologie per l&#8217;<strong>ospedale San Jacopo di Pistoia<\/strong>.\u00a0L&#8217;adeguamento e riammodernamento interno all&#8217;ospedale ha l\u2019obiettivo di garantire livelli di assistenza a maggiore intensit\u00e0 di cura ed \u00e8 stato finanziato grazie ai <strong>fondi Pnrr,<\/strong> che superano complessivamente i<strong> 5 milioni di euro.\u00a0<\/strong><\/p>\n<h3>Il sopralluogo del sottosegretario Dika<\/h3>\n<p>In un recente sopralluogo il<strong> sottosegretario alla Presidenza della Regione Bernard Dika<\/strong> accompagnato dalla direttrice del presidio ospedaliero Lucilla Di Renzo ha potuto constatare l&#8217;avanzamento dei lavori in una delle aree in corso di ultimazione che ospitano gi\u00e0 le nuove apparecchiature.<\/p>\n<p><em>&#8220;Stiamo quasi per finire i lavori all&#8217;ospedale San Jacopo di Pistoia, che permetteranno di avere <strong>fino a 28 posti letto di Terapia Intensiva<\/strong> &#8211; <\/em>ha sottolineato Dika &#8211; <em>12 <\/em><em>ci sono sempre stati sin dall&#8217;inizio dell&#8217;apertura dell&#8217;ospedale. Dopo l&#8217;esperienza del Covid abbiamo avvertito la necessit\u00e0 di <mark>aumentare i letti di Terapia Intensiva in caso di bisogno. Arriveremo fino a 28 e questo permetter\u00e0 al nostro territorio di essere pi\u00f9 sicuro.<\/em><\/mark><em> L&#8217;ospedale di Pistoia infatti in caso di necessita potr\u00e0 rispondere non in emergenza, ma contando stabilmente su 28 posti letto di Terapia Intensiva gi\u00e0 pronti ad essere utilizzati. Questo vuol dire investire in sanit\u00e0 pubblica: non si tratta di spese, quanto piuttosto di investimenti pianificati a beneficio della salute di tutti noi&#8221;<\/em> ha concluso Dika.<\/p>\n<p>I lavori strutturali e impiantistici per i posti letto di Terapia Intensiva e di Semintensiva saranno<strong> completati entro l\u2019estate<\/strong>. Gli 8 posti di Semintensiva sono stati gi\u00e0 realizzati, cos\u00ec come 4 dei 16 di intensiva, mentre gli altri 12 letti di Intensiva saranno conclusi entro l\u2019estate.<\/p>\n","protected":false},"excerpt":{"rendered":"<p>Il cantiere per la nuova area ad alta intensit\u00e0 di cura sar\u00e0 concluso entro l&#8217;estate. Il sottosegretario alla Presidenza della Regione Dika dopo il sopralluogo: &#8220;Il territorio \u00e8 pi\u00f9 sicuro&#8221;<\/p>\n","protected":false},"author":525,"featured_media":420566,"comment_status":"open","ping_status":"open","sticky":false,"template":"","format":"standard","meta":{"_acf_changed":false,"footnotes":""},"categories":[494],"tags":[5146,4857,215,349],"class_list":["post-420562","post","type-post","status-publish","format-standard","has-post-thumbnail","hentry","category-attualita","tag-bernard-dika","tag-ospedali","tag-pistoia","tag-sanita"],"acf":[],"yoast_head":"<!-- This site is optimized with the Yoast SEO Premium plugin v24.2 (Yoast SEO v25.6) - https:\/\/yoast.com\/wordpress\/plugins\/seo\/ -->\n<title>Ospedali: il San Jacopo di Pistoia raddoppia i posti in terapia intensiva - intoscana<\/title>\n<meta name=\"robots\" content=\"index, follow, max-snippet:-1, max-image-preview:large, max-video-preview:-1\" \/>\n<link rel=\"canonical\" href=\"https:\/\/www.intoscana.it\/it\/ospedali-il-san-jacopo-di-pistoia-raddoppia-i-posti-in-terapia-intensiva\/\" \/>\n<meta property=\"og:locale\" content=\"it_IT\" \/>\n<meta property=\"og:type\" content=\"article\" \/>\n<meta property=\"og:title\" content=\"Ospedali: il San Jacopo di Pistoia raddoppia i posti in terapia intensiva\" \/>\n<meta property=\"og:description\" content=\"Il cantiere per la nuova area ad alta intensit\u00e0 di cura sar\u00e0 concluso entro l&#039;estate. Il sottosegretario alla Presidenza della Regione Dika dopo il sopralluogo: &quot;Il territorio \u00e8 pi\u00f9 sicuro&quot;\" \/>\n<meta property=\"og:url\" content=\"https:\/\/www.intoscana.it\/it\/ospedali-il-san-jacopo-di-pistoia-raddoppia-i-posti-in-terapia-intensiva\/\" \/>\n<meta property=\"og:site_name\" content=\"intoscana\" \/>\n<meta property=\"article:publisher\" content=\"https:\/\/www.facebook.com\/intoscana.it\" \/>\n<meta property=\"article:published_time\" content=\"2026-03-13T08:40:38+00:00\" \/>\n<meta property=\"article:modified_time\" content=\"2026-03-13T08:41:20+00:00\" \/>\n<meta property=\"og:image\" content=\"https:\/\/www.intoscana.it\/wp-content\/uploads\/Senza-titolo-2.jpg\" \/>\n\t<meta property=\"og:image:width\" content=\"1280\" \/>\n\t<meta property=\"og:image:height\" content=\"853\" \/>\n\t<meta property=\"og:image:type\" content=\"image\/jpeg\" \/>\n<meta name=\"author\" content=\"Redazione\" \/>\n<meta name=\"twitter:card\" content=\"summary_large_image\" \/>\n<meta name=\"twitter:creator\" content=\"@intoscana\" \/>\n<meta name=\"twitter:site\" content=\"@intoscana\" \/>\n<meta name=\"twitter:label1\" content=\"Written by\" \/>\n\t<meta name=\"twitter:data1\" content=\"Redazione\" \/>\n\t<meta name=\"twitter:label2\" content=\"Est. reading time\" \/>\n\t<meta name=\"twitter:data2\" content=\"2 minuti\" \/>\n<script type=\"application\/ld+json\" class=\"yoast-schema-graph\">{\"@context\":\"https:\/\/schema.org\",\"@graph\":[{\"@type\":\"WebPage\",\"@id\":\"https:\/\/www.intoscana.it\/it\/ospedali-il-san-jacopo-di-pistoia-raddoppia-i-posti-in-terapia-intensiva\/\",\"url\":\"https:\/\/www.intoscana.it\/it\/ospedali-il-san-jacopo-di-pistoia-raddoppia-i-posti-in-terapia-intensiva\/\",\"name\":\"Ospedali: il San Jacopo di Pistoia raddoppia i posti in terapia intensiva - intoscana\",\"isPartOf\":{\"@id\":\"https:\/\/www.intoscana.it\/it\/#website\"},\"primaryImageOfPage\":{\"@id\":\"https:\/\/www.intoscana.it\/it\/ospedali-il-san-jacopo-di-pistoia-raddoppia-i-posti-in-terapia-intensiva\/#primaryimage\"},\"image\":{\"@id\":\"https:\/\/www.intoscana.it\/it\/ospedali-il-san-jacopo-di-pistoia-raddoppia-i-posti-in-terapia-intensiva\/#primaryimage\"},\"thumbnailUrl\":\"https:\/\/www.intoscana.it\/wp-content\/uploads\/Senza-titolo-2.jpg\",\"datePublished\":\"2026-03-13T08:40:38+00:00\",\"dateModified\":\"2026-03-13T08:41:20+00:00\",\"author\":{\"@id\":\"https:\/\/www.intoscana.it\/it\/#\/schema\/person\/9223810753230f20bd670fdd322661f8\"},\"breadcrumb\":{\"@id\":\"https:\/\/www.intoscana.it\/it\/ospedali-il-san-jacopo-di-pistoia-raddoppia-i-posti-in-terapia-intensiva\/#breadcrumb\"},\"inLanguage\":\"it-IT\",\"potentialAction\":[{\"@type\":\"ReadAction\",\"target\":[\"https:\/\/www.intoscana.it\/it\/ospedali-il-san-jacopo-di-pistoia-raddoppia-i-posti-in-terapia-intensiva\/\"]}]},{\"@type\":\"ImageObject\",\"inLanguage\":\"it-IT\",\"@id\":\"https:\/\/www.intoscana.it\/it\/ospedali-il-san-jacopo-di-pistoia-raddoppia-i-posti-in-terapia-intensiva\/#primaryimage\",\"url\":\"https:\/\/www.intoscana.it\/wp-content\/uploads\/Senza-titolo-2.jpg\",\"contentUrl\":\"https:\/\/www.intoscana.it\/wp-content\/uploads\/Senza-titolo-2.jpg\",\"width\":1280,\"height\":853,\"caption\":\"Il sopralluogo all'ospedale di Pistoia del sottosegretario alla Presidenza della Regione Dika\"},{\"@type\":\"BreadcrumbList\",\"@id\":\"https:\/\/www.intoscana.it\/it\/ospedali-il-san-jacopo-di-pistoia-raddoppia-i-posti-in-terapia-intensiva\/#breadcrumb\",\"itemListElement\":[{\"@type\":\"ListItem\",\"position\":1,\"name\":\"Home\",\"item\":\"https:\/\/www.intoscana.it\/it\/\"},{\"@type\":\"ListItem\",\"position\":2,\"name\":\"Ospedali: il San Jacopo di Pistoia raddoppia i posti in terapia intensiva\"}]},{\"@type\":\"WebSite\",\"@id\":\"https:\/\/www.intoscana.it\/it\/#website\",\"url\":\"https:\/\/www.intoscana.it\/it\/\",\"name\":\"intoscana\",\"description\":\"\",\"potentialAction\":[{\"@type\":\"SearchAction\",\"target\":{\"@type\":\"EntryPoint\",\"urlTemplate\":\"https:\/\/www.intoscana.it\/it\/?s={search_term_string}\"},\"query-input\":{\"@type\":\"PropertyValueSpecification\",\"valueRequired\":true,\"valueName\":\"search_term_string\"}}],\"inLanguage\":\"it-IT\"},{\"@type\":\"Person\",\"@id\":\"https:\/\/www.intoscana.it\/it\/#\/schema\/person\/9223810753230f20bd670fdd322661f8\",\"name\":\"Redazione\",\"url\":\"https:\/\/www.intoscana.it\/it\/author\/redazione\/\"}]}<\/script>\n<!-- \/ Yoast SEO Premium plugin. -->","yoast_head_json":{"title":"Ospedali: il San Jacopo di Pistoia raddoppia i posti in terapia intensiva - intoscana","robots":{"index":"index","follow":"follow","max-snippet":"max-snippet:-1","max-image-preview":"max-image-preview:large","max-video-preview":"max-video-preview:-1"},"canonical":"https:\/\/www.intoscana.it\/it\/ospedali-il-san-jacopo-di-pistoia-raddoppia-i-posti-in-terapia-intensiva\/","og_locale":"it_IT","og_type":"article","og_title":"Ospedali: il San Jacopo di Pistoia raddoppia i posti in terapia intensiva","og_description":"Il cantiere per la nuova area ad alta intensit\u00e0 di cura sar\u00e0 concluso entro l'estate. Il sottosegretario alla Presidenza della Regione Dika dopo il sopralluogo: \"Il territorio \u00e8 pi\u00f9 sicuro\"","og_url":"https:\/\/www.intoscana.it\/it\/ospedali-il-san-jacopo-di-pistoia-raddoppia-i-posti-in-terapia-intensiva\/","og_site_name":"intoscana","article_publisher":"https:\/\/www.facebook.com\/intoscana.it","article_published_time":"2026-03-13T08:40:38+00:00","article_modified_time":"2026-03-13T08:41:20+00:00","og_image":[{"width":1280,"height":853,"url":"https:\/\/www.intoscana.it\/wp-content\/uploads\/Senza-titolo-2.jpg","type":"image\/jpeg"}],"author":"Redazione","twitter_card":"summary_large_image","twitter_creator":"@intoscana","twitter_site":"@intoscana","twitter_misc":{"Written by":"Redazione","Est. reading time":"2 minuti"},"schema":{"@context":"https:\/\/schema.org","@graph":[{"@type":"WebPage","@id":"https:\/\/www.intoscana.it\/it\/ospedali-il-san-jacopo-di-pistoia-raddoppia-i-posti-in-terapia-intensiva\/","url":"https:\/\/www.intoscana.it\/it\/ospedali-il-san-jacopo-di-pistoia-raddoppia-i-posti-in-terapia-intensiva\/","name":"Ospedali: il San Jacopo di Pistoia raddoppia i posti in terapia intensiva - intoscana","isPartOf":{"@id":"https:\/\/www.intoscana.it\/it\/#website"},"primaryImageOfPage":{"@id":"https:\/\/www.intoscana.it\/it\/ospedali-il-san-jacopo-di-pistoia-raddoppia-i-posti-in-terapia-intensiva\/#primaryimage"},"image":{"@id":"https:\/\/www.intoscana.it\/it\/ospedali-il-san-jacopo-di-pistoia-raddoppia-i-posti-in-terapia-intensiva\/#primaryimage"},"thumbnailUrl":"https:\/\/www.intoscana.it\/wp-content\/uploads\/Senza-titolo-2.jpg","datePublished":"2026-03-13T08:40:38+00:00","dateModified":"2026-03-13T08:41:20+00:00","author":{"@id":"https:\/\/www.intoscana.it\/it\/#\/schema\/person\/9223810753230f20bd670fdd322661f8"},"breadcrumb":{"@id":"https:\/\/www.intoscana.it\/it\/ospedali-il-san-jacopo-di-pistoia-raddoppia-i-posti-in-terapia-intensiva\/#breadcrumb"},"inLanguage":"it-IT","potentialAction":[{"@type":"ReadAction","target":["https:\/\/www.intoscana.it\/it\/ospedali-il-san-jacopo-di-pistoia-raddoppia-i-posti-in-terapia-intensiva\/"]}]},{"@type":"ImageObject","inLanguage":"it-IT","@id":"https:\/\/www.intoscana.it\/it\/ospedali-il-san-jacopo-di-pistoia-raddoppia-i-posti-in-terapia-intensiva\/#primaryimage","url":"https:\/\/www.intoscana.it\/wp-content\/uploads\/Senza-titolo-2.jpg","contentUrl":"https:\/\/www.intoscana.it\/wp-content\/uploads\/Senza-titolo-2.jpg","width":1280,"height":853,"caption":"Il sopralluogo all'ospedale di Pistoia del sottosegretario alla Presidenza della Regione Dika"},{"@type":"BreadcrumbList","@id":"https:\/\/www.intoscana.it\/it\/ospedali-il-san-jacopo-di-pistoia-raddoppia-i-posti-in-terapia-intensiva\/#breadcrumb","itemListElement":[{"@type":"ListItem","position":1,"name":"Home","item":"https:\/\/www.intoscana.it\/it\/"},{"@type":"ListItem","position":2,"name":"Ospedali: il San Jacopo di Pistoia raddoppia i posti in terapia intensiva"}]},{"@type":"WebSite","@id":"https:\/\/www.intoscana.it\/it\/#website","url":"https:\/\/www.intoscana.it\/it\/","name":"intoscana","description":"","potentialAction":[{"@type":"SearchAction","target":{"@type":"EntryPoint","urlTemplate":"https:\/\/www.intoscana.it\/it\/?s={search_term_string}"},"query-input":{"@type":"PropertyValueSpecification","valueRequired":true,"valueName":"search_term_string"}}],"inLanguage":"it-IT"},{"@type":"Person","@id":"https:\/\/www.intoscana.it\/it\/#\/schema\/person\/9223810753230f20bd670fdd322661f8","name":"Redazione","url":"https:\/\/www.intoscana.it\/it\/author\/redazione\/"}]}},"_links":{"self":[{"href":"https:\/\/www.intoscana.it\/it\/wp-json\/wp\/v2\/posts\/420562","targetHints":{"allow":["GET"]}}],"collection":[{"href":"https:\/\/www.intoscana.it\/it\/wp-json\/wp\/v2\/posts"}],"about":[{"href":"https:\/\/www.intoscana.it\/it\/wp-json\/wp\/v2\/types\/post"}],"author":[{"embeddable":true,"href":"https:\/\/www.intoscana.it\/it\/wp-json\/wp\/v2\/users\/525"}],"replies":[{"embeddable":true,"href":"https:\/\/www.intoscana.it\/it\/wp-json\/wp\/v2\/comments?post=420562"}],"version-history":[{"count":5,"href":"https:\/\/www.intoscana.it\/it\/wp-json\/wp\/v2\/posts\/420562\/revisions"}],"predecessor-version":[{"id":420573,"href":"https:\/\/www.intoscana.it\/it\/wp-json\/wp\/v2\/posts\/420562\/revisions\/420573"}],"wp:featuredmedia":[{"embeddable":true,"href":"https:\/\/www.intoscana.it\/it\/wp-json\/wp\/v2\/media\/420566"}],"wp:attachment":[{"href":"https:\/\/www.intoscana.it\/it\/wp-json\/wp\/v2\/media?parent=420562"}],"wp:term":[{"taxonomy":"category","embeddable":true,"href":"https:\/\/www.intoscana.it\/it\/wp-json\/wp\/v2\/categories?post=420562"},{"taxonomy":"post_tag","embeddable":true,"href":"https:\/\/www.intoscana.it\/it\/wp-json\/wp\/v2\/tags?post=420562"}],"curies":[{"name":"wp","href":"https:\/\/api.w.org\/{rel}","templated":true}]}}