{"id":420597,"date":"2026-03-13T13:35:50","date_gmt":"2026-03-13T12:35:50","guid":{"rendered":"https:\/\/www.intoscana.it\/it\/?p=420597"},"modified":"2026-03-13T16:04:15","modified_gmt":"2026-03-13T15:04:15","slug":"fibra-ottica-a-monteriggioni-la-banda-ultra-larga-raggiunge-oltre-3-300-case","status":"publish","type":"post","link":"https:\/\/www.intoscana.it\/it\/fibra-ottica-a-monteriggioni-la-banda-ultra-larga-raggiunge-oltre-3-300-case\/","title":{"rendered":"Fibra ottica a Monteriggioni: la banda ultra larga raggiunge oltre 3.300 case"},"content":{"rendered":"<p>Anche Monteriggioni entra nella rete della <strong>banda ultra larga<\/strong>. Sono stati completati i lavori di realizzazione dell\u2019infrastruttura in fibra ottica che porter\u00e0 connessioni veloci e di ultima generazione in numerose frazioni del territorio comunale.<\/p>\n<p>L\u2019intervento, realizzato da Open Fiber con un investimento complessivo di circa <strong>2,8 milioni di euro,<\/strong> ha permesso di cablare<strong> 3.377 unit\u00e0 immobiliari.<\/strong> La nuova rete raggiunge abitazioni e attivit\u00e0 nelle localit\u00e0 di Abbadia Isola, Casone, Rigoni, Gabbricce, Castellina Scalo, La Colonna, Lornano, Case Operaie, Badesse, Poggiolo, Corpo Santo, Colle Ciupi, La Villa, Monteresi, Formacelle, San Martino, Santa Colomba, Carpineta, Cannuccio, Convento Vecchio, Le Coste, Selvaccia, Casciano, Basciano, Bivio Santo Stefano, Santo Stefano e Quercegrossa. Per realizzare l\u2019infrastruttura sono stati posati oltre<strong> 115 chilometri di nuova rete in fibra ottica.<\/strong><\/p>\n<h3>Un intervento per ridurre il divario digitale<\/h3>\n<p>Il progetto rientra negli interventi previsti per le cosiddette \u201caree bianche\u201d, ovvero le zone in cui gli operatori privati non investono autonomamente perch\u00e9 considerate meno redditizie. I lavori sono stati finanziati attraverso i bandi Infratel e sostenuti dalla <strong>Regione Toscana<\/strong> con risorse del Programma di sviluppo rurale (PSR-FEASR) 2014-2022.<\/p>\n<p>L\u2019obiettivo \u00e8 ridurre il divario digitale e garantire a cittadini e imprese delle aree meno urbanizzate le stesse opportunit\u00e0 di accesso alla rete disponibili nei grandi centri.<\/p>\n<p>\u201c<em>La connessione veloce<\/em> \u2013 sottolineano il presidente della Regione Toscana <strong>Eugenio Giani<\/strong> e l\u2019assessore all\u2019innovazione digitale <strong>Alberto Lenzi<\/strong> \u2013 <em>\u00e8 sempre pi\u00f9 un elemento imprescindibile per lo sviluppo delle comunit\u00e0. Non si tratta solo di tecnologia, ma di una condizione per rafforzare la coesione dei territori e garantire opportunit\u00e0 a tutti\u201d.<\/em><\/p>\n<h3>Connessione veloce anche per servizi pubblici e scuole<\/h3>\n<p>La nuova infrastruttura non servir\u00e0 soltanto le abitazioni private, ma collegher\u00e0 anche diverse <strong>strutture pubbliche del territorio<\/strong>, tra cui il Comune, alcuni plessi scolastici, la stazione dei Carabinieri, la biblioteca comunale, l\u2019asilo nido, l\u2019eremo di San Leonardo al Lago e la Polizia municipale.<\/p>\n<p>Un potenziamento che permetter\u00e0 di migliorare l\u2019efficienza dei servizi pubblici e di favorire lo sviluppo di attivit\u00e0 digitali avanzate. La rete rester\u00e0 di propriet\u00e0 pubblica e sar\u00e0 gestita in concessione da Open Fiber per i prossimi vent\u2019anni.<\/p>\n<h3>Nuove opportunit\u00e0 per cittadini e imprese<\/h3>\n<p>Soddisfazione \u00e8 stata espressa anche dall\u2019amministrazione comunale, che sottolinea come la <strong>disponibilit\u00e0 della banda ultra larga nelle frazioni<\/strong> rappresenti un passo importante per migliorare l\u2019accesso ai servizi digitali e aprire nuove opportunit\u00e0 per cittadini e imprese.<\/p>\n<p>\u201c<em>Grazie alla collaborazione con le amministrazioni locali e con la Regione Toscana<\/em> \u2013 ha dichiarato Claudio Cardarelli, regional manager Toscana di Open Fiber \u2013 <em>prosegue il percorso di riduzione del digital divide, offrendo al territorio un\u2019infrastruttura tecnologica moderna e affidabile<\/em>\u201d.<\/p>\n<p>Con la fibra ottica sar\u00e0 possibile accedere a servizi digitali ad alte prestazioni, come streaming in alta definizione, smart working stabile, telemedicina, didattica online e applicazioni professionali che richiedono connessioni veloci e stabili.<\/p>\n<p>Al termine delle lavorazioni \u00e8 previsto anche un programma di <strong>ripristino delle asfaltature<\/strong> nelle aree interessate dagli interventi.<\/p>\n","protected":false},"excerpt":{"rendered":"<p>Conclusi i lavori di Open Fiber con un investimento da 2,8 milioni di euro. La rete copre frazioni e strutture pubbliche del territorio grazie anche al contributo del PSR-FEASR<\/p>\n","protected":false},"author":525,"featured_media":228426,"comment_status":"open","ping_status":"open","sticky":false,"template":"","format":"standard","meta":{"_acf_changed":false,"footnotes":""},"categories":[494],"tags":[5284,6566],"class_list":["post-420597","post","type-post","status-publish","format-standard","has-post-thumbnail","hentry","category-attualita","tag-fibra-ottica","tag-monteriggioni"],"acf":[],"yoast_head":"<!-- This site is optimized with the Yoast SEO Premium plugin v24.2 (Yoast SEO v25.6) - https:\/\/yoast.com\/wordpress\/plugins\/seo\/ -->\n<title>Fibra ottica a Monteriggioni: la banda ultra larga raggiunge oltre 3.300 case - intoscana<\/title>\n<meta name=\"robots\" content=\"index, follow, max-snippet:-1, max-image-preview:large, max-video-preview:-1\" \/>\n<link rel=\"canonical\" href=\"https:\/\/www.intoscana.it\/it\/fibra-ottica-a-monteriggioni-la-banda-ultra-larga-raggiunge-oltre-3-300-case\/\" \/>\n<meta property=\"og:locale\" content=\"it_IT\" \/>\n<meta property=\"og:type\" content=\"article\" \/>\n<meta property=\"og:title\" content=\"Fibra ottica a Monteriggioni: la banda ultra larga raggiunge oltre 3.300 case\" \/>\n<meta property=\"og:description\" content=\"Conclusi i lavori di Open Fiber con un investimento da 2,8 milioni di euro. La rete copre frazioni e strutture pubbliche del territorio grazie anche al contributo del PSR-FEASR\" \/>\n<meta property=\"og:url\" content=\"https:\/\/www.intoscana.it\/it\/fibra-ottica-a-monteriggioni-la-banda-ultra-larga-raggiunge-oltre-3-300-case\/\" \/>\n<meta property=\"og:site_name\" content=\"intoscana\" \/>\n<meta property=\"article:publisher\" content=\"https:\/\/www.facebook.com\/intoscana.it\" \/>\n<meta property=\"article:published_time\" content=\"2026-03-13T12:35:50+00:00\" \/>\n<meta property=\"article:modified_time\" content=\"2026-03-13T15:04:15+00:00\" \/>\n<meta property=\"og:image\" content=\"https:\/\/www.intoscana.it\/wp-content\/uploads\/OF_fibra.jpg\" \/>\n\t<meta property=\"og:image:width\" content=\"1000\" \/>\n\t<meta property=\"og:image:height\" content=\"666\" \/>\n\t<meta property=\"og:image:type\" content=\"image\/jpeg\" \/>\n<meta name=\"author\" content=\"Redazione\" \/>\n<meta name=\"twitter:card\" content=\"summary_large_image\" \/>\n<meta name=\"twitter:creator\" content=\"@intoscana\" \/>\n<meta name=\"twitter:site\" content=\"@intoscana\" \/>\n<meta name=\"twitter:label1\" content=\"Written by\" \/>\n\t<meta name=\"twitter:data1\" content=\"Redazione\" \/>\n\t<meta name=\"twitter:label2\" content=\"Est. reading time\" \/>\n\t<meta name=\"twitter:data2\" content=\"3 minuti\" \/>\n<script type=\"application\/ld+json\" class=\"yoast-schema-graph\">{\"@context\":\"https:\/\/schema.org\",\"@graph\":[{\"@type\":\"WebPage\",\"@id\":\"https:\/\/www.intoscana.it\/it\/fibra-ottica-a-monteriggioni-la-banda-ultra-larga-raggiunge-oltre-3-300-case\/\",\"url\":\"https:\/\/www.intoscana.it\/it\/fibra-ottica-a-monteriggioni-la-banda-ultra-larga-raggiunge-oltre-3-300-case\/\",\"name\":\"Fibra ottica a Monteriggioni: la banda ultra larga raggiunge oltre 3.300 case - intoscana\",\"isPartOf\":{\"@id\":\"https:\/\/www.intoscana.it\/it\/#website\"},\"primaryImageOfPage\":{\"@id\":\"https:\/\/www.intoscana.it\/it\/fibra-ottica-a-monteriggioni-la-banda-ultra-larga-raggiunge-oltre-3-300-case\/#primaryimage\"},\"image\":{\"@id\":\"https:\/\/www.intoscana.it\/it\/fibra-ottica-a-monteriggioni-la-banda-ultra-larga-raggiunge-oltre-3-300-case\/#primaryimage\"},\"thumbnailUrl\":\"https:\/\/www.intoscana.it\/wp-content\/uploads\/OF_fibra.jpg\",\"datePublished\":\"2026-03-13T12:35:50+00:00\",\"dateModified\":\"2026-03-13T15:04:15+00:00\",\"author\":{\"@id\":\"https:\/\/www.intoscana.it\/it\/#\/schema\/person\/9223810753230f20bd670fdd322661f8\"},\"breadcrumb\":{\"@id\":\"https:\/\/www.intoscana.it\/it\/fibra-ottica-a-monteriggioni-la-banda-ultra-larga-raggiunge-oltre-3-300-case\/#breadcrumb\"},\"inLanguage\":\"it-IT\",\"potentialAction\":[{\"@type\":\"ReadAction\",\"target\":[\"https:\/\/www.intoscana.it\/it\/fibra-ottica-a-monteriggioni-la-banda-ultra-larga-raggiunge-oltre-3-300-case\/\"]}]},{\"@type\":\"ImageObject\",\"inLanguage\":\"it-IT\",\"@id\":\"https:\/\/www.intoscana.it\/it\/fibra-ottica-a-monteriggioni-la-banda-ultra-larga-raggiunge-oltre-3-300-case\/#primaryimage\",\"url\":\"https:\/\/www.intoscana.it\/wp-content\/uploads\/OF_fibra.jpg\",\"contentUrl\":\"https:\/\/www.intoscana.it\/wp-content\/uploads\/OF_fibra.jpg\",\"width\":1000,\"height\":666},{\"@type\":\"BreadcrumbList\",\"@id\":\"https:\/\/www.intoscana.it\/it\/fibra-ottica-a-monteriggioni-la-banda-ultra-larga-raggiunge-oltre-3-300-case\/#breadcrumb\",\"itemListElement\":[{\"@type\":\"ListItem\",\"position\":1,\"name\":\"Home\",\"item\":\"https:\/\/www.intoscana.it\/it\/\"},{\"@type\":\"ListItem\",\"position\":2,\"name\":\"Fibra ottica a Monteriggioni: la banda ultra larga raggiunge oltre 3.300 case\"}]},{\"@type\":\"WebSite\",\"@id\":\"https:\/\/www.intoscana.it\/it\/#website\",\"url\":\"https:\/\/www.intoscana.it\/it\/\",\"name\":\"intoscana\",\"description\":\"\",\"potentialAction\":[{\"@type\":\"SearchAction\",\"target\":{\"@type\":\"EntryPoint\",\"urlTemplate\":\"https:\/\/www.intoscana.it\/it\/?s={search_term_string}\"},\"query-input\":{\"@type\":\"PropertyValueSpecification\",\"valueRequired\":true,\"valueName\":\"search_term_string\"}}],\"inLanguage\":\"it-IT\"},{\"@type\":\"Person\",\"@id\":\"https:\/\/www.intoscana.it\/it\/#\/schema\/person\/9223810753230f20bd670fdd322661f8\",\"name\":\"Redazione\",\"url\":\"https:\/\/www.intoscana.it\/it\/author\/redazione\/\"}]}<\/script>\n<!-- \/ Yoast SEO Premium plugin. -->","yoast_head_json":{"title":"Fibra ottica a Monteriggioni: la banda ultra larga raggiunge oltre 3.300 case - intoscana","robots":{"index":"index","follow":"follow","max-snippet":"max-snippet:-1","max-image-preview":"max-image-preview:large","max-video-preview":"max-video-preview:-1"},"canonical":"https:\/\/www.intoscana.it\/it\/fibra-ottica-a-monteriggioni-la-banda-ultra-larga-raggiunge-oltre-3-300-case\/","og_locale":"it_IT","og_type":"article","og_title":"Fibra ottica a Monteriggioni: la banda ultra larga raggiunge oltre 3.300 case","og_description":"Conclusi i lavori di Open Fiber con un investimento da 2,8 milioni di euro. La rete copre frazioni e strutture pubbliche del territorio grazie anche al contributo del PSR-FEASR","og_url":"https:\/\/www.intoscana.it\/it\/fibra-ottica-a-monteriggioni-la-banda-ultra-larga-raggiunge-oltre-3-300-case\/","og_site_name":"intoscana","article_publisher":"https:\/\/www.facebook.com\/intoscana.it","article_published_time":"2026-03-13T12:35:50+00:00","article_modified_time":"2026-03-13T15:04:15+00:00","og_image":[{"width":1000,"height":666,"url":"https:\/\/www.intoscana.it\/wp-content\/uploads\/OF_fibra.jpg","type":"image\/jpeg"}],"author":"Redazione","twitter_card":"summary_large_image","twitter_creator":"@intoscana","twitter_site":"@intoscana","twitter_misc":{"Written by":"Redazione","Est. reading time":"3 minuti"},"schema":{"@context":"https:\/\/schema.org","@graph":[{"@type":"WebPage","@id":"https:\/\/www.intoscana.it\/it\/fibra-ottica-a-monteriggioni-la-banda-ultra-larga-raggiunge-oltre-3-300-case\/","url":"https:\/\/www.intoscana.it\/it\/fibra-ottica-a-monteriggioni-la-banda-ultra-larga-raggiunge-oltre-3-300-case\/","name":"Fibra ottica a Monteriggioni: la banda ultra larga raggiunge oltre 3.300 case - intoscana","isPartOf":{"@id":"https:\/\/www.intoscana.it\/it\/#website"},"primaryImageOfPage":{"@id":"https:\/\/www.intoscana.it\/it\/fibra-ottica-a-monteriggioni-la-banda-ultra-larga-raggiunge-oltre-3-300-case\/#primaryimage"},"image":{"@id":"https:\/\/www.intoscana.it\/it\/fibra-ottica-a-monteriggioni-la-banda-ultra-larga-raggiunge-oltre-3-300-case\/#primaryimage"},"thumbnailUrl":"https:\/\/www.intoscana.it\/wp-content\/uploads\/OF_fibra.jpg","datePublished":"2026-03-13T12:35:50+00:00","dateModified":"2026-03-13T15:04:15+00:00","author":{"@id":"https:\/\/www.intoscana.it\/it\/#\/schema\/person\/9223810753230f20bd670fdd322661f8"},"breadcrumb":{"@id":"https:\/\/www.intoscana.it\/it\/fibra-ottica-a-monteriggioni-la-banda-ultra-larga-raggiunge-oltre-3-300-case\/#breadcrumb"},"inLanguage":"it-IT","potentialAction":[{"@type":"ReadAction","target":["https:\/\/www.intoscana.it\/it\/fibra-ottica-a-monteriggioni-la-banda-ultra-larga-raggiunge-oltre-3-300-case\/"]}]},{"@type":"ImageObject","inLanguage":"it-IT","@id":"https:\/\/www.intoscana.it\/it\/fibra-ottica-a-monteriggioni-la-banda-ultra-larga-raggiunge-oltre-3-300-case\/#primaryimage","url":"https:\/\/www.intoscana.it\/wp-content\/uploads\/OF_fibra.jpg","contentUrl":"https:\/\/www.intoscana.it\/wp-content\/uploads\/OF_fibra.jpg","width":1000,"height":666},{"@type":"BreadcrumbList","@id":"https:\/\/www.intoscana.it\/it\/fibra-ottica-a-monteriggioni-la-banda-ultra-larga-raggiunge-oltre-3-300-case\/#breadcrumb","itemListElement":[{"@type":"ListItem","position":1,"name":"Home","item":"https:\/\/www.intoscana.it\/it\/"},{"@type":"ListItem","position":2,"name":"Fibra ottica a Monteriggioni: la banda ultra larga raggiunge oltre 3.300 case"}]},{"@type":"WebSite","@id":"https:\/\/www.intoscana.it\/it\/#website","url":"https:\/\/www.intoscana.it\/it\/","name":"intoscana","description":"","potentialAction":[{"@type":"SearchAction","target":{"@type":"EntryPoint","urlTemplate":"https:\/\/www.intoscana.it\/it\/?s={search_term_string}"},"query-input":{"@type":"PropertyValueSpecification","valueRequired":true,"valueName":"search_term_string"}}],"inLanguage":"it-IT"},{"@type":"Person","@id":"https:\/\/www.intoscana.it\/it\/#\/schema\/person\/9223810753230f20bd670fdd322661f8","name":"Redazione","url":"https:\/\/www.intoscana.it\/it\/author\/redazione\/"}]}},"_links":{"self":[{"href":"https:\/\/www.intoscana.it\/it\/wp-json\/wp\/v2\/posts\/420597","targetHints":{"allow":["GET"]}}],"collection":[{"href":"https:\/\/www.intoscana.it\/it\/wp-json\/wp\/v2\/posts"}],"about":[{"href":"https:\/\/www.intoscana.it\/it\/wp-json\/wp\/v2\/types\/post"}],"author":[{"embeddable":true,"href":"https:\/\/www.intoscana.it\/it\/wp-json\/wp\/v2\/users\/525"}],"replies":[{"embeddable":true,"href":"https:\/\/www.intoscana.it\/it\/wp-json\/wp\/v2\/comments?post=420597"}],"version-history":[{"count":3,"href":"https:\/\/www.intoscana.it\/it\/wp-json\/wp\/v2\/posts\/420597\/revisions"}],"predecessor-version":[{"id":420619,"href":"https:\/\/www.intoscana.it\/it\/wp-json\/wp\/v2\/posts\/420597\/revisions\/420619"}],"wp:featuredmedia":[{"embeddable":true,"href":"https:\/\/www.intoscana.it\/it\/wp-json\/wp\/v2\/media\/228426"}],"wp:attachment":[{"href":"https:\/\/www.intoscana.it\/it\/wp-json\/wp\/v2\/media?parent=420597"}],"wp:term":[{"taxonomy":"category","embeddable":true,"href":"https:\/\/www.intoscana.it\/it\/wp-json\/wp\/v2\/categories?post=420597"},{"taxonomy":"post_tag","embeddable":true,"href":"https:\/\/www.intoscana.it\/it\/wp-json\/wp\/v2\/tags?post=420597"}],"curies":[{"name":"wp","href":"https:\/\/api.w.org\/{rel}","templated":true}]}}